{"id":59433,"date":"2023-09-04T07:35:41","date_gmt":"2023-09-04T11:35:41","guid":{"rendered":"https:\/\/lasprimeras.com.do\/?p=59433"},"modified":"2023-09-04T07:35:43","modified_gmt":"2023-09-04T11:35:43","slug":"amchamdr-anuncia-ciclo-de-almuerzos-con-candidatos-presidenciales-de-cara-a-elecciones-de-2024","status":"publish","type":"post","link":"https:\/\/lasprimeras.com.do\/index.php\/2023\/09\/04\/amchamdr-anuncia-ciclo-de-almuerzos-con-candidatos-presidenciales-de-cara-a-elecciones-de-2024\/","title":{"rendered":"AMCHAMDR anuncia Ciclo de Almuerzos con Candidatos Presidenciales de cara a elecciones de 2024"},"content":{"rendered":"\n<p>AMCHAMDR organiza el \u201cCiclo de Almuerzos con los Candidatos\u201d para que los aspirantes a la presidencia de la Rep\u00fablica por los partidos pol\u00edticos mayoritarios presenten sus planes de gobierno y respondan sobre temas de inter\u00e9s para el empresariado y la ciudadan\u00eda.<\/p>\n\n\n\n<p>La C\u00e1mara Americana de Comercio de la Rep\u00fablica Dominicana (AMCHAMDR) estar\u00e1 realizando en el 2024 su tradicional \u201cCiclo de Almuerzos con los Candidatos\u201d, y a tales fines, se reunir\u00e1 a partir de esta semana con el liderazgo de los partidos pol\u00edticos mayoritarios del pa\u00eds.<\/p>\n\n\n\n<p>El objetivo de AMCHAMDR es coordinar su participaci\u00f3n en estos encuentros, realizados con los aspirantes a la presidencia, en los que la ciudadan\u00eda y el empresariado tendr\u00e1n la oportunidad de conocer de cerca sus propuestas de cara a las elecciones del 2024.<\/p>\n\n\n\n<p>Las visitas iniciar\u00e1n a partir de esta semana y se realizar\u00e1n a los partidos pol\u00edticos mayoritarios: El Partido Revolucionario Moderno (PRM), la Fuerza del Pueblo (FP) y el Partido de la Liberaci\u00f3n Dominicana (PLD).<\/p>\n\n\n\n<p>En estos encuentros, los miembros del Comit\u00e9 Ejecutivo de AMCHAMDR externar\u00e1n la invitaci\u00f3n y detalles de los encuentros, para que una vez sean definidos sus aspirantes a la presidencia, estos puedan participar en el Ciclo de Candidatos 2024.<\/p>\n\n\n\n<p>Durante el Ciclo de Almuerzos con los Candidatos, los aspirantes a la presidencia de la Rep\u00fablica Dominicana tienen la oportunidad de presentar el plan de gobierno que implementar\u00edan en caso de resultar ganadores en las elecciones presidenciales del 19 de mayo de 2024.<\/p>\n\n\n\n<p>Adem\u00e1s, responder\u00e1n preguntas sobre temas de inter\u00e9s para el empresariado dominicano y la ciudadan\u00eda.<\/p>\n\n\n\n<p>AMCHAMDR realiza tradicionalmente el Ciclo de Almuerzos con Candidatos, en un esfuerzo por fomentar un espacio de di\u00e1logo constructivo y participaci\u00f3n c\u00edvica, buscando fortalecer el compromiso democr\u00e1tico de la sociedad dominicana, permitiendo a los ciudadanos estar mejor informados y participar activamente en la elecci\u00f3n de sus l\u00edderes pol\u00edticos de cara a la contienda electoral.<\/p>\n","protected":false},"excerpt":{"rendered":"<p>AMCHAMDR organiza el \u201cCiclo de Almuerzos con los Candidatos\u201d para que los aspirantes a la presidencia de la Rep\u00fablica por los partidos pol\u00edticos mayoritarios presenten sus planes de gobierno y&hellip;<\/p>\n","protected":false},"author":2,"featured_media":59434,"comment_status":"open","ping_status":"open","sticky":false,"template":"","format":"standard","meta":{"content-type":"","jetpack_post_was_ever_published":false,"_jetpack_newsletter_access":"","_jetpack_dont_email_post_to_subs":false,"_jetpack_newsletter_tier_id":0,"_jetpack_memberships_contains_paywalled_content":false,"_jetpack_memberships_contains_paid_content":false,"footnotes":""},"categories":[35,25],"tags":[7067],"class_list":["post-59433","post","type-post","status-publish","format-standard","has-post-thumbnail","hentry","category-nacionales","category-portada","tag-candidatos-presidenciales"],"jetpack_featured_media_url":"https:\/\/lasprimeras.com.do\/wp-content\/uploads\/2023\/09\/Candidatos-Presidenciales.jpg","jetpack-related-posts":[{"id":78310,"url":"https:\/\/lasprimeras.com.do\/index.php\/2024\/03\/14\/edwin-de-los-santos-confia-en-encuentros-auspiciado-por-amchamdr\/","url_meta":{"origin":59433,"position":0},"title":"Edwin De los Santos conf\u00eda en encuentros auspiciado por AMCHAMDR","author":"Nelson Feliz","date":"14 de marzo de 2024","format":false,"excerpt":"El presidente de la C\u00e1mara Americana de Comercio de la Rep\u00fablica Dominicana (AMCHAMDR), Edwin De los Santos destac\u00f3 que: \u201cDesde la C\u00e1mara Americana se celebra la vocaci\u00f3n democr\u00e1tica y partidista de la que goza el pa\u00eds. De los Santos, confi\u00f3 en que esta serie de encuentros que auspicia AMCHAMDR contribuya\u2026","rel":"","context":"En \u00abNACIONALES\u00bb","block_context":{"text":"NACIONALES","link":"https:\/\/lasprimeras.com.do\/index.php\/category\/nacionales\/"},"img":{"alt_text":"AMCHAMDR","src":"https:\/\/i0.wp.com\/lasprimeras.com.do\/wp-content\/uploads\/2024\/03\/AMCHAMDR.jpg?resize=350%2C200&ssl=1","width":350,"height":200,"srcset":"https:\/\/i0.wp.com\/lasprimeras.com.do\/wp-content\/uploads\/2024\/03\/AMCHAMDR.jpg?resize=350%2C200&ssl=1 1x, https:\/\/i0.wp.com\/lasprimeras.com.do\/wp-content\/uploads\/2024\/03\/AMCHAMDR.jpg?resize=525%2C300&ssl=1 1.5x, https:\/\/i0.wp.com\/lasprimeras.com.do\/wp-content\/uploads\/2024\/03\/AMCHAMDR.jpg?resize=700%2C400&ssl=1 2x"},"classes":[]},{"id":68418,"url":"https:\/\/lasprimeras.com.do\/index.php\/2023\/11\/24\/amchamdr-realizara-ultimo-almuerzo-del-2023-con-el-presidente-del-conep-celso-juan-marranzini\/","url_meta":{"origin":59433,"position":1},"title":"AMCHAMDR realizar\u00e1 \u00faltimo Almuerzo del 2023 con el presidente del CONEP, Celso Juan Marranzini","author":"Nelson Feliz","date":"24 de noviembre de 2023","format":false,"excerpt":"La C\u00e1mara Americana de Comercio de la Rep\u00fablica Dominicana cerrar\u00e1 su ciclo anual de almuerzos-conferencias con un encuentro especial, a cargo de Celso Juan Marranzini, presidente del Consejo Nacional de la Empresa Privada (CONEP). Bajo el t\u00edtulo \"La Gran Oportunidad de Rep\u00fablica Dominicana\", la conferencia explorar\u00e1 temas cruciales que abarcan\u2026","rel":"","context":"En \u00abECONOM\u00cdA\u00bb","block_context":{"text":"ECONOM\u00cdA","link":"https:\/\/lasprimeras.com.do\/index.php\/category\/economia\/"},"img":{"alt_text":"","src":"","width":0,"height":0},"classes":[]},{"id":104082,"url":"https:\/\/lasprimeras.com.do\/index.php\/2025\/07\/21\/ministro-luis-miguel-de-camps-sera-el-orador-invitado-a-almuerzo-de-amchamdr\/","url_meta":{"origin":59433,"position":2},"title":"Ministro Luis Miguel De Camps ser\u00e1 el orador invitado a almuerzo de AMCHAMDR","author":"Nelson Feliz","date":"21 de julio de 2025","format":false,"excerpt":"El ministro de Educaci\u00f3n, Luis Miguel De Camps, participar\u00e1 como orador invitado en el almuerzo de la C\u00e1mara Americana de Comercio de la Rep\u00fablica Dominicana (AMCHAMDR), a celebrarse ma\u00f1ana martes en el Sal\u00f3n Garden Tent del Hotel Embajador, a partir del mediod\u00eda. Durante su intervenci\u00f3n, el ministro desarrollar\u00e1 el tema\u2026","rel":"","context":"En \u00abNACIONALES\u00bb","block_context":{"text":"NACIONALES","link":"https:\/\/lasprimeras.com.do\/index.php\/category\/nacionales\/"},"img":{"alt_text":"","src":"https:\/\/i0.wp.com\/lasprimeras.com.do\/wp-content\/uploads\/2025\/07\/Luis-Miguel-De-Camps.jpg?resize=350%2C200&ssl=1","width":350,"height":200,"srcset":"https:\/\/i0.wp.com\/lasprimeras.com.do\/wp-content\/uploads\/2025\/07\/Luis-Miguel-De-Camps.jpg?resize=350%2C200&ssl=1 1x, https:\/\/i0.wp.com\/lasprimeras.com.do\/wp-content\/uploads\/2025\/07\/Luis-Miguel-De-Camps.jpg?resize=525%2C300&ssl=1 1.5x, https:\/\/i0.wp.com\/lasprimeras.com.do\/wp-content\/uploads\/2025\/07\/Luis-Miguel-De-Camps.jpg?resize=700%2C400&ssl=1 2x"},"classes":[]},{"id":107393,"url":"https:\/\/lasprimeras.com.do\/index.php\/2025\/08\/26\/francesca-rainieri-la-seguridad-es-un-bien-publico-que-exige-mejoria-permanente\/","url_meta":{"origin":59433,"position":3},"title":"Francesca Rainieri: la seguridad es un bien p\u00fablico que exige mejor\u00eda permanente","author":"Nelson Feliz","date":"26 de agosto de 2025","format":false,"excerpt":"La presidenta de Amchamdr destaca que la seguridad reduce la incertidumbre, disminuye los costos de transacci\u00f3n Durante un almuerzo organizado por la C\u00e1mara Americana de Comercio de la Rep\u00fablica Dominicana (Amchamdr), la presidenta del gremio, Francesca Rainieri, destac\u00f3 el papel esencial que juega la seguridad ciudadana en la atracci\u00f3n de\u2026","rel":"","context":"En \u00abECONOM\u00cdA\u00bb","block_context":{"text":"ECONOM\u00cdA","link":"https:\/\/lasprimeras.com.do\/index.php\/category\/economia\/"},"img":{"alt_text":"","src":"https:\/\/i0.wp.com\/lasprimeras.com.do\/wp-content\/uploads\/2025\/08\/Francesca-Rainieri.jpg?resize=350%2C200&ssl=1","width":350,"height":200,"srcset":"https:\/\/i0.wp.com\/lasprimeras.com.do\/wp-content\/uploads\/2025\/08\/Francesca-Rainieri.jpg?resize=350%2C200&ssl=1 1x, https:\/\/i0.wp.com\/lasprimeras.com.do\/wp-content\/uploads\/2025\/08\/Francesca-Rainieri.jpg?resize=525%2C300&ssl=1 1.5x, https:\/\/i0.wp.com\/lasprimeras.com.do\/wp-content\/uploads\/2025\/08\/Francesca-Rainieri.jpg?resize=700%2C400&ssl=1 2x"},"classes":[]},{"id":89368,"url":"https:\/\/lasprimeras.com.do\/index.php\/2024\/09\/22\/ministro-de-hacienda-sera-orador-invitado-en-almuerzo-de-amchamdr\/","url_meta":{"origin":59433,"position":4},"title":"Ministro de Hacienda ser\u00e1 orador invitado en Almuerzo de AMCHAMDR","author":"Nelson Feliz","date":"22 de septiembre de 2024","format":false,"excerpt":"El ministro de Hacienda Jos\u00e9 Manuel Vicente, ser\u00e1 el orador invitado y hu\u00e9sped de honor del Almuerzo de la C\u00e1mara Americana de Comercio de la Rep\u00fablica Dominicana este mi\u00e9rcoles 25 de septiembre a partir de las 12 del mediod\u00eda. El encuentro se llevar\u00e1 a cabo en el sal\u00f3n Garden Tent\u2026","rel":"","context":"En \u00abECONOM\u00cdA\u00bb","block_context":{"text":"ECONOM\u00cdA","link":"https:\/\/lasprimeras.com.do\/index.php\/category\/economia\/"},"img":{"alt_text":"Jos\u00e9 Manuel Vicente","src":"https:\/\/i0.wp.com\/lasprimeras.com.do\/wp-content\/uploads\/2024\/09\/Jose-Manuel-Vicente.jpg?resize=350%2C200&ssl=1","width":350,"height":200,"srcset":"https:\/\/i0.wp.com\/lasprimeras.com.do\/wp-content\/uploads\/2024\/09\/Jose-Manuel-Vicente.jpg?resize=350%2C200&ssl=1 1x, https:\/\/i0.wp.com\/lasprimeras.com.do\/wp-content\/uploads\/2024\/09\/Jose-Manuel-Vicente.jpg?resize=525%2C300&ssl=1 1.5x, https:\/\/i0.wp.com\/lasprimeras.com.do\/wp-content\/uploads\/2024\/09\/Jose-Manuel-Vicente.jpg?resize=700%2C400&ssl=1 2x"},"classes":[]},{"id":99467,"url":"https:\/\/lasprimeras.com.do\/index.php\/2025\/05\/20\/gobierno-presenta-ruta-para-duplicar-el-pib-nacional-para-el-2036-ante-amchamdr\/","url_meta":{"origin":59433,"position":5},"title":"Gobierno presenta ruta para duplicar el PIB nacional para el 2036 ante AMCHAMDR","author":"Nelson Feliz","date":"20 de mayo de 2025","format":false,"excerpt":"Paliza: \u201cFrente a cada pol\u00edtica p\u00fablica pensada, siempre debe prevalecer la gente. Crecer por crecer no tiene sentido alguno, un crecimiento econ\u00f3mico que no sea inclusivo no es propio\u201d. La C\u00e1mara Americana de Comercio de la Rep\u00fablica Dominicana (AMCHAMDR) celebr\u00f3 su almuerzo correspondiente al mes de mayo, en el que\u2026","rel":"","context":"En \u00abECONOM\u00cdA\u00bb","block_context":{"text":"ECONOM\u00cdA","link":"https:\/\/lasprimeras.com.do\/index.php\/category\/economia\/"},"img":{"alt_text":"","src":"https:\/\/i0.wp.com\/lasprimeras.com.do\/wp-content\/uploads\/2025\/05\/CACON.jpg?resize=350%2C200&ssl=1","width":350,"height":200,"srcset":"https:\/\/i0.wp.com\/lasprimeras.com.do\/wp-content\/uploads\/2025\/05\/CACON.jpg?resize=350%2C200&ssl=1 1x, https:\/\/i0.wp.com\/lasprimeras.com.do\/wp-content\/uploads\/2025\/05\/CACON.jpg?resize=525%2C300&ssl=1 1.5x, https:\/\/i0.wp.com\/lasprimeras.com.do\/wp-content\/uploads\/2025\/05\/CACON.jpg?resize=700%2C400&ssl=1 2x"},"classes":[]}],"jetpack_sharing_enabled":true,"_links":{"self":[{"href":"https:\/\/lasprimeras.com.do\/index.php\/wp-json\/wp\/v2\/posts\/59433","targetHints":{"allow":["GET"]}}],"collection":[{"href":"https:\/\/lasprimeras.com.do\/index.php\/wp-json\/wp\/v2\/posts"}],"about":[{"href":"https:\/\/lasprimeras.com.do\/index.php\/wp-json\/wp\/v2\/types\/post"}],"author":[{"embeddable":true,"href":"https:\/\/lasprimeras.com.do\/index.php\/wp-json\/wp\/v2\/users\/2"}],"replies":[{"embeddable":true,"href":"https:\/\/lasprimeras.com.do\/index.php\/wp-json\/wp\/v2\/comments?post=59433"}],"version-history":[{"count":1,"href":"https:\/\/lasprimeras.com.do\/index.php\/wp-json\/wp\/v2\/posts\/59433\/revisions"}],"predecessor-version":[{"id":59435,"href":"https:\/\/lasprimeras.com.do\/index.php\/wp-json\/wp\/v2\/posts\/59433\/revisions\/59435"}],"wp:featuredmedia":[{"embeddable":true,"href":"https:\/\/lasprimeras.com.do\/index.php\/wp-json\/wp\/v2\/media\/59434"}],"wp:attachment":[{"href":"https:\/\/lasprimeras.com.do\/index.php\/wp-json\/wp\/v2\/media?parent=59433"}],"wp:term":[{"taxonomy":"category","embeddable":true,"href":"https:\/\/lasprimeras.com.do\/index.php\/wp-json\/wp\/v2\/categories?post=59433"},{"taxonomy":"post_tag","embeddable":true,"href":"https:\/\/lasprimeras.com.do\/index.php\/wp-json\/wp\/v2\/tags?post=59433"}],"curies":[{"name":"wp","href":"https:\/\/api.w.org\/{rel}","templated":true}]}}