{"id":59439,"date":"2023-09-04T08:29:46","date_gmt":"2023-09-04T12:29:46","guid":{"rendered":"https:\/\/lasprimeras.com.do\/?p=59439"},"modified":"2023-09-04T08:29:47","modified_gmt":"2023-09-04T12:29:47","slug":"salud-publica-llama-a-la-poblacion-a-mantener-la-calma-con-el-dengue","status":"publish","type":"post","link":"https:\/\/lasprimeras.com.do\/index.php\/2023\/09\/04\/salud-publica-llama-a-la-poblacion-a-mantener-la-calma-con-el-dengue\/","title":{"rendered":"Salud P\u00fablica llama a la poblaci\u00f3n a mantener la calma con el dengue"},"content":{"rendered":"\n<p><strong>Salud P\u00fablica registra 5,145 casos hasta la semana pasada.<\/strong><\/p>\n\n\n\n<p>El Ministerio de Salud P\u00fablica llama a la poblaci\u00f3n a mantener la calma, seguir las recomendaciones de las autoridades y ante cualquier s\u00edntoma de dengue, acudir de inmediato al centro de salud m\u00e1s cercano.<\/p>\n\n\n\n<p>Al notificar el reporte hasta la semana epidemiol\u00f3gica #33, actualizado al 28\/08\/2023), en todo el pa\u00eds se han registrado 5,145 casos probables, un 10% m\u00e1s que en igual per\u00edodo de 2022 que el acumulado era de 4,716 casos. De estos en el Gran Santo Domingo se reportan 1,391 y en Santiago 541.<\/p>\n\n\n\n<p>En la semana #33 se detectaron 344 casos de dengue. Esto no incluye los \u00faltimos 6 d\u00edas, en los que hay decenas de hospitalizados y al menos un fallecido.<\/p>\n\n\n\n<p><strong>Hospitalizaciones<\/strong><\/p>\n\n\n\n<p>En el gr\u00e1fico muestra los hospitales con casos de Dengue SE 33, siendo el pedi\u00e1trico Hugo Mendosa en que m\u00e1s internos tienen, sin que en el reporte indiquen la cantidad. Hasta el s\u00e1bado eran 62 los internamientos.<\/p>\n\n\n\n<p>Le sigue el Robert Reid Cabral, la Maternidad San Lorenzo de Los Mina, Cl\u00ednica Uni\u00f3n M\u00e9dica del Norte, Plaza de la Salud, Jaime Mota, en Barahona y el Centro M\u00e9dico Gran Poder de Dios, en Santiago Rodr\u00edguez.<\/p>\n\n\n\n<p><strong>Acciones<\/strong><\/p>\n\n\n\n<p>Salud P\u00fablica inform\u00f3 que se mantiene vigilante ante aumento de casos de dengue, con los operativos de fumigaci\u00f3n en zonas donde se han detectado nuevos casos.<\/p>\n\n\n\n<p>Los reportes de las \u00faltimas cuatro semanas evidencian que las provincias o \u00e1reas de salud que han registrado mayor cantidad de casos son, La Romana, Barahona \u00c1rea 3 (Santo Domingo norte), San Crist\u00f3bal y La Vega.<\/p>\n\n\n\n<p>Las intervenciones incluyen fumigaciones, descacharrizaci\u00f3n y eliminaci\u00f3n de criaderos del mosquito Aedes aegypti.<\/p>\n\n\n\n<p>El doctor Jos\u00e9 Luis Cruz, director de Centro de Prevenci\u00f3n y Control de Enfermedades Transmitidas por Vectores y Zoonosis (Cecovez), dijo que actualmente todas las Direcciones Provinciales de Salud y las Direcciones de \u00c1reas se mantienen en sesi\u00f3n permanente realizando intervenciones.<\/p>\n\n\n\n<p>Mientras que el doctor Eladio P\u00e9rez, viceministro de Salud Colectiva, dijo que Salud p\u00fablica mantiene el llamado de la alerta epidemiol\u00f3gica emitida el 24 de mayo, exhortando a las familias a eliminar los posibles criaderos, mantener sus entornos limpios y untar cloro a los tanques y envases donde almacenen agua, tap\u00e1ndolos bien, para evitar que se reproduzcan las larvas, que se convierten en mosquitos.<\/p>\n\n\n\n<p>Los horarios de fumigaci\u00f3n son entre 6 y 7 de la ma\u00f1ana y y entrando la noche de 6 a 7, que son las horas en que las hembras del mosquito tienden a salir a alimentarse y reproducirse.<\/p>\n\n\n\n<p>El dengue es una infecci\u00f3n viral que se transmite por la picadura del mosquito a las personas, provocando fiebre alta o leve.<\/p>\n\n\n\n<p>puede llegar a ser hasta debilitante, con fuertes dolores de cabeza, dolor detr\u00e1s de los ojos, dolor muscular y articular, y erupciones en la piel.<\/p>\n","protected":false},"excerpt":{"rendered":"<p>Salud P\u00fablica registra 5,145 casos hasta la semana pasada. El Ministerio de Salud P\u00fablica llama a la poblaci\u00f3n a mantener la calma, seguir las recomendaciones de las autoridades y ante&hellip;<\/p>\n","protected":false},"author":2,"featured_media":59440,"comment_status":"open","ping_status":"open","sticky":false,"template":"","format":"standard","meta":{"content-type":"","jetpack_post_was_ever_published":false,"_jetpack_newsletter_access":"","_jetpack_dont_email_post_to_subs":false,"_jetpack_newsletter_tier_id":0,"_jetpack_memberships_contains_paywalled_content":false,"_jetpack_memberships_contains_paid_content":false,"footnotes":""},"categories":[25],"tags":[1462,458,1417,2227],"class_list":["post-59439","post","type-post","status-publish","format-standard","has-post-thumbnail","hentry","category-portada","tag-calma","tag-dengue","tag-poblacion","tag-salud-publica"],"jetpack_featured_media_url":"https:\/\/lasprimeras.com.do\/wp-content\/uploads\/2023\/09\/Aedes-aegypti.jpg","jetpack-related-posts":[{"id":62102,"url":"https:\/\/lasprimeras.com.do\/index.php\/2023\/10\/03\/se-registra-ligera-baja-en-ingresos-por-el-dengue\/","url_meta":{"origin":59439,"position":0},"title":"Se registra ligera baja en ingresos por el dengue","author":"BIMARY DE JES\u00daS Matos","date":"3 de octubre de 2023","format":false,"excerpt":"Santo Domingo.-La semana inici\u00f3 con una ligera reducci\u00f3n en las notificaciones de internamientos por dengue en los once principales hospitales de la red p\u00fablica que han mantenido una mayor demanda de ingresos a causa del brote de la enfermedad que afecta al pa\u00eds desde hace varias semanas. La ligera reducci\u00f3n\u2026","rel":"","context":"En \u00abNACIONALES\u00bb","block_context":{"text":"NACIONALES","link":"https:\/\/lasprimeras.com.do\/index.php\/category\/nacionales\/"},"img":{"alt_text":"","src":"https:\/\/i0.wp.com\/lasprimeras.com.do\/wp-content\/uploads\/2023\/10\/WhatsApp-Image-2023-10-02-at-6.21.27-PM.jpeg?resize=350%2C200&ssl=1","width":350,"height":200,"srcset":"https:\/\/i0.wp.com\/lasprimeras.com.do\/wp-content\/uploads\/2023\/10\/WhatsApp-Image-2023-10-02-at-6.21.27-PM.jpeg?resize=350%2C200&ssl=1 1x, https:\/\/i0.wp.com\/lasprimeras.com.do\/wp-content\/uploads\/2023\/10\/WhatsApp-Image-2023-10-02-at-6.21.27-PM.jpeg?resize=525%2C300&ssl=1 1.5x, https:\/\/i0.wp.com\/lasprimeras.com.do\/wp-content\/uploads\/2023\/10\/WhatsApp-Image-2023-10-02-at-6.21.27-PM.jpeg?resize=700%2C400&ssl=1 2x"},"classes":[]},{"id":116504,"url":"https:\/\/lasprimeras.com.do\/index.php\/2025\/12\/01\/ministerio-de-salud-de-cuba-reporta-33-muertes-por-virus-de-dengue-y-chikungunya\/","url_meta":{"origin":59439,"position":1},"title":"Ministerio de Salud de Cuba reporta 33 muertes por virus de dengue y chikungunya","author":"Nelson Feliz","date":"1 de diciembre de 2025","format":false,"excerpt":"LA HABANA (AP) \u2014 El Ministerio de Salud de Cuba confirm\u00f3 el lunes 33 muertes ocurridas en los \u00faltimos cinco meses debido a contagios de virus de dengue y chikungunya, ambos transmitidos por mosquitos, en medio de lo que reconoci\u00f3 como una \u201csituaci\u00f3n epidemiol\u00f3gica compleja\u201d. La viceministra del \u00e1rea, Carilda\u2026","rel":"","context":"En \u00abSALUD\u00bb","block_context":{"text":"SALUD","link":"https:\/\/lasprimeras.com.do\/index.php\/category\/salud\/"},"img":{"alt_text":"brote de dengue","src":"https:\/\/i0.wp.com\/lasprimeras.com.do\/wp-content\/uploads\/2023\/09\/Dengue.jpg?resize=350%2C200&ssl=1","width":350,"height":200,"srcset":"https:\/\/i0.wp.com\/lasprimeras.com.do\/wp-content\/uploads\/2023\/09\/Dengue.jpg?resize=350%2C200&ssl=1 1x, https:\/\/i0.wp.com\/lasprimeras.com.do\/wp-content\/uploads\/2023\/09\/Dengue.jpg?resize=525%2C300&ssl=1 1.5x, https:\/\/i0.wp.com\/lasprimeras.com.do\/wp-content\/uploads\/2023\/09\/Dengue.jpg?resize=700%2C400&ssl=1 2x"},"classes":[]},{"id":69966,"url":"https:\/\/lasprimeras.com.do\/index.php\/2023\/12\/07\/se-mantiene-incidencia-del-dengue-y-el-colera\/","url_meta":{"origin":59439,"position":2},"title":"Se mantiene incidencia del dengue y el c\u00f3lera","author":"BIMARY DE JES\u00daS Matos","date":"7 de diciembre de 2023","format":false,"excerpt":"Un total de 1,021 nuevos casos de dengue fueron reportados en la \u00faltima semana en el pa\u00eds, con lo que se elevan a 21,948 los notificados al sistema de vigilancia epidemiol\u00f3gica. Mientras los casos de Covid-19 registraron un ligero aumento y el c\u00f3lera contin\u00faa incidiendo en comunidades de las provincias\u2026","rel":"","context":"En \u00abPORTADA\u00bb","block_context":{"text":"PORTADA","link":"https:\/\/lasprimeras.com.do\/index.php\/category\/portada\/"},"img":{"alt_text":"","src":"https:\/\/i0.wp.com\/lasprimeras.com.do\/wp-content\/uploads\/2023\/12\/393167618_841220321343819_1805512503651010400_n-1.jpg?resize=350%2C200&ssl=1","width":350,"height":200,"srcset":"https:\/\/i0.wp.com\/lasprimeras.com.do\/wp-content\/uploads\/2023\/12\/393167618_841220321343819_1805512503651010400_n-1.jpg?resize=350%2C200&ssl=1 1x, https:\/\/i0.wp.com\/lasprimeras.com.do\/wp-content\/uploads\/2023\/12\/393167618_841220321343819_1805512503651010400_n-1.jpg?resize=525%2C300&ssl=1 1.5x, https:\/\/i0.wp.com\/lasprimeras.com.do\/wp-content\/uploads\/2023\/12\/393167618_841220321343819_1805512503651010400_n-1.jpg?resize=700%2C400&ssl=1 2x"},"classes":[]},{"id":72381,"url":"https:\/\/lasprimeras.com.do\/index.php\/2023\/12\/29\/25000-casos-de-dengue-reportados-este-ano\/","url_meta":{"origin":59439,"position":3},"title":"25,000 casos de dengue reportados este a\u00f1o","author":"BIMARY DE JES\u00daS Matos","date":"29 de diciembre de 2023","format":false,"excerpt":"Santo Domingo.-En lo que va de 2023, el sistema de vigilancia epidemiol\u00f3gica ha recibido el reporte de 24,735 casos sospechosos de dengue y ha confirmado 23 muertes a causa de la enfermedad, que durante m\u00e1s de cinco meses mantuvo niveles epid\u00e9micos en el pa\u00eds, generando una alta ocupaci\u00f3n de camas\u2026","rel":"","context":"En \u00abPORTADA\u00bb","block_context":{"text":"PORTADA","link":"https:\/\/lasprimeras.com.do\/index.php\/category\/portada\/"},"img":{"alt_text":"","src":"https:\/\/i0.wp.com\/lasprimeras.com.do\/wp-content\/uploads\/2023\/12\/WhatsApp-Image-2023-12-28-at-10.42.13-PM-1.jpeg?resize=350%2C200&ssl=1","width":350,"height":200,"srcset":"https:\/\/i0.wp.com\/lasprimeras.com.do\/wp-content\/uploads\/2023\/12\/WhatsApp-Image-2023-12-28-at-10.42.13-PM-1.jpeg?resize=350%2C200&ssl=1 1x, https:\/\/i0.wp.com\/lasprimeras.com.do\/wp-content\/uploads\/2023\/12\/WhatsApp-Image-2023-12-28-at-10.42.13-PM-1.jpeg?resize=525%2C300&ssl=1 1.5x"},"classes":[]},{"id":59605,"url":"https:\/\/lasprimeras.com.do\/index.php\/2023\/09\/05\/clemente-terrero-advierte-situacion-por-dengue-en-rd-es-grave\/","url_meta":{"origin":59439,"position":4},"title":"Clemente Terrero advierte situaci\u00f3n por dengue en RD es &#8220;grave&#8221;","author":"Nelson Feliz","date":"5 de septiembre de 2023","format":false,"excerpt":"El infect\u00f3logo Clemente Terrero advirti\u00f3 este martes que el incremento en los casos de dengue apunta hacia una epidemia en expansi\u00f3n, todos sabemos que hace cuatro a\u00f1os fue la \u00faltima epidemia de dengue en la Rep\u00fablica Dominicana. Terrero asegura que en el pa\u00eds desde hace dos a\u00f1os, cuando se reinici\u00f3\u2026","rel":"","context":"En \u00abSin categor\u00eda\u00bb","block_context":{"text":"Sin categor\u00eda","link":"https:\/\/lasprimeras.com.do\/index.php\/category\/sin-categoria\/"},"img":{"alt_text":"dengue","src":"https:\/\/i0.wp.com\/lasprimeras.com.do\/wp-content\/uploads\/2023\/09\/Aedes-aegypti.jpg?resize=350%2C200&ssl=1","width":350,"height":200,"srcset":"https:\/\/i0.wp.com\/lasprimeras.com.do\/wp-content\/uploads\/2023\/09\/Aedes-aegypti.jpg?resize=350%2C200&ssl=1 1x, https:\/\/i0.wp.com\/lasprimeras.com.do\/wp-content\/uploads\/2023\/09\/Aedes-aegypti.jpg?resize=525%2C300&ssl=1 1.5x, https:\/\/i0.wp.com\/lasprimeras.com.do\/wp-content\/uploads\/2023\/09\/Aedes-aegypti.jpg?resize=700%2C400&ssl=1 2x"},"classes":[]},{"id":65705,"url":"https:\/\/lasprimeras.com.do\/index.php\/2023\/10\/31\/pacientes-con-sospecha-de-dengue-siguen-saturando-centros-de-salud\/","url_meta":{"origin":59439,"position":5},"title":"Pacientes con sospecha de dengue siguen saturando centros de salud","author":"BIMARY DE JES\u00daS Matos","date":"31 de octubre de 2023","format":false,"excerpt":"Santo Domingo.-La capacidad de respuesta de los centros asistenciales y del personal de salud contin\u00fao ayer presionada por la alta demanda de atenci\u00f3n de pacientes febriles con sospecha de dengue que siguen llegando a sus \u00e1reas de emergencias en busca de atenci\u00f3n m\u00e9dica, muchos de los cuales requieren ser ingresados.\u2026","rel":"","context":"En \u00abPORTADA\u00bb","block_context":{"text":"PORTADA","link":"https:\/\/lasprimeras.com.do\/index.php\/category\/portada\/"},"img":{"alt_text":"","src":"https:\/\/i0.wp.com\/lasprimeras.com.do\/wp-content\/uploads\/2023\/10\/WhatsApp-Image-2023-10-30-at-2.14.30-PM-1.jpeg?resize=350%2C200&ssl=1","width":350,"height":200,"srcset":"https:\/\/i0.wp.com\/lasprimeras.com.do\/wp-content\/uploads\/2023\/10\/WhatsApp-Image-2023-10-30-at-2.14.30-PM-1.jpeg?resize=350%2C200&ssl=1 1x, https:\/\/i0.wp.com\/lasprimeras.com.do\/wp-content\/uploads\/2023\/10\/WhatsApp-Image-2023-10-30-at-2.14.30-PM-1.jpeg?resize=525%2C300&ssl=1 1.5x, https:\/\/i0.wp.com\/lasprimeras.com.do\/wp-content\/uploads\/2023\/10\/WhatsApp-Image-2023-10-30-at-2.14.30-PM-1.jpeg?resize=700%2C400&ssl=1 2x"},"classes":[]}],"jetpack_sharing_enabled":true,"_links":{"self":[{"href":"https:\/\/lasprimeras.com.do\/index.php\/wp-json\/wp\/v2\/posts\/59439","targetHints":{"allow":["GET"]}}],"collection":[{"href":"https:\/\/lasprimeras.com.do\/index.php\/wp-json\/wp\/v2\/posts"}],"about":[{"href":"https:\/\/lasprimeras.com.do\/index.php\/wp-json\/wp\/v2\/types\/post"}],"author":[{"embeddable":true,"href":"https:\/\/lasprimeras.com.do\/index.php\/wp-json\/wp\/v2\/users\/2"}],"replies":[{"embeddable":true,"href":"https:\/\/lasprimeras.com.do\/index.php\/wp-json\/wp\/v2\/comments?post=59439"}],"version-history":[{"count":1,"href":"https:\/\/lasprimeras.com.do\/index.php\/wp-json\/wp\/v2\/posts\/59439\/revisions"}],"predecessor-version":[{"id":59441,"href":"https:\/\/lasprimeras.com.do\/index.php\/wp-json\/wp\/v2\/posts\/59439\/revisions\/59441"}],"wp:featuredmedia":[{"embeddable":true,"href":"https:\/\/lasprimeras.com.do\/index.php\/wp-json\/wp\/v2\/media\/59440"}],"wp:attachment":[{"href":"https:\/\/lasprimeras.com.do\/index.php\/wp-json\/wp\/v2\/media?parent=59439"}],"wp:term":[{"taxonomy":"category","embeddable":true,"href":"https:\/\/lasprimeras.com.do\/index.php\/wp-json\/wp\/v2\/categories?post=59439"},{"taxonomy":"post_tag","embeddable":true,"href":"https:\/\/lasprimeras.com.do\/index.php\/wp-json\/wp\/v2\/tags?post=59439"}],"curies":[{"name":"wp","href":"https:\/\/api.w.org\/{rel}","templated":true}]}}