{"id":59442,"date":"2023-09-04T08:36:53","date_gmt":"2023-09-04T12:36:53","guid":{"rendered":"https:\/\/lasprimeras.com.do\/?p=59442"},"modified":"2023-09-04T08:36:54","modified_gmt":"2023-09-04T12:36:54","slug":"senen-caba-sostiene-que-dengue-esta-fuera-de-control","status":"publish","type":"post","link":"https:\/\/lasprimeras.com.do\/index.php\/2023\/09\/04\/senen-caba-sostiene-que-dengue-esta-fuera-de-control\/","title":{"rendered":"Sen\u00e9n Caba sostiene que dengue est\u00e1 fuera de control"},"content":{"rendered":"\n<p><strong>Sen\u00e9n Caba afirma que la actual situaci\u00f3n era de esperarse por las lluvias, lo cual tambi\u00e9n podr\u00eda pasar con la leptospirosis.<\/strong><\/p>\n\n\n\n<p>El presidente del Colegio M\u00e9dico Dominicano (CMD), Sen\u00e9n Caba, afirm\u00f3 que la situaci\u00f3n del dengue est\u00e1 \u201cfuera de control\u201d en el pa\u00eds y deplor\u00f3 las acciones que est\u00e1n realizando las autoridades.<\/p>\n\n\n\n<p>Dijo que \u201cesto era una guerra avisada\u201d, porque todos los a\u00f1os para esta \u00e9poca hay un repunte en los casos de dengue, por las lluvias, al igual que vaticina que tambi\u00e9n ocurrir\u00e1n de leptospirosis y malaria, y que ya el CMD lo hab\u00eda advertido.<br>Hasta el 28 de agosto se han registrado 5,145 casos de dengue, sin incluir la \u00faltima semana.<\/p>\n\n\n\n<p>A su juicio, en lugar de realizar jornadas de fumigaci\u00f3n en las zonas con mayor incidencia de dengue, Salud P\u00fablica debi\u00f3 llamar \u201cinmediatamente a todas las instancias donde hay grandes colectivos: Fuerzas Armadas, universidades, Polic\u00eda Nacional, escuelas, para que orientar, promover, reunirse con los cabildos para que desyerben solares, eliminar vertederos improvisados, descacharrizar, pero aqu\u00ed no se est\u00e1 en eso, aqu\u00ed lo que se est\u00e1 es en politiquer\u00eda y negocio\u201d.<\/p>\n\n\n\n<p>Se refiri\u00f3 a los internamientos que hay en cl\u00ednicas y hospitales, por casos de dengue, e indic\u00f3 que desde la pasada semana especialistas le comunicaron que la situaci\u00f3n est\u00e1 fuera de control, donde solo una cl\u00ednica privada ten\u00eda m\u00e1s de 20 ingresados, en la zona oriental, sin incluir los centros p\u00fablicos, entre ellos los infantiles como el Robert Reid y el Hugo Mendoza.<\/p>\n\n\n\n<p>Insisti\u00f3 en que en Rep\u00fablica Dominicana se sigue apostando a una salud curativa hospitalaria, algo que es anacr\u00f3nico, donde se requiere una atenci\u00f3n primaria de calidad.<\/p>\n\n\n\n<p>\u201cPero aqu\u00ed eso no se hace porque tenemos otra visi\u00f3n que es una visi\u00f3n mercantilista de la salud, es decir, la salud aqu\u00ed se vende como si fuera una mercanc\u00eda\u201d.<\/p>\n\n\n\n<p>Los pobres<\/p>\n\n\n\n<p>Caba refiri\u00f3 que el dengue le puede dar a cualquiera, pero pero donde m\u00e1s impactan es a los pobres.<\/p>\n\n\n\n<p>pero \u201ca los pobres no les importa ni al Gobierno que se fue ni este tampoco, los que le importa es negociar con la medicina, a trav\u00e9s de una seguridad social que tampoco, a pesar de que la ley conmina a las ARS a invertir en prevenci\u00f3n, en educaci\u00f3n y en promoci\u00f3n, no se hace eso, ellos lo que est\u00e1n es en hacer dinero y a la gente que se la lleve el diablo\u201d<\/p>\n\n\n\n<p>Insisti\u00f3 en que estas son enfermedades prevenibles, que requieren de poca inversi\u00f3n y de voluntad pol\u00edtica, pero que lo que se est\u00e1 en que las ARS sigua controlando el modelo, sin proteger la salud de la gente.<\/p>\n\n\n\n<p>\u201cCada vez que imprimimos algo da\u00f1amos un \u00e1rbol, imprime lo necesario y salvemos el planeta\u201d<\/p>\n","protected":false},"excerpt":{"rendered":"<p>Sen\u00e9n Caba afirma que la actual situaci\u00f3n era de esperarse por las lluvias, lo cual tambi\u00e9n podr\u00eda pasar con la leptospirosis. El presidente del Colegio M\u00e9dico Dominicano (CMD), Sen\u00e9n Caba,&hellip;<\/p>\n","protected":false},"author":2,"featured_media":59443,"comment_status":"open","ping_status":"open","sticky":false,"template":"","format":"standard","meta":{"content-type":"","jetpack_post_was_ever_published":false,"_jetpack_newsletter_access":"","_jetpack_dont_email_post_to_subs":false,"_jetpack_newsletter_tier_id":0,"_jetpack_memberships_contains_paywalled_content":false,"_jetpack_memberships_contains_paid_content":false,"footnotes":""},"categories":[25],"tags":[1057,1305,912,458,364,7071,427,7072],"class_list":["post-59442","post","type-post","status-publish","format-standard","has-post-thumbnail","hentry","category-portada","tag-cmd","tag-colegio","tag-control","tag-dengue","tag-dominicano","tag-fuera","tag-medico","tag-senen-caba"],"jetpack_featured_media_url":"https:\/\/lasprimeras.com.do\/wp-content\/uploads\/2023\/09\/Senen-Caba.jpeg","jetpack-related-posts":[{"id":62371,"url":"https:\/\/lasprimeras.com.do\/index.php\/2023\/10\/04\/colegio-medico-alerta-dengue-rebasa-capacidad-de-atencion\/","url_meta":{"origin":59442,"position":0},"title":"Colegio M\u00e9dico alerta dengue rebasa capacidad de atenci\u00f3n","author":"BIMARY DE JES\u00daS Matos","date":"4 de octubre de 2023","format":false,"excerpt":"SANTO DOMINGO.- El presidente del Colegio M\u00e9dico Dominicano (CMD), Sen\u00e9n Caba, afirm\u00f3 hoy que la alta cifra de enfermos con sospecha de dengue rebasa la capacidad de atenci\u00f3n en los hospitales y llam\u00f3 a la conformaci\u00f3n de un Comit\u00e9 de Emergencia. Consider\u00f3 que esa enfermedad \u00abest\u00e1 fuera de control\u00bb en\u2026","rel":"","context":"En \u00abPORTADA\u00bb","block_context":{"text":"PORTADA","link":"https:\/\/lasprimeras.com.do\/index.php\/category\/portada\/"},"img":{"alt_text":"","src":"https:\/\/i0.wp.com\/lasprimeras.com.do\/wp-content\/uploads\/2023\/10\/WhatsApp-Image-2023-10-04-at-7.55.08-AM-10.jpeg?resize=350%2C200&ssl=1","width":350,"height":200,"srcset":"https:\/\/i0.wp.com\/lasprimeras.com.do\/wp-content\/uploads\/2023\/10\/WhatsApp-Image-2023-10-04-at-7.55.08-AM-10.jpeg?resize=350%2C200&ssl=1 1x, https:\/\/i0.wp.com\/lasprimeras.com.do\/wp-content\/uploads\/2023\/10\/WhatsApp-Image-2023-10-04-at-7.55.08-AM-10.jpeg?resize=525%2C300&ssl=1 1.5x, https:\/\/i0.wp.com\/lasprimeras.com.do\/wp-content\/uploads\/2023\/10\/WhatsApp-Image-2023-10-04-at-7.55.08-AM-10.jpeg?resize=700%2C400&ssl=1 2x"},"classes":[]},{"id":59549,"url":"https:\/\/lasprimeras.com.do\/index.php\/2023\/09\/05\/cmd-suspende-paro-de-labores-por-aumento-de-casos-de-dengue\/","url_meta":{"origin":59442,"position":1},"title":"CMD suspende paro de labores por aumento de casos de dengue","author":"Nelson Feliz","date":"5 de septiembre de 2023","format":false,"excerpt":"Se mantendr\u00e1n en sesi\u00f3n permanente para decidir las acciones a tomar en lo adelante. El Colegio M\u00e9dico Dominicano (CMD) suspendi\u00f3 este martes los paros de labores a nivel nacional para el sector p\u00fablico y privado que hab\u00eda convocado para el jueves y viernes de esta semana, debido al aumento de\u2026","rel":"","context":"En \u00abPORTADA\u00bb","block_context":{"text":"PORTADA","link":"https:\/\/lasprimeras.com.do\/index.php\/category\/portada\/"},"img":{"alt_text":"","src":"https:\/\/i0.wp.com\/lasprimeras.com.do\/wp-content\/uploads\/2023\/09\/medicos.jpg?resize=350%2C200&ssl=1","width":350,"height":200,"srcset":"https:\/\/i0.wp.com\/lasprimeras.com.do\/wp-content\/uploads\/2023\/09\/medicos.jpg?resize=350%2C200&ssl=1 1x, https:\/\/i0.wp.com\/lasprimeras.com.do\/wp-content\/uploads\/2023\/09\/medicos.jpg?resize=525%2C300&ssl=1 1.5x, https:\/\/i0.wp.com\/lasprimeras.com.do\/wp-content\/uploads\/2023\/09\/medicos.jpg?resize=700%2C400&ssl=1 2x"},"classes":[]},{"id":63369,"url":"https:\/\/lasprimeras.com.do\/index.php\/2023\/10\/12\/colegio-medico-alerta-que-el-dengue-esta-fuera-de-control\/","url_meta":{"origin":59442,"position":2},"title":"Colegio M\u00e9dico alerta que el dengue est\u00e1 fuera de control","author":"BIMARY DE JES\u00daS Matos","date":"12 de octubre de 2023","format":false,"excerpt":"SANTO DOMINGO.-Mientras los pasillos de hospitales como el Robert Read Cabral lucen abarrotados de madres con ni\u00f1os sospechosos de contraer dengue, y el Colegio M\u00e9dico Dominicano tron\u00f3 e insisti\u00f3 en que \u201cel dengue esta fuera de control en el pa\u00eds\u201d, autoridades de Salud P\u00fablica dicen que disminuyen los casos detectados.\u2026","rel":"","context":"En \u00abPORTADA\u00bb","block_context":{"text":"PORTADA","link":"https:\/\/lasprimeras.com.do\/index.php\/category\/portada\/"},"img":{"alt_text":"","src":"https:\/\/i0.wp.com\/lasprimeras.com.do\/wp-content\/uploads\/2023\/10\/WhatsApp-Image-2023-10-10-at-11.06.27-AM.webp?resize=350%2C200&ssl=1","width":350,"height":200,"srcset":"https:\/\/i0.wp.com\/lasprimeras.com.do\/wp-content\/uploads\/2023\/10\/WhatsApp-Image-2023-10-10-at-11.06.27-AM.webp?resize=350%2C200&ssl=1 1x, https:\/\/i0.wp.com\/lasprimeras.com.do\/wp-content\/uploads\/2023\/10\/WhatsApp-Image-2023-10-10-at-11.06.27-AM.webp?resize=525%2C300&ssl=1 1.5x, https:\/\/i0.wp.com\/lasprimeras.com.do\/wp-content\/uploads\/2023\/10\/WhatsApp-Image-2023-10-10-at-11.06.27-AM.webp?resize=700%2C400&ssl=1 2x"},"classes":[]},{"id":64927,"url":"https:\/\/lasprimeras.com.do\/index.php\/2023\/10\/24\/cmd-y-salud-publica-se-reunen-para-debatir-nuevas-estrategias-contra-el-dengue\/","url_meta":{"origin":59442,"position":3},"title":"CMD y Salud P\u00fablica se re\u00fanen para debatir nuevas estrategias contra el dengue","author":"Nelson Feliz","date":"24 de octubre de 2023","format":false,"excerpt":"En el encuentro participaron representantes de Sociedades Especializadas y dos viceministros de Salud. Las autoridades del Colegio M\u00e9dico Dominicano (CMD), en conjunto con las Sociedades M\u00e9dicas Especializadas, realizaron un encuentro con representantes del Ministerio de Salud P\u00fablica para abordar nuevas estrategias que permitan enfrentar el dengue. El presidente del CMD,\u2026","rel":"","context":"En \u00abPORTADA\u00bb","block_context":{"text":"PORTADA","link":"https:\/\/lasprimeras.com.do\/index.php\/category\/portada\/"},"img":{"alt_text":"Galenos","src":"https:\/\/i0.wp.com\/lasprimeras.com.do\/wp-content\/uploads\/2023\/10\/Galenos.jpg?resize=350%2C200&ssl=1","width":350,"height":200,"srcset":"https:\/\/i0.wp.com\/lasprimeras.com.do\/wp-content\/uploads\/2023\/10\/Galenos.jpg?resize=350%2C200&ssl=1 1x, https:\/\/i0.wp.com\/lasprimeras.com.do\/wp-content\/uploads\/2023\/10\/Galenos.jpg?resize=525%2C300&ssl=1 1.5x, https:\/\/i0.wp.com\/lasprimeras.com.do\/wp-content\/uploads\/2023\/10\/Galenos.jpg?resize=700%2C400&ssl=1 2x"},"classes":[]},{"id":62250,"url":"https:\/\/lasprimeras.com.do\/index.php\/2023\/10\/04\/entrada-y-salida-de-pacientes-con-dengue-es-persistente\/","url_meta":{"origin":59442,"position":4},"title":"Entrada y salida de pacientes con dengue es persistente","author":"BIMARY DE JES\u00daS Matos","date":"4 de octubre de 2023","format":false,"excerpt":"Santo Domingo .-Los pacientes afectados por el virus del dengue mantienen una constante en la entrada y salida de los centros hospitalarios, ya que a medida que se les da el alta m\u00e9dica a algunos, en igual o mayor proporci\u00f3n, son los que pasan a salas de internamientos. La situaci\u00f3n\u2026","rel":"","context":"En \u00abPORTADA\u00bb","block_context":{"text":"PORTADA","link":"https:\/\/lasprimeras.com.do\/index.php\/category\/portada\/"},"img":{"alt_text":"","src":"https:\/\/i0.wp.com\/lasprimeras.com.do\/wp-content\/uploads\/2023\/10\/WhatsApp-Image-2023-10-03-at-10.20.05-AM-2.webp?resize=350%2C200&ssl=1","width":350,"height":200,"srcset":"https:\/\/i0.wp.com\/lasprimeras.com.do\/wp-content\/uploads\/2023\/10\/WhatsApp-Image-2023-10-03-at-10.20.05-AM-2.webp?resize=350%2C200&ssl=1 1x, https:\/\/i0.wp.com\/lasprimeras.com.do\/wp-content\/uploads\/2023\/10\/WhatsApp-Image-2023-10-03-at-10.20.05-AM-2.webp?resize=525%2C300&ssl=1 1.5x, https:\/\/i0.wp.com\/lasprimeras.com.do\/wp-content\/uploads\/2023\/10\/WhatsApp-Image-2023-10-03-at-10.20.05-AM-2.webp?resize=700%2C400&ssl=1 2x"},"classes":[]},{"id":65199,"url":"https:\/\/lasprimeras.com.do\/index.php\/2023\/10\/26\/senen-caba-es-ingresado-en-uci-por-problemas-coronarios-pero-esta-estable\/","url_meta":{"origin":59442,"position":5},"title":"Sen\u00e9n Caba es ingresado en UCI por problemas coronarios, pero est\u00e1 estable","author":"Nelson Feliz","date":"26 de octubre de 2023","format":false,"excerpt":"El gremialista se mantiene en UCI por asuntos protocolares y las visitas est\u00e1n restringidas. El presidente del Colegio M\u00e9dico Dominicano (CMD) doctor Rufino Sen\u00e9n Caba est\u00e1 recluido en la Unidad de Cuidados Intensivos de Cedimat, tras presentar presento S\u00edndrome Coronario Agudo (SCA). El reconocido m\u00e9dico fue sometido a un cateterismo,\u2026","rel":"","context":"En \u00abPORTADA\u00bb","block_context":{"text":"PORTADA","link":"https:\/\/lasprimeras.com.do\/index.php\/category\/portada\/"},"img":{"alt_text":"RUFINO SENEN CABA","src":"https:\/\/i0.wp.com\/lasprimeras.com.do\/wp-content\/uploads\/2023\/10\/RUFINO-SENEN-CABA.jpeg?resize=350%2C200&ssl=1","width":350,"height":200,"srcset":"https:\/\/i0.wp.com\/lasprimeras.com.do\/wp-content\/uploads\/2023\/10\/RUFINO-SENEN-CABA.jpeg?resize=350%2C200&ssl=1 1x, https:\/\/i0.wp.com\/lasprimeras.com.do\/wp-content\/uploads\/2023\/10\/RUFINO-SENEN-CABA.jpeg?resize=525%2C300&ssl=1 1.5x, https:\/\/i0.wp.com\/lasprimeras.com.do\/wp-content\/uploads\/2023\/10\/RUFINO-SENEN-CABA.jpeg?resize=700%2C400&ssl=1 2x"},"classes":[]}],"jetpack_sharing_enabled":true,"_links":{"self":[{"href":"https:\/\/lasprimeras.com.do\/index.php\/wp-json\/wp\/v2\/posts\/59442","targetHints":{"allow":["GET"]}}],"collection":[{"href":"https:\/\/lasprimeras.com.do\/index.php\/wp-json\/wp\/v2\/posts"}],"about":[{"href":"https:\/\/lasprimeras.com.do\/index.php\/wp-json\/wp\/v2\/types\/post"}],"author":[{"embeddable":true,"href":"https:\/\/lasprimeras.com.do\/index.php\/wp-json\/wp\/v2\/users\/2"}],"replies":[{"embeddable":true,"href":"https:\/\/lasprimeras.com.do\/index.php\/wp-json\/wp\/v2\/comments?post=59442"}],"version-history":[{"count":1,"href":"https:\/\/lasprimeras.com.do\/index.php\/wp-json\/wp\/v2\/posts\/59442\/revisions"}],"predecessor-version":[{"id":59444,"href":"https:\/\/lasprimeras.com.do\/index.php\/wp-json\/wp\/v2\/posts\/59442\/revisions\/59444"}],"wp:featuredmedia":[{"embeddable":true,"href":"https:\/\/lasprimeras.com.do\/index.php\/wp-json\/wp\/v2\/media\/59443"}],"wp:attachment":[{"href":"https:\/\/lasprimeras.com.do\/index.php\/wp-json\/wp\/v2\/media?parent=59442"}],"wp:term":[{"taxonomy":"category","embeddable":true,"href":"https:\/\/lasprimeras.com.do\/index.php\/wp-json\/wp\/v2\/categories?post=59442"},{"taxonomy":"post_tag","embeddable":true,"href":"https:\/\/lasprimeras.com.do\/index.php\/wp-json\/wp\/v2\/tags?post=59442"}],"curies":[{"name":"wp","href":"https:\/\/api.w.org\/{rel}","templated":true}]}}