{"id":59451,"date":"2023-09-04T12:13:56","date_gmt":"2023-09-04T16:13:56","guid":{"rendered":"https:\/\/lasprimeras.com.do\/?p=59451"},"modified":"2023-09-04T12:13:58","modified_gmt":"2023-09-04T16:13:58","slug":"coe-emite-alerta-verde-para-5-provincias-por-incidencia-de-onda-tropical","status":"publish","type":"post","link":"https:\/\/lasprimeras.com.do\/index.php\/2023\/09\/04\/coe-emite-alerta-verde-para-5-provincias-por-incidencia-de-onda-tropical\/","title":{"rendered":"COE emite alerta verde para 5 provincias por incidencia de onda tropical"},"content":{"rendered":"\n<p>El Centro de Operaciones de Energ\u00eda (COE) coloca en alerta verde a cinco provincias por posibles crecidas de r\u00edos, arroyos y ca\u00f1adas debido a la incidencia de aguaceros generados por una vaguada y onda tropical sobre el territorio nacional.<\/p>\n\n\n\n<p>Las provincias bajo alerta son el Distrito Nacional, Santo Domingo, La Romana, La Altagracia y San Pedro de Macoris.<\/p>\n\n\n\n<p>Ante la influencia de los aguaceros, el COE recomienda a las personas abstenerse de cruzar r\u00edos, arroyos y ca\u00f1adas presenten alto volumen de agua y no hacer uso de balnearios (r\u00edos), en provincias bajo alerta.<\/p>\n\n\n\n<p>Se estima que los aguaceros se prolonguen a lo largo del d\u00eda hasta entrada la noche, acompa\u00f1ados de r\u00e1fagas de viento y fuerte tronadas.<\/p>\n\n\n\n<p>Para ma\u00f1ana martes, la vaguada favorecer\u00e1 para la ocurrencia de aguaceros moderados a fuertes<\/p>\n\n\n\n<p>Pron\u00f3stico local<\/p>\n\n\n\n<p>En cuanto a las temperaturas en el Gran Santo Domingo, oscilar\u00e1n entre 28\u202f\u00b0C y 30\u202f\u00b0C, en cambio, la m\u00ednima se mantendr\u00e1 entre los 23\u202f\u00b0C y 25\u202f\u00b0C.<\/p>\n","protected":false},"excerpt":{"rendered":"<p>El Centro de Operaciones de Energ\u00eda (COE) coloca en alerta verde a cinco provincias por posibles crecidas de r\u00edos, arroyos y ca\u00f1adas debido a la incidencia de aguaceros generados por&hellip;<\/p>\n","protected":false},"author":2,"featured_media":58182,"comment_status":"open","ping_status":"open","sticky":false,"template":"","format":"standard","meta":{"content-type":"","jetpack_post_was_ever_published":false,"_jetpack_newsletter_access":"","_jetpack_dont_email_post_to_subs":false,"_jetpack_newsletter_tier_id":0,"_jetpack_memberships_contains_paywalled_content":false,"_jetpack_memberships_contains_paid_content":false,"footnotes":""},"categories":[35,25],"tags":[5931,2266,7074,4892],"class_list":["post-59451","post","type-post","status-publish","format-standard","has-post-thumbnail","hentry","category-nacionales","category-portada","tag-alerta-verde","tag-coe","tag-incidencia","tag-onda-tropical"],"jetpack_featured_media_url":"https:\/\/lasprimeras.com.do\/wp-content\/uploads\/2023\/08\/coe.jpg","jetpack-related-posts":[{"id":57002,"url":"https:\/\/lasprimeras.com.do\/index.php\/2023\/08\/07\/coe-aumenta-a-nueve-provincias-en-alerta-verde-por-vaguada-y-onda-tropical\/","url_meta":{"origin":59451,"position":0},"title":"COE aumenta a nueve provincias en alerta verde por vaguada y onda tropical","author":"Nelson Feliz","date":"7 de agosto de 2023","format":false,"excerpt":"Las autoridades agregaron a Santiago, La Vega y Monse\u00f1or Nouel. El Centro de Operaciones de Emergencia (COE) aument\u00f3 a nueve la cantidad de provincias en alerta verde por posibles crecidas de r\u00edos, arroyos y ca\u00f1adas, as\u00ed como inundaciones, debido a la incidencia de una vaguada y una onda tropical. Las\u2026","rel":"","context":"En \u00abNACIONALES\u00bb","block_context":{"text":"NACIONALES","link":"https:\/\/lasprimeras.com.do\/index.php\/category\/nacionales\/"},"img":{"alt_text":"","src":"https:\/\/i0.wp.com\/lasprimeras.com.do\/wp-content\/uploads\/2023\/07\/lluvias-1.jpg?resize=350%2C200&ssl=1","width":350,"height":200,"srcset":"https:\/\/i0.wp.com\/lasprimeras.com.do\/wp-content\/uploads\/2023\/07\/lluvias-1.jpg?resize=350%2C200&ssl=1 1x, https:\/\/i0.wp.com\/lasprimeras.com.do\/wp-content\/uploads\/2023\/07\/lluvias-1.jpg?resize=525%2C300&ssl=1 1.5x"},"classes":[]},{"id":109533,"url":"https:\/\/lasprimeras.com.do\/index.php\/2025\/09\/18\/el-coe-eleva-a-ocho-las-provincias-en-alerta-verde-por-lluvias-asociadas-a-vaguada-y-onda-tropical\/","url_meta":{"origin":59451,"position":1},"title":"El COE eleva a ocho las provincias en alerta verde por lluvias asociadas a vaguada y onda tropical","author":"Nelson Feliz","date":"18 de septiembre de 2025","format":false,"excerpt":"El Centro de Operaciones de Emergencias (COE) elev\u00f3 a ocho el n\u00famero de provincias en alerta verde, debido a la incidencia de una onda tropical localizada sobre Hait\u00ed, la cual, en combinaci\u00f3n con una vaguada, est\u00e1 provocando lluvias sobre el territorio nacional. Las provincias bajo alerta verde son: La Altagracia,\u2026","rel":"","context":"En \u00abCLIMA\u00bb","block_context":{"text":"CLIMA","link":"https:\/\/lasprimeras.com.do\/index.php\/category\/clima\/"},"img":{"alt_text":"","src":"https:\/\/i0.wp.com\/lasprimeras.com.do\/wp-content\/uploads\/2025\/09\/alerta.jpeg?resize=350%2C200&ssl=1","width":350,"height":200,"srcset":"https:\/\/i0.wp.com\/lasprimeras.com.do\/wp-content\/uploads\/2025\/09\/alerta.jpeg?resize=350%2C200&ssl=1 1x, https:\/\/i0.wp.com\/lasprimeras.com.do\/wp-content\/uploads\/2025\/09\/alerta.jpeg?resize=525%2C300&ssl=1 1.5x, https:\/\/i0.wp.com\/lasprimeras.com.do\/wp-content\/uploads\/2025\/09\/alerta.jpeg?resize=700%2C400&ssl=1 2x"},"classes":[]},{"id":110099,"url":"https:\/\/lasprimeras.com.do\/index.php\/2025\/09\/25\/coe-pone-9-provincias-en-alerta-amarilla-y-7-en-verde-por-lluvias-de-onda-tropical-y-vaguada\/","url_meta":{"origin":59451,"position":2},"title":"COE pone 9 provincias en alerta amarilla y 7 en verde por lluvias de onda tropical y vaguada","author":"Nelson Feliz","date":"25 de septiembre de 2025","format":false,"excerpt":"El Centro de Operaciones de Emergencias (COE) ampli\u00f3 a 16 las provincias en alerta por la incidencia activa de una onda tropical y una vaguada en varios niveles de la troposfera. En ese sentido, nueve provincias se encuentran en alerta amarilla, siendo estas el Gran Santo Domingo, Mar\u00eda Trinidad S\u00e1nchez,\u2026","rel":"","context":"En \u00abCLIMA\u00bb","block_context":{"text":"CLIMA","link":"https:\/\/lasprimeras.com.do\/index.php\/category\/clima\/"},"img":{"alt_text":"","src":"https:\/\/i0.wp.com\/lasprimeras.com.do\/wp-content\/uploads\/2025\/09\/coe.jpeg?resize=350%2C200&ssl=1","width":350,"height":200,"srcset":"https:\/\/i0.wp.com\/lasprimeras.com.do\/wp-content\/uploads\/2025\/09\/coe.jpeg?resize=350%2C200&ssl=1 1x, https:\/\/i0.wp.com\/lasprimeras.com.do\/wp-content\/uploads\/2025\/09\/coe.jpeg?resize=525%2C300&ssl=1 1.5x, https:\/\/i0.wp.com\/lasprimeras.com.do\/wp-content\/uploads\/2025\/09\/coe.jpeg?resize=700%2C400&ssl=1 2x"},"classes":[]},{"id":90566,"url":"https:\/\/lasprimeras.com.do\/index.php\/2024\/10\/24\/coe-aumenta-a-cinco-las-provincias-en-alerta-amarilla-por-vaguada-y-onda-tropical\/","url_meta":{"origin":59451,"position":3},"title":"COE aumenta a cinco las provincias en alerta amarilla por vaguada y onda tropical","author":"Nelson Feliz","date":"24 de octubre de 2024","format":false,"excerpt":"El Centro de Operaciones de Emergencias (COE) aument\u00f3 a cinco las provincias en alerta amarilla debido a la incidencia de una vaguada y una onda tropical, que han generado incrementos nubosos acompa\u00f1ados de aguaceros en gran parte del pa\u00eds. Actualmente, el Distrito Nacional y seis provincias est\u00e1n en alerta verde.\u2026","rel":"","context":"En \u00abNACIONALES\u00bb","block_context":{"text":"NACIONALES","link":"https:\/\/lasprimeras.com.do\/index.php\/category\/nacionales\/"},"img":{"alt_text":"","src":"https:\/\/i0.wp.com\/lasprimeras.com.do\/wp-content\/uploads\/2024\/10\/coe-1.jpg?resize=350%2C200&ssl=1","width":350,"height":200},"classes":[]},{"id":110232,"url":"https:\/\/lasprimeras.com.do\/index.php\/2025\/09\/26\/coe-eleva-a-29-las-provincias-en-alerta-por-onda-tropical-y-vaguada-la-sigue-capital-en-alerta-roja\/","url_meta":{"origin":59451,"position":4},"title":"COE eleva a 29 las provincias en alerta por onda tropical y vaguada; la sigue capital en alerta roja","author":"Nelson Feliz","date":"26 de septiembre de 2025","format":false,"excerpt":"El organismo mantiene en alerta roja al Gran Santo Domingo y a cuatro provincias. El Centro de Operaciones de Emergencias (COE) aument\u00f3 este viernes el n\u00famero de provincias en alerta, debido a los efectos de un amplio campo nuboso asociado a una activa onda tropical, cuyo eje se encuentra actualmente\u2026","rel":"","context":"En \u00abCLIMA\u00bb","block_context":{"text":"CLIMA","link":"https:\/\/lasprimeras.com.do\/index.php\/category\/clima\/"},"img":{"alt_text":"","src":"https:\/\/i0.wp.com\/lasprimeras.com.do\/wp-content\/uploads\/2025\/09\/Mapa-de-las-alertas-emitido-por-el-COE-la-manana-de-este-viernes.jpg?resize=350%2C200&ssl=1","width":350,"height":200,"srcset":"https:\/\/i0.wp.com\/lasprimeras.com.do\/wp-content\/uploads\/2025\/09\/Mapa-de-las-alertas-emitido-por-el-COE-la-manana-de-este-viernes.jpg?resize=350%2C200&ssl=1 1x, https:\/\/i0.wp.com\/lasprimeras.com.do\/wp-content\/uploads\/2025\/09\/Mapa-de-las-alertas-emitido-por-el-COE-la-manana-de-este-viernes.jpg?resize=525%2C300&ssl=1 1.5x, https:\/\/i0.wp.com\/lasprimeras.com.do\/wp-content\/uploads\/2025\/09\/Mapa-de-las-alertas-emitido-por-el-COE-la-manana-de-este-viernes.jpg?resize=700%2C400&ssl=1 2x"},"classes":[]},{"id":110174,"url":"https:\/\/lasprimeras.com.do\/index.php\/2025\/09\/26\/coe-declara-alerta-roja-en-santo-domingo-distrito-nacional-y-tres-provincias-por-onda-tropical\/","url_meta":{"origin":59451,"position":5},"title":"COE declara alerta roja en Santo Domingo, Distrito Nacional y tres provincias por onda tropical","author":"Nelson Feliz","date":"26 de septiembre de 2025","format":false,"excerpt":"La Direcci\u00f3n del Centro de Operaciones de Emergencias (COE) coloc\u00f3 este viernes a cuatro provincias y al Distrito Nacional en alerta roja, mientras mantiene nueve en amarilla y cinco en verde, debido a la incidencia de una activa onda tropical combinada con una vaguada en altura, que contin\u00faa generando aguaceros\u2026","rel":"","context":"En \u00abCLIMA\u00bb","block_context":{"text":"CLIMA","link":"https:\/\/lasprimeras.com.do\/index.php\/category\/clima\/"},"img":{"alt_text":"","src":"https:\/\/i0.wp.com\/lasprimeras.com.do\/wp-content\/uploads\/2025\/09\/COE.jpg?resize=350%2C200&ssl=1","width":350,"height":200},"classes":[]}],"jetpack_sharing_enabled":true,"_links":{"self":[{"href":"https:\/\/lasprimeras.com.do\/index.php\/wp-json\/wp\/v2\/posts\/59451","targetHints":{"allow":["GET"]}}],"collection":[{"href":"https:\/\/lasprimeras.com.do\/index.php\/wp-json\/wp\/v2\/posts"}],"about":[{"href":"https:\/\/lasprimeras.com.do\/index.php\/wp-json\/wp\/v2\/types\/post"}],"author":[{"embeddable":true,"href":"https:\/\/lasprimeras.com.do\/index.php\/wp-json\/wp\/v2\/users\/2"}],"replies":[{"embeddable":true,"href":"https:\/\/lasprimeras.com.do\/index.php\/wp-json\/wp\/v2\/comments?post=59451"}],"version-history":[{"count":1,"href":"https:\/\/lasprimeras.com.do\/index.php\/wp-json\/wp\/v2\/posts\/59451\/revisions"}],"predecessor-version":[{"id":59452,"href":"https:\/\/lasprimeras.com.do\/index.php\/wp-json\/wp\/v2\/posts\/59451\/revisions\/59452"}],"wp:featuredmedia":[{"embeddable":true,"href":"https:\/\/lasprimeras.com.do\/index.php\/wp-json\/wp\/v2\/media\/58182"}],"wp:attachment":[{"href":"https:\/\/lasprimeras.com.do\/index.php\/wp-json\/wp\/v2\/media?parent=59451"}],"wp:term":[{"taxonomy":"category","embeddable":true,"href":"https:\/\/lasprimeras.com.do\/index.php\/wp-json\/wp\/v2\/categories?post=59451"},{"taxonomy":"post_tag","embeddable":true,"href":"https:\/\/lasprimeras.com.do\/index.php\/wp-json\/wp\/v2\/tags?post=59451"}],"curies":[{"name":"wp","href":"https:\/\/api.w.org\/{rel}","templated":true}]}}