{"id":59453,"date":"2023-09-04T12:26:15","date_gmt":"2023-09-04T16:26:15","guid":{"rendered":"https:\/\/lasprimeras.com.do\/?p=59453"},"modified":"2023-09-04T12:26:17","modified_gmt":"2023-09-04T16:26:17","slug":"matan-a-un-ganadero-a-su-esposa-a-un-hijo-y-a-otra-persona-en-partido-dajabon","status":"publish","type":"post","link":"https:\/\/lasprimeras.com.do\/index.php\/2023\/09\/04\/matan-a-un-ganadero-a-su-esposa-a-un-hijo-y-a-otra-persona-en-partido-dajabon\/","title":{"rendered":"Matan a un ganadero, a su esposa, a un hijo y a otra persona en Partido, Dajab\u00f3n"},"content":{"rendered":"\n<p>Hay una cuarta persona herida de gravedad, segun datos preliminares.<\/p>\n\n\n\n<p>Un ganadero, su esposa, un hijo y otra persona fueron ultimados la madrugada de este lunes, y una quinta persona result\u00f3 herida de gravedad, en la localidad Aminilla, en La Barrera, en el municipio de Partido, provincia Dajab\u00f3n.<\/p>\n\n\n\n<p>Se trata del ganadero conocido como Papito Medina. Los nombres de su esposa, su hijo y la otra persona fallecida no han sido revelados. Los cuerpos fueron hallados en un charco de sangres.<\/p>\n\n\n\n<p>Hay una cuarta persona herida de gravedad, segun datos preliminares.<\/p>\n\n\n\n<p><strong>Identifican a tres de las v\u00edctimas<\/strong><\/p>\n\n\n\n<p>A primeras horas de este lunes un confuso incidente se produjo en Dajab\u00f3n, espec\u00edficamente en el municipio El Partido, donde resultaron cuatro personas muertas y una herida.<\/p>\n\n\n\n<p>Seg\u00fan informes preliminares, tres haitianos habr\u00edan sido los homicidas.<\/p>\n\n\n\n<p>Los fallecidos son Ram\u00f3n Eugenio Medina (Papito), de 60 a\u00f1os, su esposa Carmelina Antonio Cabreja Ramos, de 49 a\u00f1os y su hijo Daniel Medina Cabreja, de 19.<\/p>\n\n\n\n<p>Miembros del cuerpo del orden persiguen a tres haitianos, los cuales han sido se\u00f1alados como los autores del crimen.<\/p>\n\n\n\n<p>Sin embargo, los agentes no revelado la identidad de los presuntos culpables.<\/p>\n\n\n\n<p>Los representantes del Ministerio P\u00fablico contin\u00faan amplificando las investigaciones para esclarecer el hecho.<\/p>\n","protected":false},"excerpt":{"rendered":"<p>Hay una cuarta persona herida de gravedad, segun datos preliminares. Un ganadero, su esposa, un hijo y otra persona fueron ultimados la madrugada de este lunes, y una quinta persona&hellip;<\/p>\n","protected":false},"author":2,"featured_media":59454,"comment_status":"open","ping_status":"open","sticky":false,"template":"","format":"standard","meta":{"content-type":"","jetpack_post_was_ever_published":false,"_jetpack_newsletter_access":"","_jetpack_dont_email_post_to_subs":false,"_jetpack_newsletter_tier_id":0,"_jetpack_memberships_contains_paywalled_content":false,"_jetpack_memberships_contains_paid_content":false,"footnotes":""},"categories":[35,25],"tags":[1814,401,7075,439,2823,694],"class_list":["post-59453","post","type-post","status-publish","format-standard","has-post-thumbnail","hentry","category-nacionales","category-portada","tag-dajabon","tag-esposa","tag-ganadero","tag-hijo","tag-matan","tag-partido"],"jetpack_featured_media_url":"https:\/\/lasprimeras.com.do\/wp-content\/uploads\/2023\/09\/muertos.jpeg","jetpack-related-posts":[{"id":59473,"url":"https:\/\/lasprimeras.com.do\/index.php\/2023\/09\/04\/abinader-informa-tienen-cercado-a-uno-de-los-que-mataron-a-una-familia-en-dajabon\/","url_meta":{"origin":59453,"position":0},"title":"Abinader informa tienen cercado a uno de los que mataron a una familia en Dajab\u00f3n","author":"Nelson Feliz","date":"4 de septiembre de 2023","format":false,"excerpt":"El presidente Luis Abinader se refiri\u00f3 este lunes al homicidio de cuatro personas en una comunidad de Dajab\u00f3n, un hecho perpetrado, supuestamente, por ciudadanos haitianos. Las v\u00edctimas son un hombre, su esposa, su hijo y uno todav\u00eda no identificado. El mandatario dijo que de los tres que participaron en el\u2026","rel":"","context":"En \u00abNACIONALES\u00bb","block_context":{"text":"NACIONALES","link":"https:\/\/lasprimeras.com.do\/index.php\/category\/nacionales\/"},"img":{"alt_text":"Luis Abinader","src":"https:\/\/i0.wp.com\/lasprimeras.com.do\/wp-content\/uploads\/2023\/09\/Luis-Abinader-5.jpg?resize=350%2C200&ssl=1","width":350,"height":200,"srcset":"https:\/\/i0.wp.com\/lasprimeras.com.do\/wp-content\/uploads\/2023\/09\/Luis-Abinader-5.jpg?resize=350%2C200&ssl=1 1x, https:\/\/i0.wp.com\/lasprimeras.com.do\/wp-content\/uploads\/2023\/09\/Luis-Abinader-5.jpg?resize=525%2C300&ssl=1 1.5x, https:\/\/i0.wp.com\/lasprimeras.com.do\/wp-content\/uploads\/2023\/09\/Luis-Abinader-5.jpg?resize=700%2C400&ssl=1 2x"},"classes":[]},{"id":100541,"url":"https:\/\/lasprimeras.com.do\/index.php\/2025\/06\/08\/entregan-ganado-recuperado-a-sus-propietarios-en-dajabon-tras-reunion-con-autoridades-haitianas\/","url_meta":{"origin":59453,"position":1},"title":"Entregan ganado recuperado a sus propietarios en Dajab\u00f3n tras reuni\u00f3n con autoridades haitianas","author":"Nelson Feliz","date":"8 de junio de 2025","format":false,"excerpt":"Las vacas hab\u00edan sido robadas y llevadas hacia Hait\u00ed Luego de una reuni\u00f3n sostenida con autoridades haitianas en la provincia de Dajab\u00f3n y en coordinaci\u00f3n con el Ej\u00e9rcito de Rep\u00fablica Dominicana, fueron entregadas a sus propietarios, dos de cinco reses que hab\u00edan sido sustra\u00eddas de una parcela el 13 de\u2026","rel":"","context":"En \u00abMILITARES\u00bb","block_context":{"text":"MILITARES","link":"https:\/\/lasprimeras.com.do\/index.php\/category\/militares\/"},"img":{"alt_text":"","src":"https:\/\/i0.wp.com\/lasprimeras.com.do\/wp-content\/uploads\/2025\/06\/VACAS-HAITIANOS.jpg?resize=350%2C200&ssl=1","width":350,"height":200,"srcset":"https:\/\/i0.wp.com\/lasprimeras.com.do\/wp-content\/uploads\/2025\/06\/VACAS-HAITIANOS.jpg?resize=350%2C200&ssl=1 1x, https:\/\/i0.wp.com\/lasprimeras.com.do\/wp-content\/uploads\/2025\/06\/VACAS-HAITIANOS.jpg?resize=525%2C300&ssl=1 1.5x, https:\/\/i0.wp.com\/lasprimeras.com.do\/wp-content\/uploads\/2025\/06\/VACAS-HAITIANOS.jpg?resize=700%2C400&ssl=1 2x"},"classes":[]},{"id":102862,"url":"https:\/\/lasprimeras.com.do\/index.php\/2025\/07\/09\/haitiano-hiere-de-varios-machetazos-a-compatriota-por-supuesta-deuda-en-dajabon\/","url_meta":{"origin":59453,"position":2},"title":"Haitiano hiere de varios machetazos a compatriota por supuesta deuda en Dajab\u00f3n","author":"Nelson Feliz","date":"9 de julio de 2025","format":false,"excerpt":"Por: Luis Cruz Jr. Un extranjero haitiano indocumentado hiri\u00f3 de varios machetazos a un compatriota, al producirse un conflicto por una supuesta deuda econ\u00f3mica, en la comunidad de La Pi\u00f1a, perteneciente al municipio de Partido, Dajab\u00f3n. El agredido fue identificado por las autoridades como el haitiano indocumentado Jhon Batelier, el\u2026","rel":"","context":"En \u00abNACIONALES\u00bb","block_context":{"text":"NACIONALES","link":"https:\/\/lasprimeras.com.do\/index.php\/category\/nacionales\/"},"img":{"alt_text":"","src":"https:\/\/i0.wp.com\/lasprimeras.com.do\/wp-content\/uploads\/2025\/07\/tifu.jpg?resize=350%2C200&ssl=1","width":350,"height":200,"srcset":"https:\/\/i0.wp.com\/lasprimeras.com.do\/wp-content\/uploads\/2025\/07\/tifu.jpg?resize=350%2C200&ssl=1 1x, https:\/\/i0.wp.com\/lasprimeras.com.do\/wp-content\/uploads\/2025\/07\/tifu.jpg?resize=525%2C300&ssl=1 1.5x, https:\/\/i0.wp.com\/lasprimeras.com.do\/wp-content\/uploads\/2025\/07\/tifu.jpg?resize=700%2C400&ssl=1 2x"},"classes":[]},{"id":110949,"url":"https:\/\/lasprimeras.com.do\/index.php\/2025\/10\/02\/hombre-en-estado-de-embriaguez-mata-a-un-vecino-y-hiere-a-otro-en-dajabon\/","url_meta":{"origin":59453,"position":3},"title":"Hombre en estado de embriaguez mata a un vecino y hiere a otro en Dajab\u00f3n","author":"Nelson Feliz","date":"2 de octubre de 2025","format":false,"excerpt":"Lo que deb\u00eda ser una madrugada tranquila termin\u00f3 convertida en una tragedia para los residentes del sector La Bomba, en la provincia Dajab\u00f3n, luego de que un hombre en estado de embriaguez atacara con un arma blanca a dos vecinos, dejando como saldo un fallecido y otro gravemente herido. La\u2026","rel":"","context":"En \u00abNACIONALES\u00bb","block_context":{"text":"NACIONALES","link":"https:\/\/lasprimeras.com.do\/index.php\/category\/nacionales\/"},"img":{"alt_text":"","src":"","width":0,"height":0},"classes":[]},{"id":59552,"url":"https:\/\/lasprimeras.com.do\/index.php\/2023\/09\/05\/cuerpos-de-las-victimas-del-cuadruple-crimen-de-dajabon-permanecen-en-el-inacif-de-santiago\/","url_meta":{"origin":59453,"position":4},"title":"Cuerpos de las v\u00edctimas del cu\u00e1druple crimen de Dajab\u00f3n permanecen en el Inacif de Santiago","author":"Nelson Feliz","date":"5 de septiembre de 2023","format":false,"excerpt":"Permanecen desde ayer en el Instituto Nacional de Ciencias Forenses (Inacif) del cementerio de El Ingenio, en Santiago, los cuerpos de las v\u00edctimas del cu\u00e1druple crimen de la comunidad rural Barrera de Aminilla, en la provincia de Dajab\u00f3n. Familiares y allegados de los hoy occisos est\u00e1n en el lugar esperando\u2026","rel":"","context":"En \u00abNACIONALES\u00bb","block_context":{"text":"NACIONALES","link":"https:\/\/lasprimeras.com.do\/index.php\/category\/nacionales\/"},"img":{"alt_text":"","src":"https:\/\/i0.wp.com\/lasprimeras.com.do\/wp-content\/uploads\/2023\/09\/cuerpos-de-las-victimas-del-cuadruple-crimen-de-dajabon-permanecen-en-el-inacif-de-santiago.jpg?resize=350%2C200&ssl=1","width":350,"height":200,"srcset":"https:\/\/i0.wp.com\/lasprimeras.com.do\/wp-content\/uploads\/2023\/09\/cuerpos-de-las-victimas-del-cuadruple-crimen-de-dajabon-permanecen-en-el-inacif-de-santiago.jpg?resize=350%2C200&ssl=1 1x, https:\/\/i0.wp.com\/lasprimeras.com.do\/wp-content\/uploads\/2023\/09\/cuerpos-de-las-victimas-del-cuadruple-crimen-de-dajabon-permanecen-en-el-inacif-de-santiago.jpg?resize=525%2C300&ssl=1 1.5x"},"classes":[]},{"id":81205,"url":"https:\/\/lasprimeras.com.do\/index.php\/2024\/04\/18\/diputado-jesus-ogando-dice-ningun-gobierno-ha-invertido-dajabon\/","url_meta":{"origin":59453,"position":5},"title":"Diputado Jes\u00fas Ogando, dice ning\u00fan gobierno ha invertido Dajab\u00f3n","author":"BIMARY DE JES\u00daS Matos","date":"18 de abril de 2024","format":false,"excerpt":"Dajab\u00f3n.-Jes\u00fas Ogando, diputado del Partido Revolucionario Moderno (PRM), intervino en la C\u00e1mara de Diputados para compartir sus impresiones tras una visita a la provincia de Dajab\u00f3n. Durante su estancia, constat\u00f3 que la regi\u00f3n, lejos de ser un lugar inhabitable, es segura y ha recibido una significativa inversi\u00f3n gubernamental. El congresista\u2026","rel":"","context":"En \u00abSin categor\u00eda\u00bb","block_context":{"text":"Sin categor\u00eda","link":"https:\/\/lasprimeras.com.do\/index.php\/category\/sin-categoria\/"},"img":{"alt_text":"","src":"https:\/\/i0.wp.com\/lasprimeras.com.do\/wp-content\/uploads\/2024\/04\/WhatsApp-Image-2024-04-18-at-10.07.37-AM-1.jpeg?resize=350%2C200&ssl=1","width":350,"height":200,"srcset":"https:\/\/i0.wp.com\/lasprimeras.com.do\/wp-content\/uploads\/2024\/04\/WhatsApp-Image-2024-04-18-at-10.07.37-AM-1.jpeg?resize=350%2C200&ssl=1 1x, https:\/\/i0.wp.com\/lasprimeras.com.do\/wp-content\/uploads\/2024\/04\/WhatsApp-Image-2024-04-18-at-10.07.37-AM-1.jpeg?resize=525%2C300&ssl=1 1.5x, https:\/\/i0.wp.com\/lasprimeras.com.do\/wp-content\/uploads\/2024\/04\/WhatsApp-Image-2024-04-18-at-10.07.37-AM-1.jpeg?resize=700%2C400&ssl=1 2x, https:\/\/i0.wp.com\/lasprimeras.com.do\/wp-content\/uploads\/2024\/04\/WhatsApp-Image-2024-04-18-at-10.07.37-AM-1.jpeg?resize=1050%2C600&ssl=1 3x, https:\/\/i0.wp.com\/lasprimeras.com.do\/wp-content\/uploads\/2024\/04\/WhatsApp-Image-2024-04-18-at-10.07.37-AM-1.jpeg?resize=1400%2C800&ssl=1 4x"},"classes":[]}],"jetpack_sharing_enabled":true,"_links":{"self":[{"href":"https:\/\/lasprimeras.com.do\/index.php\/wp-json\/wp\/v2\/posts\/59453","targetHints":{"allow":["GET"]}}],"collection":[{"href":"https:\/\/lasprimeras.com.do\/index.php\/wp-json\/wp\/v2\/posts"}],"about":[{"href":"https:\/\/lasprimeras.com.do\/index.php\/wp-json\/wp\/v2\/types\/post"}],"author":[{"embeddable":true,"href":"https:\/\/lasprimeras.com.do\/index.php\/wp-json\/wp\/v2\/users\/2"}],"replies":[{"embeddable":true,"href":"https:\/\/lasprimeras.com.do\/index.php\/wp-json\/wp\/v2\/comments?post=59453"}],"version-history":[{"count":1,"href":"https:\/\/lasprimeras.com.do\/index.php\/wp-json\/wp\/v2\/posts\/59453\/revisions"}],"predecessor-version":[{"id":59455,"href":"https:\/\/lasprimeras.com.do\/index.php\/wp-json\/wp\/v2\/posts\/59453\/revisions\/59455"}],"wp:featuredmedia":[{"embeddable":true,"href":"https:\/\/lasprimeras.com.do\/index.php\/wp-json\/wp\/v2\/media\/59454"}],"wp:attachment":[{"href":"https:\/\/lasprimeras.com.do\/index.php\/wp-json\/wp\/v2\/media?parent=59453"}],"wp:term":[{"taxonomy":"category","embeddable":true,"href":"https:\/\/lasprimeras.com.do\/index.php\/wp-json\/wp\/v2\/categories?post=59453"},{"taxonomy":"post_tag","embeddable":true,"href":"https:\/\/lasprimeras.com.do\/index.php\/wp-json\/wp\/v2\/tags?post=59453"}],"curies":[{"name":"wp","href":"https:\/\/api.w.org\/{rel}","templated":true}]}}