{"id":59459,"date":"2023-09-04T12:50:50","date_gmt":"2023-09-04T16:50:50","guid":{"rendered":"https:\/\/lasprimeras.com.do\/?p=59459"},"modified":"2023-09-04T12:50:51","modified_gmt":"2023-09-04T16:50:51","slug":"leonel-reitera-que-el-gobierno-del-cambio-es-neveras-vacias-estufas-apaga-y-en-la-mesa-na-de-na","status":"publish","type":"post","link":"https:\/\/lasprimeras.com.do\/index.php\/2023\/09\/04\/leonel-reitera-que-el-gobierno-del-cambio-es-neveras-vacias-estufas-apaga-y-en-la-mesa-na-de-na\/","title":{"rendered":"Leonel reitera que el gobierno del &#8220;cambio&#8221; es neveras vac\u00edas, estufas apaga\u2019 y en la mesa, \u201cna de na\u201d"},"content":{"rendered":"\n<p>El precandidato a la Presidencia de la Rep\u00fablica por el partido Fuerza del Pueblo, Leonel Fern\u00e1ndez, reiter\u00f3 en Valverde, Mao que el gobierno de Luis Abinader, \u201cha significado las neveras vac\u00edas, las estufas apaga\u2019 y, en la mesa na&#8217; de na\u201d.<\/p>\n\n\n\n<p>Leonel Fern\u00e1ndez asegur\u00f3 que: \u201cLo esencial para un pueblo es el derecho a la alimentaci\u00f3n\u201d, sin embargo, el actual gobierno de Abinader no ha garantizado este derecho.<\/p>\n\n\n\n<p>El l\u00edder opositor dijo que los altos \u00edndices inflacionarios de los art\u00edculos alimenticios ha provocado que los pobres sean m\u00e1s pobres, la clase media se tambalee y, los m\u00e1s pudientes se empobrezcan.<\/p>\n\n\n\n<p>En otro orden de ideas, el precandidato presidencial dijo que este gobierno ha priorizado las importaciones, en perjuicio de los productores locales, autorizando la entrada de productos terminados. 5,200 millones de d\u00f3lares importados, no permitiendo a los productores locales obtener riquezas en beneficio del pueblo dominicano interviniendo en este proceso de comercializaci\u00f3n.<\/p>\n\n\n\n<p>Fern\u00e1ndez indic\u00f3 que las importaciones son un premio a los ricos comerciantes importadores cercanos a la c\u00fapula del gobierno, perjudicando a los productores de Valverde y otras zonas de producci\u00f3n agr\u00edcola del pa\u00eds.<\/p>\n\n\n\n<p>En lo relativo a la Fuerza del Pueblo como partido pol\u00edtico, Fern\u00e1ndez dijo que este concluy\u00f3 la etapa de su construcci\u00f3n y, que ahora se encamina a un triunfo electoral en Primera Vuelta en las elecciones presidenciales del a\u00f1o 2024.<\/p>\n\n\n\n<p>Fern\u00e1ndez habl\u00f3 en la conclusi\u00f3n de un multitudinario acto de presentaci\u00f3n de los precandidatos a puestos de elecci\u00f3n popular de la entidad pol\u00edtica que preside, ante la consideraci\u00f3n de los electores, durante el cual cay\u00f3 un torrencial aguacero que no impidi\u00f3 la presencia entusiasta de los seguidores de la Fuerza del Pueblo y aspirantes a puestos electivos.<\/p>\n","protected":false},"excerpt":{"rendered":"<p>El precandidato a la Presidencia de la Rep\u00fablica por el partido Fuerza del Pueblo, Leonel Fern\u00e1ndez, reiter\u00f3 en Valverde, Mao que el gobierno de Luis Abinader, \u201cha significado las neveras&hellip;<\/p>\n","protected":false},"author":2,"featured_media":59460,"comment_status":"open","ping_status":"open","sticky":false,"template":"","format":"standard","meta":{"content-type":"","jetpack_post_was_ever_published":false,"_jetpack_newsletter_access":"","_jetpack_dont_email_post_to_subs":false,"_jetpack_newsletter_tier_id":0,"_jetpack_memberships_contains_paywalled_content":false,"_jetpack_memberships_contains_paid_content":false,"footnotes":""},"categories":[25],"tags":[3182,7078,171,51,1431,7080,7079],"class_list":["post-59459","post","type-post","status-publish","format-standard","has-post-thumbnail","hentry","category-portada","tag-cambio","tag-estufas-apaga","tag-gobierno","tag-leonel-fernandez","tag-mesa","tag-na-de-na","tag-neveras-vacias"],"jetpack_featured_media_url":"https:\/\/lasprimeras.com.do\/wp-content\/uploads\/2023\/09\/Leonel-Fernandez-1.jpg","jetpack-related-posts":[{"id":55642,"url":"https:\/\/lasprimeras.com.do\/index.php\/2023\/07\/23\/leonel-el-gobierno-del-prm-vacio-las-neveras-y-apago-las-estufas-de-los-dominicanos\/","url_meta":{"origin":59459,"position":0},"title":"Leonel: El gobierno del PRM vaci\u00f3 las neveras y apag\u00f3 las estufas de los dominicanos","author":"Nelson Feliz","date":"23 de julio de 2023","format":false,"excerpt":"Aspirantes municipales del PRM llegan en masas a la FP El precandidato presidencial de la Fuerza del Pueblo, Leonel Fern\u00e1ndez, reiter\u00f3 las duras cr\u00edticas que mantiene contra la actual gesti\u00f3n gubernamental de encarecimiento del costo de la vida y la falta de gerencia para dirigir el pa\u00eds. Fern\u00e1ndez describi\u00f3 a\u2026","rel":"","context":"En \u00abPORTADA\u00bb","block_context":{"text":"PORTADA","link":"https:\/\/lasprimeras.com.do\/index.php\/category\/portada\/"},"img":{"alt_text":"Leonel Fernandez","src":"https:\/\/i0.wp.com\/lasprimeras.com.do\/wp-content\/uploads\/2023\/07\/Leonel-Fernandez-1.jpg?resize=350%2C200&ssl=1","width":350,"height":200,"srcset":"https:\/\/i0.wp.com\/lasprimeras.com.do\/wp-content\/uploads\/2023\/07\/Leonel-Fernandez-1.jpg?resize=350%2C200&ssl=1 1x, https:\/\/i0.wp.com\/lasprimeras.com.do\/wp-content\/uploads\/2023\/07\/Leonel-Fernandez-1.jpg?resize=525%2C300&ssl=1 1.5x, https:\/\/i0.wp.com\/lasprimeras.com.do\/wp-content\/uploads\/2023\/07\/Leonel-Fernandez-1.jpg?resize=700%2C400&ssl=1 2x"},"classes":[]},{"id":50749,"url":"https:\/\/lasprimeras.com.do\/index.php\/2023\/05\/23\/radhames-jimenez-el-pueblo-ha-bautizado-al-gobierno-del-prm-como-los-apaga-estufas\/","url_meta":{"origin":59459,"position":1},"title":"Radham\u00e9s Jim\u00e9nez: El pueblo ha bautizado al gobierno del PRM, como los apaga estufas","author":"prenxa100","date":"23 de mayo de 2023","format":false,"excerpt":"\u201cJuramenta nuevos miembros en la FP\u201d Santo Domingo.-. El vicepresidente y coordinador pol\u00edtico del partido Fuerza del Pueblo, Radham\u00e9s Jim\u00e9nez Pe\u00f1a, afirmo que el pueblo ha bautizado al PRM como \u201cel gobierno de los apaga estufas\u201d. \u00a0Jim\u00e9nez Pe\u00f1a, sostuvo que muchos dominicanos est\u00e1n pasando por situaciones dif\u00edciles, ya que no\u2026","rel":"","context":"En \u00abPORTADA\u00bb","block_context":{"text":"PORTADA","link":"https:\/\/lasprimeras.com.do\/index.php\/category\/portada\/"},"img":{"alt_text":"","src":"","width":0,"height":0},"classes":[]},{"id":122378,"url":"https:\/\/lasprimeras.com.do\/index.php\/2026\/02\/16\/leonel-a-abinader-el-problema-en-los-bolsillos-de-la-gente-no-se-resuelve-con-busquedas-en-google\/","url_meta":{"origin":59459,"position":2},"title":"Leonel a Abinader: El problema en los bolsillos de la gente no se resuelve con b\u00fasquedas en Google","author":"Nelson Feliz","date":"16 de febrero de 2026","format":false,"excerpt":"Dijo que ante los partidos de oposici\u00f3n que crecen, el gobierno reacciona con arrogancia, pero que los problemas de los dominicanos se resuelven con \u201cpol\u00edticas p\u00fablicas que garanticen bienestar, estabilidad y oportunidades para todos\u201d. El expresidente de la Rep\u00fablica y titular del Partido Fuerza del Pueblo, Leonel Fern\u00e1ndez, reaccion\u00f3 este\u2026","rel":"","context":"En \u00abPOLITICA\u00bb","block_context":{"text":"POLITICA","link":"https:\/\/lasprimeras.com.do\/index.php\/category\/politica\/"},"img":{"alt_text":"Leonel Fern\u00e1ndez","src":"https:\/\/i0.wp.com\/lasprimeras.com.do\/wp-content\/uploads\/2025\/11\/Leonel-Fernandez.jpg?resize=350%2C200&ssl=1","width":350,"height":200,"srcset":"https:\/\/i0.wp.com\/lasprimeras.com.do\/wp-content\/uploads\/2025\/11\/Leonel-Fernandez.jpg?resize=350%2C200&ssl=1 1x, https:\/\/i0.wp.com\/lasprimeras.com.do\/wp-content\/uploads\/2025\/11\/Leonel-Fernandez.jpg?resize=525%2C300&ssl=1 1.5x"},"classes":[]},{"id":116329,"url":"https:\/\/lasprimeras.com.do\/index.php\/2025\/11\/30\/leonel-fernandez-advierte-al-prm-que-recojan-sus-maletas-se-van-en-2028\/","url_meta":{"origin":59459,"position":3},"title":"Leonel Fern\u00e1ndez advierte al PRM: \u201cQue recojan sus maletas, se van en 2028\u201d","author":"Nelson Feliz","date":"30 de noviembre de 2025","format":false,"excerpt":"El expresidente Leonel Fern\u00e1ndez afirm\u00f3 este domingo que el Partido Revolucionario Moderno (PRM) debe \u201crecoger sus maletas\u201d, porque dejar\u00e1 el poder en 2028, al encabezar la denominada \u201cMarcha del Pueblo\u201d. Durante la actividad, calific\u00f3 a la actual gesti\u00f3n como \u201cinepta\u201d y asegur\u00f3 que el pa\u00eds atraviesa una crisis que \u201csolo\u2026","rel":"","context":"En \u00abPOLITICA\u00bb","block_context":{"text":"POLITICA","link":"https:\/\/lasprimeras.com.do\/index.php\/category\/politica\/"},"img":{"alt_text":"","src":"https:\/\/i0.wp.com\/lasprimeras.com.do\/wp-content\/uploads\/2025\/11\/leonel.jpg?resize=350%2C200&ssl=1","width":350,"height":200,"srcset":"https:\/\/i0.wp.com\/lasprimeras.com.do\/wp-content\/uploads\/2025\/11\/leonel.jpg?resize=350%2C200&ssl=1 1x, https:\/\/i0.wp.com\/lasprimeras.com.do\/wp-content\/uploads\/2025\/11\/leonel.jpg?resize=525%2C300&ssl=1 1.5x, https:\/\/i0.wp.com\/lasprimeras.com.do\/wp-content\/uploads\/2025\/11\/leonel.jpg?resize=700%2C400&ssl=1 2x"},"classes":[]},{"id":60571,"url":"https:\/\/lasprimeras.com.do\/index.php\/2023\/09\/15\/fp-realiza-caminata-contra-la-delincuencia-los-apagones-y-el-alto-costo-de-la-vida\/","url_meta":{"origin":59459,"position":4},"title":"FP realiza caminata contra\u00a0 la delincuencia, los apagones y el alto costo de la vida","author":"Nelson Feliz","date":"15 de septiembre de 2023","format":false,"excerpt":"La principal entidad pol\u00edtica de la oposici\u00f3n dominicana realiz\u00f3 la tarde de este viernes una multitudinaria caminata en la circunscripci\u00f3n electoral n\u00famero 1 (uno) del municipio Santo Domingo Este. Pasada la 4 de la tarde los militantes, amigos y simpatizantes del partido Fuerza del Pueblo partieron desde la avenida San\u2026","rel":"","context":"En \u00abPORTADA\u00bb","block_context":{"text":"PORTADA","link":"https:\/\/lasprimeras.com.do\/index.php\/category\/portada\/"},"img":{"alt_text":"Rub\u00e9n Maldonado","src":"https:\/\/i0.wp.com\/lasprimeras.com.do\/wp-content\/uploads\/2023\/09\/Ruben-Maldonado.jpg?resize=350%2C200&ssl=1","width":350,"height":200,"srcset":"https:\/\/i0.wp.com\/lasprimeras.com.do\/wp-content\/uploads\/2023\/09\/Ruben-Maldonado.jpg?resize=350%2C200&ssl=1 1x, https:\/\/i0.wp.com\/lasprimeras.com.do\/wp-content\/uploads\/2023\/09\/Ruben-Maldonado.jpg?resize=525%2C300&ssl=1 1.5x, https:\/\/i0.wp.com\/lasprimeras.com.do\/wp-content\/uploads\/2023\/09\/Ruben-Maldonado.jpg?resize=700%2C400&ssl=1 2x"},"classes":[]},{"id":106892,"url":"https:\/\/lasprimeras.com.do\/index.php\/2025\/08\/20\/eddy-alcantara-reta-a-leonel-fernandez-a-recorrer-mercados-para-comprobar-precio-libra-de-pollo\/","url_meta":{"origin":59459,"position":5},"title":"Eddy Alc\u00e1ntara reta a Leonel Fern\u00e1ndez a recorrer mercados para comprobar precio libra de pollo","author":"Nelson Feliz","date":"20 de agosto de 2025","format":false,"excerpt":"El director ejecutivo del Instituto Nacional de Protecci\u00f3n de los Derechos del Consumidor (Pro Consumidor), Eddy Alc\u00e1ntara, ret\u00f3 al expresidente Leonel Fern\u00e1ndez a recorrer supermercados y mercados de las diferentes regiones del pa\u00eds para constatar los precios reales de la carne de pollo. El funcionario calific\u00f3 de infundadas y carente\u2026","rel":"","context":"En \u00abECONOM\u00cdA\u00bb","block_context":{"text":"ECONOM\u00cdA","link":"https:\/\/lasprimeras.com.do\/index.php\/category\/economia\/"},"img":{"alt_text":"","src":"https:\/\/i0.wp.com\/lasprimeras.com.do\/wp-content\/uploads\/2025\/08\/WhatsApp-Image-2025-08-18-at-3.35.05-PM.jpeg?resize=350%2C200&ssl=1","width":350,"height":200,"srcset":"https:\/\/i0.wp.com\/lasprimeras.com.do\/wp-content\/uploads\/2025\/08\/WhatsApp-Image-2025-08-18-at-3.35.05-PM.jpeg?resize=350%2C200&ssl=1 1x, https:\/\/i0.wp.com\/lasprimeras.com.do\/wp-content\/uploads\/2025\/08\/WhatsApp-Image-2025-08-18-at-3.35.05-PM.jpeg?resize=525%2C300&ssl=1 1.5x, https:\/\/i0.wp.com\/lasprimeras.com.do\/wp-content\/uploads\/2025\/08\/WhatsApp-Image-2025-08-18-at-3.35.05-PM.jpeg?resize=700%2C400&ssl=1 2x, https:\/\/i0.wp.com\/lasprimeras.com.do\/wp-content\/uploads\/2025\/08\/WhatsApp-Image-2025-08-18-at-3.35.05-PM.jpeg?resize=1050%2C600&ssl=1 3x"},"classes":[]}],"jetpack_sharing_enabled":true,"_links":{"self":[{"href":"https:\/\/lasprimeras.com.do\/index.php\/wp-json\/wp\/v2\/posts\/59459","targetHints":{"allow":["GET"]}}],"collection":[{"href":"https:\/\/lasprimeras.com.do\/index.php\/wp-json\/wp\/v2\/posts"}],"about":[{"href":"https:\/\/lasprimeras.com.do\/index.php\/wp-json\/wp\/v2\/types\/post"}],"author":[{"embeddable":true,"href":"https:\/\/lasprimeras.com.do\/index.php\/wp-json\/wp\/v2\/users\/2"}],"replies":[{"embeddable":true,"href":"https:\/\/lasprimeras.com.do\/index.php\/wp-json\/wp\/v2\/comments?post=59459"}],"version-history":[{"count":1,"href":"https:\/\/lasprimeras.com.do\/index.php\/wp-json\/wp\/v2\/posts\/59459\/revisions"}],"predecessor-version":[{"id":59461,"href":"https:\/\/lasprimeras.com.do\/index.php\/wp-json\/wp\/v2\/posts\/59459\/revisions\/59461"}],"wp:featuredmedia":[{"embeddable":true,"href":"https:\/\/lasprimeras.com.do\/index.php\/wp-json\/wp\/v2\/media\/59460"}],"wp:attachment":[{"href":"https:\/\/lasprimeras.com.do\/index.php\/wp-json\/wp\/v2\/media?parent=59459"}],"wp:term":[{"taxonomy":"category","embeddable":true,"href":"https:\/\/lasprimeras.com.do\/index.php\/wp-json\/wp\/v2\/categories?post=59459"},{"taxonomy":"post_tag","embeddable":true,"href":"https:\/\/lasprimeras.com.do\/index.php\/wp-json\/wp\/v2\/tags?post=59459"}],"curies":[{"name":"wp","href":"https:\/\/api.w.org\/{rel}","templated":true}]}}