{"id":59468,"date":"2023-09-04T18:01:20","date_gmt":"2023-09-04T22:01:20","guid":{"rendered":"https:\/\/lasprimeras.com.do\/?p=59468"},"modified":"2023-09-04T18:01:22","modified_gmt":"2023-09-04T22:01:22","slug":"coronel-freddy-r-soto-thormann-asume-como-nuevo-director-del-cesfront","status":"publish","type":"post","link":"https:\/\/lasprimeras.com.do\/index.php\/2023\/09\/04\/coronel-freddy-r-soto-thormann-asume-como-nuevo-director-del-cesfront\/","title":{"rendered":"Coronel Freddy R. Soto Thormann asume como nuevo director del Cesfront"},"content":{"rendered":"\n<p><strong>El coronel Freddy R. Soto Thormann, lleva 29 a\u00f1os formando parte del Ej\u00e9rcito de la Rep\u00fablica Dominicana.<\/strong><\/p>\n\n\n\n<p>El Ministerio de Defensa (MIDE) realiz\u00f3 este lunes el traspaso de mando al Coronel Freddy R. Soto Thormann ERD., como Director General del Cuerpo Especializado de Seguridad Fronteriza Terrestre (Cesfront), quien estar\u00e1 en sustituci\u00f3n del General de Brigada Frank Mauricio Cabrera Rizek, ERD.<\/p>\n\n\n\n<p>El traspaso de mando fue realizado por el Viceministro de Defensa para asuntos Militares, Mayor General Julio Ernesto Flori\u00e1n P\u00e9rez.<\/p>\n\n\n\n<p>Al t\u00e9rmino de la entrega de mando el General Cabrera Rizek, manifest\u00f3 que el Coronel Soto Thormann posee las cualidades profesionales y morales que lo convierten en la selecci\u00f3n ideal para dirigir los destinos de este cuerpo especializado tan importante. Continu\u00f3 diciendo que permaneci\u00f3 m\u00e1s de dos a\u00f1os al frente de esa instituci\u00f3n, sinti\u00e9ndose muy honrado de haber trabajado junto a un grupo de hombres y mujeres que d\u00eda tras d\u00eda lo dan todo por la Patria.<\/p>\n\n\n\n<p>&#8220;Para ellos nuestro respetos y agradecimiento por su trabajo y profesionalidad&#8221;, resalt\u00f3 el general.<\/p>\n\n\n\n<p>Cit\u00f3 algunos resultados de la gesti\u00f3n como por ejemplo, la colocaci\u00f3n de puertas nuevas en la entrada binacional de Dajab\u00f3n, El\u00edas Pi\u00f1a y Jiman\u00ed, aumento del presupuesto, aumento del personal, m\u00e1s de un centenar de sometimientos por tr\u00e1fico de haitianos, millones de unidades de cigarrillos decomisados, participaci\u00f3n determinante en los operativos importantes que se han realizado en la zona fronteriza, decomiso de drogas, municiones, alcohol, veh\u00edculos robados, mejoras, remozamientos y adquisici\u00f3n de equipos, capacitaci\u00f3n del personal, mejoramiento de las comunicaciones, c\u00e1maras de monitoreo e internet satelital, as\u00ed como nuevas plantas el\u00e9ctricas para las bases de operaciones.<\/p>\n\n\n\n<p>El coronel Freddy R. Soto Thormann, lleva 29 a\u00f1os formando parte del Ej\u00e9rcito de la Rep\u00fablica Dominicana y ha desempe\u00f1ado diferentes funciones en esta instituci\u00f3n, como comandante del 6to. Batall\u00f3n de Cazadores (Constanza), comandante de los Comandos del ERD, director de comunicaciones del Ej\u00e9rcito e inspector general de la Direcci\u00f3n General de Control de Drogas (DNCD).<\/p>\n","protected":false},"excerpt":{"rendered":"<p>El coronel Freddy R. Soto Thormann, lleva 29 a\u00f1os formando parte del Ej\u00e9rcito de la Rep\u00fablica Dominicana. El Ministerio de Defensa (MIDE) realiz\u00f3 este lunes el traspaso de mando al&hellip;<\/p>\n","protected":false},"author":2,"featured_media":59469,"comment_status":"open","ping_status":"open","sticky":false,"template":"","format":"standard","meta":{"content-type":"","jetpack_post_was_ever_published":false,"_jetpack_newsletter_access":"","_jetpack_dont_email_post_to_subs":false,"_jetpack_newsletter_tier_id":0,"_jetpack_memberships_contains_paywalled_content":false,"_jetpack_memberships_contains_paid_content":false,"footnotes":""},"categories":[3057,25],"tags":[7081,4197,247,7042],"class_list":["post-59468","post","type-post","status-publish","format-standard","has-post-thumbnail","hentry","category-militares","category-portada","tag-asume","tag-coronel","tag-director","tag-freddy-r-soto-thormann"],"jetpack_featured_media_url":"https:\/\/lasprimeras.com.do\/wp-content\/uploads\/2023\/09\/Freddy-R.-Soto-Thormann-1.jpg","jetpack-related-posts":[{"id":59387,"url":"https:\/\/lasprimeras.com.do\/index.php\/2023\/09\/03\/designan-al-coronel-freddy-r-soto-director-general-del-cesfront\/","url_meta":{"origin":59468,"position":0},"title":"Designan al coronel Freddy R. Soto director general del Cesfront","author":"Nelson Feliz","date":"3 de septiembre de 2023","format":false,"excerpt":"Por Martin Restituyo El ministro de defensa, teniente general Carlos Luciano Diaz Morfa, design\u00f3 al coronel (DEM), Freddy R. Soto Thormann, director general del Cuerpo Especializado en Seguridad Fronteriza Terrestre(CESFRONT). Soto Thormann,sustituye en el cargo al general de brigadas Frank Mauiricio Cabrera Rizek, a quien le asignan nuevas funciones. El\u2026","rel":"","context":"En \u00abMILITARES\u00bb","block_context":{"text":"MILITARES","link":"https:\/\/lasprimeras.com.do\/index.php\/category\/militares\/"},"img":{"alt_text":"Freddy R. Soto Thormann","src":"https:\/\/i0.wp.com\/lasprimeras.com.do\/wp-content\/uploads\/2023\/09\/Freddy-R.-Soto-Thormann.jpg?resize=350%2C200&ssl=1","width":350,"height":200,"srcset":"https:\/\/i0.wp.com\/lasprimeras.com.do\/wp-content\/uploads\/2023\/09\/Freddy-R.-Soto-Thormann.jpg?resize=350%2C200&ssl=1 1x, https:\/\/i0.wp.com\/lasprimeras.com.do\/wp-content\/uploads\/2023\/09\/Freddy-R.-Soto-Thormann.jpg?resize=525%2C300&ssl=1 1.5x, https:\/\/i0.wp.com\/lasprimeras.com.do\/wp-content\/uploads\/2023\/09\/Freddy-R.-Soto-Thormann.jpg?resize=700%2C400&ssl=1 2x"},"classes":[]},{"id":67407,"url":"https:\/\/lasprimeras.com.do\/index.php\/2023\/11\/15\/cesfront-detiene-a-104-haitianos-indocumentados-que-pretendian-llegar-a-santo-domingo-y-santiago\/","url_meta":{"origin":59468,"position":1},"title":"Cesfront detiene a 104 haitianos indocumentados que pretend\u00edan llegar a Santo Domingo y Santiago","author":"BIMARY DE JES\u00daS Matos","date":"15 de noviembre de 2023","format":false,"excerpt":"Santo Domingo.-En las provincias que hacen frontera con Hait\u00ed, el Cuerpo Especializado de Seguridad Fronteriza Terrestre (Cesfront) ha intensificado los operativos de b\u00fasqueda y captura de indocumentados haitianos, por disposici\u00f3n del director del organismo castrense coronel Freddy R. Soto Thormann. Durante una labor de inteligencia en Dajab\u00f3n se detuvieron unos\u2026","rel":"","context":"En \u00abPORTADA\u00bb","block_context":{"text":"PORTADA","link":"https:\/\/lasprimeras.com.do\/index.php\/category\/portada\/"},"img":{"alt_text":"","src":"https:\/\/i0.wp.com\/lasprimeras.com.do\/wp-content\/uploads\/2023\/11\/Portada-Pagina-WEB-2-8-750x375-1.jpg?resize=350%2C200&ssl=1","width":350,"height":200,"srcset":"https:\/\/i0.wp.com\/lasprimeras.com.do\/wp-content\/uploads\/2023\/11\/Portada-Pagina-WEB-2-8-750x375-1.jpg?resize=350%2C200&ssl=1 1x, https:\/\/i0.wp.com\/lasprimeras.com.do\/wp-content\/uploads\/2023\/11\/Portada-Pagina-WEB-2-8-750x375-1.jpg?resize=525%2C300&ssl=1 1.5x, https:\/\/i0.wp.com\/lasprimeras.com.do\/wp-content\/uploads\/2023\/11\/Portada-Pagina-WEB-2-8-750x375-1.jpg?resize=700%2C400&ssl=1 2x"},"classes":[]},{"id":69367,"url":"https:\/\/lasprimeras.com.do\/index.php\/2023\/12\/02\/cesfront-entrega-mercancias-incautadas-en-la-frontera\/","url_meta":{"origin":59468,"position":2},"title":"Cesfront entrega mercanc\u00edas incautadas en la frontera","author":"BIMARY DE JES\u00daS Matos","date":"2 de diciembre de 2023","format":false,"excerpt":"Santo Domingo.-El Cuerpo Especializado de Seguridad Fronteriza Terrestre (CESFRONT) entreg\u00f3 ayer, mediante un acto protocolar, diversas mercanc\u00edas al Cuerpo Especializado de Control de Combustibles y Comercio de Mercanc\u00edas (CECCOM), que ser\u00edan introducidas al pa\u00eds de manera irregular. Esas mercanc\u00edas incautadas durante diferentes operativos realizados a lo largo de la l\u00ednea\u2026","rel":"","context":"En \u00abPORTADA\u00bb","block_context":{"text":"PORTADA","link":"https:\/\/lasprimeras.com.do\/index.php\/category\/portada\/"},"img":{"alt_text":"","src":"https:\/\/i0.wp.com\/lasprimeras.com.do\/wp-content\/uploads\/2023\/12\/WhatsApp-Image-2023-11-30-at-12.17.32-PM.jpeg?resize=350%2C200&ssl=1","width":350,"height":200,"srcset":"https:\/\/i0.wp.com\/lasprimeras.com.do\/wp-content\/uploads\/2023\/12\/WhatsApp-Image-2023-11-30-at-12.17.32-PM.jpeg?resize=350%2C200&ssl=1 1x, https:\/\/i0.wp.com\/lasprimeras.com.do\/wp-content\/uploads\/2023\/12\/WhatsApp-Image-2023-11-30-at-12.17.32-PM.jpeg?resize=525%2C300&ssl=1 1.5x"},"classes":[]},{"id":69198,"url":"https:\/\/lasprimeras.com.do\/index.php\/2023\/11\/30\/mas-control-militar-en-dajabon-en-prevencion-de-pleitos-entre-haitianos\/","url_meta":{"origin":59468,"position":3},"title":"M\u00e1s control militar en Dajab\u00f3n en prevenci\u00f3n de pleitos entre haitianos","author":"BIMARY DE JES\u00daS Matos","date":"30 de noviembre de 2023","format":false,"excerpt":"Santo Domingo.-Fue reforzada ayer la vigilancia en el puente fronterizo para garantizar la seguridad del lado dominicano, ante un posible conflicto entre haitianos por el cierre de su puerta en la frontera. As\u00ed lo dispuso el director del Cuerpo Especializado en Seguridad Fronteriza Terrestre (CESFRONT), coronel Freddy Soto Thormann. Los\u2026","rel":"","context":"En \u00abNACIONALES\u00bb","block_context":{"text":"NACIONALES","link":"https:\/\/lasprimeras.com.do\/index.php\/category\/nacionales\/"},"img":{"alt_text":"","src":"https:\/\/i0.wp.com\/lasprimeras.com.do\/wp-content\/uploads\/2023\/11\/WhatsApp-Image-2023-11-30-at-12.17.32-PM-2-1.jpeg?resize=350%2C200&ssl=1","width":350,"height":200,"srcset":"https:\/\/i0.wp.com\/lasprimeras.com.do\/wp-content\/uploads\/2023\/11\/WhatsApp-Image-2023-11-30-at-12.17.32-PM-2-1.jpeg?resize=350%2C200&ssl=1 1x, https:\/\/i0.wp.com\/lasprimeras.com.do\/wp-content\/uploads\/2023\/11\/WhatsApp-Image-2023-11-30-at-12.17.32-PM-2-1.jpeg?resize=525%2C300&ssl=1 1.5x"},"classes":[]},{"id":83769,"url":"https:\/\/lasprimeras.com.do\/index.php\/2024\/05\/24\/entregan-a-ceccom-mercancias-serian-introducidas-de-manera-irregular-al-pais\/","url_meta":{"origin":59468,"position":4},"title":"Entregan a Ceccom mercanc\u00edas ser\u00edan introducidas de manera irregular al pa\u00eds","author":"Nelson Feliz","date":"24 de mayo de 2024","format":false,"excerpt":"El Cuerpo Especializado de Seguridad Fronteriza Terrestre (Cesfront) inform\u00f3 este viernes sobre la entrega al Cuerpo Especializado de Control de Combustibles y Comercio de Mercanc\u00edas (Ceccom) de mercanc\u00edas decomisadas durante el mes de abril y mayo 2024 en la frontera. A trav\u00e9s de un comunicado, el Cesfront detall\u00f3 que durante\u2026","rel":"","context":"En \u00abNACIONALES\u00bb","block_context":{"text":"NACIONALES","link":"https:\/\/lasprimeras.com.do\/index.php\/category\/nacionales\/"},"img":{"alt_text":"CESFRON","src":"https:\/\/i0.wp.com\/lasprimeras.com.do\/wp-content\/uploads\/2024\/05\/CESFronT-entrega-a-CECCOM-mercancias-serian-introducidas-de-manera-irregular-al-pais-5-qm8cw9luqiekxtk8qnz7e9vgqdtu7rzy0g8jvlkuiw.jpeg?resize=350%2C200&ssl=1","width":350,"height":200,"srcset":"https:\/\/i0.wp.com\/lasprimeras.com.do\/wp-content\/uploads\/2024\/05\/CESFronT-entrega-a-CECCOM-mercancias-serian-introducidas-de-manera-irregular-al-pais-5-qm8cw9luqiekxtk8qnz7e9vgqdtu7rzy0g8jvlkuiw.jpeg?resize=350%2C200&ssl=1 1x, https:\/\/i0.wp.com\/lasprimeras.com.do\/wp-content\/uploads\/2024\/05\/CESFronT-entrega-a-CECCOM-mercancias-serian-introducidas-de-manera-irregular-al-pais-5-qm8cw9luqiekxtk8qnz7e9vgqdtu7rzy0g8jvlkuiw.jpeg?resize=525%2C300&ssl=1 1.5x, https:\/\/i0.wp.com\/lasprimeras.com.do\/wp-content\/uploads\/2024\/05\/CESFronT-entrega-a-CECCOM-mercancias-serian-introducidas-de-manera-irregular-al-pais-5-qm8cw9luqiekxtk8qnz7e9vgqdtu7rzy0g8jvlkuiw.jpeg?resize=700%2C400&ssl=1 2x, https:\/\/i0.wp.com\/lasprimeras.com.do\/wp-content\/uploads\/2024\/05\/CESFronT-entrega-a-CECCOM-mercancias-serian-introducidas-de-manera-irregular-al-pais-5-qm8cw9luqiekxtk8qnz7e9vgqdtu7rzy0g8jvlkuiw.jpeg?resize=1050%2C600&ssl=1 3x"},"classes":[]},{"id":118790,"url":"https:\/\/lasprimeras.com.do\/index.php\/2026\/01\/03\/comandante-del-ejercito-dispone-cambios-de-mando-en-varias-unidades-militares\/","url_meta":{"origin":59468,"position":5},"title":"Comandante del Ej\u00e9rcito dispone cambios de mando en varias unidades militares","author":"Nelson Feliz","date":"3 de enero de 2026","format":false,"excerpt":"Los movimientos incluyen la segunda, cuarta, quinta, sexta y s\u00e9ptima brigadas de infanter\u00eda, la brigada de apoyo de servicios y la Academia Militar Batalla de las Carreras. El Comandante General del Ej\u00e9rcito de Rep\u00fablica Dominicana (ERD), Mayor General Jorge Iv\u00e1n Camino P\u00e9rez, dispuso una serie de cambios de mando en\u2026","rel":"","context":"En \u00abMILITARES\u00bb","block_context":{"text":"MILITARES","link":"https:\/\/lasprimeras.com.do\/index.php\/category\/militares\/"},"img":{"alt_text":"","src":"https:\/\/i0.wp.com\/lasprimeras.com.do\/wp-content\/uploads\/2026\/01\/dos.jpg?resize=350%2C200&ssl=1","width":350,"height":200,"srcset":"https:\/\/i0.wp.com\/lasprimeras.com.do\/wp-content\/uploads\/2026\/01\/dos.jpg?resize=350%2C200&ssl=1 1x, https:\/\/i0.wp.com\/lasprimeras.com.do\/wp-content\/uploads\/2026\/01\/dos.jpg?resize=525%2C300&ssl=1 1.5x, https:\/\/i0.wp.com\/lasprimeras.com.do\/wp-content\/uploads\/2026\/01\/dos.jpg?resize=700%2C400&ssl=1 2x"},"classes":[]}],"jetpack_sharing_enabled":true,"_links":{"self":[{"href":"https:\/\/lasprimeras.com.do\/index.php\/wp-json\/wp\/v2\/posts\/59468","targetHints":{"allow":["GET"]}}],"collection":[{"href":"https:\/\/lasprimeras.com.do\/index.php\/wp-json\/wp\/v2\/posts"}],"about":[{"href":"https:\/\/lasprimeras.com.do\/index.php\/wp-json\/wp\/v2\/types\/post"}],"author":[{"embeddable":true,"href":"https:\/\/lasprimeras.com.do\/index.php\/wp-json\/wp\/v2\/users\/2"}],"replies":[{"embeddable":true,"href":"https:\/\/lasprimeras.com.do\/index.php\/wp-json\/wp\/v2\/comments?post=59468"}],"version-history":[{"count":1,"href":"https:\/\/lasprimeras.com.do\/index.php\/wp-json\/wp\/v2\/posts\/59468\/revisions"}],"predecessor-version":[{"id":59470,"href":"https:\/\/lasprimeras.com.do\/index.php\/wp-json\/wp\/v2\/posts\/59468\/revisions\/59470"}],"wp:featuredmedia":[{"embeddable":true,"href":"https:\/\/lasprimeras.com.do\/index.php\/wp-json\/wp\/v2\/media\/59469"}],"wp:attachment":[{"href":"https:\/\/lasprimeras.com.do\/index.php\/wp-json\/wp\/v2\/media?parent=59468"}],"wp:term":[{"taxonomy":"category","embeddable":true,"href":"https:\/\/lasprimeras.com.do\/index.php\/wp-json\/wp\/v2\/categories?post=59468"},{"taxonomy":"post_tag","embeddable":true,"href":"https:\/\/lasprimeras.com.do\/index.php\/wp-json\/wp\/v2\/tags?post=59468"}],"curies":[{"name":"wp","href":"https:\/\/api.w.org\/{rel}","templated":true}]}}