{"id":59473,"date":"2023-09-04T18:15:08","date_gmt":"2023-09-04T22:15:08","guid":{"rendered":"https:\/\/lasprimeras.com.do\/?p=59473"},"modified":"2023-09-04T18:15:10","modified_gmt":"2023-09-04T22:15:10","slug":"abinader-informa-tienen-cercado-a-uno-de-los-que-mataron-a-una-familia-en-dajabon","status":"publish","type":"post","link":"https:\/\/lasprimeras.com.do\/index.php\/2023\/09\/04\/abinader-informa-tienen-cercado-a-uno-de-los-que-mataron-a-una-familia-en-dajabon\/","title":{"rendered":"Abinader informa tienen cercado a uno de los que mataron a una familia en Dajab\u00f3n"},"content":{"rendered":"\n<p>El presidente Luis Abinader se refiri\u00f3 este lunes al homicidio de cuatro personas en una comunidad de Dajab\u00f3n, un hecho perpetrado, supuestamente, por ciudadanos haitianos.<\/p>\n\n\n\n<p>Las v\u00edctimas son un hombre, su esposa, su hijo y uno todav\u00eda no identificado.<\/p>\n\n\n\n<p>El mandatario dijo que de los tres que participaron en el hecho hay uno que est\u00e1 preso, uno muri\u00f3 a manos de la Polic\u00eda y el otro se encuentra cercado con ayuda del Ej\u00e9rcito.<\/p>\n\n\n\n<p>Abinader se refiri\u00f3 al hecho en la rueda de prensa La semanal, que cada lunes desarrolla en el Palacio Nacional. El tema de esta semana es la seguridad ciudadana.<\/p>\n\n\n\n<p>La Polic\u00eda inform\u00f3 m\u00e1s temprano que en posesi\u00f3n del fallecido se encontr\u00f3 una escopeta que, despu\u00e9s de ser verificada, se descubri\u00f3 que estaba registrada a nombre de Ram\u00f3n Eugenio Medina, conocido como Papito, uno de los fallecidos.<\/p>\n\n\n\n<p>Junto a \u00e9l, tambi\u00e9n fueron ejecutados su esposa Carmelina Antonia Cabreja Ramos, de 49 a\u00f1os, su hijo Daniel Medina Cabrera, de 19 a\u00f1os, y una cuarta persona que a\u00fan no ha sido identificada.<\/p>\n\n\n\n<p>Cristian de Jes\u00fas L\u00f3pez, de 25 a\u00f1os, result\u00f3 herido y est\u00e1 recibiendo atenci\u00f3n m\u00e9dica en un hospital de Santiago Rodr\u00edguez.<\/p>\n\n\n\n<p>La tragedia ocurri\u00f3 en la comunidad Aminilla, del municipio Partido, en la provincia de Dajab\u00f3n.<\/p>\n\n\n\n<p>La Polic\u00eda Nacional posteriormente detuvo a otro ciudadano haitiano, a quien se le encontr\u00f3 una mochila que conten\u00eda perfumes, celulares y otras pertenencias, &#8220;las cuales estamos investigando para confirmar que pertenecen a las personas que fueron asesinadas y que hab\u00edan sido robadas&#8221;, indic\u00f3 Pesqueira.<\/p>\n","protected":false},"excerpt":{"rendered":"<p>El presidente Luis Abinader se refiri\u00f3 este lunes al homicidio de cuatro personas en una comunidad de Dajab\u00f3n, un hecho perpetrado, supuestamente, por ciudadanos haitianos. Las v\u00edctimas son un hombre,&hellip;<\/p>\n","protected":false},"author":2,"featured_media":59474,"comment_status":"open","ping_status":"open","sticky":false,"template":"","format":"standard","meta":{"content-type":"","jetpack_post_was_ever_published":false,"_jetpack_newsletter_access":"","_jetpack_dont_email_post_to_subs":false,"_jetpack_newsletter_tier_id":0,"_jetpack_memberships_contains_paywalled_content":false,"_jetpack_memberships_contains_paid_content":false,"footnotes":""},"categories":[35,25],"tags":[7085,1814,2649,67,5421],"class_list":["post-59473","post","type-post","status-publish","format-standard","has-post-thumbnail","hentry","category-nacionales","category-portada","tag-cercado","tag-dajabon","tag-familia","tag-luis-abinader","tag-mataron"],"jetpack_featured_media_url":"https:\/\/lasprimeras.com.do\/wp-content\/uploads\/2023\/09\/Luis-Abinader-5.jpg","jetpack-related-posts":[{"id":102512,"url":"https:\/\/lasprimeras.com.do\/index.php\/2025\/07\/06\/gobierno-en-la-provincia-llega-a-dajabon-para-fortalecer-vinculos-con-las-comunidades\/","url_meta":{"origin":59473,"position":0},"title":"Gobierno en la Provincia llega a Dajab\u00f3n para fortalecer v\u00ednculos con las comunidades","author":"Nelson Feliz","date":"6 de julio de 2025","format":false,"excerpt":"Edgar Augusto F\u00e9liz M\u00e9ndez, destac\u00f3 que el gobierno del presidente de la Rep\u00fablica, Luis Abinader Corona, ha ejecutado decenas de obras en la provincia de Dajab\u00f3n, impactando positivamente a miles de ciudadanos y elevando su calidad de vida. En una nueva fase de la iniciativa nacional \"El Gobierno en la\u2026","rel":"","context":"En \u00abNACIONALES\u00bb","block_context":{"text":"NACIONALES","link":"https:\/\/lasprimeras.com.do\/index.php\/category\/nacionales\/"},"img":{"alt_text":"","src":"https:\/\/i0.wp.com\/lasprimeras.com.do\/wp-content\/uploads\/2025\/07\/Edgar-Augusto-Feliz-M.jpg?resize=350%2C200&ssl=1","width":350,"height":200,"srcset":"https:\/\/i0.wp.com\/lasprimeras.com.do\/wp-content\/uploads\/2025\/07\/Edgar-Augusto-Feliz-M.jpg?resize=350%2C200&ssl=1 1x, https:\/\/i0.wp.com\/lasprimeras.com.do\/wp-content\/uploads\/2025\/07\/Edgar-Augusto-Feliz-M.jpg?resize=525%2C300&ssl=1 1.5x, https:\/\/i0.wp.com\/lasprimeras.com.do\/wp-content\/uploads\/2025\/07\/Edgar-Augusto-Feliz-M.jpg?resize=700%2C400&ssl=1 2x"},"classes":[]},{"id":109403,"url":"https:\/\/lasprimeras.com.do\/index.php\/2025\/09\/17\/abinader-supervisara-este-viernes-planta-electrica-energia-2000-en-manzanillo-y-el-muro-fronterizo-en-dajabon\/","url_meta":{"origin":59473,"position":1},"title":"Abinader supervisar\u00e1 este viernes planta el\u00e9ctrica Energ\u00eda 2000 en Manzanillo y el muro fronterizo en Dajab\u00f3n","author":"Nelson Feliz","date":"17 de septiembre de 2025","format":false,"excerpt":"Tambi\u00e9n inaugurar\u00e1 carretera de acceso a Aguas Blancas, en Constanza El presidente Luis Abinader realizar\u00e1 este viernes una visita a la planta el\u00e9ctrica Energ\u00eda 2000, ubicada en Manzanillo, asimismo, supervisar\u00e1 la continuidad de los trabajos de construcci\u00f3n del muro fronterizo en la provincia Dajab\u00f3n. Abinader constatar\u00e1 los avances de esta\u2026","rel":"","context":"En \u00abNACIONALES\u00bb","block_context":{"text":"NACIONALES","link":"https:\/\/lasprimeras.com.do\/index.php\/category\/nacionales\/"},"img":{"alt_text":"","src":"https:\/\/i0.wp.com\/lasprimeras.com.do\/wp-content\/uploads\/2025\/07\/Luis-Abinader-4-1.jpg?resize=350%2C200&ssl=1","width":350,"height":200,"srcset":"https:\/\/i0.wp.com\/lasprimeras.com.do\/wp-content\/uploads\/2025\/07\/Luis-Abinader-4-1.jpg?resize=350%2C200&ssl=1 1x, https:\/\/i0.wp.com\/lasprimeras.com.do\/wp-content\/uploads\/2025\/07\/Luis-Abinader-4-1.jpg?resize=525%2C300&ssl=1 1.5x, https:\/\/i0.wp.com\/lasprimeras.com.do\/wp-content\/uploads\/2025\/07\/Luis-Abinader-4-1.jpg?resize=700%2C400&ssl=1 2x"},"classes":[]},{"id":126987,"url":"https:\/\/lasprimeras.com.do\/index.php\/2026\/04\/07\/abinader-encabeza-reunion-de-seguimiento-al-plan-de-seguridad-ciudadana-5\/","url_meta":{"origin":59473,"position":2},"title":"Abinader encabeza reuni\u00f3n de seguimiento al Plan de Seguridad Ciudadana","author":"Nelson Feliz","date":"7 de abril de 2026","format":false,"excerpt":"El presidente Luis Abinader se encuentra presidiendo en estos momentos la reuni\u00f3n de seguimiento al Plan de Seguridad Ciudadana, con el prop\u00f3sito de fortalecer las estrategias que se implementan en todo el pa\u00eds para garantizar mayor protecci\u00f3n y tranquilidad a la poblaci\u00f3n. La sesi\u00f3n de trabajo se est\u00e1 llevando a\u2026","rel":"","context":"En \u00abNACIONALES\u00bb","block_context":{"text":"NACIONALES","link":"https:\/\/lasprimeras.com.do\/index.php\/category\/nacionales\/"},"img":{"alt_text":"","src":"https:\/\/i0.wp.com\/lasprimeras.com.do\/wp-content\/uploads\/2026\/04\/IMG-20260407-WA0406-scaled.jpg?resize=350%2C200&ssl=1","width":350,"height":200,"srcset":"https:\/\/i0.wp.com\/lasprimeras.com.do\/wp-content\/uploads\/2026\/04\/IMG-20260407-WA0406-scaled.jpg?resize=350%2C200&ssl=1 1x, https:\/\/i0.wp.com\/lasprimeras.com.do\/wp-content\/uploads\/2026\/04\/IMG-20260407-WA0406-scaled.jpg?resize=525%2C300&ssl=1 1.5x, https:\/\/i0.wp.com\/lasprimeras.com.do\/wp-content\/uploads\/2026\/04\/IMG-20260407-WA0406-scaled.jpg?resize=700%2C400&ssl=1 2x, https:\/\/i0.wp.com\/lasprimeras.com.do\/wp-content\/uploads\/2026\/04\/IMG-20260407-WA0406-scaled.jpg?resize=1050%2C600&ssl=1 3x, https:\/\/i0.wp.com\/lasprimeras.com.do\/wp-content\/uploads\/2026\/04\/IMG-20260407-WA0406-scaled.jpg?resize=1400%2C800&ssl=1 4x"},"classes":[]},{"id":128160,"url":"https:\/\/lasprimeras.com.do\/index.php\/2026\/04\/20\/abinader-encabeza-reunion-de-seguimiento-al-plan-de-seguridad-ciudadana-6\/","url_meta":{"origin":59473,"position":3},"title":"Abinader encabeza reuni\u00f3n de seguimiento al Plan de Seguridad Ciudadana","author":"Nelson Feliz","date":"20 de abril de 2026","format":false,"excerpt":"El presidente Luis Abinader se encuentra presidiendo en estos momentos la reuni\u00f3n de seguimiento al Plan de Seguridad Ciudadana, con el prop\u00f3sito de fortalecer las estrategias que se implementan en todo el pa\u00eds para garantizar mayor protecci\u00f3n y tranquilidad a la poblaci\u00f3n. La sesi\u00f3n de trabajo se est\u00e1 llevando a\u2026","rel":"","context":"En \u00abNACIONALES\u00bb","block_context":{"text":"NACIONALES","link":"https:\/\/lasprimeras.com.do\/index.php\/category\/nacionales\/"},"img":{"alt_text":"","src":"https:\/\/i0.wp.com\/lasprimeras.com.do\/wp-content\/uploads\/2026\/04\/IMG-20260420-WA0368-scaled.jpg?resize=350%2C200&ssl=1","width":350,"height":200,"srcset":"https:\/\/i0.wp.com\/lasprimeras.com.do\/wp-content\/uploads\/2026\/04\/IMG-20260420-WA0368-scaled.jpg?resize=350%2C200&ssl=1 1x, https:\/\/i0.wp.com\/lasprimeras.com.do\/wp-content\/uploads\/2026\/04\/IMG-20260420-WA0368-scaled.jpg?resize=525%2C300&ssl=1 1.5x, https:\/\/i0.wp.com\/lasprimeras.com.do\/wp-content\/uploads\/2026\/04\/IMG-20260420-WA0368-scaled.jpg?resize=700%2C400&ssl=1 2x, https:\/\/i0.wp.com\/lasprimeras.com.do\/wp-content\/uploads\/2026\/04\/IMG-20260420-WA0368-scaled.jpg?resize=1050%2C600&ssl=1 3x, https:\/\/i0.wp.com\/lasprimeras.com.do\/wp-content\/uploads\/2026\/04\/IMG-20260420-WA0368-scaled.jpg?resize=1400%2C800&ssl=1 4x"},"classes":[]},{"id":120553,"url":"https:\/\/lasprimeras.com.do\/index.php\/2026\/01\/25\/abinader-entrega-nuevo-hospital-regional-matias-ramon-mella-en-dajabon-para-fortalecer-y-acercar-la-atencion-de-salud-en-la-frontera\/","url_meta":{"origin":59473,"position":4},"title":"Abinader entrega nuevo Hospital Regional Mat\u00edas Ram\u00f3n Mella en Dajab\u00f3n para fortalecer y acercar la atenci\u00f3n de salud en la frontera","author":"Nelson Feliz","date":"25 de enero de 2026","format":false,"excerpt":"A los servicios y especialidades m\u00e9dicas esenciales, se suma un \u00e1rea para hemodi\u00e1lisis que permitir\u00e1 a los pacientes recibir el servicio sin trasladarse a zonas m\u00e1s lejanas El presidente Luis Abinader inaugur\u00f3 este domingo el nuevo Hospital Provincial Mat\u00edas Ram\u00f3n Mella en Dajab\u00f3n, que llega para reforzar la Red P\u00fablica\u2026","rel":"","context":"En \u00abPORTADA\u00bb","block_context":{"text":"PORTADA","link":"https:\/\/lasprimeras.com.do\/index.php\/category\/portada\/"},"img":{"alt_text":"Hospital Regional Mat\u00edas Ram\u00f3n Mella","src":"https:\/\/i0.wp.com\/lasprimeras.com.do\/wp-content\/uploads\/2026\/01\/Hospital-Regional-Matias-Ramon-Mella.jpg?resize=350%2C200&ssl=1","width":350,"height":200,"srcset":"https:\/\/i0.wp.com\/lasprimeras.com.do\/wp-content\/uploads\/2026\/01\/Hospital-Regional-Matias-Ramon-Mella.jpg?resize=350%2C200&ssl=1 1x, https:\/\/i0.wp.com\/lasprimeras.com.do\/wp-content\/uploads\/2026\/01\/Hospital-Regional-Matias-Ramon-Mella.jpg?resize=525%2C300&ssl=1 1.5x, https:\/\/i0.wp.com\/lasprimeras.com.do\/wp-content\/uploads\/2026\/01\/Hospital-Regional-Matias-Ramon-Mella.jpg?resize=700%2C400&ssl=1 2x"},"classes":[]},{"id":123247,"url":"https:\/\/lasprimeras.com.do\/index.php\/2026\/02\/27\/abinader-proclama-ano-historico-en-salud-con-la-autismo-hospitales-dengue-y-atencion-oncologica\/","url_meta":{"origin":59473,"position":5},"title":"Abinader proclama a\u00f1o hist\u00f3rico en salud, con la autismo, hospitales, dengue y atenci\u00f3n oncol\u00f3gica","author":"Nelson Feliz","date":"27 de febrero de 2026","format":false,"excerpt":"El mandatario refiri\u00f3 que RD fue propuesta por consenso para presidir por primera vez la Asamblea Mundial de la Salud, \u00f3rgano supremo de la Organizaci\u00f3n Mundial de la Salud. El presidente de la Rep\u00fablica, Luis Abinader, centr\u00f3 parte de su discurso de rendici\u00f3n de cuentas ante el Congreso Nacional en\u2026","rel":"","context":"En \u00abPORTADA\u00bb","block_context":{"text":"PORTADA","link":"https:\/\/lasprimeras.com.do\/index.php\/category\/portada\/"},"img":{"alt_text":"Luis Abinader","src":"https:\/\/i0.wp.com\/lasprimeras.com.do\/wp-content\/uploads\/2026\/02\/Luis-Abinader-c-4.jpg?resize=350%2C200&ssl=1","width":350,"height":200,"srcset":"https:\/\/i0.wp.com\/lasprimeras.com.do\/wp-content\/uploads\/2026\/02\/Luis-Abinader-c-4.jpg?resize=350%2C200&ssl=1 1x, https:\/\/i0.wp.com\/lasprimeras.com.do\/wp-content\/uploads\/2026\/02\/Luis-Abinader-c-4.jpg?resize=525%2C300&ssl=1 1.5x, https:\/\/i0.wp.com\/lasprimeras.com.do\/wp-content\/uploads\/2026\/02\/Luis-Abinader-c-4.jpg?resize=700%2C400&ssl=1 2x"},"classes":[]}],"jetpack_sharing_enabled":true,"_links":{"self":[{"href":"https:\/\/lasprimeras.com.do\/index.php\/wp-json\/wp\/v2\/posts\/59473","targetHints":{"allow":["GET"]}}],"collection":[{"href":"https:\/\/lasprimeras.com.do\/index.php\/wp-json\/wp\/v2\/posts"}],"about":[{"href":"https:\/\/lasprimeras.com.do\/index.php\/wp-json\/wp\/v2\/types\/post"}],"author":[{"embeddable":true,"href":"https:\/\/lasprimeras.com.do\/index.php\/wp-json\/wp\/v2\/users\/2"}],"replies":[{"embeddable":true,"href":"https:\/\/lasprimeras.com.do\/index.php\/wp-json\/wp\/v2\/comments?post=59473"}],"version-history":[{"count":1,"href":"https:\/\/lasprimeras.com.do\/index.php\/wp-json\/wp\/v2\/posts\/59473\/revisions"}],"predecessor-version":[{"id":59475,"href":"https:\/\/lasprimeras.com.do\/index.php\/wp-json\/wp\/v2\/posts\/59473\/revisions\/59475"}],"wp:featuredmedia":[{"embeddable":true,"href":"https:\/\/lasprimeras.com.do\/index.php\/wp-json\/wp\/v2\/media\/59474"}],"wp:attachment":[{"href":"https:\/\/lasprimeras.com.do\/index.php\/wp-json\/wp\/v2\/media?parent=59473"}],"wp:term":[{"taxonomy":"category","embeddable":true,"href":"https:\/\/lasprimeras.com.do\/index.php\/wp-json\/wp\/v2\/categories?post=59473"},{"taxonomy":"post_tag","embeddable":true,"href":"https:\/\/lasprimeras.com.do\/index.php\/wp-json\/wp\/v2\/tags?post=59473"}],"curies":[{"name":"wp","href":"https:\/\/api.w.org\/{rel}","templated":true}]}}