{"id":59476,"date":"2023-09-04T18:20:48","date_gmt":"2023-09-04T22:20:48","guid":{"rendered":"https:\/\/lasprimeras.com.do\/?p=59476"},"modified":"2023-09-04T18:20:49","modified_gmt":"2023-09-04T22:20:49","slug":"abinader-el-pais-necesita-32-mil-policias-en-sus-calles-para-garantizar-seguridad-ciudadana","status":"publish","type":"post","link":"https:\/\/lasprimeras.com.do\/index.php\/2023\/09\/04\/abinader-el-pais-necesita-32-mil-policias-en-sus-calles-para-garantizar-seguridad-ciudadana\/","title":{"rendered":"Abinader: El pa\u00eds necesita 32 mil polic\u00edas en sus calles para garantizar seguridad ciudadana"},"content":{"rendered":"\n<p><strong>El mandatario se\u00f1ala que, con la reforma policial que ejecuta el Gobierno, la cifra ser\u00e1 posible en el 2026.<\/strong><\/p>\n\n\n\n<p>Para garantizar la seguridad ciudadana, el pa\u00eds necesita 32 mil agentes de la Polic\u00eda Nacional patrullando sus calles, cantidad que se podr\u00e1 lograr para el 2026, de continuar como va la reforma policial que impulsa el actual Gobierno.<\/p>\n\n\n\n<p>La afirmaci\u00f3n es del presidente de la Rep\u00fablica, Luis Abinader, quien la tarde de este lunes se reuni\u00f3 con la prensa para explicar los avances del programa. El encuentro se llam\u00f3 &#8220;Seguridad Ciudadana Reforma Policial&#8221; y se efectu\u00f3 en el Palacio Nacional.<\/p>\n\n\n\n<p>&#8220;Para tener una seguridad ciudadana digna, este pa\u00eds debe tener el doble de polic\u00edas en las calles. Esto significa 32,000 polic\u00edas&#8221;, plante\u00f3 el gobernante al presentar los resultados, hasta el momento, de la reforma policial que ejecuta su gesti\u00f3n y en la cual ha involucrado sectores como el empresarial, educativo, medios de comunicaci\u00f3n, entre otros.<\/p>\n\n\n\n<p>Signific\u00f3 que, para lograr una buena transformaci\u00f3n en la uniformada, la educaci\u00f3n es una parte fundamental, por lo que est\u00e1n haciendo \u00e9nfasis en esta parte. Dijo que de una sola escuela formativa que ten\u00eda la Polic\u00eda (Hatillo, en San Crist\u00f3bal)ya contar\u00e1 con tres, con la entrada en la pr\u00f3xima semana de la de R\u00edo San Juan, en la provincia Mar\u00eda Trinidad S\u00e1nchez.<\/p>\n\n\n\n<p>Sobre esta escuela se\u00f1al\u00f3 que en ella se podr\u00e1n &#8220;entrenar hasta 1,500 polic\u00edas por seis meses, porque eso es parte de la reforma. Antes eran tres meses, ahora son seis meses&#8221;.<\/p>\n\n\n\n<p>&#8220;Si seguimos con la reforma y con nuevos polic\u00edas y los que salen, nosotros pensamos tener para el segundo semestre del 2026 esa cantidad (32,000) de polic\u00edas en las calles&#8221;, acot\u00f3.<\/p>\n\n\n\n<p>El presidente dijo que en la actualidad la escuela de Boca Chica (municipio de Santo Domingo) tiene la capacidad de formar unas 1,000 personas; la de Hatillo (San Crist\u00f3bal) unas 800 y alrededor de 2,000 en el centro de R\u00edo San Juan (Mar\u00eda Trinidad S\u00e1nchez), que entregar\u00e1n en los pr\u00f3ximos d\u00edas.<\/p>\n\n\n\n<p>Abinader plante\u00f3 que la reforma policial ser\u00e1 efectiva &#8220;completamente&#8221; cuando la instituci\u00f3n tenga &#8220;buenos polic\u00edas&#8221;.<\/p>\n","protected":false},"excerpt":{"rendered":"<p>El mandatario se\u00f1ala que, con la reforma policial que ejecuta el Gobierno, la cifra ser\u00e1 posible en el 2026. Para garantizar la seguridad ciudadana, el pa\u00eds necesita 32 mil agentes&hellip;<\/p>\n","protected":false},"author":2,"featured_media":54989,"comment_status":"open","ping_status":"open","sticky":false,"template":"","format":"standard","meta":{"content-type":"","jetpack_post_was_ever_published":false,"_jetpack_newsletter_access":"","_jetpack_dont_email_post_to_subs":false,"_jetpack_newsletter_tier_id":0,"_jetpack_memberships_contains_paywalled_content":false,"_jetpack_memberships_contains_paid_content":false,"footnotes":""},"categories":[35,25],"tags":[3409,67,3330,76],"class_list":["post-59476","post","type-post","status-publish","format-standard","has-post-thumbnail","hentry","category-nacionales","category-portada","tag-ciudadana","tag-luis-abinader","tag-policias","tag-seguridad"],"jetpack_featured_media_url":"https:\/\/lasprimeras.com.do\/wp-content\/uploads\/2023\/07\/policia.jpg","jetpack-related-posts":[{"id":100195,"url":"https:\/\/lasprimeras.com.do\/index.php\/2025\/06\/03\/gobierno-pone-en-marcha-nuevo-modelo-de-patrullaje-y-servicio-policial-en-el-gran-santo-domingo\/","url_meta":{"origin":59476,"position":0},"title":"Gobierno pone en marcha nuevo modelo de patrullaje y servicio policial en el Gran Santo Domingo","author":"Nelson Feliz","date":"3 de junio de 2025","format":false,"excerpt":"Presidente Abinader encabeza integraci\u00f3n de m\u00e1s de 1,100 polic\u00edas al nuevo modelo de servicio y patrullaje en fase piloto. El presidente de la Rep\u00fablica, Luis Abinader lanz\u00f3 este lunes el \u201cNuevo Modelo de Servicio y Patrullaje Policial\u201d en varios sectores del Gran Santo Domingo, una estrategia que busca fortalecer la\u2026","rel":"","context":"En \u00abNACIONALES\u00bb","block_context":{"text":"NACIONALES","link":"https:\/\/lasprimeras.com.do\/index.php\/category\/nacionales\/"},"img":{"alt_text":"","src":"https:\/\/i0.wp.com\/lasprimeras.com.do\/wp-content\/uploads\/2025\/06\/patrullaje-en-fase-piloto.jpg?resize=350%2C200&ssl=1","width":350,"height":200,"srcset":"https:\/\/i0.wp.com\/lasprimeras.com.do\/wp-content\/uploads\/2025\/06\/patrullaje-en-fase-piloto.jpg?resize=350%2C200&ssl=1 1x, https:\/\/i0.wp.com\/lasprimeras.com.do\/wp-content\/uploads\/2025\/06\/patrullaje-en-fase-piloto.jpg?resize=525%2C300&ssl=1 1.5x, https:\/\/i0.wp.com\/lasprimeras.com.do\/wp-content\/uploads\/2025\/06\/patrullaje-en-fase-piloto.jpg?resize=700%2C400&ssl=1 2x"},"classes":[]},{"id":67118,"url":"https:\/\/lasprimeras.com.do\/index.php\/2023\/11\/13\/presidente-abinader-encabeza-reunion-de-seguimiento-al-plan-de-seguridad-ciudadana\/","url_meta":{"origin":59476,"position":1},"title":"Presidente Abinader encabeza reuni\u00f3n de seguimiento al Plan de Seguridad Ciudadana","author":"Nelson Feliz","date":"13 de noviembre de 2023","format":false,"excerpt":"Previo al inicio de la reuni\u00f3n, el director de la PN, mayor general Eduardo Alberto Then, mostr\u00f3 al presidente Abinader, el decomiso de 30 mil armas blancas que fueron retiradas de las calles en operativos. Por Mart\u00edn Restituyo En estos momentos, el presidente Luis Abinader, encabeza la reuni\u00f3n de seguimiento\u2026","rel":"","context":"En \u00abMILITARES\u00bb","block_context":{"text":"MILITARES","link":"https:\/\/lasprimeras.com.do\/index.php\/category\/militares\/"},"img":{"alt_text":"Luis Abinader","src":"https:\/\/i0.wp.com\/lasprimeras.com.do\/wp-content\/uploads\/2023\/11\/Luis-Abinader-1-1.jpg?resize=350%2C200&ssl=1","width":350,"height":200,"srcset":"https:\/\/i0.wp.com\/lasprimeras.com.do\/wp-content\/uploads\/2023\/11\/Luis-Abinader-1-1.jpg?resize=350%2C200&ssl=1 1x, https:\/\/i0.wp.com\/lasprimeras.com.do\/wp-content\/uploads\/2023\/11\/Luis-Abinader-1-1.jpg?resize=525%2C300&ssl=1 1.5x, https:\/\/i0.wp.com\/lasprimeras.com.do\/wp-content\/uploads\/2023\/11\/Luis-Abinader-1-1.jpg?resize=700%2C400&ssl=1 2x"},"classes":[]},{"id":123292,"url":"https:\/\/lasprimeras.com.do\/index.php\/2026\/02\/27\/abinader-resalta-reduccion-de-homicidios-y-consolida-la-seguridad-ciudadana-en-2025\/","url_meta":{"origin":59476,"position":2},"title":"Abinader resalta reducci\u00f3n de homicidios y consolida la Seguridad Ciudadana en 2025","author":"Nelson Feliz","date":"27 de febrero de 2026","format":false,"excerpt":"En su discurso de rendici\u00f3n de cuentqs ante la Asamblea Nacional, en el marco del 182 aniversario de la Independencia Nacional, el presidente Luis Abinader afirm\u00f3 que la seguridad ciudadana contin\u00faa siendo uno de los ejes centrales de su gesti\u00f3n. Asegur\u00f3 que el a\u00f1o 2025 marc\u00f3 un punto de consolidaci\u00f3n\u2026","rel":"","context":"En \u00abNACIONALES\u00bb","block_context":{"text":"NACIONALES","link":"https:\/\/lasprimeras.com.do\/index.php\/category\/nacionales\/"},"img":{"alt_text":"","src":"https:\/\/i0.wp.com\/lasprimeras.com.do\/wp-content\/uploads\/2025\/06\/patrullaje-en-fase-piloto.jpg?resize=350%2C200&ssl=1","width":350,"height":200,"srcset":"https:\/\/i0.wp.com\/lasprimeras.com.do\/wp-content\/uploads\/2025\/06\/patrullaje-en-fase-piloto.jpg?resize=350%2C200&ssl=1 1x, https:\/\/i0.wp.com\/lasprimeras.com.do\/wp-content\/uploads\/2025\/06\/patrullaje-en-fase-piloto.jpg?resize=525%2C300&ssl=1 1.5x, https:\/\/i0.wp.com\/lasprimeras.com.do\/wp-content\/uploads\/2025\/06\/patrullaje-en-fase-piloto.jpg?resize=700%2C400&ssl=1 2x"},"classes":[]},{"id":55825,"url":"https:\/\/lasprimeras.com.do\/index.php\/2023\/07\/25\/presidente-abinader-reforma-de-la-policia-ya-no-tiene-retorno-y-avanza-segun-lo-programado\/","url_meta":{"origin":59476,"position":3},"title":"Presidente Abinader: Reforma de la Polic\u00eda ya no tiene retorno y avanza, seg\u00fan lo programado","author":"Nelson Feliz","date":"25 de julio de 2023","format":false,"excerpt":"Mandatario inaugura el nuevo edificio del Instituto Policial construido a un costo de 156 millones de pesos y beneficiar\u00e1 de a m\u00e1s de 37 mil miembros activos de la Polic\u00eda Nacional. El presidente Luis Abinader entreg\u00f3 este martes el nuevo y moderno edificio que aloja el Instituto Policial de Educaci\u00f3n\u2026","rel":"","context":"En \u00abECONOM\u00cdA\u00bb","block_context":{"text":"ECONOM\u00cdA","link":"https:\/\/lasprimeras.com.do\/index.php\/category\/economia\/"},"img":{"alt_text":"Instituto Policial","src":"https:\/\/i0.wp.com\/lasprimeras.com.do\/wp-content\/uploads\/2023\/07\/IPES.jpg?resize=350%2C200&ssl=1","width":350,"height":200,"srcset":"https:\/\/i0.wp.com\/lasprimeras.com.do\/wp-content\/uploads\/2023\/07\/IPES.jpg?resize=350%2C200&ssl=1 1x, https:\/\/i0.wp.com\/lasprimeras.com.do\/wp-content\/uploads\/2023\/07\/IPES.jpg?resize=525%2C300&ssl=1 1.5x, https:\/\/i0.wp.com\/lasprimeras.com.do\/wp-content\/uploads\/2023\/07\/IPES.jpg?resize=700%2C400&ssl=1 2x"},"classes":[]},{"id":91883,"url":"https:\/\/lasprimeras.com.do\/index.php\/2024\/12\/03\/abinader-pone-marcha-operativo-navidad-con-garantia-de-paz-2024\/","url_meta":{"origin":59476,"position":4},"title":"Abinader pone marcha operativo Navidad con Garant\u00eda de Paz 2024","author":"Nelson Feliz","date":"3 de diciembre de 2024","format":false,"excerpt":"En este operativo los patrullajes ser\u00e1n reforzados con la inclusi\u00f3n de 240 camionetas de patrullaje de la Polic\u00eda Nacional y 10 veh\u00edculos destinados a la seguridad vial en las carreteras con mayores \u00edndices de accidentes. El presidente Luis Abinader puso en marcha este martes el Operativo Navidad con Garant\u00eda de\u2026","rel":"","context":"En \u00abMILITARES\u00bb","block_context":{"text":"MILITARES","link":"https:\/\/lasprimeras.com.do\/index.php\/category\/militares\/"},"img":{"alt_text":"","src":"https:\/\/i0.wp.com\/lasprimeras.com.do\/wp-content\/uploads\/2023\/08\/Policia.jpeg?resize=350%2C200&ssl=1","width":350,"height":200,"srcset":"https:\/\/i0.wp.com\/lasprimeras.com.do\/wp-content\/uploads\/2023\/08\/Policia.jpeg?resize=350%2C200&ssl=1 1x, https:\/\/i0.wp.com\/lasprimeras.com.do\/wp-content\/uploads\/2023\/08\/Policia.jpeg?resize=525%2C300&ssl=1 1.5x, https:\/\/i0.wp.com\/lasprimeras.com.do\/wp-content\/uploads\/2023\/08\/Policia.jpeg?resize=700%2C400&ssl=1 2x"},"classes":[]},{"id":67330,"url":"https:\/\/lasprimeras.com.do\/index.php\/2023\/11\/15\/nuevo-director-de-la-policia-advierte-no-conoce-el-miedo\/","url_meta":{"origin":59476,"position":5},"title":"Nuevo director de la Polic\u00eda advierte no conoce el miedo","author":"BIMARY DE JES\u00daS Matos","date":"15 de noviembre de 2023","format":false,"excerpt":"Santo Domingo.-\u201cBasado en la educaci\u00f3n, formaci\u00f3n y aplicaci\u00f3n de las mejores pr\u00e1cticas, cambiaremos el accionar de nuestros miembros, pero esto no significa que no seremos duros y fuertes cuando enfrentemos a los delincuentes. No conocemos el miedo y el pulso no nos temblar\u00e1\u201d, afirm\u00f3 ayer el mayor general Ram\u00f3n Antonio\u2026","rel":"","context":"En \u00abNACIONALES\u00bb","block_context":{"text":"NACIONALES","link":"https:\/\/lasprimeras.com.do\/index.php\/category\/nacionales\/"},"img":{"alt_text":"","src":"https:\/\/i0.wp.com\/lasprimeras.com.do\/wp-content\/uploads\/2023\/11\/valentin-2.png?resize=350%2C200&ssl=1","width":350,"height":200,"srcset":"https:\/\/i0.wp.com\/lasprimeras.com.do\/wp-content\/uploads\/2023\/11\/valentin-2.png?resize=350%2C200&ssl=1 1x, https:\/\/i0.wp.com\/lasprimeras.com.do\/wp-content\/uploads\/2023\/11\/valentin-2.png?resize=525%2C300&ssl=1 1.5x"},"classes":[]}],"jetpack_sharing_enabled":true,"_links":{"self":[{"href":"https:\/\/lasprimeras.com.do\/index.php\/wp-json\/wp\/v2\/posts\/59476","targetHints":{"allow":["GET"]}}],"collection":[{"href":"https:\/\/lasprimeras.com.do\/index.php\/wp-json\/wp\/v2\/posts"}],"about":[{"href":"https:\/\/lasprimeras.com.do\/index.php\/wp-json\/wp\/v2\/types\/post"}],"author":[{"embeddable":true,"href":"https:\/\/lasprimeras.com.do\/index.php\/wp-json\/wp\/v2\/users\/2"}],"replies":[{"embeddable":true,"href":"https:\/\/lasprimeras.com.do\/index.php\/wp-json\/wp\/v2\/comments?post=59476"}],"version-history":[{"count":1,"href":"https:\/\/lasprimeras.com.do\/index.php\/wp-json\/wp\/v2\/posts\/59476\/revisions"}],"predecessor-version":[{"id":59477,"href":"https:\/\/lasprimeras.com.do\/index.php\/wp-json\/wp\/v2\/posts\/59476\/revisions\/59477"}],"wp:featuredmedia":[{"embeddable":true,"href":"https:\/\/lasprimeras.com.do\/index.php\/wp-json\/wp\/v2\/media\/54989"}],"wp:attachment":[{"href":"https:\/\/lasprimeras.com.do\/index.php\/wp-json\/wp\/v2\/media?parent=59476"}],"wp:term":[{"taxonomy":"category","embeddable":true,"href":"https:\/\/lasprimeras.com.do\/index.php\/wp-json\/wp\/v2\/categories?post=59476"},{"taxonomy":"post_tag","embeddable":true,"href":"https:\/\/lasprimeras.com.do\/index.php\/wp-json\/wp\/v2\/tags?post=59476"}],"curies":[{"name":"wp","href":"https:\/\/api.w.org\/{rel}","templated":true}]}}