{"id":59487,"date":"2023-09-04T20:51:24","date_gmt":"2023-09-05T00:51:24","guid":{"rendered":"https:\/\/lasprimeras.com.do\/?p=59487"},"modified":"2023-09-04T20:51:25","modified_gmt":"2023-09-05T00:51:25","slug":"alcalde-de-la-caleta-denuncia-plan-para-desacreditar-su-gestion-de-gobierno","status":"publish","type":"post","link":"https:\/\/lasprimeras.com.do\/index.php\/2023\/09\/04\/alcalde-de-la-caleta-denuncia-plan-para-desacreditar-su-gestion-de-gobierno\/","title":{"rendered":"Alcalde de La Caleta denuncia plan para desacreditar su gesti\u00f3n de gobierno"},"content":{"rendered":"\n<p><strong>Marcial Reyes Suberv\u00ed: El PRM tiene un plan para intentar destruir el desarrollo que esperan tener los caleteros con calumnias, mentiras y blasfemias.<\/strong><\/p>\n\n\n\n<p>Por Martin Restituyo<\/p>\n\n\n\n<p>El director de la Junta municipal de La Caleta, Boca Chica, Marcial Reyes Suberv\u00ed denunci\u00f3 hoy que existe una trama en su contra, que utiliza a dirigentes del Partido Revolucionario Moderno en el consejo de vocales, con la intenci\u00f3n de da\u00f1ar su imagen.<\/p>\n\n\n\n<p>Agreg\u00f3, que los vocales, (regidores) involucrados en la campa\u00f1a sucia, no tienen la m\u00ednima intenci\u00f3n de trabajar en la gesti\u00f3n de obras, ni muchos en la fiscalizaci\u00f3n de los recursos econ\u00f3micos que maneja su administraci\u00f3n.<\/p>\n\n\n\n<p>El edil determin\u00f3 que al momento de asumir la gesti\u00f3n municipal (2020-2024) encontr\u00f3 un cementerio de veh\u00edculos convertidos en chatarras, que no ofrec\u00edan ning\u00fan servicio, pero que figuraban en los reportes como si estuvieran operando, consumiendo combustibles, bater\u00edas, neum\u00e1ticos, entre otros insumos.<\/p>\n\n\n\n<p>\u201cNosotros en esta administraci\u00f3n no hemos contratado compa\u00f1\u00edas de recolecci\u00f3n de basura, como lo hizo la gesti\u00f3n anterior del PRM encabezada por su l\u00edder M\u00e1ximo Soriano de los Santos, quien le pagaba 700 mil pesos mensuales a la empresa Maggioli Corporaci\u00f3n, propiedad de su yerno esposo de su hija\u201d.<\/p>\n\n\n\n<p>En el mismo orden, Reyes Suberv\u00ed enfatiz\u00f3 que ninguna gesti\u00f3n en La Caleta, ha manejado los recursos p\u00fablicos con tanta eficacia, eficiencia, transparencia, equidad y pulcritud, que la de nosotros.<\/p>\n\n\n\n<p>\u201cHemos logrado que empresas del sector privado que trabajan en la comunidad, hagan contratos para la recolecci\u00f3n de sus desechos s\u00f3lidos. Esa es una muestra evidente de confianza en el trabajo que estamos realizando, cosa que nunca se hab\u00eda visto en otras gestiones\u201d, dijo el funcionario.<\/p>\n\n\n\n<p><strong>Logros alcanzados:<\/strong><\/p>\n\n\n\n<p>Cabe destacar que la actual direcci\u00f3n municipal de La Caleta ha adquirido 4 camiones recolectores de basura y un bocat o mejor conocido, pala mec\u00e1nica. Todo con recursos propios, sin tomar pr\u00e9stamos a bancos m\u00faltiples, ni a financieras como era costumbre por sus antecesores.<\/p>\n\n\n\n<p>La construcci\u00f3n de varios campos de b\u00e9isbol, canchas deportivas, cientos de kil\u00f3metros de aceras y contenes, badenes, instalaci\u00f3n de l\u00e1mparas, acondicionamiento de caminos vecinales, calles, callejones, entre otros.<\/p>\n\n\n\n<p>El parador fotogr\u00e1fico de La Caleta, el boulevard de Valiente, la habilitaci\u00f3n de la Escuela Vocacional, el Instituto T\u00e9cnico Jos\u00e9 Luis Paredes, la reparaci\u00f3n de parques recreativos, el otorgamiento de incentivos escolares, ayudas econ\u00f3micas a personas adultas mayores, equipamientos de la Polic\u00eda Municipal, y del Cuerpo de Bomberos,adem\u00e1s la construcci\u00f3n de canchas de baloncesto, entre otras.<\/p>\n\n\n\n<p><strong>Llamado:<\/strong><\/p>\n\n\n\n<p>Aprovech\u00f3 para hacer un llamado a todos los caleteros a no olvidar el pasado desastroso que dej\u00f3 la gesti\u00f3n del PRM liderada por su actual presidente a nivel local, M\u00e1ximo Soriano de los Santos, apodado el s\u00edndico de la maqueta, que en 11 a\u00f1os de administraci\u00f3n no se vio el desarrollo que prometi\u00f3, y que desea otra vez volver a mentirle a la comunidad.<\/p>\n\n\n\n<p>Tambi\u00e9n exclam\u00f3 que solo su partido, el Partido de la Liberaci\u00f3n Dominicana en el gobierno central, encabezado por Abel Mart\u00ednez Duran, La Caleta volver\u00e1 a retomar la esperanza hacia el progreso y desarrollo que espera.<\/p>\n","protected":false},"excerpt":{"rendered":"<p>Marcial Reyes Suberv\u00ed: El PRM tiene un plan para intentar destruir el desarrollo que esperan tener los caleteros con calumnias, mentiras y blasfemias. Por Martin Restituyo El director de la&hellip;<\/p>\n","protected":false},"author":2,"featured_media":59488,"comment_status":"open","ping_status":"open","sticky":false,"template":"","format":"standard","meta":{"content-type":"","jetpack_post_was_ever_published":false,"_jetpack_newsletter_access":"","_jetpack_dont_email_post_to_subs":false,"_jetpack_newsletter_tier_id":0,"_jetpack_memberships_contains_paywalled_content":false,"_jetpack_memberships_contains_paid_content":false,"footnotes":""},"categories":[25],"tags":[4944,247,212,171,1317,2215,145,269,31],"class_list":["post-59487","post","type-post","status-publish","format-standard","has-post-thumbnail","hentry","category-portada","tag-desacreditar","tag-director","tag-gestion","tag-gobierno","tag-la-caleta","tag-municipal","tag-plan","tag-pld","tag-prm"],"jetpack_featured_media_url":"https:\/\/lasprimeras.com.do\/wp-content\/uploads\/2023\/09\/Marcial-Reyes-Subervi.jpg","jetpack-related-posts":[{"id":123205,"url":"https:\/\/lasprimeras.com.do\/index.php\/2026\/02\/26\/marcial-reyes-critica-gestion-actual-en-la-caleta\/","url_meta":{"origin":59487,"position":0},"title":"Marcial Reyes critica gesti\u00f3n actual en La Caleta","author":"Nelson Feliz","date":"26 de febrero de 2026","format":false,"excerpt":"Asegura que se han recibido RD$40 millones adicionales sin que se reflejen obras visibles en aceras y contenes El exalcalde del municipio La Caleta, Marcial Reyes Suberv\u00ed, cuestion\u00f3 p\u00fablicamente la gesti\u00f3n del actual alcalde, M\u00e1ximo Soriano de los Santos, al se\u00f1alar que, pese a haber recibido aproximadamente 40 millones de\u2026","rel":"","context":"En \u00abPOLITICA\u00bb","block_context":{"text":"POLITICA","link":"https:\/\/lasprimeras.com.do\/index.php\/category\/politica\/"},"img":{"alt_text":"Marcial Reyes Suberv\u00ed","src":"https:\/\/i0.wp.com\/lasprimeras.com.do\/wp-content\/uploads\/2026\/02\/Marcial-Reyes-Subervi.jpg?resize=350%2C200&ssl=1","width":350,"height":200,"srcset":"https:\/\/i0.wp.com\/lasprimeras.com.do\/wp-content\/uploads\/2026\/02\/Marcial-Reyes-Subervi.jpg?resize=350%2C200&ssl=1 1x, https:\/\/i0.wp.com\/lasprimeras.com.do\/wp-content\/uploads\/2026\/02\/Marcial-Reyes-Subervi.jpg?resize=525%2C300&ssl=1 1.5x"},"classes":[]},{"id":105741,"url":"https:\/\/lasprimeras.com.do\/index.php\/2025\/08\/06\/exalcalde-marcial-reyes-lamenta-abandono-de-obras-y-deterioro-urbano-en-la-caleta\/","url_meta":{"origin":59487,"position":1},"title":"Exalcalde Marcial Reyes lamenta abandono de obras y deterioro urbano en La Caleta,","author":"Nelson Feliz","date":"6 de agosto de 2025","format":false,"excerpt":"El exalcalde del municipio La Caleta y dirigente del Partido de la Liberaci\u00f3n Dominicana (PLD), Marcial Reyes Suberv\u00ed, manifest\u00f3 su profunda preocupaci\u00f3n por el estado de abandono en que se encuentra esa comunidad, pese a su importancia estrat\u00e9gica y a la existencia de un contrato multimillonario entre el Estado dominicano\u2026","rel":"","context":"En \u00abPOLITICA\u00bb","block_context":{"text":"POLITICA","link":"https:\/\/lasprimeras.com.do\/index.php\/category\/politica\/"},"img":{"alt_text":"","src":"https:\/\/i0.wp.com\/lasprimeras.com.do\/wp-content\/uploads\/2025\/08\/obras.jpeg?resize=350%2C200&ssl=1","width":350,"height":200,"srcset":"https:\/\/i0.wp.com\/lasprimeras.com.do\/wp-content\/uploads\/2025\/08\/obras.jpeg?resize=350%2C200&ssl=1 1x, https:\/\/i0.wp.com\/lasprimeras.com.do\/wp-content\/uploads\/2025\/08\/obras.jpeg?resize=525%2C300&ssl=1 1.5x, https:\/\/i0.wp.com\/lasprimeras.com.do\/wp-content\/uploads\/2025\/08\/obras.jpeg?resize=700%2C400&ssl=1 2x, https:\/\/i0.wp.com\/lasprimeras.com.do\/wp-content\/uploads\/2025\/08\/obras.jpeg?resize=1050%2C600&ssl=1 3x, https:\/\/i0.wp.com\/lasprimeras.com.do\/wp-content\/uploads\/2025\/08\/obras.jpeg?resize=1400%2C800&ssl=1 4x"},"classes":[]},{"id":101209,"url":"https:\/\/lasprimeras.com.do\/index.php\/2025\/06\/17\/marcial-reyes-dice-que-con-el-prm-el-pueblo-no-ha-tenido-descanso\/","url_meta":{"origin":59487,"position":2},"title":"Marcial Reyes dice que con el PRM el pueblo no ha tenido descanso","author":"Nelson Feliz","date":"17 de junio de 2025","format":false,"excerpt":"Desalojos en La Caleta, Provincia Santo Domingo, est\u00e1n dejando sin hogar decenas de familias, denuncia el exalcalde Marcial Reyes. El dirigente del Partido de la Liberaci\u00f3n Dominicana (PLD), Marcial Reyes Suberv\u00ed, denunci\u00f3 los desalojos que se est\u00e1n realizando en La Caleta, provincia Santo Domingo, los cuales est\u00e1n dejando sin hogar\u2026","rel":"","context":"En \u00abPOLITICA\u00bb","block_context":{"text":"POLITICA","link":"https:\/\/lasprimeras.com.do\/index.php\/category\/politica\/"},"img":{"alt_text":"","src":"https:\/\/i0.wp.com\/lasprimeras.com.do\/wp-content\/uploads\/2025\/06\/Marcial-Reyes-Subervi.png?resize=350%2C200&ssl=1","width":350,"height":200,"srcset":"https:\/\/i0.wp.com\/lasprimeras.com.do\/wp-content\/uploads\/2025\/06\/Marcial-Reyes-Subervi.png?resize=350%2C200&ssl=1 1x, https:\/\/i0.wp.com\/lasprimeras.com.do\/wp-content\/uploads\/2025\/06\/Marcial-Reyes-Subervi.png?resize=525%2C300&ssl=1 1.5x, https:\/\/i0.wp.com\/lasprimeras.com.do\/wp-content\/uploads\/2025\/06\/Marcial-Reyes-Subervi.png?resize=700%2C400&ssl=1 2x"},"classes":[]},{"id":60331,"url":"https:\/\/lasprimeras.com.do\/index.php\/2023\/09\/13\/prm-se-desliga-de-quema-de-camiones-en-la-junta-municipal-de-la-caleta\/","url_meta":{"origin":59487,"position":3},"title":"PRM se desliga de quema de camiones en la Junta Municipal de La Caleta","author":"Nelson Feliz","date":"13 de septiembre de 2023","format":false,"excerpt":"Piden buscar a los verdaderos culpables del siniestro. L\u00edderes pol\u00edticos del PRM se desligan de atentados contra bienes del Estado en el distrito municipal de La Caleta, Boca Chica. El Partido Revolucionario Moderno, PRM en el distrito Municipal de La Caleta se desliga de atentado contra los bienes del Estado,\u2026","rel":"","context":"En \u00abPORTADA\u00bb","block_context":{"text":"PORTADA","link":"https:\/\/lasprimeras.com.do\/index.php\/category\/portada\/"},"img":{"alt_text":"Ediles","src":"https:\/\/i0.wp.com\/lasprimeras.com.do\/wp-content\/uploads\/2023\/09\/Ediles.jpg?resize=350%2C200&ssl=1","width":350,"height":200,"srcset":"https:\/\/i0.wp.com\/lasprimeras.com.do\/wp-content\/uploads\/2023\/09\/Ediles.jpg?resize=350%2C200&ssl=1 1x, https:\/\/i0.wp.com\/lasprimeras.com.do\/wp-content\/uploads\/2023\/09\/Ediles.jpg?resize=525%2C300&ssl=1 1.5x, https:\/\/i0.wp.com\/lasprimeras.com.do\/wp-content\/uploads\/2023\/09\/Ediles.jpg?resize=700%2C400&ssl=1 2x"},"classes":[]},{"id":56421,"url":"https:\/\/lasprimeras.com.do\/index.php\/2023\/07\/31\/maximo-soriano-asegura-que-ganara-las-elecciones-municipales-para-rescatar-la-caleta\/","url_meta":{"origin":59487,"position":4},"title":"M\u00e1ximo Soriano asegura que ganar\u00e1 las elecciones municipales para rescatar La Caleta","author":"Nelson Feliz","date":"31 de julio de 2023","format":false,"excerpt":"PRM asegura triunfo electoral en La Caleta y en cada municipio de la Rep\u00fablica Dominicana. El presidente del Partido Revolucionario Moderno, (PRM)\u00a0 M\u00e1ximo Soriano de los Santos determin\u00f3 que volver\u00e1 a la Junta Municipal de La Caleta con la misi\u00f3n de \u201cdarle vida\u201d a una comunidad que ha sido abandonada\u2026","rel":"","context":"En \u00abSin categor\u00eda\u00bb","block_context":{"text":"Sin categor\u00eda","link":"https:\/\/lasprimeras.com.do\/index.php\/category\/sin-categoria\/"},"img":{"alt_text":"Maximo Soriano","src":"https:\/\/i0.wp.com\/lasprimeras.com.do\/wp-content\/uploads\/2023\/07\/Maximo-Soriano.jpg?resize=350%2C200&ssl=1","width":350,"height":200,"srcset":"https:\/\/i0.wp.com\/lasprimeras.com.do\/wp-content\/uploads\/2023\/07\/Maximo-Soriano.jpg?resize=350%2C200&ssl=1 1x, https:\/\/i0.wp.com\/lasprimeras.com.do\/wp-content\/uploads\/2023\/07\/Maximo-Soriano.jpg?resize=525%2C300&ssl=1 1.5x, https:\/\/i0.wp.com\/lasprimeras.com.do\/wp-content\/uploads\/2023\/07\/Maximo-Soriano.jpg?resize=700%2C400&ssl=1 2x"},"classes":[]},{"id":56887,"url":"https:\/\/lasprimeras.com.do\/index.php\/2023\/08\/06\/dirigente-del-pld-en-la-caleta-llama-mentiroso-al-prm-y-a-su-candidato\/","url_meta":{"origin":59487,"position":5},"title":"Dirigente del PLD en La Caleta llama mentiroso al PRM y a su candidato","author":"Nelson Feliz","date":"6 de agosto de 2023","format":false,"excerpt":"El dirigente del Partido de la Liberaci\u00f3n Dominicana, PLD en el distrito municipal de La Caleta, Roberto Montero desminti\u00f3 al candidato a director por el PRM, M\u00e1ximo Soriano acus\u00e1ndolo de vender sue\u00f1os a los caleteros que le dieron la oportunidad en tres ocasiones y no que hizo nada en la\u2026","rel":"","context":"En \u00abSin categor\u00eda\u00bb","block_context":{"text":"Sin categor\u00eda","link":"https:\/\/lasprimeras.com.do\/index.php\/category\/sin-categoria\/"},"img":{"alt_text":"M\u00e1ximo Soriano","src":"https:\/\/i0.wp.com\/lasprimeras.com.do\/wp-content\/uploads\/2023\/08\/Maximo-Soriano.jpg?resize=350%2C200&ssl=1","width":350,"height":200,"srcset":"https:\/\/i0.wp.com\/lasprimeras.com.do\/wp-content\/uploads\/2023\/08\/Maximo-Soriano.jpg?resize=350%2C200&ssl=1 1x, https:\/\/i0.wp.com\/lasprimeras.com.do\/wp-content\/uploads\/2023\/08\/Maximo-Soriano.jpg?resize=525%2C300&ssl=1 1.5x, https:\/\/i0.wp.com\/lasprimeras.com.do\/wp-content\/uploads\/2023\/08\/Maximo-Soriano.jpg?resize=700%2C400&ssl=1 2x"},"classes":[]}],"jetpack_sharing_enabled":true,"_links":{"self":[{"href":"https:\/\/lasprimeras.com.do\/index.php\/wp-json\/wp\/v2\/posts\/59487","targetHints":{"allow":["GET"]}}],"collection":[{"href":"https:\/\/lasprimeras.com.do\/index.php\/wp-json\/wp\/v2\/posts"}],"about":[{"href":"https:\/\/lasprimeras.com.do\/index.php\/wp-json\/wp\/v2\/types\/post"}],"author":[{"embeddable":true,"href":"https:\/\/lasprimeras.com.do\/index.php\/wp-json\/wp\/v2\/users\/2"}],"replies":[{"embeddable":true,"href":"https:\/\/lasprimeras.com.do\/index.php\/wp-json\/wp\/v2\/comments?post=59487"}],"version-history":[{"count":1,"href":"https:\/\/lasprimeras.com.do\/index.php\/wp-json\/wp\/v2\/posts\/59487\/revisions"}],"predecessor-version":[{"id":59489,"href":"https:\/\/lasprimeras.com.do\/index.php\/wp-json\/wp\/v2\/posts\/59487\/revisions\/59489"}],"wp:featuredmedia":[{"embeddable":true,"href":"https:\/\/lasprimeras.com.do\/index.php\/wp-json\/wp\/v2\/media\/59488"}],"wp:attachment":[{"href":"https:\/\/lasprimeras.com.do\/index.php\/wp-json\/wp\/v2\/media?parent=59487"}],"wp:term":[{"taxonomy":"category","embeddable":true,"href":"https:\/\/lasprimeras.com.do\/index.php\/wp-json\/wp\/v2\/categories?post=59487"},{"taxonomy":"post_tag","embeddable":true,"href":"https:\/\/lasprimeras.com.do\/index.php\/wp-json\/wp\/v2\/tags?post=59487"}],"curies":[{"name":"wp","href":"https:\/\/api.w.org\/{rel}","templated":true}]}}