{"id":59504,"date":"2023-09-04T23:32:46","date_gmt":"2023-09-05T03:32:46","guid":{"rendered":"https:\/\/lasprimeras.com.do\/?p=59504"},"modified":"2023-09-04T23:32:47","modified_gmt":"2023-09-05T03:32:47","slug":"abinader-presenta-en-detalles-los-avances-de-la-transformacion-policial","status":"publish","type":"post","link":"https:\/\/lasprimeras.com.do\/index.php\/2023\/09\/04\/abinader-presenta-en-detalles-los-avances-de-la-transformacion-policial\/","title":{"rendered":"Abinader presenta en detalles los avances de la transformaci\u00f3n policial"},"content":{"rendered":"\n<p><strong>El mandatario sostiene que PN es efectiva en m\u00e1s de un 75% en capturas de delincuentes. Revel\u00f3 que actualmente se construyen 126 destacamentos en diferentes puntos del pa\u00eds<\/strong><\/p>\n\n\n\n<p>Por Martin Restituyo<\/p>\n\n\n\n<p>El presidente Luis Abinader inform\u00f3 este lunes que dentro de la reforma policial se preparar\u00e1n m\u00e1s de 3 mil agentes que saldr\u00e1n de las academias policiales de Hatillo, as\u00ed como R\u00edo San Juan y Boca Chica que actualmente est\u00e1n en proceso de desarrollo.<\/p>\n\n\n\n<p>Asimismo, el mandatario expres\u00f3 que se trabaja para llevar a todo el pa\u00eds una cultura de paz y anunci\u00f3 que pr\u00f3ximamente se anunciar\u00e1 Un Plan por la Paz, a fin de reducir los conflictos entre familias, vecinos y amigos.<\/p>\n\n\n\n<p>De la comisi\u00f3n de reforma de la Polic\u00eda Nacional acompa\u00f1aron al mandatario el director general de la Polic\u00eda Nacional, mayor general Eduardo Alberto Then; Servio Tulio Casta\u00f1os, Mu-Kien Adriana Sang y Elena Viyella De Paliza.<\/p>\n\n\n\n<p>Del mismo modo, indic\u00f3 que se han colocado 4,200 millones de pesos para el proceso de la reforma, esto a parte del presupuesto para dicha reforma qu\u00e9 ha sido aumentado.<\/p>\n\n\n\n<p>Estas declaraciones fueron ofrecidas por el mandatario durante la conferencia de prensa \u201cLA Semanal con la prensa\u201d, que se realiza todos los lunes a partir de las 4:30 de la tarde en el Sal\u00f3n de las Cari\u00e1tides del Palacio Nacional.<\/p>\n\n\n\n<p>En ese mismo orden, el jefe del Estado expres\u00f3 que lo ideal es que en las calles haya el doble de los polic\u00edas que hay, o sea, unos 32 mil polic\u00edas, los que asegur\u00f3 existir\u00edan a partir del segundo semestre del 2026.<\/p>\n\n\n\n<p>Efectiva en m\u00e1s de un 75%<\/p>\n\n\n\n<p>Sostuvo que actualmente la Polic\u00eda est\u00e1 siendo efectiva en m\u00e1s de un 75% en capturas de delincuentes.<\/p>\n\n\n\n<p>Inform\u00f3 que en la actualidad se construyen 126 destacamentos policiales en diferentes puntos del pa\u00eds.<\/p>\n\n\n\n<p>El presidente Abinader al conversar con periodistas de diferentes medios de comunicaci\u00f3n manifest\u00f3 que cada semana se entregan delincuentes de manera voluntaria, ya que se han creado comandos de b\u00fasqueda.<\/p>\n\n\n\n<p>Pilares de la reforma<\/p>\n\n\n\n<p>Los pilares de la Reforma Policial son calidad de vida, operaci\u00f3n policial, educaci\u00f3n y presupuesto y administraci\u00f3n.<\/p>\n\n\n\n<p>En cuanto a la calidad de vida, el jefe de Estado reiter\u00f3 el cumplimiento de la promesa de aumento salarial para los agentes, pasando de 10,150.42 a 24,555.90 (126%) para los cabos, y de 11,600.38 a 26,233.36 (142%) para los rasos. Concluy\u00f3 que para fines de este 2023 el salario alcanzar\u00eda los 500 d\u00f3lares.<\/p>\n\n\n\n<p>Otro aspecto resaltado fue la disminuci\u00f3n de robos a un 24.1% y la de homicidios a 12.2%, acorde a una comparaci\u00f3n que abarca del 1 al 31 de agosto de 2022 y 2023.<\/p>\n\n\n\n<p>Implementaci\u00f3n de herramientas tecnol\u00f3gicas<\/p>\n\n\n\n<p>Mientras que entre las explicaciones ofrecidas por miembros de la Polic\u00eda Nacional, se enfatiz\u00f3 la implementaci\u00f3n de herramientas tecnol\u00f3gicas que han permitido un mayor control de los procesos internos, diagn\u00f3sticos, anal\u00edtica y m\u00e9tricas eficientes y la mejora del monitoreo por cuadrantes que ahora permite la visualizaci\u00f3n de im\u00e1genes en tiempo real, as\u00ed como la emisi\u00f3n de alertas por exceso de velocidad o ruidos provocados por disparos.<\/p>\n\n\n\n<p>Estas c\u00e1maras funcionan actualmente en el Distrito Nacional y el Gran Santo Domingo con proyecci\u00f3n de implementarlas en Santiago, San Francisco de Macor\u00eds y La Romana en este 2023.<\/p>\n\n\n\n<p>Adem\u00e1s, se est\u00e1 impulsando el uso de la aplicaci\u00f3n y portal web para colocar las denuncias sin tener que trasladarse a los destacamentos.<\/p>\n\n\n\n<p>De igual forma, se destac\u00f3 la inversi\u00f3n de 100 millones de pesos en la ampliaci\u00f3n del Instituto Policial de Educaci\u00f3n Superior; la certificaci\u00f3n de 1,300 polic\u00edas; el aumento a 6 meses de capacitaci\u00f3n y 6 meses de pasant\u00eda en el campo para los nuevos miembros; y el despliegue de fuerzas conjuntas entre la Polic\u00eda Nacional y las Fuerzas Armadas.<\/p>\n\n\n\n<p>Apagones<\/p>\n\n\n\n<p>Respecto a este tema, el gobernante declar\u00f3 que en anteriores gobiernos no se invert\u00eda en las redes de distribuci\u00f3n, por lo que dijo se requiere de una inversi\u00f3n de 2 mil millones de d\u00f3lares.<\/p>\n\n\n\n<p>Inform\u00f3 que los apagones que ocurren actualmente se deben a aver\u00edas por una mayor demanda de electricidad y dijo que ha habido un aumento de unos 800 megas en consumo de electricidad durante estos tres a\u00f1os.<\/p>\n\n\n\n<p>Agreg\u00f3 que se colocaron 700 millones de d\u00f3lares para mejorar las redes de distribuci\u00f3n, pero con las alzas de los combustibles este dinero se utiliz\u00f3 para subsidio con el fin de controlar los aumentos de tarifas.<\/p>\n\n\n\n<p>Mu-Kien Sang Ben<\/p>\n\n\n\n<p>De su lado la coordinadora de la Comisi\u00f3n T\u00e9cnica para la Reestructuraci\u00f3n del Sistema Educativo de la Polic\u00eda Nacional, Mu-Kien Sang Ben inform\u00f3 que en el corto plazo se ha logrado dise\u00f1ar cursos complementarios para los polic\u00edas de servicio y la firma de un acuerdo con 13 universidades.<\/p>\n\n\n\n<p>A\u00f1adi\u00f3 que estos cursos est\u00e1n dirigidos a complementar la formaci\u00f3n de los agentes con una serie de conocimientos y aprendizajes basados en contenidos tem\u00e1ticos como derechos humanos, constituci\u00f3n, uso de la fuerza, manejo de la ira, resoluci\u00f3n pac\u00edfica de conflictos y \u00e9tica como un elemento transversal.<\/p>\n\n\n\n<p>Mejoramiento de la infraestructura f\u00edsica<\/p>\n\n\n\n<p>En materia de infraestructura, anunci\u00f3 que se construir\u00e1 un nuevo edificio de 23 aulas en la Plaza Educativa.<\/p>\n\n\n\n<p>A\u00f1adi\u00f3 que adem\u00e1s de mejorar las condiciones f\u00edsicas, tambi\u00e9n, han recibido apoyo de la Pan Am\u00e9rican Development Fundaci\u00f3n (PADF) para la formaci\u00f3n de los docentes e intercambio de experiencia internacional.<\/p>\n\n\n\n<p>Indic\u00f3 adem\u00e1s que han recibido la cooperaci\u00f3n internacional de la Oficina Internacional de Asistencia Antinarc\u00f3ticas y Cumplimiento de la Ley (INL) para el mobiliario de la Escuela de Hatillo y Boca Chica, por un monto de m\u00e1s de US$1 mill\u00f3n.<\/p>\n\n\n\n<p>Dijo que han visitado Honduras, Colombia y Orlando para conocer sus experiencias y poder replicar aspectos positivos en la instrucci\u00f3n policial.<\/p>\n","protected":false},"excerpt":{"rendered":"<p>El mandatario sostiene que PN es efectiva en m\u00e1s de un 75% en capturas de delincuentes. Revel\u00f3 que actualmente se construyen 126 destacamentos en diferentes puntos del pa\u00eds Por Martin&hellip;<\/p>\n","protected":false},"author":2,"featured_media":59505,"comment_status":"open","ping_status":"open","sticky":false,"template":"","format":"standard","meta":{"content-type":"","jetpack_post_was_ever_published":false,"_jetpack_newsletter_access":"","_jetpack_dont_email_post_to_subs":false,"_jetpack_newsletter_tier_id":0,"_jetpack_memberships_contains_paywalled_content":false,"_jetpack_memberships_contains_paid_content":false,"footnotes":""},"categories":[35,25],"tags":[2296,67,1266,1592],"class_list":["post-59504","post","type-post","status-publish","format-standard","has-post-thumbnail","hentry","category-nacionales","category-portada","tag-detalles","tag-luis-abinader","tag-policial","tag-transformacion"],"jetpack_featured_media_url":"https:\/\/lasprimeras.com.do\/wp-content\/uploads\/2023\/09\/Luis-Abinader-se.jpg","jetpack-related-posts":[{"id":103569,"url":"https:\/\/lasprimeras.com.do\/index.php\/2025\/07\/16\/durante-reunion-en-rd-oea-urge-renovar-instituciones-policiales-por-alza-del-crimen-en-la-region\/","url_meta":{"origin":59504,"position":0},"title":"Durante reuni\u00f3n en RD: OEA urge renovar instituciones policiales por alza del crimen en la regi\u00f3n","author":"Nelson Feliz","date":"16 de julio de 2025","format":false,"excerpt":"El representante de la OEA tambi\u00e9n destac\u00f3 que m\u00e1s de la mitad de la poblaci\u00f3n de la regi\u00f3n se siente insegura. El secretario de Seguridad Multidimensional de la Organizaci\u00f3n de Estados Americanos (OEA), Iv\u00e1n Marques, alert\u00f3 sobre el deterioro de la seguridad p\u00fablica en la regi\u00f3n y la necesidad urgente\u2026","rel":"","context":"En \u00abNACIONALES\u00bb","block_context":{"text":"NACIONALES","link":"https:\/\/lasprimeras.com.do\/index.php\/category\/nacionales\/"},"img":{"alt_text":"","src":"https:\/\/i0.wp.com\/lasprimeras.com.do\/wp-content\/uploads\/2025\/07\/OEA.jpeg?resize=350%2C200&ssl=1","width":350,"height":200,"srcset":"https:\/\/i0.wp.com\/lasprimeras.com.do\/wp-content\/uploads\/2025\/07\/OEA.jpeg?resize=350%2C200&ssl=1 1x, https:\/\/i0.wp.com\/lasprimeras.com.do\/wp-content\/uploads\/2025\/07\/OEA.jpeg?resize=525%2C300&ssl=1 1.5x, https:\/\/i0.wp.com\/lasprimeras.com.do\/wp-content\/uploads\/2025\/07\/OEA.jpeg?resize=700%2C400&ssl=1 2x, https:\/\/i0.wp.com\/lasprimeras.com.do\/wp-content\/uploads\/2025\/07\/OEA.jpeg?resize=1050%2C600&ssl=1 3x, https:\/\/i0.wp.com\/lasprimeras.com.do\/wp-content\/uploads\/2025\/07\/OEA.jpeg?resize=1400%2C800&ssl=1 4x"},"classes":[]},{"id":100195,"url":"https:\/\/lasprimeras.com.do\/index.php\/2025\/06\/03\/gobierno-pone-en-marcha-nuevo-modelo-de-patrullaje-y-servicio-policial-en-el-gran-santo-domingo\/","url_meta":{"origin":59504,"position":1},"title":"Gobierno pone en marcha nuevo modelo de patrullaje y servicio policial en el Gran Santo Domingo","author":"Nelson Feliz","date":"3 de junio de 2025","format":false,"excerpt":"Presidente Abinader encabeza integraci\u00f3n de m\u00e1s de 1,100 polic\u00edas al nuevo modelo de servicio y patrullaje en fase piloto. El presidente de la Rep\u00fablica, Luis Abinader lanz\u00f3 este lunes el \u201cNuevo Modelo de Servicio y Patrullaje Policial\u201d en varios sectores del Gran Santo Domingo, una estrategia que busca fortalecer la\u2026","rel":"","context":"En \u00abNACIONALES\u00bb","block_context":{"text":"NACIONALES","link":"https:\/\/lasprimeras.com.do\/index.php\/category\/nacionales\/"},"img":{"alt_text":"","src":"https:\/\/i0.wp.com\/lasprimeras.com.do\/wp-content\/uploads\/2025\/06\/patrullaje-en-fase-piloto.jpg?resize=350%2C200&ssl=1","width":350,"height":200,"srcset":"https:\/\/i0.wp.com\/lasprimeras.com.do\/wp-content\/uploads\/2025\/06\/patrullaje-en-fase-piloto.jpg?resize=350%2C200&ssl=1 1x, https:\/\/i0.wp.com\/lasprimeras.com.do\/wp-content\/uploads\/2025\/06\/patrullaje-en-fase-piloto.jpg?resize=525%2C300&ssl=1 1.5x, https:\/\/i0.wp.com\/lasprimeras.com.do\/wp-content\/uploads\/2025\/06\/patrullaje-en-fase-piloto.jpg?resize=700%2C400&ssl=1 2x"},"classes":[]},{"id":109247,"url":"https:\/\/lasprimeras.com.do\/index.php\/2025\/09\/15\/faride-promete-que-se-revelaran-los-nombres-de-los-policias-que-mataron-cinco-en-santiago\/","url_meta":{"origin":59504,"position":2},"title":"Faride promete que se revelar\u00e1n los nombres de los polic\u00edas que mataron cinco en Santiago","author":"Nelson Feliz","date":"15 de septiembre de 2025","format":false,"excerpt":"La ministra de Interior y Polic\u00eda, Faride Raful, afirm\u00f3 este lunes que el Gobierno trabaja en la identificaci\u00f3n de responsabilidades por la muerte de cinco personas durante un operativo policial en el sector La Barranquita, en Santiago, entre ellas un joven barbero cuya familia insiste en que no ten\u00eda v\u00ednculos\u2026","rel":"","context":"En \u00abNACIONALES\u00bb","block_context":{"text":"NACIONALES","link":"https:\/\/lasprimeras.com.do\/index.php\/category\/nacionales\/"},"img":{"alt_text":"","src":"https:\/\/i0.wp.com\/lasprimeras.com.do\/wp-content\/uploads\/2025\/09\/Faride-Raful.jpg?resize=350%2C200&ssl=1","width":350,"height":200,"srcset":"https:\/\/i0.wp.com\/lasprimeras.com.do\/wp-content\/uploads\/2025\/09\/Faride-Raful.jpg?resize=350%2C200&ssl=1 1x, https:\/\/i0.wp.com\/lasprimeras.com.do\/wp-content\/uploads\/2025\/09\/Faride-Raful.jpg?resize=525%2C300&ssl=1 1.5x, https:\/\/i0.wp.com\/lasprimeras.com.do\/wp-content\/uploads\/2025\/09\/Faride-Raful.jpg?resize=700%2C400&ssl=1 2x"},"classes":[]},{"id":123690,"url":"https:\/\/lasprimeras.com.do\/index.php\/2026\/03\/04\/abinader-la-tecnificacion-de-la-dicrim-no-es-un-proyecto-administrativo-es-una-politica-de-estado\/","url_meta":{"origin":59504,"position":3},"title":"Abinader: \u201cLa tecnificaci\u00f3n de la DICRIM no es un proyecto administrativo, es una pol\u00edtica de Estado\u201d*","author":"Nelson Feliz","date":"4 de marzo de 2026","format":false,"excerpt":"_El mandatario posiciona la investigaci\u00f3n cient\u00edfica como eje del sistema de justicia y consolida a la DICRIM como columna vertebral t\u00e9cnica contra el crimen en la Rep\u00fablica Dominicana._ El presidente Luis Abinader coloc\u00f3 la Reforma Policial en una nueva dimensi\u00f3n estrat\u00e9gica al declarar la tecnificaci\u00f3n de la investigaci\u00f3n criminal como\u2026","rel":"","context":"En \u00abNACIONALES\u00bb","block_context":{"text":"NACIONALES","link":"https:\/\/lasprimeras.com.do\/index.php\/category\/nacionales\/"},"img":{"alt_text":"","src":"https:\/\/i0.wp.com\/lasprimeras.com.do\/wp-content\/uploads\/2026\/03\/IMG-20260304-WA0423-scaled.jpg?resize=350%2C200&ssl=1","width":350,"height":200,"srcset":"https:\/\/i0.wp.com\/lasprimeras.com.do\/wp-content\/uploads\/2026\/03\/IMG-20260304-WA0423-scaled.jpg?resize=350%2C200&ssl=1 1x, https:\/\/i0.wp.com\/lasprimeras.com.do\/wp-content\/uploads\/2026\/03\/IMG-20260304-WA0423-scaled.jpg?resize=525%2C300&ssl=1 1.5x, https:\/\/i0.wp.com\/lasprimeras.com.do\/wp-content\/uploads\/2026\/03\/IMG-20260304-WA0423-scaled.jpg?resize=700%2C400&ssl=1 2x, https:\/\/i0.wp.com\/lasprimeras.com.do\/wp-content\/uploads\/2026\/03\/IMG-20260304-WA0423-scaled.jpg?resize=1050%2C600&ssl=1 3x, https:\/\/i0.wp.com\/lasprimeras.com.do\/wp-content\/uploads\/2026\/03\/IMG-20260304-WA0423-scaled.jpg?resize=1400%2C800&ssl=1 4x"},"classes":[]},{"id":85795,"url":"https:\/\/lasprimeras.com.do\/index.php\/2024\/07\/09\/abinader-asegura-transformacion-pn-es-una-realidad-que-necesita-la-sociedad-dominicana\/","url_meta":{"origin":59504,"position":4},"title":"Abinader asegura transformaci\u00f3n PN es una realidad que necesita la sociedad dominicana","author":"Nelson Feliz","date":"9 de julio de 2024","format":false,"excerpt":"Se inform\u00f3 que con el proceso de transformaci\u00f3n de la P.N. se han capacitado a 4,480 alistados; 118 oficiales superiores; 129 oficiales subalternos, 109 instructores y formado 230 facilitadores El presidente Luis Abinader declar\u00f3 este lunes que el proceso de transformaci\u00f3n de la Polic\u00eda Nacional es una realidad imparable que\u2026","rel":"","context":"En \u00abNACIONALES\u00bb","block_context":{"text":"NACIONALES","link":"https:\/\/lasprimeras.com.do\/index.php\/category\/nacionales\/"},"img":{"alt_text":"","src":"https:\/\/i0.wp.com\/lasprimeras.com.do\/wp-content\/uploads\/2024\/07\/PN-1.jpg?resize=350%2C200&ssl=1","width":350,"height":200,"srcset":"https:\/\/i0.wp.com\/lasprimeras.com.do\/wp-content\/uploads\/2024\/07\/PN-1.jpg?resize=350%2C200&ssl=1 1x, https:\/\/i0.wp.com\/lasprimeras.com.do\/wp-content\/uploads\/2024\/07\/PN-1.jpg?resize=525%2C300&ssl=1 1.5x, https:\/\/i0.wp.com\/lasprimeras.com.do\/wp-content\/uploads\/2024\/07\/PN-1.jpg?resize=700%2C400&ssl=1 2x"},"classes":[]},{"id":77959,"url":"https:\/\/lasprimeras.com.do\/index.php\/2024\/02\/27\/abinader-asegura-reforma-policial-saldra-adelante-cueste-lo-que-cueste\/","url_meta":{"origin":59504,"position":5},"title":"Abinader asegura reforma policial saldr\u00e1 adelante &#8220;cueste lo que cueste&#8221;","author":"Nelson Feliz","date":"27 de febrero de 2024","format":false,"excerpt":"Afirma la democracia en el pa\u00eds no ser\u00eda posible sin dos pilares esenciales: seguridad y la libertad. El presidente de la Rep\u00fablica, Luis Abinader, expres\u00f3 este martes que la transformaci\u00f3n de la Polic\u00eda Nacional es \"esencial\" dentro del plan de reforma. \"Aqu\u00ed he dicho que esta reforma saldr\u00e1 adelante cueste\u2026","rel":"","context":"En \u00abNACIONALES\u00bb","block_context":{"text":"NACIONALES","link":"https:\/\/lasprimeras.com.do\/index.php\/category\/nacionales\/"},"img":{"alt_text":"","src":"https:\/\/i0.wp.com\/lasprimeras.com.do\/wp-content\/uploads\/2023\/07\/Policias-2.jpg?resize=350%2C200&ssl=1","width":350,"height":200,"srcset":"https:\/\/i0.wp.com\/lasprimeras.com.do\/wp-content\/uploads\/2023\/07\/Policias-2.jpg?resize=350%2C200&ssl=1 1x, https:\/\/i0.wp.com\/lasprimeras.com.do\/wp-content\/uploads\/2023\/07\/Policias-2.jpg?resize=525%2C300&ssl=1 1.5x, https:\/\/i0.wp.com\/lasprimeras.com.do\/wp-content\/uploads\/2023\/07\/Policias-2.jpg?resize=700%2C400&ssl=1 2x"},"classes":[]}],"jetpack_sharing_enabled":true,"_links":{"self":[{"href":"https:\/\/lasprimeras.com.do\/index.php\/wp-json\/wp\/v2\/posts\/59504","targetHints":{"allow":["GET"]}}],"collection":[{"href":"https:\/\/lasprimeras.com.do\/index.php\/wp-json\/wp\/v2\/posts"}],"about":[{"href":"https:\/\/lasprimeras.com.do\/index.php\/wp-json\/wp\/v2\/types\/post"}],"author":[{"embeddable":true,"href":"https:\/\/lasprimeras.com.do\/index.php\/wp-json\/wp\/v2\/users\/2"}],"replies":[{"embeddable":true,"href":"https:\/\/lasprimeras.com.do\/index.php\/wp-json\/wp\/v2\/comments?post=59504"}],"version-history":[{"count":1,"href":"https:\/\/lasprimeras.com.do\/index.php\/wp-json\/wp\/v2\/posts\/59504\/revisions"}],"predecessor-version":[{"id":59506,"href":"https:\/\/lasprimeras.com.do\/index.php\/wp-json\/wp\/v2\/posts\/59504\/revisions\/59506"}],"wp:featuredmedia":[{"embeddable":true,"href":"https:\/\/lasprimeras.com.do\/index.php\/wp-json\/wp\/v2\/media\/59505"}],"wp:attachment":[{"href":"https:\/\/lasprimeras.com.do\/index.php\/wp-json\/wp\/v2\/media?parent=59504"}],"wp:term":[{"taxonomy":"category","embeddable":true,"href":"https:\/\/lasprimeras.com.do\/index.php\/wp-json\/wp\/v2\/categories?post=59504"},{"taxonomy":"post_tag","embeddable":true,"href":"https:\/\/lasprimeras.com.do\/index.php\/wp-json\/wp\/v2\/tags?post=59504"}],"curies":[{"name":"wp","href":"https:\/\/api.w.org\/{rel}","templated":true}]}}