{"id":59507,"date":"2023-09-04T23:40:52","date_gmt":"2023-09-05T03:40:52","guid":{"rendered":"https:\/\/lasprimeras.com.do\/?p=59507"},"modified":"2023-09-04T23:40:54","modified_gmt":"2023-09-05T03:40:54","slug":"danilo-reitera-llamado-a-votar-morado-en-las-proximas-elecciones","status":"publish","type":"post","link":"https:\/\/lasprimeras.com.do\/index.php\/2023\/09\/04\/danilo-reitera-llamado-a-votar-morado-en-las-proximas-elecciones\/","title":{"rendered":"Danilo reitera llamado a Votar Morado en las pr\u00f3ximas elecciones"},"content":{"rendered":"\n<p><strong>Danilo Medina recomienda a los dirigentes del PLD ser selectivos en la escogencia de los delegados ante los Colegios Electorales. Es all\u00ed donde se ganan las elecciones, dijo.<\/strong><\/p>\n\n\n\n<p>El ex presidente de la Rep\u00fablica, Danilo Medina, presidente del Partido de la Liberaci\u00f3n Dominicana (PLD) reiter\u00f3 en una masiva asamblea de dirigentes de esa organizaci\u00f3n del municipio Santo Domingo Este, que el color de la boleta del PLD es el morado y es la casilla que se debe marcar en las elecciones del 2024.<\/p>\n\n\n\n<p>\u201cUstedes ya conocen que hemos arribado a acuerdos con otras organizaciones pol\u00edticas, les recordamos que el color de la boleta de nosotros es el morado. No importa si el candidato es de los nuestros o de otro partido pol\u00edtico, el voto debe marcarse en la casilla del Partido de la Liberaci\u00f3n Dominicana\u201d, apunt\u00f3 al agotar el turno de cierre en la asamblea realizada en el polideportivo de Invivienda a casa llena.<\/p>\n\n\n\n<p>Agreg\u00f3 a su exhortaci\u00f3n que un voto que no se deposite por el PLD es un voto que se le estar\u00eda restando al alcalde y a quien adelant\u00f3, ser\u00e1 el pr\u00f3ximo presidente de la Rep\u00fablica, Abel Mart\u00ednez.<\/p>\n\n\n\n<p>Danilo Medina ponder\u00f3 a Abel Mart\u00ednez, de quien resalt\u00f3 que en la oferta electoral que competir\u00e1 por la presidencia de la Rep\u00fablica en el 2024, representa lo nuevo y como tal, la diferencia, la esperanza de retornar al camino del progreso impulsado en los gobiernos del PLD.<\/p>\n\n\n\n<p>\u201cAbel desde la Presidencia de la Rep\u00fablica dar\u00e1 continuidad a la obra que iniciamos. Tengan fe y confianza que lo que se hizo en los gobiernos pasados ser\u00e1 continuado por Abel Mart\u00ednez\u201d, apunt\u00f3 Danilo Medina en su comparecencia.<\/p>\n\n\n\n<p>Dijo que el trabajo realizado por Abel Mart\u00ednez en el Congreso y el Ayuntamiento de Santiago de los Caballeros le ponen la etiqueta de los que no les fallar\u00e1 al pueblo dominicano.<\/p>\n\n\n\n<p>Explic\u00f3 que es el pueblo dominicano quien est\u00e1 demandando el regreso del PLD al Gobierno porque quiere una gesti\u00f3n gubernamental que le duela la pobreza, que se identifique con el dolor de los ancianos abandonados, de los ni\u00f1os que no pueden a una escuela o de la ama de casa o padre de familia cuyos ingresos no les dan para comprar la comida de sus hijos.<\/p>\n\n\n\n<p>Danilo Medina en sus palabras hizo un esbozo de las obras realizadas en el municipio Santo Domingo Este citando la extensi\u00f3n del Metro de Santo Domingo, el Telef\u00e9rico y el moderno hospital Doctor Dar\u00edo Contreras, que dej\u00f3 de ser un almac\u00e9n de enfermos, cit\u00f3 tambi\u00e9n las escuelas, estancias infantiles, entre otras.<\/p>\n\n\n\n<p>El trabajo electoral<\/p>\n\n\n\n<p>Danilo Medina motiv\u00f3 a los presentes a doblar el trabajo, permanecer en las calles promoviendo los candidatos locales y a Abel Mart\u00ednez, en raz\u00f3n de que tienen de respaldo al Partido de la Liberaci\u00f3n Dominicana, la organizaci\u00f3n pol\u00edtica que m\u00e1s ha hecho por el pa\u00eds.<\/p>\n\n\n\n<p>En una exhortaci\u00f3n directa a los dirigentes all\u00ed presentes le recomend\u00f3 ser selectivos en la escogencia de las y los delegados ante los colegios electorales para que defiendan el voto en las mesas<\/p>\n\n\n\n<p>\u201cCompa\u00f1eros de la direcci\u00f3n, cualquiera no puede representar al Partido el d\u00eda de las elecciones. A los Colegios Electorales tienen que ir los mejores dirigentes, los m\u00e1s probados, deben ir compa\u00f1eros y compa\u00f1eras con una fuerza moral incorruptible, que no se vendan y que den la vida, si es preciso defendiendo el voto. Localicen los mejores porque las elecciones se ganan en las mesas de votaciones\u201d apunt\u00f3<\/p>\n\n\n\n<p>El ingreso de Danilo Medina al recinto deportivo se hizo en medio de una gran ovaci\u00f3n y cerrados aplausos que se manifestaron en el recorrido de la entrada al recinto hasta llegar a la tarima en donde le esperaban quienes presidieron el acto.<\/p>\n\n\n\n<p>Las palabras de bienvenida a la actividad recayeron en Emerson Vegazo, presidente del PLD en la Circunscripci\u00f3n Electoral Tres del municipio Santo Domingo Este como demarcaci\u00f3n anfitriona del acto.<\/p>\n\n\n\n<p>A Vegazo le sigui\u00f3 un discurso de motivaci\u00f3n a cargo del ex alcalde Alfredo Mart\u00ednez, enlace de campa\u00f1a en el municipio y luego el candidato a la alcald\u00eda, Luis Alberto Tejeda y posteriormente la presidenta del PLD en la provincia Santo Domingo, Cristina Lizardo y el discurso central a cargo del ex presidente de la Rep\u00fablica, Danilo Medina, presidente del PLD.<\/p>\n\n\n\n<p>En la direcci\u00f3n del acto adem\u00e1s de los expositores se sentaron Radham\u00e9s Fortuna, Presidente del Comit\u00e9 Municipal , Ram\u00f3n Cabrera, Floragel Cuevas, Luis Marte, Francisco Zapata, los congresistas, Luis Henr\u00edquez, Isabel de la Cruz, Eduardo Hidalgo, Franklin Mart\u00ednez, Joselito Echavarr\u00eda, Carlos Jos\u00e9 Gil, , Denis Reyes, , Ferm\u00edn Brito y Marcial Reyes, estos \u00faltimos alcaldes de Boca Chica y La Caleta, respectivamente V\u00edctor Pe\u00f1a, Maribel Reyes, Wilfredo Sosa, Mart\u00ednez y los Enlaces, Felo Santana, Jimmy Mart\u00ednez Dur\u00e1n y Ram\u00f3n Modesto Diaz, Elizaben Matos, entre otros<\/p>\n\n\n\n<p>Del Comit\u00e9 Pol\u00edtico acompa\u00f1aron a Danilo Medina Robert De la Cruz, Sim\u00f3n Lizardo, Danilo Diaz y Margarita Pimentel<\/p>\n","protected":false},"excerpt":{"rendered":"<p>Danilo Medina recomienda a los dirigentes del PLD ser selectivos en la escogencia de los delegados ante los Colegios Electorales. Es all\u00ed donde se ganan las elecciones, dijo. El ex&hellip;<\/p>\n","protected":false},"author":2,"featured_media":59508,"comment_status":"open","ping_status":"open","sticky":false,"template":"","format":"standard","meta":{"content-type":"","jetpack_post_was_ever_published":false,"_jetpack_newsletter_access":"","_jetpack_dont_email_post_to_subs":false,"_jetpack_newsletter_tier_id":0,"_jetpack_memberships_contains_paywalled_content":false,"_jetpack_memberships_contains_paid_content":false,"footnotes":""},"categories":[25],"tags":[501],"class_list":["post-59507","post","type-post","status-publish","format-standard","has-post-thumbnail","hentry","category-portada","tag-danilo-medina"],"jetpack_featured_media_url":"https:\/\/lasprimeras.com.do\/wp-content\/uploads\/2023\/09\/dANILO-mEDINA-2.jpeg","jetpack-related-posts":[{"id":121875,"url":"https:\/\/lasprimeras.com.do\/index.php\/2026\/02\/11\/victor-terrero-respalda-postura-de-danilo-medina-sobre-alianzas-el-voto-del-pld-es-solo-para-la-boleta-morada\/","url_meta":{"origin":59507,"position":0},"title":"V\u00edctor Terrero respalda postura de Danilo Medina sobre alianzas: &#8220;El voto del PLD es solo para la boleta morada&#8221;","author":"Nelson Feliz","date":"11 de febrero de 2026","format":false,"excerpt":"El miembro del Comit\u00e9 Central del Partido de la Liberaci\u00f3n Dominicana (PLD), doctor V\u00edctor Manuel Terrero, manifest\u00f3 su total respaldo a las recientes declaraciones del presidente de la organizaci\u00f3n, Danilo Medina, respecto a la estrategia electoral de cara a los pr\u00f3ximos comicios. Terrero enfatiz\u00f3 que la militancia se mantiene firme\u2026","rel":"","context":"En \u00abPOLITICA\u00bb","block_context":{"text":"POLITICA","link":"https:\/\/lasprimeras.com.do\/index.php\/category\/politica\/"},"img":{"alt_text":"V\u00edctor Terrero","src":"https:\/\/i0.wp.com\/lasprimeras.com.do\/wp-content\/uploads\/2023\/07\/Victor-Terrero.jpeg?resize=350%2C200&ssl=1","width":350,"height":200,"srcset":"https:\/\/i0.wp.com\/lasprimeras.com.do\/wp-content\/uploads\/2023\/07\/Victor-Terrero.jpeg?resize=350%2C200&ssl=1 1x, https:\/\/i0.wp.com\/lasprimeras.com.do\/wp-content\/uploads\/2023\/07\/Victor-Terrero.jpeg?resize=525%2C300&ssl=1 1.5x, https:\/\/i0.wp.com\/lasprimeras.com.do\/wp-content\/uploads\/2023\/07\/Victor-Terrero.jpeg?resize=700%2C400&ssl=1 2x"},"classes":[]},{"id":109559,"url":"https:\/\/lasprimeras.com.do\/index.php\/2025\/09\/19\/danilo-medina-juramenta-dirigentes-que-regresan-al-pld-en-el-programa-de-vuelta-a-casa\/","url_meta":{"origin":59507,"position":1},"title":"Danilo Medina juramenta dirigentes que regresan al PLD en el programa \u201cDe Vuelta a Casa\u201d","author":"Nelson Feliz","date":"19 de septiembre de 2025","format":false,"excerpt":"El Presidente del Partido de la Liberaci\u00f3n Dominicana (PLD), Danilo Medina, tom\u00f3 el juramento de reingreso a la organizaci\u00f3n pol\u00edtica de varios dirigentes provenientes de otros partidos pol\u00edticos, entre ellos el PRM. Con estas juramentaciones realizadas por separado en las oficinas de la Presidencia del PLD, se da continuidad al\u2026","rel":"","context":"En \u00abPOLITICA\u00bb","block_context":{"text":"POLITICA","link":"https:\/\/lasprimeras.com.do\/index.php\/category\/politica\/"},"img":{"alt_text":"","src":"https:\/\/i0.wp.com\/lasprimeras.com.do\/wp-content\/uploads\/2025\/09\/dm.jpg?resize=350%2C200&ssl=1","width":350,"height":200,"srcset":"https:\/\/i0.wp.com\/lasprimeras.com.do\/wp-content\/uploads\/2025\/09\/dm.jpg?resize=350%2C200&ssl=1 1x, https:\/\/i0.wp.com\/lasprimeras.com.do\/wp-content\/uploads\/2025\/09\/dm.jpg?resize=525%2C300&ssl=1 1.5x, https:\/\/i0.wp.com\/lasprimeras.com.do\/wp-content\/uploads\/2025\/09\/dm.jpg?resize=700%2C400&ssl=1 2x"},"classes":[]},{"id":101931,"url":"https:\/\/lasprimeras.com.do\/index.php\/2025\/06\/29\/danilo-medina-reitera-que-con-el-pld-se-vivia-mejor-video\/","url_meta":{"origin":59507,"position":2},"title":"Danilo Medina reitera que con el PLD se viv\u00eda mejor | Video","author":"Nelson Feliz","date":"29 de junio de 2025","format":false,"excerpt":"Danilo Medina presagia el retorno del Partido de la Liberaci\u00f3n Dominicana al Poder amarrado de la bandera morada, la estrella amarilla y sus siglas PLD. https:\/\/twitter.com\/i\/status\/1939406713511416262 El ex presidente de la Rep\u00fablica y Presidente del Partido de la liberaci\u00f3n Dominicana (PLD) Danilo Medina, declar\u00f3 no sentirse extra\u00f1ado con el aumento\u2026","rel":"","context":"En \u00abPOLITICA\u00bb","block_context":{"text":"POLITICA","link":"https:\/\/lasprimeras.com.do\/index.php\/category\/politica\/"},"img":{"alt_text":"","src":"https:\/\/i0.wp.com\/lasprimeras.com.do\/wp-content\/uploads\/2025\/06\/as-sc-2.jpg?resize=350%2C200&ssl=1","width":350,"height":200,"srcset":"https:\/\/i0.wp.com\/lasprimeras.com.do\/wp-content\/uploads\/2025\/06\/as-sc-2.jpg?resize=350%2C200&ssl=1 1x, https:\/\/i0.wp.com\/lasprimeras.com.do\/wp-content\/uploads\/2025\/06\/as-sc-2.jpg?resize=525%2C300&ssl=1 1.5x, https:\/\/i0.wp.com\/lasprimeras.com.do\/wp-content\/uploads\/2025\/06\/as-sc-2.jpg?resize=700%2C400&ssl=1 2x"},"classes":[]},{"id":115319,"url":"https:\/\/lasprimeras.com.do\/index.php\/2025\/11\/20\/danilo-medina-el-gobierno-del-prm-se-deteriora-cada-dia\/","url_meta":{"origin":59507,"position":3},"title":"Danilo Medina: El Gobierno del PRM se deteriora cada d\u00eda","author":"Nelson Feliz","date":"20 de noviembre de 2025","format":false,"excerpt":"Medina asegura que las condiciones est\u00e1n dadas para que el Partido de la Liberaci\u00f3n Dominicana regrese al poder. Exhorta a las y los peledeistas a trabajar sin descanso. El ex presidente de la Rep\u00fablica, Danilo Medina, presidente del Partido de la Liberaci\u00f3n Dominicana (PLD), proclam\u00f3 que son los cuadros de\u2026","rel":"","context":"En \u00abPOLITICA\u00bb","block_context":{"text":"POLITICA","link":"https:\/\/lasprimeras.com.do\/index.php\/category\/politica\/"},"img":{"alt_text":"","src":"https:\/\/i0.wp.com\/lasprimeras.com.do\/wp-content\/uploads\/2025\/11\/jura-sub-4.jpg?resize=350%2C200&ssl=1","width":350,"height":200,"srcset":"https:\/\/i0.wp.com\/lasprimeras.com.do\/wp-content\/uploads\/2025\/11\/jura-sub-4.jpg?resize=350%2C200&ssl=1 1x, https:\/\/i0.wp.com\/lasprimeras.com.do\/wp-content\/uploads\/2025\/11\/jura-sub-4.jpg?resize=525%2C300&ssl=1 1.5x, https:\/\/i0.wp.com\/lasprimeras.com.do\/wp-content\/uploads\/2025\/11\/jura-sub-4.jpg?resize=700%2C400&ssl=1 2x"},"classes":[]},{"id":123695,"url":"https:\/\/lasprimeras.com.do\/index.php\/2026\/03\/04\/danilo-medina-juramenta-en-el-pld-dirigentes-renunciantes-del-pcr\/","url_meta":{"origin":59507,"position":4},"title":"Danilo Medina juramenta en el PLD dirigentes renunciantes del PCR","author":"Nelson Feliz","date":"4 de marzo de 2026","format":false,"excerpt":"Estructura nacional del Partido C\u00edvico Renovador se jurament\u00f3 en el PLD. El dirigente pol\u00edtico Nicol\u00e1s Concepci\u00f3n, hasta el pasado martes vicepresidente del Partido C\u00edvico Renovador (PCR), se jurament\u00f3 en el Partido de la Liberaci\u00f3n Dominicana, junto a su estructura de trabajo. El ingreso de Concepci\u00f3n a las filas del PLD\u2026","rel":"","context":"En \u00abPOLITICA\u00bb","block_context":{"text":"POLITICA","link":"https:\/\/lasprimeras.com.do\/index.php\/category\/politica\/"},"img":{"alt_text":"","src":"https:\/\/i0.wp.com\/lasprimeras.com.do\/wp-content\/uploads\/2026\/03\/WhatsApp-Image-2026-03-04-at-12.23.07-PM-1.jpeg?resize=350%2C200&ssl=1","width":350,"height":200,"srcset":"https:\/\/i0.wp.com\/lasprimeras.com.do\/wp-content\/uploads\/2026\/03\/WhatsApp-Image-2026-03-04-at-12.23.07-PM-1.jpeg?resize=350%2C200&ssl=1 1x, https:\/\/i0.wp.com\/lasprimeras.com.do\/wp-content\/uploads\/2026\/03\/WhatsApp-Image-2026-03-04-at-12.23.07-PM-1.jpeg?resize=525%2C300&ssl=1 1.5x, https:\/\/i0.wp.com\/lasprimeras.com.do\/wp-content\/uploads\/2026\/03\/WhatsApp-Image-2026-03-04-at-12.23.07-PM-1.jpeg?resize=700%2C400&ssl=1 2x, https:\/\/i0.wp.com\/lasprimeras.com.do\/wp-content\/uploads\/2026\/03\/WhatsApp-Image-2026-03-04-at-12.23.07-PM-1.jpeg?resize=1050%2C600&ssl=1 3x"},"classes":[]},{"id":107798,"url":"https:\/\/lasprimeras.com.do\/index.php\/2025\/08\/31\/danilo-medina-la-gente-reconoce-que-con-el-pld-se-vivia-mejor\/","url_meta":{"origin":59507,"position":5},"title":"Danilo Medina : La gente reconoce que con el PLD se vivia mejor","author":"Nelson Feliz","date":"31 de agosto de 2025","format":false,"excerpt":"Danilo Medina: \u201cTenemos la certeza de que el a\u00f1o que viene, a m\u00e1s tardar, el PLD estar\u00e1 encabezando la preferencia electoral en la Rep\u00fablica Dominicana\u201d. El expresidente de la Rep\u00fablica y actual presidente del Partido de la Liberaci\u00f3n Dominicana (PLD), Danilo Medina, afirm\u00f3 que el repunte que muestran las recientes\u2026","rel":"","context":"En \u00abPOLITICA\u00bb","block_context":{"text":"POLITICA","link":"https:\/\/lasprimeras.com.do\/index.php\/category\/politica\/"},"img":{"alt_text":"","src":"https:\/\/i0.wp.com\/lasprimeras.com.do\/wp-content\/uploads\/2025\/08\/DANILO-MEDINA-1-1.jpg?resize=350%2C200&ssl=1","width":350,"height":200,"srcset":"https:\/\/i0.wp.com\/lasprimeras.com.do\/wp-content\/uploads\/2025\/08\/DANILO-MEDINA-1-1.jpg?resize=350%2C200&ssl=1 1x, https:\/\/i0.wp.com\/lasprimeras.com.do\/wp-content\/uploads\/2025\/08\/DANILO-MEDINA-1-1.jpg?resize=525%2C300&ssl=1 1.5x, https:\/\/i0.wp.com\/lasprimeras.com.do\/wp-content\/uploads\/2025\/08\/DANILO-MEDINA-1-1.jpg?resize=700%2C400&ssl=1 2x"},"classes":[]}],"jetpack_sharing_enabled":true,"_links":{"self":[{"href":"https:\/\/lasprimeras.com.do\/index.php\/wp-json\/wp\/v2\/posts\/59507","targetHints":{"allow":["GET"]}}],"collection":[{"href":"https:\/\/lasprimeras.com.do\/index.php\/wp-json\/wp\/v2\/posts"}],"about":[{"href":"https:\/\/lasprimeras.com.do\/index.php\/wp-json\/wp\/v2\/types\/post"}],"author":[{"embeddable":true,"href":"https:\/\/lasprimeras.com.do\/index.php\/wp-json\/wp\/v2\/users\/2"}],"replies":[{"embeddable":true,"href":"https:\/\/lasprimeras.com.do\/index.php\/wp-json\/wp\/v2\/comments?post=59507"}],"version-history":[{"count":1,"href":"https:\/\/lasprimeras.com.do\/index.php\/wp-json\/wp\/v2\/posts\/59507\/revisions"}],"predecessor-version":[{"id":59509,"href":"https:\/\/lasprimeras.com.do\/index.php\/wp-json\/wp\/v2\/posts\/59507\/revisions\/59509"}],"wp:featuredmedia":[{"embeddable":true,"href":"https:\/\/lasprimeras.com.do\/index.php\/wp-json\/wp\/v2\/media\/59508"}],"wp:attachment":[{"href":"https:\/\/lasprimeras.com.do\/index.php\/wp-json\/wp\/v2\/media?parent=59507"}],"wp:term":[{"taxonomy":"category","embeddable":true,"href":"https:\/\/lasprimeras.com.do\/index.php\/wp-json\/wp\/v2\/categories?post=59507"},{"taxonomy":"post_tag","embeddable":true,"href":"https:\/\/lasprimeras.com.do\/index.php\/wp-json\/wp\/v2\/tags?post=59507"}],"curies":[{"name":"wp","href":"https:\/\/api.w.org\/{rel}","templated":true}]}}