{"id":59518,"date":"2023-09-05T06:53:05","date_gmt":"2023-09-05T10:53:05","guid":{"rendered":"https:\/\/lasprimeras.com.do\/?p=59518"},"modified":"2023-09-05T06:53:06","modified_gmt":"2023-09-05T10:53:06","slug":"andy-aporta-datos-que-tapan-la-boca-a-leonel","status":"publish","type":"post","link":"https:\/\/lasprimeras.com.do\/index.php\/2023\/09\/05\/andy-aporta-datos-que-tapan-la-boca-a-leonel\/","title":{"rendered":"Andy aporta datos que tapan la boca a Leonel"},"content":{"rendered":"\n<p class=\"wp-block-paragraph\">Por NELSON MARTE<\/p>\n\n\n\n<p class=\"wp-block-paragraph\">Por mucho tiempo se ha condenado que la mayor\u00eda de nuestros pol\u00edticos no tengan la profesionalidad, el aplomo y mucho menos el decoro para ser las figuras p\u00fablicas paradigm\u00e1ticas que nos representen, que con sus conductas nos ense\u00f1en lo que debe ser un ejercicio ciudadano responsable.<\/p>\n\n\n\n<p class=\"wp-block-paragraph\">Si hici\u00e9ramos una encuesta pregunt\u00e1ndole a la gente en cual ejercicio de la vida nacional est\u00e1n los mentirosos m\u00e1s descarnados y descarados, seguro que los pol\u00edticos de llevan los premios mayores.<\/p>\n\n\n\n<p class=\"wp-block-paragraph\">Uno de los m\u00e1s destacados faltosos a la verdad es el ex presidente Leonel Fern\u00e1ndez, quien se caracteriza por mentir con toda sinceridad.<\/p>\n\n\n\n<p class=\"wp-block-paragraph\">En una entrevista que le publica apenitas ayer la directora de Diario Libre, In\u00e9s Aizp\u00fan, Leonel se destapa afirmando: \u00abPienso que el gobierno (actual, NM) se inclina m\u00e1s hacia los ricos. Nosotros no har\u00edamos eso jam\u00e1s\u00bb<\/p>\n\n\n\n<p class=\"wp-block-paragraph\">Podr\u00edamos establecer mil diferencias sobre c\u00f3mo el gobierno de Luis Abinader ha defendido m\u00e1s a los pobres que Leonel, empezando por los cientos de miles de millones de pesos que se rob\u00f3 la corrupci\u00f3n impunemente durante los 5 gobiernos (1996-2000) (2004-2020) que \u00e9l conceptualiz\u00f3 y defini\u00f3 como \u201cuna f\u00e1brica de presidentes\u201d.<\/p>\n\n\n\n<p class=\"wp-block-paragraph\">Todos esos cientos de miles de millones de pesos fueron extra\u00eddos a costa de la pobreza y el atraso general del pueblo, mientras convert\u00edan en nuevos multimillonarios a los jefes pelede\u00edstas y a sus allegados.<\/p>\n\n\n\n<p class=\"wp-block-paragraph\">Como soy parte interesada en el debate frente a Leonel, prefiero que sean datos de la realidad aportados por el destacado economista Andy Dauhajre, los que demuestren c\u00f3mo en sus tres gobiernos Leonel fue un instrumento de enriquecimiento para los m\u00e1s ricos y de empobrecimiento de los m\u00e1s pobres, con lo cual habl\u00f3 mentiras a do\u00f1a In\u00e9s y a los que vimos sus declaraciones en Diario Libre de ayer.<\/p>\n\n\n\n<p class=\"wp-block-paragraph\">Cita Andy en su art\u00edculo La convergencia de la minor\u00eda:<\/p>\n\n\n\n<p class=\"wp-block-paragraph\">\u201cLa rentabilidad del capital en Rep\u00fablica Dominicana ha aumentado de manera considerable en las \u00faltimas tres d\u00e9cadas. El Banco Mundial ha estimado que la tasa interna de retorno (TIR) del stock de capital en el pa\u00eds ha aumentado de 5.1% en el per\u00edodo 1990-2000, a 13% en el 2000-2010 y a 16% en el 2010-2019, mucho mayor que el promedio de 10.5% de la regi\u00f3n en este \u00faltimo per\u00edodo.<\/p>\n\n\n\n<p class=\"wp-block-paragraph\">\u201cEl r\u00e1pido aumento de la TIR del stock de capital tiene su origen en una serie de reformas adoptadas, entre las cuales resaltan, los reg\u00edmenes tributarios especiales para algunos sectores (zonas francas, turismo), elevadas brechas entre los aranceles que gravan las importaciones de bienes finales y los que gravan los insumos intermedios y las materias primas, la mayor rentabilidad que puede obtener el capital en una econom\u00eda donde el 46% de las empresas entrevistadas por el Banco Mundial afirmaron que operaban en mercados monop\u00f3licos, duop\u00f3licos u oligop\u00f3licos\u2026\u201d<\/p>\n\n\n\n<p class=\"wp-block-paragraph\">Esos datos evidencian no s\u00f3lo que Leonel favoreci\u00f3 a los m\u00e1s ricos sino que adem\u00e1s no hizo \u00a1NADA! para cambiar las relaciones de producci\u00f3n, la estructura fiscal ni adopt\u00f3 otras contingencias que empezaran a cambiar el estado de desigualdad caracter\u00edstico de nuestro pa\u00eds.<\/p>\n\n\n\n<p class=\"wp-block-paragraph\">Queda claro que por faltoso a la verdad Leonel es un t\u00edpico pol\u00edtico que no nos merecemos los dominicanos ni siquiera para escucharlo.<\/p>\n","protected":false},"excerpt":{"rendered":"<p>Por NELSON MARTE Por mucho tiempo se ha condenado que la mayor\u00eda de nuestros pol\u00edticos no tengan la profesionalidad, el aplomo y mucho menos el decoro para ser las figuras&hellip;<\/p>\n","protected":false},"author":2,"featured_media":59519,"comment_status":"open","ping_status":"open","sticky":false,"template":"","format":"standard","meta":{"content-type":"","_jetpack_newsletter_access":"","_jetpack_dont_email_post_to_subs":false,"_jetpack_newsletter_tier_id":0,"_jetpack_memberships_contains_paywalled_content":false,"_jetpack_feature_clip_id":0,"_jetpack_memberships_contains_paid_content":false,"footnotes":"","jetpack_post_was_ever_published":false},"categories":[95],"tags":[7097],"class_list":["post-59518","post","type-post","status-publish","format-standard","has-post-thumbnail","hentry","category-opinion","tag-andy-aporta-datos-que-tapan-la-boca-a-leonel"],"jetpack-related-posts":[{"id":134707,"url":"https:\/\/lasprimeras.com.do\/index.php\/2026\/07\/15\/carlos-amarante-baret-leonel-y-yo-fuimos-victimas-de-la-crisis-del-pld\/","url_meta":{"origin":59518,"position":0},"title":"Carlos Amarante Baret: \u201cLeonel y Yo fuimos v\u00edctimas de la crisis del PLD\u201d","author":"Nelson Feliz","date":"15 de julio de 2026","format":false,"excerpt":"Santo Domingo - El dirigente pol\u00edtico Carlos Amarante Baret afirm\u00f3 que tanto \u00e9l como el expresidente Leonel Fern\u00e1ndez fueron v\u00edctimas de la crisis interna que dividi\u00f3 al Partido de la Liberaci\u00f3n Dominicana (PLD), al recordar el proceso de selecci\u00f3n de la candidatura presidencial para las elecciones de 2020. Durante una\u2026","rel":"","context":"En \u00abPOLITICA\u00bb","block_context":{"text":"POLITICA","link":"https:\/\/lasprimeras.com.do\/index.php\/category\/politica\/"},"img":{"alt_text":"","src":"https:\/\/i0.wp.com\/lasprimeras.com.do\/wp-content\/uploads\/2026\/07\/Carlos-Amarante-Baret.jpeg?resize=350%2C200&ssl=1","width":350,"height":200,"srcset":"https:\/\/i0.wp.com\/lasprimeras.com.do\/wp-content\/uploads\/2026\/07\/Carlos-Amarante-Baret.jpeg?resize=350%2C200&ssl=1 1x, https:\/\/i0.wp.com\/lasprimeras.com.do\/wp-content\/uploads\/2026\/07\/Carlos-Amarante-Baret.jpeg?resize=525%2C300&ssl=1 1.5x, https:\/\/i0.wp.com\/lasprimeras.com.do\/wp-content\/uploads\/2026\/07\/Carlos-Amarante-Baret.jpeg?resize=700%2C400&ssl=1 2x"},"classes":[]},{"id":104775,"url":"https:\/\/lasprimeras.com.do\/index.php\/2025\/07\/27\/leonel-y-omar-fernandez-responden-quien-de-los-dos-sera-el-proximo-presidente\/","url_meta":{"origin":59518,"position":1},"title":"Leonel y Omar Fern\u00e1ndez responden: \u00bfqui\u00e9n de los dos ser\u00e1 el pr\u00f3ximo presidente?","author":"Nelson Feliz","date":"27 de julio de 2025","format":false,"excerpt":"El senador felicit\u00f3 a los padres en su d\u00eda con un singular video publicado en las redes sociales. En ocasi\u00f3n del D\u00eda de los Padres en la Rep\u00fablica Dominicana, el senador Omar Fern\u00e1ndez comparti\u00f3 un momento \u00edntimo y divertido junto a su padre, el expresidente de la Rep\u00fablica y presidente\u2026","rel":"","context":"En \u00abPOLITICA\u00bb","block_context":{"text":"POLITICA","link":"https:\/\/lasprimeras.com.do\/index.php\/category\/politica\/"},"img":{"alt_text":"","src":"","width":0,"height":0},"classes":[]},{"id":130886,"url":"https:\/\/lasprimeras.com.do\/index.php\/2026\/05\/17\/leonel-juramenta-en-la-fp-a-miguel-angel-jazmin-muneco-principal-dirigente-del-pld-en-samana\/","url_meta":{"origin":59518,"position":2},"title":"Leonel juramenta en la FP a Miguel \u00c1ngel Jazm\u00edn \u201cMu\u00f1eco\u201d, principal dirigente del PLD en Saman\u00e1","author":"Nelson Feliz","date":"17 de mayo de 2026","format":false,"excerpt":"\u201cEn Saman\u00e1 estamos todos a una; Leonel ser\u00e1 el pr\u00f3ximo presidente\u201d, afirma el exdiputado durante multitudinario acto pol\u00edtico. El presidente del partido Fuerza del Pueblo (FP), Leonel Fern\u00e1ndez, encabez\u00f3 una multitudinaria juramentaci\u00f3n de dirigentes pol\u00edticos, comunitarios y empresariales de la provincia Saman\u00e1, entre ellos el exdiputado y excandidato a senador\u2026","rel":"","context":"En \u00abPORTADA\u00bb","block_context":{"text":"PORTADA","link":"https:\/\/lasprimeras.com.do\/index.php\/category\/portada\/"},"img":{"alt_text":"Leonel juramenta en la FP a Miguel \u00c1ngel Jazm\u00edn","src":"https:\/\/i0.wp.com\/lasprimeras.com.do\/wp-content\/uploads\/2026\/05\/Leonel-juramenta-en-la-FP-a-Miguel-Angel-Jazmin-1.jpg?resize=350%2C200&ssl=1","width":350,"height":200,"srcset":"https:\/\/i0.wp.com\/lasprimeras.com.do\/wp-content\/uploads\/2026\/05\/Leonel-juramenta-en-la-FP-a-Miguel-Angel-Jazmin-1.jpg?resize=350%2C200&ssl=1 1x, https:\/\/i0.wp.com\/lasprimeras.com.do\/wp-content\/uploads\/2026\/05\/Leonel-juramenta-en-la-FP-a-Miguel-Angel-Jazmin-1.jpg?resize=525%2C300&ssl=1 1.5x, https:\/\/i0.wp.com\/lasprimeras.com.do\/wp-content\/uploads\/2026\/05\/Leonel-juramenta-en-la-FP-a-Miguel-Angel-Jazmin-1.jpg?resize=700%2C400&ssl=1 2x"},"classes":[]},{"id":109679,"url":"https:\/\/lasprimeras.com.do\/index.php\/2025\/09\/21\/los-300-con-leonel-reciben-a-su-lider-al-llegar-nyc-a-media-noche-este-sabado-por-jfk\/","url_meta":{"origin":59518,"position":3},"title":"Los \u00ab300 con Leonel\u00bb reciben a su l\u00edder al llegar NYC a media noche este s\u00e1bado por JFK","author":"Nelson Feliz","date":"21 de septiembre de 2025","format":false,"excerpt":"Por Ram\u00f3n Mercedes NUEVA YORK.- Una amplia delegaci\u00f3n de miembros del proyecto \u00ab300 con Leonel\u00bb (Los multiplicadores de NY), que preside Geraldo Rosario, recibieron la madrugada de este s\u00e1bado al presidente Leonel Fern\u00e1ndez al arribar a esta ciudad por el aeropuerto internacional John F. Kennedy. \u00abLeonel, presidente de la Fuerza\u2026","rel":"","context":"En \u00abPOLITICA\u00bb","block_context":{"text":"POLITICA","link":"https:\/\/lasprimeras.com.do\/index.php\/category\/politica\/"},"img":{"alt_text":"","src":"https:\/\/i0.wp.com\/lasprimeras.com.do\/wp-content\/uploads\/2025\/09\/WhatsApp-Image-2025-09-21-at-12.32.17-PM.jpeg?resize=350%2C200&ssl=1","width":350,"height":200,"srcset":"https:\/\/i0.wp.com\/lasprimeras.com.do\/wp-content\/uploads\/2025\/09\/WhatsApp-Image-2025-09-21-at-12.32.17-PM.jpeg?resize=350%2C200&ssl=1 1x, https:\/\/i0.wp.com\/lasprimeras.com.do\/wp-content\/uploads\/2025\/09\/WhatsApp-Image-2025-09-21-at-12.32.17-PM.jpeg?resize=525%2C300&ssl=1 1.5x, https:\/\/i0.wp.com\/lasprimeras.com.do\/wp-content\/uploads\/2025\/09\/WhatsApp-Image-2025-09-21-at-12.32.17-PM.jpeg?resize=700%2C400&ssl=1 2x, https:\/\/i0.wp.com\/lasprimeras.com.do\/wp-content\/uploads\/2025\/09\/WhatsApp-Image-2025-09-21-at-12.32.17-PM.jpeg?resize=1050%2C600&ssl=1 3x"},"classes":[]},{"id":135633,"url":"https:\/\/lasprimeras.com.do\/index.php\/2026\/07\/26\/leonel-y-omar-fernandez-intercambian-roles-por-un-dia-en-un-original-video-con-motivo-del-dia-de-los-padres\/","url_meta":{"origin":59518,"position":4},"title":"Leonel y Omar Fern\u00e1ndez intercambian roles por un d\u00eda en un original video con motivo del D\u00eda de los Padres","author":"Nelson Feliz","date":"26 de julio de 2026","format":false,"excerpt":"SANTO DOMINGO. \u2013 Con motivo de la celebraci\u00f3n del D\u00eda de los Padres este domingo, el expresidente de la Rep\u00fablica y presidente del partido Fuerza del Pueblo, doctor Leonel Fern\u00e1ndez, junto a su hijo, el senador del Distrito Nacional, Omar Fern\u00e1ndez, sorprendieron a la ciudadan\u00eda al poner a circular un\u2026","rel":"","context":"En \u00abPORTADA\u00bb","block_context":{"text":"PORTADA","link":"https:\/\/lasprimeras.com.do\/index.php\/category\/portada\/"},"img":{"alt_text":"Leonel y Omar Fern\u00e1ndez intercambian roles por un d\u00eda en un original video con motivo del D\u00eda de los Padres","src":"https:\/\/i0.wp.com\/lasprimeras.com.do\/wp-content\/uploads\/2026\/07\/Leonel-y-Omar.jpg?resize=350%2C200&ssl=1","width":350,"height":200},"classes":[]},{"id":106913,"url":"https:\/\/lasprimeras.com.do\/index.php\/2025\/08\/21\/leonel-la-crisis-actual-es-el-costo-de-haber-comprado-unas-elecciones-el-pueblo-se-la-esta-cobrando\/","url_meta":{"origin":59518,"position":5},"title":"Leonel: La crisis actual es el costo de haber comprado unas elecciones \u201cel pueblo se la est\u00e1 cobrando\u201d","author":"Nelson Feliz","date":"21 de agosto de 2025","format":false,"excerpt":"Relanzan el \u201cFrente de Balagueristas con Leonel\u201d y anuncian que trabajar\u00e1n para ganar en primera vuelta. El expresidente de la Rep\u00fablica, Leonel Fern\u00e1ndez, arremeti\u00f3 este mi\u00e9rcoles contra el gobierno del Partido Revolucionario Moderno (PRM), al asegurar que la actual crisis que atraviesa la naci\u00f3n es consecuencia directa del uso indebido\u2026","rel":"","context":"En \u00abPOLITICA\u00bb","block_context":{"text":"POLITICA","link":"https:\/\/lasprimeras.com.do\/index.php\/category\/politica\/"},"img":{"alt_text":"","src":"https:\/\/i0.wp.com\/lasprimeras.com.do\/wp-content\/uploads\/2025\/08\/LEONEL.jpg?resize=350%2C200&ssl=1","width":350,"height":200,"srcset":"https:\/\/i0.wp.com\/lasprimeras.com.do\/wp-content\/uploads\/2025\/08\/LEONEL.jpg?resize=350%2C200&ssl=1 1x, https:\/\/i0.wp.com\/lasprimeras.com.do\/wp-content\/uploads\/2025\/08\/LEONEL.jpg?resize=525%2C300&ssl=1 1.5x, https:\/\/i0.wp.com\/lasprimeras.com.do\/wp-content\/uploads\/2025\/08\/LEONEL.jpg?resize=700%2C400&ssl=1 2x"},"classes":[]}],"jetpack_sharing_enabled":true,"jetpack_featured_media_url":"https:\/\/lasprimeras.com.do\/wp-content\/uploads\/2023\/09\/Nelson-Marte.jpg","_links":{"self":[{"href":"https:\/\/lasprimeras.com.do\/index.php\/wp-json\/wp\/v2\/posts\/59518","targetHints":{"allow":["GET"]}}],"collection":[{"href":"https:\/\/lasprimeras.com.do\/index.php\/wp-json\/wp\/v2\/posts"}],"about":[{"href":"https:\/\/lasprimeras.com.do\/index.php\/wp-json\/wp\/v2\/types\/post"}],"author":[{"embeddable":true,"href":"https:\/\/lasprimeras.com.do\/index.php\/wp-json\/wp\/v2\/users\/2"}],"replies":[{"embeddable":true,"href":"https:\/\/lasprimeras.com.do\/index.php\/wp-json\/wp\/v2\/comments?post=59518"}],"version-history":[{"count":1,"href":"https:\/\/lasprimeras.com.do\/index.php\/wp-json\/wp\/v2\/posts\/59518\/revisions"}],"predecessor-version":[{"id":59520,"href":"https:\/\/lasprimeras.com.do\/index.php\/wp-json\/wp\/v2\/posts\/59518\/revisions\/59520"}],"wp:featuredmedia":[{"embeddable":true,"href":"https:\/\/lasprimeras.com.do\/index.php\/wp-json\/wp\/v2\/media\/59519"}],"wp:attachment":[{"href":"https:\/\/lasprimeras.com.do\/index.php\/wp-json\/wp\/v2\/media?parent=59518"}],"wp:term":[{"taxonomy":"category","embeddable":true,"href":"https:\/\/lasprimeras.com.do\/index.php\/wp-json\/wp\/v2\/categories?post=59518"},{"taxonomy":"post_tag","embeddable":true,"href":"https:\/\/lasprimeras.com.do\/index.php\/wp-json\/wp\/v2\/tags?post=59518"}],"curies":[{"name":"wp","href":"https:\/\/api.w.org\/{rel}","templated":true}]}}