{"id":59521,"date":"2023-09-05T07:27:34","date_gmt":"2023-09-05T11:27:34","guid":{"rendered":"https:\/\/lasprimeras.com.do\/?p=59521"},"modified":"2023-09-05T07:27:35","modified_gmt":"2023-09-05T11:27:35","slug":"maria-teresa-cabrera-aboga-por-una-transformacion-integral-del-sistema-de-salud","status":"publish","type":"post","link":"https:\/\/lasprimeras.com.do\/index.php\/2023\/09\/05\/maria-teresa-cabrera-aboga-por-una-transformacion-integral-del-sistema-de-salud\/","title":{"rendered":"Maria Teresa Cabrera aboga por una transformaci\u00f3n integral del sistema de salud"},"content":{"rendered":"\n<p><strong>La candidata presidencial recibe apoyo de profesionales del \u00e1rea de la salud.<\/strong><\/p>\n\n\n\n<p>La dirigente magisterial, profesora Mar\u00eda Teresa, candidata presidencial del partido Frente Amplio, abog\u00f3 por una transformaci\u00f3n integral del sistema de salud y la seguridad social dominicana, a fin de que los trabajadores y trabajadoras tengan garantizado \u201cvivir con dignidad\u201d al concluir su ciclo laboral.<\/p>\n\n\n\n<p>Sostiene que en la Rep\u00fablica Dominicana se hace urgente revertir las pol\u00edticas privatisadoras existentes en el \u00e1rea de la salud, la cual ha sido convertida en una mercanc\u00eda donde solo se benefician quienes tienen dinero.<\/p>\n\n\n\n<p>\u201cEsto ha dado como resultado un proceso de mercantilizaci\u00f3n de la salud para los que vamos a buscar salud a los centros hospitalarios, donde hay un servicio de salud para rico y otro servicio para pobre\u201d, expres\u00f3 la reconocida luchadora social.<\/p>\n\n\n\n<p>En ese orden dijo, adem\u00e1s, que se trata de una situaci\u00f3n que hay que cambiar, debido a que la salud es un derecho humano fundamental que el Estado tiene el deber de garantizar.<\/p>\n\n\n\n<figure class=\"wp-block-image size-full is-resized\"><img decoding=\"async\" src=\"https:\/\/lasprimeras.com.do\/wp-content\/uploads\/2023\/09\/Mara-Teresa-Cabrera-1.jpg\" alt=\"\" class=\"wp-image-59523\" style=\"width:840px;height:466px\" width=\"840\" height=\"466\"\/><\/figure>\n\n\n\n<p>Mar\u00eda Teresa Cabrera realiz\u00f3 estas consideraciones, durante el acto donde un grupo de profesionales y t\u00e9cnicos del sector salud, preocupados por el derecho del pueblo dominicano a la salud y a la seguridad social, anunciaron la decisi\u00f3n de apoyar su candidatura en sus aspiraciones a la presidencia de la rep\u00fablica.<\/p>\n\n\n\n<p>En el encuentro, el doctor Eminio Liria, en representaci\u00f3n de los profesionales de la salud, asegur\u00f3 que, en la Rep\u00fablica Dominicana, el sistema de salud ha sido convertido en un negocio, lo que impide el ejercicio del derecho a la salud y la seguridad social de la poblaci\u00f3n, en especial de aquellos grupos sociales de mayor vulnerabilidad y exclusi\u00f3n, situaci\u00f3n que no debe continuar y por eso asumen la candidatura de Mar\u00eda Teresa Cabrera.<\/p>\n\n\n\n<p>\u2018\u2019El derecho a la salud, muchas veces limitado al acceso a atenciones para tratar la enfermedad, desde el 2007, se ha reducido a ofertar un plan b\u00e1sico convertido en un listado de patolog\u00edas y de terap\u00e9uticas, muchas incompletas y desactualizadas.<\/p>\n\n\n\n<figure class=\"wp-block-image size-full is-resized\"><img decoding=\"async\" src=\"https:\/\/lasprimeras.com.do\/wp-content\/uploads\/2023\/09\/Mara-Teresa-Cabrera-2.jpg\" alt=\"\" class=\"wp-image-59524\" style=\"width:840px;height:466px\" width=\"840\" height=\"466\"\/><\/figure>\n\n\n\n<p>Adem\u00e1s, la persona debe contribuir con un copago, cada vez mayor cuando se aumenta las tarifas por la atenci\u00f3n, a lo que se le suman importantes limitaciones en la cobertura, como en el caso de los medicamentos ambulatorios al que solo se tiene el derecho a 8 mil pesos anuales esto debe ser transformado y Mar\u00eda Teresa representa esa transformaci\u00f3n que requiere el sector salud del pa\u00eds,\u2019\u2019 Asever\u00f3 Liria.<\/p>\n\n\n\n<p>Manifest\u00f3 que la capacidad de protecci\u00f3n social que tiene este sistema es una afrenta al derecho a la seguridad social. Menos de una persona de cada cinco podr\u00e1 obtener una pensi\u00f3n y, en la gran mayor\u00eda de las veces no superar\u00e1 el 30 % de su salario, de por s\u00ed muy por debajo de la canasta b\u00e1sica familiar, condenando a las personas afiliadas a la pobreza o a depender de su familia para sobrevivir luego de toda una vida de trabajo.<\/p>\n\n\n\n<p>El grupo de profesionales y t\u00e9cnicos en salud, puntualizaron que han hecho conciencia de esta situaci\u00f3n que afecta al pueblo dominicano y a su sector como trabajadores de la salud y, reconociendo sus condiciones como mujer trabajadora, gran activista social con un alto sentido de responsabilidad ciudadana, le reiteraron su apoyo incondicional como candidata presidencial, para que conduzca por caminos de bienestar y desarrollo dicho sector.<\/p>\n\n\n\n<p>M\u00e9dicos, enfermeras, bioanalistas y personal de \u00e1reas t\u00e9cnicas de la salud, llamaron a todos los sectores sociales del pa\u00eds, hombres y mujeres progresistas, preocupados por el deterioro del sistema de salud dominicano a formar fila junto a la candidata del partido Frente Amplio y el Congreso C\u00edvico.<\/p>\n","protected":false},"excerpt":{"rendered":"<p>La candidata presidencial recibe apoyo de profesionales del \u00e1rea de la salud. La dirigente magisterial, profesora Mar\u00eda Teresa, candidata presidencial del partido Frente Amplio, abog\u00f3 por una transformaci\u00f3n integral del&hellip;<\/p>\n","protected":false},"author":2,"featured_media":59522,"comment_status":"open","ping_status":"open","sticky":false,"template":"","format":"standard","meta":{"content-type":"","jetpack_post_was_ever_published":false,"_jetpack_newsletter_access":"","_jetpack_dont_email_post_to_subs":false,"_jetpack_newsletter_tier_id":0,"_jetpack_memberships_contains_paywalled_content":false,"_jetpack_memberships_contains_paid_content":false,"footnotes":""},"categories":[25],"tags":[549,7098,813,76,532,557,1592],"class_list":["post-59521","post","type-post","status-publish","format-standard","has-post-thumbnail","hentry","category-portada","tag-dominicana","tag-maria-teresa-cabrera","tag-salud","tag-seguridad","tag-sistema","tag-social","tag-transformacion"],"jetpack_featured_media_url":"https:\/\/lasprimeras.com.do\/wp-content\/uploads\/2023\/09\/Mara-Teresa-Cabrera.jpg","jetpack-related-posts":[{"id":123319,"url":"https:\/\/lasprimeras.com.do\/index.php\/2026\/02\/27\/maria-teresa-cabrera-dice-que-la-comida-esta-mas-cara-y-la-medicina-inaccesible\/","url_meta":{"origin":59521,"position":0},"title":"Mar\u00eda Teresa Cabrera dice que la comida est\u00e1 m\u00e1s cara y la medicina inaccesible","author":"Nelson Feliz","date":"27 de febrero de 2026","format":false,"excerpt":"Mar\u00eda Teresa Cabrera afirm\u00f3 que, m\u00e1s all\u00e1 de los datos macroecon\u00f3micos y las estad\u00edsticas institucionales, el pa\u00eds enfrenta un deterioro progresivo en el poder adquisitivo de la poblaci\u00f3n. El Frente Amplio expres\u00f3 que el discurso del presidente Luis Abinader ante la Asamblea Nacional contiene luces y sombras, ya que el\u2026","rel":"","context":"En \u00abPOLITICA\u00bb","block_context":{"text":"POLITICA","link":"https:\/\/lasprimeras.com.do\/index.php\/category\/politica\/"},"img":{"alt_text":"","src":"https:\/\/i0.wp.com\/lasprimeras.com.do\/wp-content\/uploads\/2026\/02\/fob.jpg?resize=350%2C200&ssl=1","width":350,"height":200,"srcset":"https:\/\/i0.wp.com\/lasprimeras.com.do\/wp-content\/uploads\/2026\/02\/fob.jpg?resize=350%2C200&ssl=1 1x, https:\/\/i0.wp.com\/lasprimeras.com.do\/wp-content\/uploads\/2026\/02\/fob.jpg?resize=525%2C300&ssl=1 1.5x, https:\/\/i0.wp.com\/lasprimeras.com.do\/wp-content\/uploads\/2026\/02\/fob.jpg?resize=700%2C400&ssl=1 2x"},"classes":[]},{"id":101114,"url":"https:\/\/lasprimeras.com.do\/index.php\/2025\/06\/16\/frente-amplio-celebra-v-convencion-nacional-ordinaria\/","url_meta":{"origin":59521,"position":1},"title":"Frente Amplio celebra V Convenci\u00f3n Nacional Ordinaria","author":"Nelson Feliz","date":"16 de junio de 2025","format":false,"excerpt":"Llama a su militancia a movilizarse con los sectores populares por demandas sociales. Bajo la consigna \u201cvamos al pueblo por m\u00e1s derechos\u201d el Frente Amplio, celebr\u00f3 este Domingo su V Convenci\u00f3n Nacional Ordinaria, aprob\u00f3 nuevos estatutos, eligi\u00f3 su Direcci\u00f3n Nacional, la presidencia, tres vicepresidencias m\u00e1s la secretar\u00eda general, y adopt\u00f3\u2026","rel":"","context":"En \u00abPOLITICA\u00bb","block_context":{"text":"POLITICA","link":"https:\/\/lasprimeras.com.do\/index.php\/category\/politica\/"},"img":{"alt_text":"","src":"https:\/\/i0.wp.com\/lasprimeras.com.do\/wp-content\/uploads\/2025\/06\/Maria-Teresa-Cabrera.jpg?resize=350%2C200&ssl=1","width":350,"height":200,"srcset":"https:\/\/i0.wp.com\/lasprimeras.com.do\/wp-content\/uploads\/2025\/06\/Maria-Teresa-Cabrera.jpg?resize=350%2C200&ssl=1 1x, https:\/\/i0.wp.com\/lasprimeras.com.do\/wp-content\/uploads\/2025\/06\/Maria-Teresa-Cabrera.jpg?resize=525%2C300&ssl=1 1.5x, https:\/\/i0.wp.com\/lasprimeras.com.do\/wp-content\/uploads\/2025\/06\/Maria-Teresa-Cabrera.jpg?resize=700%2C400&ssl=1 2x"},"classes":[]},{"id":51329,"url":"https:\/\/lasprimeras.com.do\/index.php\/2023\/05\/30\/expresidenta-del-adpla-tanda-extendidas-se-aplico-como-un-programa-de-asistencia-social\/","url_meta":{"origin":59521,"position":2},"title":"Expresidenta del ADP:&#8221;La Tanda Extendidas se aplic\u00f3 como un programa de asistencia social&#8221;","author":"prenxa100","date":"30 de mayo de 2023","format":false,"excerpt":"Santo Domingo.-. La ex-Presidenta de la Asociaci\u00f3n Dominicana de Profesores, Mar\u00eda Teresa Cabrera, declar\u00f3 que la Jornada de Tanda Extendidas se aplic\u00f3 desde su or\u00edgenes como un programa de asistencia social. La precandidata presidencial, sostuvo que la Jornada de Tanda Extendida debi\u00f3 ser una estrategia para mejorar el sistema educativo.\u2026","rel":"","context":"En \u00abNACIONALES\u00bb","block_context":{"text":"NACIONALES","link":"https:\/\/lasprimeras.com.do\/index.php\/category\/nacionales\/"},"img":{"alt_text":"","src":"","width":0,"height":0},"classes":[]},{"id":108022,"url":"https:\/\/lasprimeras.com.do\/index.php\/2025\/09\/02\/frente-amplio-reflexiona-sobre-situacion-de-democracia-en-rd\/","url_meta":{"origin":59521,"position":3},"title":"Frente Amplio reflexiona sobre situaci\u00f3n de democracia en RD","author":"Nelson Feliz","date":"2 de septiembre de 2025","format":false,"excerpt":"El Frente Amplio concluy\u00f3 su \"V Simposio Nacional\" dedicado a analizar, reflexionar y eventualmente construir colectivamente propuestas acerca de qu\u00e9 hacer y c\u00f3mo encarar los retos identificados. \u201cA la democracia dominicana le falta sustancia, justicia social, ganar la confianza de la ciudadan\u00eda en las instituciones, le falta superar las inequidades\u2026","rel":"","context":"En \u00abPOLITICA\u00bb","block_context":{"text":"POLITICA","link":"https:\/\/lasprimeras.com.do\/index.php\/category\/politica\/"},"img":{"alt_text":"Mar\u00eda Teresa Cabrera","src":"https:\/\/i0.wp.com\/lasprimeras.com.do\/wp-content\/uploads\/2025\/09\/Simposio-1-e1756767835184.jpg?resize=350%2C200&ssl=1","width":350,"height":200,"srcset":"https:\/\/i0.wp.com\/lasprimeras.com.do\/wp-content\/uploads\/2025\/09\/Simposio-1-e1756767835184.jpg?resize=350%2C200&ssl=1 1x, https:\/\/i0.wp.com\/lasprimeras.com.do\/wp-content\/uploads\/2025\/09\/Simposio-1-e1756767835184.jpg?resize=525%2C300&ssl=1 1.5x"},"classes":[]},{"id":69828,"url":"https:\/\/lasprimeras.com.do\/index.php\/2023\/12\/05\/abel-martinez-la-salud-esta-en-cuidados-intensivos\/","url_meta":{"origin":59521,"position":4},"title":"Abel Mart\u00ednez: \u201cLa salud est\u00e1 en cuidados intensivos\u201d","author":"Nelson Feliz","date":"5 de diciembre de 2023","format":false,"excerpt":"Tras definir el sistema de salud como un pilar fundamental para el progreso de nuestra sociedad, una preocupaci\u00f3n vital para poder forjar un futuro pr\u00f3spero y digno, Abel Mart\u00ednez, candidato presidencial del Partido de la Liberaci\u00f3n Dominicana (PLD) ante una representaci\u00f3n de los medios de comunicaci\u00f3n, de los miembros del\u2026","rel":"","context":"En \u00abPORTADA\u00bb","block_context":{"text":"PORTADA","link":"https:\/\/lasprimeras.com.do\/index.php\/category\/portada\/"},"img":{"alt_text":"Abel Martinez","src":"https:\/\/i0.wp.com\/lasprimeras.com.do\/wp-content\/uploads\/2023\/12\/Abel-Martinez-3.jpg?resize=350%2C200&ssl=1","width":350,"height":200,"srcset":"https:\/\/i0.wp.com\/lasprimeras.com.do\/wp-content\/uploads\/2023\/12\/Abel-Martinez-3.jpg?resize=350%2C200&ssl=1 1x, https:\/\/i0.wp.com\/lasprimeras.com.do\/wp-content\/uploads\/2023\/12\/Abel-Martinez-3.jpg?resize=525%2C300&ssl=1 1.5x, https:\/\/i0.wp.com\/lasprimeras.com.do\/wp-content\/uploads\/2023\/12\/Abel-Martinez-3.jpg?resize=700%2C400&ssl=1 2x"},"classes":[]},{"id":85813,"url":"https:\/\/lasprimeras.com.do\/index.php\/2024\/07\/09\/juan-dionisio-traspasa-mando-del-fa-a-maria-teresa\/","url_meta":{"origin":59521,"position":5},"title":"Juan Dionisio traspasa mando del FA a Mar\u00eda Teresa","author":"Nelson Feliz","date":"9 de julio de 2024","format":false,"excerpt":"Aunque ya lo hab\u00eda anunciado durante un turno previo en la C\u00e1mara de Diputados el pasado mes de mayo, Juan Dionisio Rodr\u00edguez oficializ\u00f3 su renuncia como presidente del Frente Amplio (FA) en una reuni\u00f3n con el Comit\u00e9 Pol\u00edtico del partido. El diputado nacional traspasa ahora el mando de la presidencia\u2026","rel":"","context":"En \u00abSin categor\u00eda\u00bb","block_context":{"text":"Sin categor\u00eda","link":"https:\/\/lasprimeras.com.do\/index.php\/category\/sin-categoria\/"},"img":{"alt_text":"","src":"https:\/\/i0.wp.com\/lasprimeras.com.do\/wp-content\/uploads\/2024\/07\/WhatsApp-Image-2024-07-09-at-9.49.33-PM.jpeg?resize=350%2C200&ssl=1","width":350,"height":200,"srcset":"https:\/\/i0.wp.com\/lasprimeras.com.do\/wp-content\/uploads\/2024\/07\/WhatsApp-Image-2024-07-09-at-9.49.33-PM.jpeg?resize=350%2C200&ssl=1 1x, https:\/\/i0.wp.com\/lasprimeras.com.do\/wp-content\/uploads\/2024\/07\/WhatsApp-Image-2024-07-09-at-9.49.33-PM.jpeg?resize=525%2C300&ssl=1 1.5x, https:\/\/i0.wp.com\/lasprimeras.com.do\/wp-content\/uploads\/2024\/07\/WhatsApp-Image-2024-07-09-at-9.49.33-PM.jpeg?resize=700%2C400&ssl=1 2x"},"classes":[]}],"jetpack_sharing_enabled":true,"_links":{"self":[{"href":"https:\/\/lasprimeras.com.do\/index.php\/wp-json\/wp\/v2\/posts\/59521","targetHints":{"allow":["GET"]}}],"collection":[{"href":"https:\/\/lasprimeras.com.do\/index.php\/wp-json\/wp\/v2\/posts"}],"about":[{"href":"https:\/\/lasprimeras.com.do\/index.php\/wp-json\/wp\/v2\/types\/post"}],"author":[{"embeddable":true,"href":"https:\/\/lasprimeras.com.do\/index.php\/wp-json\/wp\/v2\/users\/2"}],"replies":[{"embeddable":true,"href":"https:\/\/lasprimeras.com.do\/index.php\/wp-json\/wp\/v2\/comments?post=59521"}],"version-history":[{"count":1,"href":"https:\/\/lasprimeras.com.do\/index.php\/wp-json\/wp\/v2\/posts\/59521\/revisions"}],"predecessor-version":[{"id":59525,"href":"https:\/\/lasprimeras.com.do\/index.php\/wp-json\/wp\/v2\/posts\/59521\/revisions\/59525"}],"wp:featuredmedia":[{"embeddable":true,"href":"https:\/\/lasprimeras.com.do\/index.php\/wp-json\/wp\/v2\/media\/59522"}],"wp:attachment":[{"href":"https:\/\/lasprimeras.com.do\/index.php\/wp-json\/wp\/v2\/media?parent=59521"}],"wp:term":[{"taxonomy":"category","embeddable":true,"href":"https:\/\/lasprimeras.com.do\/index.php\/wp-json\/wp\/v2\/categories?post=59521"},{"taxonomy":"post_tag","embeddable":true,"href":"https:\/\/lasprimeras.com.do\/index.php\/wp-json\/wp\/v2\/tags?post=59521"}],"curies":[{"name":"wp","href":"https:\/\/api.w.org\/{rel}","templated":true}]}}