{"id":59713,"date":"2023-09-06T22:49:57","date_gmt":"2023-09-07T02:49:57","guid":{"rendered":"https:\/\/lasprimeras.com.do\/?p=59713"},"modified":"2023-09-06T22:49:58","modified_gmt":"2023-09-07T02:49:58","slug":"presidente-abinader-inaugura-destacamento-comando-sur-y-tres-destacamentos-navales-en-barahona","status":"publish","type":"post","link":"https:\/\/lasprimeras.com.do\/index.php\/2023\/09\/06\/presidente-abinader-inaugura-destacamento-comando-sur-y-tres-destacamentos-navales-en-barahona\/","title":{"rendered":"Presidente Abinader inaugura destacamento Comando Sur y tres destacamentos navales en Barahona"},"content":{"rendered":"\n<p>Por Martin Restituyo<\/p>\n\n\n\n<p>El presidente Luis Abinader dej\u00f3 inaugurados de manera simult\u00e1nea los destacamentos navales El Quemaito, Los Patos y Para\u00edso, en la zona costera de Barahona, mientras que la \u00faltima de estas edificaciones se localiza en Bahoruco.<\/p>\n\n\n\n<p>El director de Ingenier\u00eda de la Armada, capit\u00e1n de nav\u00edo Ulises Rafael Uribe, destac\u00f3 que estas vienen a reforzar la seguridad en la zona.<\/p>\n\n\n\n<p>A\u00f1adi\u00f3 que el destacamento de El Quema\u00edto, con capacidad para 15, cuenta con una casa de guardia, habitaciones para el comandante y segundo comandante, cuartel para alistados, ba\u00f1os, cocina, armero, dep\u00f3sito y astas de bandera.<\/p>\n\n\n\n<p>Al finalizar el evento, el jefe de Estado junto a la autoridades de alto rango, procedi\u00f3 al corte de cinta y recorrido por las nuevas instalaciones.<\/p>\n\n\n\n<p>M\u00e1s adelante el gobernante dej\u00f3 puesto en funcionamiento el destacamento del Comando Sur de la Fuerza A\u00e9rea de la Rep\u00fablica Dominicana, y dej\u00f3 iniciados los trabajos de construcci\u00f3n para la Base A\u00e9rea de Barahona.<\/p>\n\n\n\n<p>La misma tendr\u00e1 una funci\u00f3n especial en la regi\u00f3n de Enriquillo y su objetivo fundamental ser\u00e1 aumentar la seguridad y estabilidad del \u00e1rea, la reducci\u00f3n del tiempo de respuesta, el combate a la delincuencia, el narcotr\u00e1fico, el refuerzo de la soberan\u00eda a\u00e9rea y la contribuci\u00f3n al desarrollo.<\/p>\n\n\n\n<figure class=\"wp-block-image size-full is-resized\"><img decoding=\"async\" src=\"https:\/\/lasprimeras.com.do\/wp-content\/uploads\/2023\/09\/Luis-Navales.jpg\" alt=\"\" class=\"wp-image-59715\" style=\"width:840px;height:466px\" width=\"840\" height=\"466\"\/><\/figure>\n\n\n\n<p>El comandante general de la Fuerza A\u00e9rea, mayor general Carlos Ram\u00f3n Febrillet Rodr\u00edguez, consider\u00f3 que la construcci\u00f3n de esta obra es una prueba m\u00e1s del mandatario con su compromiso inquebrantable con la defensa y la seguridad nacional.<\/p>\n\n\n\n<p>Del mismo modo, se\u00f1al\u00f3 que la obra contribuir\u00e1 al desarrollo econ\u00f3mico, tur\u00edstico y social de la regi\u00f3n de Enriquillo, generaci\u00f3n de empleos y la oferta de servicios esenciales como escuelas, hospitales, complejos deportivos y centros comerciales.<\/p>\n\n\n\n<p>M\u00e1s tarde, el jefe de Estado dej\u00f3 iniciados los trabajos de remodelaci\u00f3n y readecuaci\u00f3n del Hospital Jaime S\u00e1nchez en Barahona con una inversi\u00f3n de RD$310,759,340.54.<\/p>\n\n\n\n<figure class=\"wp-block-image size-full is-resized\"><img decoding=\"async\" src=\"https:\/\/lasprimeras.com.do\/wp-content\/uploads\/2023\/09\/Luis-Abinader-10.jpg\" alt=\"\" class=\"wp-image-59716\" style=\"width:840px;height:466px\" width=\"840\" height=\"466\"\/><\/figure>\n\n\n\n<p>El mandatario asegur\u00f3 que el gobierno que preside ha transformado el sur de la Rep\u00fablica Dominicana en tres \u00e1reas salud que salvar\u00e1n vidas, la primera es la reconstrucci\u00f3n del Hospital Jaime S\u00e1nchez en un materno infantil.<\/p>\n\n\n\n<p>En el \u00e1rea de oncolog\u00eda, apoyando a la Liga Dominicana Contra el C\u00e1ncer que est\u00e1 construyendo el primer centro oncol\u00f3gico en dicha provincia, y por \u00faltimo, el \u00e1rea traumatolog\u00eda en la provincia de azua.<\/p>\n\n\n\n<p>\u201cPor eso es que decimos que hacemos mucho con poco, porque en este gobierno el dinero se invierte con eficiencia y transparencia\u201d.<\/p>\n\n\n\n<p>El nuevo hospital beneficiar\u00e1 a m\u00e1s de 200,000 personas y ser\u00e1 un \u201csue\u00f1o hecho realidad para la gente de Barahona, que desde hace mucho tiempo esperaba contar con un centro de salud con estas caracter\u00edsticas\u201d, expres\u00f3 el director del Servicio Nacional de Salud, Mario Lama.<\/p>\n\n\n\n<p>Este contar\u00e1 con 50 camas de internamiento, dos quir\u00f3fanos, dos salas de parto, diversas \u00e1reas para el cuidado neonatal y pedi\u00e1trico, diez consultorios, dos unidades odontol\u00f3gicas, Emergencias, nebulizaci\u00f3n, cura y triaje, laboratorio, Rayos X, sonograf\u00eda, mamograf\u00eda, farmacia, almac\u00e9n, sal\u00f3n de conferencia, banco de leche, Mam\u00e1 Canguro, vacuna, entre otras.<\/p>\n\n\n\n<p>Durante el recorrido, el jefe de Estado tambi\u00e9n realiz\u00f3 una visita de supervisi\u00f3n a los trabajos de rehabilitaci\u00f3n del Estadio de B\u00e9isbol Nadin J. Hazoury en Barahona, cuya obra est\u00e1 a cargo del Instituto Nacional de Educaci\u00f3n F\u00edsica (INEFI).<\/p>\n\n\n\n<p>Estuvieron presentes, el ministro de Defensa, teniente general Carlos Luciano D\u00edaz Morfa; los ministros, Administrativo de la Presidencia, Jos\u00e9 Ignacio Paliza; de Salud P\u00fablica, Daniel Rivera; el senador de Santiago, Eduardo Estrella; la gobernadora de Barahona, Genera Gonz\u00e1lez y el alcalde de Villa Central, Mictor Fern\u00e1ndez.<\/p>\n\n\n\n<p>Asimismo, los comandantes general de la Armada, vicealmirante Agust\u00edn Morillo Rodr\u00edguez; del Ej\u00e9rcito, mayor general Carlos Fern\u00e1ndez Onofre; de la Fuerza A\u00e9rea, mayor general Carlos Febrillet; el director general de la Polic\u00eda Nacional, mayor general Eduardo Alberto Then; la gobernadora civil de Barahona, Genara Gonz\u00e1lez y el director del Distrito Municipal Bahoruco, Francisco Alberto G\u00f3mez P\u00e9rez, entre otros.<\/p>\n","protected":false},"excerpt":{"rendered":"<p>Por Martin Restituyo El presidente Luis Abinader dej\u00f3 inaugurados de manera simult\u00e1nea los destacamentos navales El Quemaito, Los Patos y Para\u00edso, en la zona costera de Barahona, mientras que la&hellip;<\/p>\n","protected":false},"author":2,"featured_media":59714,"comment_status":"open","ping_status":"open","sticky":false,"template":"","format":"standard","meta":{"content-type":"","jetpack_post_was_ever_published":false,"_jetpack_newsletter_access":"","_jetpack_dont_email_post_to_subs":false,"_jetpack_newsletter_tier_id":0,"_jetpack_memberships_contains_paywalled_content":false,"_jetpack_memberships_contains_paid_content":false,"footnotes":""},"categories":[3057],"tags":[265,7193,4213,3386,67,7194],"class_list":["post-59713","post","type-post","status-publish","format-standard","has-post-thumbnail","hentry","category-militares","tag-barahona","tag-comando-sur","tag-destacamento","tag-destacamentos","tag-luis-abinader","tag-navales"],"jetpack_featured_media_url":"https:\/\/lasprimeras.com.do\/wp-content\/uploads\/2023\/09\/Luis.jpg","jetpack-related-posts":[{"id":59599,"url":"https:\/\/lasprimeras.com.do\/index.php\/2023\/09\/05\/presidente-abinader-agotara-agenda-de-trabajo-en-pedernales-barahona-y-san-juan\/","url_meta":{"origin":59713,"position":0},"title":"Presidente Abinader agotar\u00e1 agenda de trabajo en Pedernales, Barahona y San Juan","author":"Nelson Feliz","date":"5 de septiembre de 2023","format":false,"excerpt":"El presidente Luis Abinader agotar\u00e1 una agenda de trabajo este mi\u00e9rcoles y jueves en las provincias de Pedernales, Barahona y San Juan dando continuidad a su obra de gobierno en beneficio del pueblo dominicano. La agenda del mandatario incluye una mesa de trabajo, visita de supervisi\u00f3n, inauguraciones de obras, as\u00ed\u2026","rel":"","context":"En \u00abPORTADA\u00bb","block_context":{"text":"PORTADA","link":"https:\/\/lasprimeras.com.do\/index.php\/category\/portada\/"},"img":{"alt_text":"Luis Abinader","src":"https:\/\/i0.wp.com\/lasprimeras.com.do\/wp-content\/uploads\/2023\/09\/Luis-Abinader-6.jpg?resize=350%2C200&ssl=1","width":350,"height":200,"srcset":"https:\/\/i0.wp.com\/lasprimeras.com.do\/wp-content\/uploads\/2023\/09\/Luis-Abinader-6.jpg?resize=350%2C200&ssl=1 1x, https:\/\/i0.wp.com\/lasprimeras.com.do\/wp-content\/uploads\/2023\/09\/Luis-Abinader-6.jpg?resize=525%2C300&ssl=1 1.5x, https:\/\/i0.wp.com\/lasprimeras.com.do\/wp-content\/uploads\/2023\/09\/Luis-Abinader-6.jpg?resize=700%2C400&ssl=1 2x"},"classes":[]},{"id":124432,"url":"https:\/\/lasprimeras.com.do\/index.php\/2026\/03\/12\/armada-de-rd-inaugura-destacamento-en-la-cienaga-y-fortalece-su-presencia-operativa-en-el-rio-ozama\/","url_meta":{"origin":59713,"position":1},"title":"Armada de RD inaugura destacamento en La Ci\u00e9naga y fortalece su presencia operativa en el r\u00edo Ozama","author":"Nelson Feliz","date":"12 de marzo de 2026","format":false,"excerpt":"La Armada de Rep\u00fablica Dominicana dej\u00f3 inaugurado el Destacamento de La Ci\u00e9naga, una moderna infraestructura destinada a fortalecer las capacidades operativas de vigilancia y seguridad en esta importante zona del Distrito Nacional, ubicada en el margen occidental del r\u00edo Ozama. La ceremonia fue encabezada por el ministro de Defensa, teniente\u2026","rel":"","context":"En \u00abMILITARES\u00bb","block_context":{"text":"MILITARES","link":"https:\/\/lasprimeras.com.do\/index.php\/category\/militares\/"},"img":{"alt_text":"","src":"https:\/\/i0.wp.com\/lasprimeras.com.do\/wp-content\/uploads\/2026\/03\/IMG-20260312-WA0340.jpg?resize=350%2C200&ssl=1","width":350,"height":200,"srcset":"https:\/\/i0.wp.com\/lasprimeras.com.do\/wp-content\/uploads\/2026\/03\/IMG-20260312-WA0340.jpg?resize=350%2C200&ssl=1 1x, https:\/\/i0.wp.com\/lasprimeras.com.do\/wp-content\/uploads\/2026\/03\/IMG-20260312-WA0340.jpg?resize=525%2C300&ssl=1 1.5x, https:\/\/i0.wp.com\/lasprimeras.com.do\/wp-content\/uploads\/2026\/03\/IMG-20260312-WA0340.jpg?resize=700%2C400&ssl=1 2x, https:\/\/i0.wp.com\/lasprimeras.com.do\/wp-content\/uploads\/2026\/03\/IMG-20260312-WA0340.jpg?resize=1050%2C600&ssl=1 3x"},"classes":[]},{"id":53830,"url":"https:\/\/lasprimeras.com.do\/index.php\/2023\/07\/01\/presidente-abinader-inaugura-nuevo-destacamento-en-imbert-puerto-plata\/","url_meta":{"origin":59713,"position":2},"title":"Presidente Abinader inaugura nuevo destacamento en Imbert, Puerto Plata","author":"Nelson Feliz","date":"1 de julio de 2023","format":false,"excerpt":"El presidente de la Rep\u00fablica, Luis Abinader, dej\u00f3 inaugurado hoy el Destacamento Militar \u2018General Juan Nouesit\u2019, en el municipio Imbert, provincia Puerto Plata. Este nuevo destacamento, construido en el centro de la provincia de Puerto Plata, tiene capacidad para alojar unos 40 soldados y estar\u00e1 bajo la responsabilidad de la\u2026","rel":"","context":"En \u00abMILITARES\u00bb","block_context":{"text":"MILITARES","link":"https:\/\/lasprimeras.com.do\/index.php\/category\/militares\/"},"img":{"alt_text":"","src":"https:\/\/i0.wp.com\/lasprimeras.com.do\/wp-content\/uploads\/2023\/07\/Luis-Abinader-ERD.jpg?resize=350%2C200&ssl=1","width":350,"height":200,"srcset":"https:\/\/i0.wp.com\/lasprimeras.com.do\/wp-content\/uploads\/2023\/07\/Luis-Abinader-ERD.jpg?resize=350%2C200&ssl=1 1x, https:\/\/i0.wp.com\/lasprimeras.com.do\/wp-content\/uploads\/2023\/07\/Luis-Abinader-ERD.jpg?resize=525%2C300&ssl=1 1.5x, https:\/\/i0.wp.com\/lasprimeras.com.do\/wp-content\/uploads\/2023\/07\/Luis-Abinader-ERD.jpg?resize=700%2C400&ssl=1 2x"},"classes":[]},{"id":48469,"url":"https:\/\/lasprimeras.com.do\/index.php\/2023\/05\/01\/comandante-del-ejercito-refuerza-seguridad-fronteriza\/","url_meta":{"origin":59713,"position":3},"title":"Comandante del Ej\u00e9rcito refuerza seguridad fronteriza","author":"prenxa100","date":"1 de mayo de 2023","format":false,"excerpt":"Por Wilson P\u00e9rez Montecristi.-. El comandante general del Ej\u00e9rcito de Rep\u00fablica Dominicana mayor general Carlos Antonio Fern\u00e1ndez Onofre, reforz\u00f3 la seguridad fronteriza mediante un recorrido por el Destacamento Militar de Manzanillo. Fern\u00e1ndez Onofre, realiz\u00f3 un recorrido por la frontera Sur, Norte y Sur-este del pa\u00eds, donde supervis\u00f3 personalmente las labores\u2026","rel":"","context":"En \u00abNACIONALES\u00bb","block_context":{"text":"NACIONALES","link":"https:\/\/lasprimeras.com.do\/index.php\/category\/nacionales\/"},"img":{"alt_text":"","src":"https:\/\/i0.wp.com\/atento.com.do\/wp-content\/uploads\/2023\/05\/WhatsApp-Image-2023-05-01-at-7.48.49-AM-1024x1018.jpeg?resize=350%2C200&ssl=1","width":350,"height":200,"srcset":"https:\/\/i0.wp.com\/atento.com.do\/wp-content\/uploads\/2023\/05\/WhatsApp-Image-2023-05-01-at-7.48.49-AM-1024x1018.jpeg?resize=350%2C200&ssl=1 1x, https:\/\/i0.wp.com\/atento.com.do\/wp-content\/uploads\/2023\/05\/WhatsApp-Image-2023-05-01-at-7.48.49-AM-1024x1018.jpeg?resize=525%2C300&ssl=1 1.5x, https:\/\/i0.wp.com\/atento.com.do\/wp-content\/uploads\/2023\/05\/WhatsApp-Image-2023-05-01-at-7.48.49-AM-1024x1018.jpeg?resize=700%2C400&ssl=1 2x"},"classes":[]},{"id":92014,"url":"https:\/\/lasprimeras.com.do\/index.php\/2024\/12\/11\/raquel-pena-inaugura-destacamento-en-sde-y-escuela-en-spm\/","url_meta":{"origin":59713,"position":4},"title":"Raquel Pe\u00f1a inaugura destacamento en SDE y escuela en SPM","author":"Nelson Feliz","date":"11 de diciembre de 2024","format":false,"excerpt":"La vicepresidenta tambi\u00e9n comparti\u00f3 almuerzos navide\u00f1os con cientos de comunitarios de la regi\u00f3n Este. Con el objetivo de continuar sumando pelda\u00f1os a la escalada por la transformaci\u00f3n de la Polic\u00eda Nacional y el sistema educativo dominicano, la vicepresidenta de la Rep\u00fablica, Raquel Pe\u00f1a, inaugur\u00f3 un nuevo destacamento y una escuela\u2026","rel":"","context":"En \u00abNACIONALES\u00bb","block_context":{"text":"NACIONALES","link":"https:\/\/lasprimeras.com.do\/index.php\/category\/nacionales\/"},"img":{"alt_text":"Raquel Pe\u00f1a","src":"https:\/\/i0.wp.com\/lasprimeras.com.do\/wp-content\/uploads\/2024\/12\/Raquel-Pena.jpg?resize=350%2C200&ssl=1","width":350,"height":200,"srcset":"https:\/\/i0.wp.com\/lasprimeras.com.do\/wp-content\/uploads\/2024\/12\/Raquel-Pena.jpg?resize=350%2C200&ssl=1 1x, https:\/\/i0.wp.com\/lasprimeras.com.do\/wp-content\/uploads\/2024\/12\/Raquel-Pena.jpg?resize=525%2C300&ssl=1 1.5x"},"classes":[]},{"id":85877,"url":"https:\/\/lasprimeras.com.do\/index.php\/2024\/07\/11\/ejercito-reinaugura-fortaleza-el-rodeo-en-jimani\/","url_meta":{"origin":59713,"position":5},"title":"Ej\u00e9rcito reinaugura Fortaleza \u201cEl Rodeo\u201d en Jiman\u00ed","author":"Nelson Feliz","date":"11 de julio de 2024","format":false,"excerpt":"El Ministro de Defensa, Teniente General Carlos Luciano D\u00edaz Morfa y el Comandante General del Ej\u00e9rcito de la Rep\u00fablica Dominicana, Mayor General Carlos Antonio Fern\u00e1ndez Onofre, reinauguraci\u00f3n por remozamiento de la Fortaleza \u201cEl Rodeo\u201d y las nuevas instalaciones del Destacamento Militar\u00a0 \u201c248\u201d ubicados en Jiman\u00ed provincia Independencia. Las palabras de\u2026","rel":"","context":"En \u00abMILITARES\u00bb","block_context":{"text":"MILITARES","link":"https:\/\/lasprimeras.com.do\/index.php\/category\/militares\/"},"img":{"alt_text":"El Rodeo","src":"https:\/\/i0.wp.com\/lasprimeras.com.do\/wp-content\/uploads\/2024\/07\/El-Rodeo-1.jpg?resize=350%2C200&ssl=1","width":350,"height":200,"srcset":"https:\/\/i0.wp.com\/lasprimeras.com.do\/wp-content\/uploads\/2024\/07\/El-Rodeo-1.jpg?resize=350%2C200&ssl=1 1x, https:\/\/i0.wp.com\/lasprimeras.com.do\/wp-content\/uploads\/2024\/07\/El-Rodeo-1.jpg?resize=525%2C300&ssl=1 1.5x, https:\/\/i0.wp.com\/lasprimeras.com.do\/wp-content\/uploads\/2024\/07\/El-Rodeo-1.jpg?resize=700%2C400&ssl=1 2x"},"classes":[]}],"jetpack_sharing_enabled":true,"_links":{"self":[{"href":"https:\/\/lasprimeras.com.do\/index.php\/wp-json\/wp\/v2\/posts\/59713","targetHints":{"allow":["GET"]}}],"collection":[{"href":"https:\/\/lasprimeras.com.do\/index.php\/wp-json\/wp\/v2\/posts"}],"about":[{"href":"https:\/\/lasprimeras.com.do\/index.php\/wp-json\/wp\/v2\/types\/post"}],"author":[{"embeddable":true,"href":"https:\/\/lasprimeras.com.do\/index.php\/wp-json\/wp\/v2\/users\/2"}],"replies":[{"embeddable":true,"href":"https:\/\/lasprimeras.com.do\/index.php\/wp-json\/wp\/v2\/comments?post=59713"}],"version-history":[{"count":1,"href":"https:\/\/lasprimeras.com.do\/index.php\/wp-json\/wp\/v2\/posts\/59713\/revisions"}],"predecessor-version":[{"id":59717,"href":"https:\/\/lasprimeras.com.do\/index.php\/wp-json\/wp\/v2\/posts\/59713\/revisions\/59717"}],"wp:featuredmedia":[{"embeddable":true,"href":"https:\/\/lasprimeras.com.do\/index.php\/wp-json\/wp\/v2\/media\/59714"}],"wp:attachment":[{"href":"https:\/\/lasprimeras.com.do\/index.php\/wp-json\/wp\/v2\/media?parent=59713"}],"wp:term":[{"taxonomy":"category","embeddable":true,"href":"https:\/\/lasprimeras.com.do\/index.php\/wp-json\/wp\/v2\/categories?post=59713"},{"taxonomy":"post_tag","embeddable":true,"href":"https:\/\/lasprimeras.com.do\/index.php\/wp-json\/wp\/v2\/tags?post=59713"}],"curies":[{"name":"wp","href":"https:\/\/api.w.org\/{rel}","templated":true}]}}