{"id":59836,"date":"2023-09-07T22:56:39","date_gmt":"2023-09-08T02:56:39","guid":{"rendered":"https:\/\/lasprimeras.com.do\/?p=59836"},"modified":"2023-09-07T22:56:40","modified_gmt":"2023-09-08T02:56:40","slug":"posesionan-nuevo-director-en-las-escuelas-vocacionales-de-las-fuerzas-armadas-y-la-policia-nacional","status":"publish","type":"post","link":"https:\/\/lasprimeras.com.do\/index.php\/2023\/09\/07\/posesionan-nuevo-director-en-las-escuelas-vocacionales-de-las-fuerzas-armadas-y-la-policia-nacional\/","title":{"rendered":"Posesionan nuevo director en las Escuelas Vocacionales de las Fuerzas Armadas y la Polic\u00eda Nacional"},"content":{"rendered":"\n<p>Por Martin Restituyo<br>\u00a0<br>El viceministro de Defensa, Ram\u00f3n Gustavo Betances Hern\u00e1ndez ARD., posesion\u00f3 como nuevo director general de la Escuelas Vocacionales de las Fuerzas Armadas y de la Polic\u00eda Nacional(DIGEV), al General de BrigadaERD., Jorge L. Morel de Dios, en sustituci\u00f3n del Mayor General ERD., Juan Jos\u00e9 Ota\u00f1o Jim\u00e9nez; quien fue designado como director general del Cuerpo Militar, Polic\u00edal y Electoral.<\/p>\n\n\n\n<p>La designaci\u00f3n del nuevo director de la DIGEV est\u00e1 contenida en un memorando firmado por el ministro de Defensa, Teniente General ERD., Carlos Luciano D\u00edaz Morfa, en fecha 1 de septiembre 2023.<\/p>\n\n\n\n<p>El acto de traspaso de mando se llev\u00f3 a cabo en la explanada frente al multiuso en la Sede Central de las Escuelas Vocacionales, ubicada en el municipio Santo Domingo Este, en la provincia Santo Domingo.<\/p>\n\n\n\n<p>La actividad de cambio de direcci\u00f3n se llev\u00f3 a cabo en presencia de la plana mayor militar y acad\u00e9mica de esa entidad formativa, as\u00ed como de todo el personal docente, administrativo y estudiantes.<\/p>\n\n\n\n<p>El nuevo director de la DIGEV, General de Brigada ERD., al asumir las nuevas funciones inst\u00f3 a todos los colaboradores de las Escuelas Vocacionales a continuar trabajando en equipo como hasta ahora lo han realizado con la finalidad de seguir engrandeciendo la instituci\u00f3n.<\/p>\n\n\n\n<p>Destac\u00f3 el extraordinario trabajo hecho por su antecesor en el fortalecimiento y modernizaci\u00f3n de esa entidad y les pidi\u00f3 a los empleados, profesores, estudiantes y todo el mando directivo seguir con ese mismo ah\u00ednco en esta nueva gesti\u00f3n.<\/p>\n\n\n\n<p>En tanto que el Mayor General ERD., Ota\u00f1o Jim\u00e9nez al pronunciar las palabras de despedida exhort\u00f3 a todos los servidores de las Escuelas Vocacionales a brindar todo el apoyo al nuevo director a los fines de seguir consolidando todos los logros que hasta el momento se han obtenido.<\/p>\n","protected":false},"excerpt":{"rendered":"<p>Por Martin Restituyo\u00a0El viceministro de Defensa, Ram\u00f3n Gustavo Betances Hern\u00e1ndez ARD., posesion\u00f3 como nuevo director general de la Escuelas Vocacionales de las Fuerzas Armadas y de la Polic\u00eda Nacional(DIGEV), al&hellip;<\/p>\n","protected":false},"author":2,"featured_media":59837,"comment_status":"open","ping_status":"open","sticky":false,"template":"","format":"standard","meta":{"content-type":"","jetpack_post_was_ever_published":false,"_jetpack_newsletter_access":"","_jetpack_dont_email_post_to_subs":false,"_jetpack_newsletter_tier_id":0,"_jetpack_memberships_contains_paywalled_content":false,"_jetpack_memberships_contains_paid_content":false,"footnotes":""},"categories":[3057],"tags":[656],"class_list":["post-59836","post","type-post","status-publish","format-standard","has-post-thumbnail","hentry","category-militares","tag-digev"],"jetpack_featured_media_url":"https:\/\/lasprimeras.com.do\/wp-content\/uploads\/2023\/09\/DIGEV-1.jpg","jetpack-related-posts":[{"id":88087,"url":"https:\/\/lasprimeras.com.do\/index.php\/2024\/08\/21\/posesionan-nuevo-director-en-la-digev-de-las-ff-aa-y-la-policia-nacional\/","url_meta":{"origin":59836,"position":0},"title":"Posesionan nuevo director en la DIGEV de las FF.AA. y la Polic\u00eda Nacional","author":"Nelson Feliz","date":"21 de agosto de 2024","format":false,"excerpt":"El viceministro de Defensa para Asuntos A\u00e9reos y Espaciales, mayor general t\u00e9cnico de aviaci\u00f3n Carlos Ram\u00f3n Febrillet Rodr\u00edguez, posesion\u00f3 la ma\u00f1ana de este mi\u00e9rcoles como nuevo director general de la Direcci\u00f3n General de las Escuelas Vocacionales de las Fuerzas Armadas y de la Polic\u00eda Nacional (DIGEV), al coronel Jos\u00e9 R.\u2026","rel":"","context":"En \u00abMILITARES\u00bb","block_context":{"text":"MILITARES","link":"https:\/\/lasprimeras.com.do\/index.php\/category\/militares\/"},"img":{"alt_text":"digev","src":"https:\/\/i0.wp.com\/lasprimeras.com.do\/wp-content\/uploads\/2024\/08\/digev-1.jpg?resize=350%2C200&ssl=1","width":350,"height":200,"srcset":"https:\/\/i0.wp.com\/lasprimeras.com.do\/wp-content\/uploads\/2024\/08\/digev-1.jpg?resize=350%2C200&ssl=1 1x, https:\/\/i0.wp.com\/lasprimeras.com.do\/wp-content\/uploads\/2024\/08\/digev-1.jpg?resize=525%2C300&ssl=1 1.5x"},"classes":[]},{"id":119231,"url":"https:\/\/lasprimeras.com.do\/index.php\/2026\/01\/08\/ministerio-de-defensa-fortalece-la-formacion-tecnica-de-digev-con-entrega-de-nuevos-vehiculos\/","url_meta":{"origin":59836,"position":1},"title":"Ministerio de Defensa fortalece la formaci\u00f3n t\u00e9cnica de DIGEV con entrega de nuevos veh\u00edculos","author":"Nelson Feliz","date":"8 de enero de 2026","format":false,"excerpt":"El ministro de Defensa, teniente general Carlos Antonio Fern\u00e1ndez Onofre, ERD, realiz\u00f3 la entrega oficial de siete (7) veh\u00edculos marca Toyota AGYA, a\u00f1o 2025, al director general de las Escuelas Vocacionales de las Fuerzas Armadas y de la Polic\u00eda Nacional (DIGEV), coronel Jos\u00e9 Ram\u00f3n Reyes Su\u00e1rez, FARD (DGP). Los veh\u00edculos\u2026","rel":"","context":"En \u00abMILITARES\u00bb","block_context":{"text":"MILITARES","link":"https:\/\/lasprimeras.com.do\/index.php\/category\/militares\/"},"img":{"alt_text":"DIGEV","src":"https:\/\/i0.wp.com\/lasprimeras.com.do\/wp-content\/uploads\/2026\/01\/digev-1.jpg?resize=350%2C200&ssl=1","width":350,"height":200,"srcset":"https:\/\/i0.wp.com\/lasprimeras.com.do\/wp-content\/uploads\/2026\/01\/digev-1.jpg?resize=350%2C200&ssl=1 1x, https:\/\/i0.wp.com\/lasprimeras.com.do\/wp-content\/uploads\/2026\/01\/digev-1.jpg?resize=525%2C300&ssl=1 1.5x, https:\/\/i0.wp.com\/lasprimeras.com.do\/wp-content\/uploads\/2026\/01\/digev-1.jpg?resize=700%2C400&ssl=1 2x"},"classes":[]},{"id":102271,"url":"https:\/\/lasprimeras.com.do\/index.php\/2025\/07\/02\/escuelas-vocacionales-inician-segundo-semestre-del-ano-2025-a-nivel-nacional\/","url_meta":{"origin":59836,"position":2},"title":"Escuelas Vocacionales inician segundo semestre del a\u00f1o 2025 a nivel nacional","author":"Nelson Feliz","date":"2 de julio de 2025","format":false,"excerpt":"La Direcci\u00f3n General de las Escuelas Vocacionales de las Fuerzas Armadas y de la Polic\u00eda Nacional (DIGEV), del Ministerio de Defensa (MIDE), dieron formal inicio al segundo semestre acad\u00e9mico del a\u00f1o 2025, iniciando con una matr\u00edcula de inscritos de m\u00e1s de 25,000 estudiantes distribuidos en sus 31 escuelas y 4\u2026","rel":"","context":"En \u00abMILITARES\u00bb","block_context":{"text":"MILITARES","link":"https:\/\/lasprimeras.com.do\/index.php\/category\/militares\/"},"img":{"alt_text":"","src":"https:\/\/i0.wp.com\/lasprimeras.com.do\/wp-content\/uploads\/2025\/07\/escuelas-1.jpg?resize=350%2C200&ssl=1","width":350,"height":200,"srcset":"https:\/\/i0.wp.com\/lasprimeras.com.do\/wp-content\/uploads\/2025\/07\/escuelas-1.jpg?resize=350%2C200&ssl=1 1x, https:\/\/i0.wp.com\/lasprimeras.com.do\/wp-content\/uploads\/2025\/07\/escuelas-1.jpg?resize=525%2C300&ssl=1 1.5x, https:\/\/i0.wp.com\/lasprimeras.com.do\/wp-content\/uploads\/2025\/07\/escuelas-1.jpg?resize=700%2C400&ssl=1 2x"},"classes":[]},{"id":111996,"url":"https:\/\/lasprimeras.com.do\/index.php\/2025\/10\/16\/digev-conmemora-59-anos-de-su-fundacion-en-bani\/","url_meta":{"origin":59836,"position":3},"title":"DIGEV conmemora 59 a\u00f1os de su fundaci\u00f3n en Ban\u00ed","author":"Nelson Feliz","date":"16 de octubre de 2025","format":false,"excerpt":"Con una emotiva ceremonia religiosa y una exposici\u00f3n educativa, las Escuelas Vocacionales de las Fuerzas Armadas y de la Polic\u00eda Nacional (DIGEV), del Ministerio de Defensa (MIDE), celebraron el 59.\u00ba aniversario de la fundaci\u00f3n de su primera sede, establecida en la ciudad de Ban\u00ed en el a\u00f1o 1966. El acto\u2026","rel":"","context":"En \u00abMILITARES\u00bb","block_context":{"text":"MILITARES","link":"https:\/\/lasprimeras.com.do\/index.php\/category\/militares\/"},"img":{"alt_text":"","src":"https:\/\/i0.wp.com\/lasprimeras.com.do\/wp-content\/uploads\/2025\/10\/misa.jpg?resize=350%2C200&ssl=1","width":350,"height":200,"srcset":"https:\/\/i0.wp.com\/lasprimeras.com.do\/wp-content\/uploads\/2025\/10\/misa.jpg?resize=350%2C200&ssl=1 1x, https:\/\/i0.wp.com\/lasprimeras.com.do\/wp-content\/uploads\/2025\/10\/misa.jpg?resize=525%2C300&ssl=1 1.5x, https:\/\/i0.wp.com\/lasprimeras.com.do\/wp-content\/uploads\/2025\/10\/misa.jpg?resize=700%2C400&ssl=1 2x"},"classes":[]},{"id":73189,"url":"https:\/\/lasprimeras.com.do\/index.php\/2024\/01\/06\/digev-entrega-juguetes-a-hijos-de-militares-y-colaboradores\/","url_meta":{"origin":59836,"position":4},"title":"DIGEV entrega juguetes a hijos de militares y colaboradores","author":"Nelson Feliz","date":"6 de enero de 2024","format":false,"excerpt":"Por Martin Restituyo La Direcci\u00f3n General de las Escuelas Vocacionales de las Fuerzas Armadas y de la Polic\u00eda Nacional (DIGEV), con el apoyo del Ministerio de Defensa (MIDE) y la Asociaci\u00f3n Dominicana de Esposas de Oficiales de las Fuerzas Armadas (ADEOFA), realizaron una divertida entrega de juguetes a los hijos\u2026","rel":"","context":"En \u00abMILITARES\u00bb","block_context":{"text":"MILITARES","link":"https:\/\/lasprimeras.com.do\/index.php\/category\/militares\/"},"img":{"alt_text":"juguetes","src":"https:\/\/i0.wp.com\/lasprimeras.com.do\/wp-content\/uploads\/2024\/01\/juguetes-1.jpg?resize=350%2C200&ssl=1","width":350,"height":200,"srcset":"https:\/\/i0.wp.com\/lasprimeras.com.do\/wp-content\/uploads\/2024\/01\/juguetes-1.jpg?resize=350%2C200&ssl=1 1x, https:\/\/i0.wp.com\/lasprimeras.com.do\/wp-content\/uploads\/2024\/01\/juguetes-1.jpg?resize=525%2C300&ssl=1 1.5x, https:\/\/i0.wp.com\/lasprimeras.com.do\/wp-content\/uploads\/2024\/01\/juguetes-1.jpg?resize=700%2C400&ssl=1 2x"},"classes":[]},{"id":78445,"url":"https:\/\/lasprimeras.com.do\/index.php\/2024\/03\/16\/mide-entrega-nueva-flotilla-de-automoviles-a-las-escuelas-vocacionales\/","url_meta":{"origin":59836,"position":5},"title":"MIDE entrega nueva flotilla de autom\u00f3viles a las Escuelas Vocacionales","author":"BIMARY DE JES\u00daS Matos","date":"16 de marzo de 2024","format":false,"excerpt":"Santo Domingo.-El Ministro de Defensa, Teniente General ERD, Carlos Luciano D\u00edaz Morfa, entreg\u00f3 este s\u00e1bado al Director General de las Escuelas Vocacionales de las Fuerzas Armadas y de la Polic\u00eda Nacional (DIGEV), General de Brigada ERD, Jorge Luis Morel De Dios, siete autom\u00f3viles marca Suzuki SWIFT de cinco pasajeros, a\u00f1o\u2026","rel":"","context":"En \u00abPORTADA\u00bb","block_context":{"text":"PORTADA","link":"https:\/\/lasprimeras.com.do\/index.php\/category\/portada\/"},"img":{"alt_text":"","src":"https:\/\/i0.wp.com\/lasprimeras.com.do\/wp-content\/uploads\/2024\/03\/IMG-20240316-WA0008.jpg?resize=350%2C200&ssl=1","width":350,"height":200,"srcset":"https:\/\/i0.wp.com\/lasprimeras.com.do\/wp-content\/uploads\/2024\/03\/IMG-20240316-WA0008.jpg?resize=350%2C200&ssl=1 1x, https:\/\/i0.wp.com\/lasprimeras.com.do\/wp-content\/uploads\/2024\/03\/IMG-20240316-WA0008.jpg?resize=525%2C300&ssl=1 1.5x, https:\/\/i0.wp.com\/lasprimeras.com.do\/wp-content\/uploads\/2024\/03\/IMG-20240316-WA0008.jpg?resize=700%2C400&ssl=1 2x, https:\/\/i0.wp.com\/lasprimeras.com.do\/wp-content\/uploads\/2024\/03\/IMG-20240316-WA0008.jpg?resize=1050%2C600&ssl=1 3x"},"classes":[]}],"jetpack_sharing_enabled":true,"_links":{"self":[{"href":"https:\/\/lasprimeras.com.do\/index.php\/wp-json\/wp\/v2\/posts\/59836","targetHints":{"allow":["GET"]}}],"collection":[{"href":"https:\/\/lasprimeras.com.do\/index.php\/wp-json\/wp\/v2\/posts"}],"about":[{"href":"https:\/\/lasprimeras.com.do\/index.php\/wp-json\/wp\/v2\/types\/post"}],"author":[{"embeddable":true,"href":"https:\/\/lasprimeras.com.do\/index.php\/wp-json\/wp\/v2\/users\/2"}],"replies":[{"embeddable":true,"href":"https:\/\/lasprimeras.com.do\/index.php\/wp-json\/wp\/v2\/comments?post=59836"}],"version-history":[{"count":1,"href":"https:\/\/lasprimeras.com.do\/index.php\/wp-json\/wp\/v2\/posts\/59836\/revisions"}],"predecessor-version":[{"id":59838,"href":"https:\/\/lasprimeras.com.do\/index.php\/wp-json\/wp\/v2\/posts\/59836\/revisions\/59838"}],"wp:featuredmedia":[{"embeddable":true,"href":"https:\/\/lasprimeras.com.do\/index.php\/wp-json\/wp\/v2\/media\/59837"}],"wp:attachment":[{"href":"https:\/\/lasprimeras.com.do\/index.php\/wp-json\/wp\/v2\/media?parent=59836"}],"wp:term":[{"taxonomy":"category","embeddable":true,"href":"https:\/\/lasprimeras.com.do\/index.php\/wp-json\/wp\/v2\/categories?post=59836"},{"taxonomy":"post_tag","embeddable":true,"href":"https:\/\/lasprimeras.com.do\/index.php\/wp-json\/wp\/v2\/tags?post=59836"}],"curies":[{"name":"wp","href":"https:\/\/api.w.org\/{rel}","templated":true}]}}