{"id":59901,"date":"2023-09-08T20:35:10","date_gmt":"2023-09-09T00:35:10","guid":{"rendered":"https:\/\/lasprimeras.com.do\/?p=59901"},"modified":"2023-09-08T20:35:12","modified_gmt":"2023-09-09T00:35:12","slug":"sanz-lovaton-recibe-visita-del-embajador-de-la-republica-popular-china-en-el-pais","status":"publish","type":"post","link":"https:\/\/lasprimeras.com.do\/index.php\/2023\/09\/08\/sanz-lovaton-recibe-visita-del-embajador-de-la-republica-popular-china-en-el-pais\/","title":{"rendered":"Sanz Lovat\u00f3n recibe visita del embajador de la Rep\u00fablica Popular China en el pa\u00eds"},"content":{"rendered":"\n<p class=\"wp-block-paragraph\"><strong>Ambas autoridades conversaron sobre fortalecer los lazos y las oportunidades comerciales entre ambos pa\u00edses.<\/strong><\/p>\n\n\n\n<p class=\"wp-block-paragraph\">El director general de Aduanas, Eduardo Sanz Lovat\u00f3n, y el embajador de la Rep\u00fablica Popular China ante la Rep\u00fablica Dominicana, Chen Luning, sostuvieron un encuentro donde conversaron sobre las oportunidades comerciales entre ambos pa\u00edses.<\/p>\n\n\n\n<p class=\"wp-block-paragraph\">Adem\u00e1s, se promovi\u00f3 la idea de construir una mesa t\u00e9cnica para que el gremio de comerciantes chinos en el pa\u00eds pueda conocer toda la informaci\u00f3n referente a protocolos y leyes comerciales de Rep\u00fablica Dominicana.<\/p>\n\n\n\n<p class=\"wp-block-paragraph\">En ese sentido, Sanz Lovat\u00f3n, impuls\u00f3 la iniciativa de generar un acuerdo sobre cooperaci\u00f3n y asistencia mutua en asuntos aduaneros e invit\u00f3 a ese pa\u00eds a aprovechar las ventajas que presenta la Rep\u00fablica Dominicana como Hub log\u00edstico en la regi\u00f3n.<\/p>\n\n\n\n<p class=\"wp-block-paragraph\">Otro de los puntos tratados, durante la visita, fue el inter\u00e9s de que funcionarios de la Direcci\u00f3n General de Aduanas (DGA) visiten a las autoridades de Aduanas en China, con la finalidad de profundizar conocimientos en aspectos t\u00e9cnicos y comerciales, sobre los valores de los distintos rubros de mercanc\u00edas que llegan desde dicha naci\u00f3n oriental, para ser comercializados en territorio dominicano.<\/p>\n\n\n\n<p class=\"wp-block-paragraph\">De su lado, Luning invit\u00f3, a iniciar conversaciones sobre acuerdos y tratados de libre comercio entre ambas naciones para fortalecer las relaciones comerciales e incrementar este tipo de actividades entre ambos pa\u00edses.<\/p>\n\n\n\n<p class=\"wp-block-paragraph\">El diplom\u00e1tico, tambi\u00e9n, destac\u00f3 la importancia de poder ocupar m\u00e1s espacios de inversi\u00f3n desde el Gobierno chino para robustecer las l\u00edneas de producci\u00f3n en las zonas francas dominicanas y, as\u00ed, estimular la empleoman\u00eda de manos dominicanas.<\/p>\n\n\n\n<p class=\"wp-block-paragraph\">El diplom\u00e1tico manifest\u00f3 la posibilidad de que, en un futuro pr\u00f3ximo, se reciban visitas de inversionistas y funcionarios chinos provenientes de la ciudad de Shanghai.<\/p>\n\n\n\n<p class=\"wp-block-paragraph\"><strong>Cifras sobre el comercio con China<\/strong><\/p>\n\n\n\n<p class=\"wp-block-paragraph\">En enero-agosto de 2023, Rep\u00fablica Dominicana import\u00f3 productos chinos por un total de US$2,602.67 millones y export\u00f3 a esa naci\u00f3n por US$121.40 millones, resultando en un flujo comercial de US$2,724.07 millones entre ambos pa\u00edses.<\/p>\n\n\n\n<p class=\"wp-block-paragraph\">China es el segundo mayor socio comercial en importaciones para la Rep\u00fablica Dominicana, representando el 16.43 % del total de importaciones en el per\u00edodo mencionado.<\/p>\n\n\n\n<p class=\"wp-block-paragraph\">En t\u00e9rminos de ingresos, para la Direcci\u00f3n General de Aduanas (DGA), China participa con un 26.78 % de participaci\u00f3n en los ingresos totales durante el mismo per\u00edodo.<\/p>\n","protected":false},"excerpt":{"rendered":"<p>Ambas autoridades conversaron sobre fortalecer los lazos y las oportunidades comerciales entre ambos pa\u00edses. El director general de Aduanas, Eduardo Sanz Lovat\u00f3n, y el embajador de la Rep\u00fablica Popular China&hellip;<\/p>\n","protected":false},"author":2,"featured_media":59902,"comment_status":"open","ping_status":"open","sticky":false,"template":"","format":"standard","meta":{"content-type":"","_jetpack_newsletter_access":"","_jetpack_dont_email_post_to_subs":false,"_jetpack_newsletter_tier_id":0,"_jetpack_memberships_contains_paywalled_content":false,"_jetpack_feature_clip_id":0,"_jetpack_memberships_contains_paid_content":false,"footnotes":"","jetpack_post_was_ever_published":false},"categories":[39,25],"tags":[583,4653,2016,160,1906],"class_list":["post-59901","post","type-post","status-publish","format-standard","has-post-thumbnail","hentry","category-economia","category-portada","tag-china","tag-eduardo-sanz-lovaton","tag-embajador","tag-popular","tag-republica"],"jetpack-related-posts":[{"id":77796,"url":"https:\/\/lasprimeras.com.do\/index.php\/2024\/02\/25\/yayo-sanz-lovaton-asegura-que-triunfo-del-prm-es-refrendacion-a-abinader\/","url_meta":{"origin":59901,"position":0},"title":"Yayo Sanz Lovat\u00f3n asegura que triunfo del PRM es refrendaci\u00f3n a Abinader","author":"Nelson Feliz","date":"25 de febrero de 2024","format":false,"excerpt":"El dirigente del Partido Revolucionario Moderno (PRM), Eduardo Sanz Lovat\u00f3n, consider\u00f3 que el resultado de las elecciones constituye una \u201crefrendaci\u00f3n plebiscitaria de las ejecutorias del presidente Luis Abinader en m\u00e1s de tres a\u00f1os de gobierno\u201d. Sanz Lovat\u00f3n , dijo que la sociedad dominicana ha entendido el esfuerzo de Abinader para\u2026","rel":"","context":"En \u00abSin categor\u00eda\u00bb","block_context":{"text":"Sin categor\u00eda","link":"https:\/\/lasprimeras.com.do\/index.php\/category\/sin-categoria\/"},"img":{"alt_text":"Eduardo Sanz Lovat\u00f3n","src":"https:\/\/i0.wp.com\/lasprimeras.com.do\/wp-content\/uploads\/2024\/02\/Eduardo-Sanz-Lovaton.jpg?resize=350%2C200&ssl=1","width":350,"height":200,"srcset":"https:\/\/i0.wp.com\/lasprimeras.com.do\/wp-content\/uploads\/2024\/02\/Eduardo-Sanz-Lovaton.jpg?resize=350%2C200&ssl=1 1x, https:\/\/i0.wp.com\/lasprimeras.com.do\/wp-content\/uploads\/2024\/02\/Eduardo-Sanz-Lovaton.jpg?resize=525%2C300&ssl=1 1.5x, https:\/\/i0.wp.com\/lasprimeras.com.do\/wp-content\/uploads\/2024\/02\/Eduardo-Sanz-Lovaton.jpg?resize=700%2C400&ssl=1 2x"},"classes":[]},{"id":121480,"url":"https:\/\/lasprimeras.com.do\/index.php\/2026\/02\/04\/rd-se-consolida-como-nueva-capital-de-inversion-para-latam-destaca-sanz-lovaton-en-miami\/","url_meta":{"origin":59901,"position":1},"title":"RD se consolida como nueva capital de inversi\u00f3n para LATAM, destaca Sanz Lovat\u00f3n en Miami","author":"Nelson Feliz","date":"4 de febrero de 2026","format":false,"excerpt":"Miami, Florida .\u2013. El ministro de Industria, Comercio y Mipymes (MICM), Eduardo -Yayo- Sanz Lovat\u00f3n destac\u00f3 que la Rep\u00fablica Dominicana y Estados Unidos avanzan en la construcci\u00f3n de cadenas de suministro integradas, resilientes y competitivas. Durante su participaci\u00f3n en la conferencia \u201cPerspectivas de las Am\u00e9ricas 2026\u201d, Sanz Lovat\u00f3n, manifest\u00f3 que\u2026","rel":"","context":"En \u00abECONOM\u00cdA\u00bb","block_context":{"text":"ECONOM\u00cdA","link":"https:\/\/lasprimeras.com.do\/index.php\/category\/economia\/"},"img":{"alt_text":"Eduardo -Yayo- Sanz Lovat\u00f3n","src":"https:\/\/i0.wp.com\/lasprimeras.com.do\/wp-content\/uploads\/2026\/02\/Eduardo-Yayo-Sanz-Lovaton.jpg?resize=350%2C200&ssl=1","width":350,"height":200},"classes":[]},{"id":108751,"url":"https:\/\/lasprimeras.com.do\/index.php\/2025\/09\/10\/yayo-sanz-lovaton-el-gobierno-le-ha-declarado-la-guerra-al-comercio-ilicito-chino\/","url_meta":{"origin":59901,"position":2},"title":"Yayo Sanz Lovat\u00f3n: &#8220;El Gobierno le ha declarado la guerra al comercio il\u00edcito chino&#8221;","author":"Nelson Feliz","date":"10 de septiembre de 2025","format":false,"excerpt":"Director general de Aduanas afirm\u00f3 que entre impuestos, multas y sanciones a los negocios de origen asi\u00e1tico han recaudado 9,633 millones de pesos. Las tiendas de capital chino se han extendido por el territorio dominicano, sumado a un incremento de las importaciones, al menos desde 2021. Sin embargo, en el\u2026","rel":"","context":"En \u00abECONOM\u00cdA\u00bb","block_context":{"text":"ECONOM\u00cdA","link":"https:\/\/lasprimeras.com.do\/index.php\/category\/economia\/"},"img":{"alt_text":"Yayo Sanz Lovat\u00f3n","src":"https:\/\/i0.wp.com\/lasprimeras.com.do\/wp-content\/uploads\/2025\/07\/Yayo-Sanz-Lovaton.jpg?resize=350%2C200&ssl=1","width":350,"height":200,"srcset":"https:\/\/i0.wp.com\/lasprimeras.com.do\/wp-content\/uploads\/2025\/07\/Yayo-Sanz-Lovaton.jpg?resize=350%2C200&ssl=1 1x, https:\/\/i0.wp.com\/lasprimeras.com.do\/wp-content\/uploads\/2025\/07\/Yayo-Sanz-Lovaton.jpg?resize=525%2C300&ssl=1 1.5x"},"classes":[]},{"id":57204,"url":"https:\/\/lasprimeras.com.do\/index.php\/2023\/08\/10\/sanz-lovaton-pone-en-marcha-operaciones-de-emergent-cold-latin-america-en-el-puerto-de-caucedo\/","url_meta":{"origin":59901,"position":3},"title":"Sanz Lovat\u00f3n pone en marcha operaciones de Emergent Cold Latin America en el Puerto de Caucedo","author":"Nelson Feliz","date":"10 de agosto de 2023","format":false,"excerpt":"El titular de la DGA destac\u00f3 que este centro de distribuci\u00f3n ayuda a que Rep\u00fablica Dominicana alcance su meta de ser el hub log\u00edstico m\u00e1s importante de la regi\u00f3n. El proveedor de servicios log\u00edsticos y de almacenamiento de alimentos refrigerados de m\u00e1s r\u00e1pido crecimiento en Am\u00e9rica Latina, Emergent Cold Latin\u2026","rel":"","context":"En \u00abECONOM\u00cdA\u00bb","block_context":{"text":"ECONOM\u00cdA","link":"https:\/\/lasprimeras.com.do\/index.php\/category\/economia\/"},"img":{"alt_text":"DGA","src":"https:\/\/i0.wp.com\/lasprimeras.com.do\/wp-content\/uploads\/2023\/08\/Aduanas.jpg?resize=350%2C200&ssl=1","width":350,"height":200,"srcset":"https:\/\/i0.wp.com\/lasprimeras.com.do\/wp-content\/uploads\/2023\/08\/Aduanas.jpg?resize=350%2C200&ssl=1 1x, https:\/\/i0.wp.com\/lasprimeras.com.do\/wp-content\/uploads\/2023\/08\/Aduanas.jpg?resize=525%2C300&ssl=1 1.5x, https:\/\/i0.wp.com\/lasprimeras.com.do\/wp-content\/uploads\/2023\/08\/Aduanas.jpg?resize=700%2C400&ssl=1 2x"},"classes":[]},{"id":130457,"url":"https:\/\/lasprimeras.com.do\/index.php\/2026\/05\/13\/abinader-se-reune-con-su-homologo-panameno-jose-raul-mulino\/","url_meta":{"origin":59901,"position":4},"title":"Abinader se reune con su hom\u00f3logo paname\u00f1o Jos\u00e9 Ra\u00fal Mulino","author":"Nelson Feliz","date":"13 de mayo de 2026","format":false,"excerpt":"Tambi\u00e9n sostuvo encuentros por separado con el presidente de la Organizaci\u00f3n Mundial de Zonas Francas (World FZO), Mohammed Al Zarooni, y con ejecutivos de DP World Panam\u00e1.\u2013 El presidente de la Rep\u00fablica, Luis Abinader, destac\u00f3 la importancia de continuar fortaleciendo las relaciones bilaterales entre Rep\u00fablica Dominicana y Panam\u00e1, con el\u2026","rel":"","context":"En \u00abECONOM\u00cdA\u00bb","block_context":{"text":"ECONOM\u00cdA","link":"https:\/\/lasprimeras.com.do\/index.php\/category\/economia\/"},"img":{"alt_text":"Abinader se reune con su hom\u00f3logo paname\u00f1o Jos\u00e9 Ra\u00fal Mulino","src":"https:\/\/i0.wp.com\/lasprimeras.com.do\/wp-content\/uploads\/2026\/05\/Abinader-se-reune-con-su-homologo-panameno-Jose-Raul-Mulino-1.jpg?resize=350%2C200&ssl=1","width":350,"height":200,"srcset":"https:\/\/i0.wp.com\/lasprimeras.com.do\/wp-content\/uploads\/2026\/05\/Abinader-se-reune-con-su-homologo-panameno-Jose-Raul-Mulino-1.jpg?resize=350%2C200&ssl=1 1x, https:\/\/i0.wp.com\/lasprimeras.com.do\/wp-content\/uploads\/2026\/05\/Abinader-se-reune-con-su-homologo-panameno-Jose-Raul-Mulino-1.jpg?resize=525%2C300&ssl=1 1.5x, https:\/\/i0.wp.com\/lasprimeras.com.do\/wp-content\/uploads\/2026\/05\/Abinader-se-reune-con-su-homologo-panameno-Jose-Raul-Mulino-1.jpg?resize=700%2C400&ssl=1 2x"},"classes":[]},{"id":110894,"url":"https:\/\/lasprimeras.com.do\/index.php\/2025\/10\/01\/sanz-lovaton-presenta-en-el-dialogo-interamericano-la-posicion-de-rd-como-hub-logistico-lider-en-las-americas\/","url_meta":{"origin":59901,"position":5},"title":"Sanz Lovat\u00f3n presenta en el Di\u00e1logo Interamericano la posici\u00f3n de RD como hub log\u00edstico l\u00edder en las Am\u00e9ricas","author":"Nelson Feliz","date":"1 de octubre de 2025","format":false,"excerpt":"En su participaci\u00f3n en el Di\u00e1logo Interamericano, uno de los foros m\u00e1s influyentes de pol\u00edticas p\u00fablicas del hemisferio, Sanz Lovat\u00f3n mostr\u00f3 c\u00f3mo la Rep\u00fablica Dominicana est\u00e1 combinando estabilidad, infraestructura de clase mundial y reformas profundas para convertirse en el centro log\u00edstico preferido de las grandes empresas globales. Washington D. C.\u2013\u2026","rel":"","context":"En \u00abECONOM\u00cdA\u00bb","block_context":{"text":"ECONOM\u00cdA","link":"https:\/\/lasprimeras.com.do\/index.php\/category\/economia\/"},"img":{"alt_text":"","src":"https:\/\/i0.wp.com\/lasprimeras.com.do\/wp-content\/uploads\/2025\/10\/Yayo-Sanz-Lovaton.jpg?resize=350%2C200&ssl=1","width":350,"height":200,"srcset":"https:\/\/i0.wp.com\/lasprimeras.com.do\/wp-content\/uploads\/2025\/10\/Yayo-Sanz-Lovaton.jpg?resize=350%2C200&ssl=1 1x, https:\/\/i0.wp.com\/lasprimeras.com.do\/wp-content\/uploads\/2025\/10\/Yayo-Sanz-Lovaton.jpg?resize=525%2C300&ssl=1 1.5x, https:\/\/i0.wp.com\/lasprimeras.com.do\/wp-content\/uploads\/2025\/10\/Yayo-Sanz-Lovaton.jpg?resize=700%2C400&ssl=1 2x"},"classes":[]}],"jetpack_sharing_enabled":true,"jetpack_featured_media_url":"https:\/\/lasprimeras.com.do\/wp-content\/uploads\/2023\/09\/Eduardo-Sanz-Lovaton-y-Chen-Luning.jpg","_links":{"self":[{"href":"https:\/\/lasprimeras.com.do\/index.php\/wp-json\/wp\/v2\/posts\/59901","targetHints":{"allow":["GET"]}}],"collection":[{"href":"https:\/\/lasprimeras.com.do\/index.php\/wp-json\/wp\/v2\/posts"}],"about":[{"href":"https:\/\/lasprimeras.com.do\/index.php\/wp-json\/wp\/v2\/types\/post"}],"author":[{"embeddable":true,"href":"https:\/\/lasprimeras.com.do\/index.php\/wp-json\/wp\/v2\/users\/2"}],"replies":[{"embeddable":true,"href":"https:\/\/lasprimeras.com.do\/index.php\/wp-json\/wp\/v2\/comments?post=59901"}],"version-history":[{"count":1,"href":"https:\/\/lasprimeras.com.do\/index.php\/wp-json\/wp\/v2\/posts\/59901\/revisions"}],"predecessor-version":[{"id":59903,"href":"https:\/\/lasprimeras.com.do\/index.php\/wp-json\/wp\/v2\/posts\/59901\/revisions\/59903"}],"wp:featuredmedia":[{"embeddable":true,"href":"https:\/\/lasprimeras.com.do\/index.php\/wp-json\/wp\/v2\/media\/59902"}],"wp:attachment":[{"href":"https:\/\/lasprimeras.com.do\/index.php\/wp-json\/wp\/v2\/media?parent=59901"}],"wp:term":[{"taxonomy":"category","embeddable":true,"href":"https:\/\/lasprimeras.com.do\/index.php\/wp-json\/wp\/v2\/categories?post=59901"},{"taxonomy":"post_tag","embeddable":true,"href":"https:\/\/lasprimeras.com.do\/index.php\/wp-json\/wp\/v2\/tags?post=59901"}],"curies":[{"name":"wp","href":"https:\/\/api.w.org\/{rel}","templated":true}]}}