{"id":59968,"date":"2023-09-09T10:11:58","date_gmt":"2023-09-09T14:11:58","guid":{"rendered":"https:\/\/lasprimeras.com.do\/?p=59968"},"modified":"2023-09-09T10:12:00","modified_gmt":"2023-09-09T14:12:00","slug":"jce-entrego-calendario-al-prm-para-celebracion-de-sus-primarias","status":"publish","type":"post","link":"https:\/\/lasprimeras.com.do\/index.php\/2023\/09\/09\/jce-entrego-calendario-al-prm-para-celebracion-de-sus-primarias\/","title":{"rendered":"JCE entreg\u00f3 calendario al PRM para celebraci\u00f3n de sus primarias"},"content":{"rendered":"\n<p>La Junta Central Electoral (JCE) entreg\u00f3 a la Comisi\u00f3n Electoral del Partido Revolucionario Moderno (PRM) y a los representantes de los candidatos y candidatas presidenciales de esta organizaci\u00f3n pol\u00edtica, el calendario de actividades administrativas para la celebraci\u00f3n de la primaria que llevar\u00e1n a cabo en octubre.<\/p>\n\n\n\n<p>El delegado de la Comisi\u00f3n Electoral del PRM, Dionicio de los Santos, y los representantes de los precandidatos y precandidatas presidenciales manifestaron durante el encuentro estar acuerdo con el contenido del calendario entregado.<\/p>\n\n\n\n<p>La delegaci\u00f3n de la JCE que encabez\u00f3 el encuentro estuvo integrada por los directores de Elecciones, Mario N\u00fa\u00f1ez; de Partidos Pol\u00edticos, Lenny R. Garc\u00eda Guzm\u00e1n; y de Inform\u00e1tica, Johnny Rivera, quien explic\u00f3 lo relativo al clonado de los equipos.&nbsp;<\/p>\n\n\n\n<p>De las actividades pendientes por realizar, y que contemplan dicho calendario, est\u00e1 la impresi\u00f3n del padr\u00f3n que se usar\u00e1 en primarias, pautada para este s\u00e1bado 9 septiembre.<\/p>\n\n\n\n<p>Asimismo, el martes 12 de septiembre inicio de impresi\u00f3n de boletas para uso de primarias. Mientras que desde el jueves 14 hasta el lunes 25 de septiembre, se llevar\u00e1 a cabo lo siguiente: inicio del proceso de clonaci\u00f3n de equipos inform\u00e1ticos (EDET), recepci\u00f3n de para clonado (13 de septiembre) y clonado de dispositivos de escaneo, digitaci\u00f3n, impresi\u00f3n y transmisi\u00f3n de datos (EDET).<\/p>\n\n\n\n<p>En tanto que desde el lunes 11 al mi\u00e9rcoles 20 de septiembre, se iniciar\u00e1 la organizaci\u00f3n de materiales a utilizar en primarias, en organizaci\u00f3n y log\u00edstica electoral.<\/p>\n\n\n\n<p>El s\u00e1bado 23 de septiembre, se realizar\u00e1 la designaci\u00f3n y acreditaci\u00f3n del personal de las mesas de votaci\u00f3n, a cargo de las Juntas Electorales.<\/p>\n\n\n\n<p>Del mi\u00e9rcoles 20 al martes 26 de septiembre, de preparar\u00e1 el kit electoral (valijas y maletas) en l\u00ednea de producci\u00f3n, para distribuir desde el viernes 22 al martes 26 de septiembre y, finalmente, entregarlo el s\u00e1bado 30 de septiembre a miembros de mesas en recintos e instalaci\u00f3n de EDET.<\/p>\n\n\n\n<p>El 6 de septiembre inici\u00f3 la capacitaci\u00f3n del personal de mesas de votaci\u00f3n, con apertura en el Distrito Nacional, municipios provincia Santo Domingo y Santiago de los Caballeros.<\/p>\n\n\n\n<p>El 7 de septiembre se realiz\u00f3 una reuni\u00f3n con el delegado de la Comisi\u00f3n Electoral del PRM y representantes de precandidatos y precandidatas presidenciales para el seguimiento del montaje del proceso.<\/p>\n\n\n\n<p>El director de Elecciones de la JCE, Mario N\u00fa\u00f1ez, inform\u00f3 que fruto de una reuni\u00f3n con el delegado de la Comisi\u00f3n Electoral del PRM y a la vez, suplente de delegado pol\u00edtico del PRM ante la JCE, Dionicio de los Santos, fueron entregados todos los materiales educativos con los que se est\u00e1n impartiendo los talleres de capacitaci\u00f3n para el personal de las primarias.<\/p>\n\n\n\n<p>Sobre el personal que va a trabajar en las mesas, N\u00fa\u00f1ez record\u00f3 que ser\u00e1 seleccionado por las Juntas Electorales desde la base de datos, y que fue instruido que sean designados en las mismas mesas donde votan, seg\u00fan su registro de padr\u00f3n.<\/p>\n\n\n\n<p>En la reuni\u00f3n estuvieron presentes Dionicio de los Santos, delegado de la Comisi\u00f3n Electoral del PRM; Silverio Genao y Juan de Dios Gabriel, representantes del candidato presidencial Ram\u00f3n Alburquerque; Marcos Herasme, representante del precandidato presidencial Guido G\u00f3mez Mazara y Pedro Jim\u00e9nez, representante de la precandidata presidencial Delia Josefina Ortiz.<\/p>\n","protected":false},"excerpt":{"rendered":"<p>La Junta Central Electoral (JCE) entreg\u00f3 a la Comisi\u00f3n Electoral del Partido Revolucionario Moderno (PRM) y a los representantes de los candidatos y candidatas presidenciales de esta organizaci\u00f3n pol\u00edtica, el&hellip;<\/p>\n","protected":false},"author":2,"featured_media":56174,"comment_status":"open","ping_status":"open","sticky":false,"template":"","format":"standard","meta":{"content-type":"","jetpack_post_was_ever_published":false,"_jetpack_newsletter_access":"","_jetpack_dont_email_post_to_subs":false,"_jetpack_newsletter_tier_id":0,"_jetpack_memberships_contains_paywalled_content":false,"_jetpack_memberships_contains_paid_content":false,"footnotes":""},"categories":[25],"tags":[1746,1326,183,2622,31],"class_list":["post-59968","post","type-post","status-publish","format-standard","has-post-thumbnail","hentry","category-portada","tag-calendario","tag-celebracion","tag-jce","tag-primarias","tag-prm"],"jetpack_featured_media_url":"https:\/\/lasprimeras.com.do\/wp-content\/uploads\/2023\/07\/JCE.jpg","jetpack-related-posts":[{"id":59883,"url":"https:\/\/lasprimeras.com.do\/index.php\/2023\/09\/08\/jce-socializa-con-miembros-del-prm-aspectos-para-el-montaje-de-sus-primarias\/","url_meta":{"origin":59968,"position":0},"title":"JCE socializa con miembros del PRM aspectos para el montaje de sus primarias","author":"Nelson Feliz","date":"8 de septiembre de 2023","format":false,"excerpt":"Presentes en la reuni\u00f3n representantes de los precandidatos y el delegado de la Comisi\u00f3n Electoral. Los directores de Elecciones, Inform\u00e1tica y Partidos Pol\u00edticos de la Junta Central Electoral (JCE) se reunieron con el delegado t\u00e9cnico de la Comisi\u00f3n Electoral del Partido Revolucionario Moderno y con los representantes de los precandidatos\u2026","rel":"","context":"En \u00abPORTADA\u00bb","block_context":{"text":"PORTADA","link":"https:\/\/lasprimeras.com.do\/index.php\/category\/portada\/"},"img":{"alt_text":"PRM","src":"https:\/\/i0.wp.com\/lasprimeras.com.do\/wp-content\/uploads\/2023\/09\/PRM-2.jpeg?resize=350%2C200&ssl=1","width":350,"height":200,"srcset":"https:\/\/i0.wp.com\/lasprimeras.com.do\/wp-content\/uploads\/2023\/09\/PRM-2.jpeg?resize=350%2C200&ssl=1 1x, https:\/\/i0.wp.com\/lasprimeras.com.do\/wp-content\/uploads\/2023\/09\/PRM-2.jpeg?resize=525%2C300&ssl=1 1.5x, https:\/\/i0.wp.com\/lasprimeras.com.do\/wp-content\/uploads\/2023\/09\/PRM-2.jpeg?resize=700%2C400&ssl=1 2x, https:\/\/i0.wp.com\/lasprimeras.com.do\/wp-content\/uploads\/2023\/09\/PRM-2.jpeg?resize=1050%2C600&ssl=1 3x"},"classes":[]},{"id":60519,"url":"https:\/\/lasprimeras.com.do\/index.php\/2023\/09\/15\/jce-inicia-proceso-de-clonado-de-equipos-que-se-usaran-en-primarias-de-este-1-de-octubre\/","url_meta":{"origin":59968,"position":1},"title":"JCE inicia proceso de clonado de equipos que se usar\u00e1n en primarias de este 1 de octubre","author":"Nelson Feliz","date":"15 de septiembre de 2023","format":false,"excerpt":"Por Martin Restituyo La Junta Central Electoral (JCE) inici\u00f3 este jueves el clonado de 7,750 equipos de escaneo, digitaci\u00f3n, impresi\u00f3n y transmisi\u00f3n de datos (EDET) que ser\u00e1n distribuidos en todo el pa\u00eds para el proceso de primarias que se llevar\u00e1 a cabo el pr\u00f3ximo 1 de octubre del presente a\u00f1o.\u2026","rel":"","context":"En \u00abPORTADA\u00bb","block_context":{"text":"PORTADA","link":"https:\/\/lasprimeras.com.do\/index.php\/category\/portada\/"},"img":{"alt_text":"JCE","src":"https:\/\/i0.wp.com\/lasprimeras.com.do\/wp-content\/uploads\/2023\/09\/JCE-1.jpg?resize=350%2C200&ssl=1","width":350,"height":200,"srcset":"https:\/\/i0.wp.com\/lasprimeras.com.do\/wp-content\/uploads\/2023\/09\/JCE-1.jpg?resize=350%2C200&ssl=1 1x, https:\/\/i0.wp.com\/lasprimeras.com.do\/wp-content\/uploads\/2023\/09\/JCE-1.jpg?resize=525%2C300&ssl=1 1.5x, https:\/\/i0.wp.com\/lasprimeras.com.do\/wp-content\/uploads\/2023\/09\/JCE-1.jpg?resize=700%2C400&ssl=1 2x"},"classes":[]},{"id":60366,"url":"https:\/\/lasprimeras.com.do\/index.php\/2023\/09\/13\/jce-impreme-boletas-electorales-para-las-elecciones-primarias-del-prm\/","url_meta":{"origin":59968,"position":2},"title":"JCE impreme boletas electorales para las elecciones primarias del PRM","author":"Nelson Feliz","date":"13 de septiembre de 2023","format":false,"excerpt":"Por Martin Restituyo La Junta Central Electoral (JCE) inici\u00f3 este mi\u00e9rcoles la impresi\u00f3n de las boletas que ser\u00e1n utilizadas en las elecciones primarias del Partido Revolucionario Moderno del pr\u00f3ximo primero de octubre. El proceso de impresi\u00f3n qued\u00f3 formalmente abierto en un acto en la sede del \u00f3rgano electoral encabezado por\u2026","rel":"","context":"En \u00abPORTADA\u00bb","block_context":{"text":"PORTADA","link":"https:\/\/lasprimeras.com.do\/index.php\/category\/portada\/"},"img":{"alt_text":"Rafael Armando Vallejo Santelises y Dolores Altagracia Fern\u00e1ndez","src":"https:\/\/i0.wp.com\/lasprimeras.com.do\/wp-content\/uploads\/2023\/09\/Rafael-Armando-Vallejo-Santelises-y-Dolores-Altagracia-Fernandez.jpg?resize=350%2C200&ssl=1","width":350,"height":200,"srcset":"https:\/\/i0.wp.com\/lasprimeras.com.do\/wp-content\/uploads\/2023\/09\/Rafael-Armando-Vallejo-Santelises-y-Dolores-Altagracia-Fernandez.jpg?resize=350%2C200&ssl=1 1x, https:\/\/i0.wp.com\/lasprimeras.com.do\/wp-content\/uploads\/2023\/09\/Rafael-Armando-Vallejo-Santelises-y-Dolores-Altagracia-Fernandez.jpg?resize=525%2C300&ssl=1 1.5x, https:\/\/i0.wp.com\/lasprimeras.com.do\/wp-content\/uploads\/2023\/09\/Rafael-Armando-Vallejo-Santelises-y-Dolores-Altagracia-Fernandez.jpg?resize=700%2C400&ssl=1 2x"},"classes":[]},{"id":123087,"url":"https:\/\/lasprimeras.com.do\/index.php\/2026\/02\/25\/jce-presenta-calendario-electoral-para-las-elecciones-de-2028\/","url_meta":{"origin":59968,"position":3},"title":"JCE presenta calendario electoral para las elecciones de 2028","author":"Nelson Feliz","date":"25 de febrero de 2026","format":false,"excerpt":"La Junta Central Electoral,tambi\u00e9n presento el Libro de Resultados Electorales 2024 La Junta Central Electoral (JCE), a trav\u00e9s de su Direcci\u00f3n Nacional de Elecciones, present\u00f3 este mi\u00e9rcoles a los partidos, agrupaciones y movimientos pol\u00edticos reconocidos ante la instituci\u00f3n, la sociedad civil y medios de comunicaci\u00f3n, el calendario de actividades administrativas\u2026","rel":"","context":"En \u00abNACIONALES\u00bb","block_context":{"text":"NACIONALES","link":"https:\/\/lasprimeras.com.do\/index.php\/category\/nacionales\/"},"img":{"alt_text":"","src":"https:\/\/i0.wp.com\/lasprimeras.com.do\/wp-content\/uploads\/2026\/02\/Calendario-03.jpg?resize=350%2C200&ssl=1","width":350,"height":200,"srcset":"https:\/\/i0.wp.com\/lasprimeras.com.do\/wp-content\/uploads\/2026\/02\/Calendario-03.jpg?resize=350%2C200&ssl=1 1x, https:\/\/i0.wp.com\/lasprimeras.com.do\/wp-content\/uploads\/2026\/02\/Calendario-03.jpg?resize=525%2C300&ssl=1 1.5x, https:\/\/i0.wp.com\/lasprimeras.com.do\/wp-content\/uploads\/2026\/02\/Calendario-03.jpg?resize=700%2C400&ssl=1 2x"},"classes":[]},{"id":61654,"url":"https:\/\/lasprimeras.com.do\/index.php\/2023\/09\/29\/jce-informa-todo-esta-listo-para-primarias-y-convenciones-de-este-fin-de-semana\/","url_meta":{"origin":59968,"position":4},"title":"JCE informa todo est\u00e1 listo para primarias y convenciones de este fin de semana","author":"Nelson Feliz","date":"29 de septiembre de 2023","format":false,"excerpt":"Por Mart\u00edn Restituyo La Junta Central Electoral (JCE) inform\u00f3 que todo est\u00e1 listo para la celebraci\u00f3n de las primarias y la supervisi\u00f3n de convenciones de este fin de semana de las organizaciones pol\u00edticas que escogieran estas modalidades para elegir sus candidatos a puestos electivos. Este s\u00e1bado 29 de septiembre la\u2026","rel":"","context":"En \u00abNACIONALES\u00bb","block_context":{"text":"NACIONALES","link":"https:\/\/lasprimeras.com.do\/index.php\/category\/nacionales\/"},"img":{"alt_text":"Junta Central Electoral","src":"https:\/\/i0.wp.com\/lasprimeras.com.do\/wp-content\/uploads\/2023\/09\/Junta-Central-Electoral.jpg?resize=350%2C200&ssl=1","width":350,"height":200,"srcset":"https:\/\/i0.wp.com\/lasprimeras.com.do\/wp-content\/uploads\/2023\/09\/Junta-Central-Electoral.jpg?resize=350%2C200&ssl=1 1x, https:\/\/i0.wp.com\/lasprimeras.com.do\/wp-content\/uploads\/2023\/09\/Junta-Central-Electoral.jpg?resize=525%2C300&ssl=1 1.5x, https:\/\/i0.wp.com\/lasprimeras.com.do\/wp-content\/uploads\/2023\/09\/Junta-Central-Electoral.jpg?resize=700%2C400&ssl=1 2x"},"classes":[]},{"id":122362,"url":"https:\/\/lasprimeras.com.do\/index.php\/2026\/02\/16\/jce-emite-reglamento-para-regular-afiliaciones-y-desafiliaciones-en-organizaciones-politicas\/","url_meta":{"origin":59968,"position":5},"title":"JCE emite reglamento para regular afiliaciones y desafiliaciones en organizaciones pol\u00edticas","author":"Nelson Feliz","date":"16 de febrero de 2026","format":false,"excerpt":"La Junta Central Electoral, una vez reciba los registros de afiliados, realizar\u00e1 los cruces pertinentes, para determinar que los mismos cumplen con lo establecido en este art\u00edculo y comunicarlo a las respectivas organizaciones. La Junta Central Electoral (JCE) emiti\u00f3 un reglamento mediante el cual buscan regular las afiliaciones y desafiliaciones\u2026","rel":"","context":"En \u00abNACIONALES\u00bb","block_context":{"text":"NACIONALES","link":"https:\/\/lasprimeras.com.do\/index.php\/category\/nacionales\/"},"img":{"alt_text":"","src":"https:\/\/i0.wp.com\/lasprimeras.com.do\/wp-content\/uploads\/2025\/10\/JCE-1.jpg?resize=350%2C200&ssl=1","width":350,"height":200,"srcset":"https:\/\/i0.wp.com\/lasprimeras.com.do\/wp-content\/uploads\/2025\/10\/JCE-1.jpg?resize=350%2C200&ssl=1 1x, https:\/\/i0.wp.com\/lasprimeras.com.do\/wp-content\/uploads\/2025\/10\/JCE-1.jpg?resize=525%2C300&ssl=1 1.5x, https:\/\/i0.wp.com\/lasprimeras.com.do\/wp-content\/uploads\/2025\/10\/JCE-1.jpg?resize=700%2C400&ssl=1 2x"},"classes":[]}],"jetpack_sharing_enabled":true,"_links":{"self":[{"href":"https:\/\/lasprimeras.com.do\/index.php\/wp-json\/wp\/v2\/posts\/59968","targetHints":{"allow":["GET"]}}],"collection":[{"href":"https:\/\/lasprimeras.com.do\/index.php\/wp-json\/wp\/v2\/posts"}],"about":[{"href":"https:\/\/lasprimeras.com.do\/index.php\/wp-json\/wp\/v2\/types\/post"}],"author":[{"embeddable":true,"href":"https:\/\/lasprimeras.com.do\/index.php\/wp-json\/wp\/v2\/users\/2"}],"replies":[{"embeddable":true,"href":"https:\/\/lasprimeras.com.do\/index.php\/wp-json\/wp\/v2\/comments?post=59968"}],"version-history":[{"count":1,"href":"https:\/\/lasprimeras.com.do\/index.php\/wp-json\/wp\/v2\/posts\/59968\/revisions"}],"predecessor-version":[{"id":59969,"href":"https:\/\/lasprimeras.com.do\/index.php\/wp-json\/wp\/v2\/posts\/59968\/revisions\/59969"}],"wp:featuredmedia":[{"embeddable":true,"href":"https:\/\/lasprimeras.com.do\/index.php\/wp-json\/wp\/v2\/media\/56174"}],"wp:attachment":[{"href":"https:\/\/lasprimeras.com.do\/index.php\/wp-json\/wp\/v2\/media?parent=59968"}],"wp:term":[{"taxonomy":"category","embeddable":true,"href":"https:\/\/lasprimeras.com.do\/index.php\/wp-json\/wp\/v2\/categories?post=59968"},{"taxonomy":"post_tag","embeddable":true,"href":"https:\/\/lasprimeras.com.do\/index.php\/wp-json\/wp\/v2\/tags?post=59968"}],"curies":[{"name":"wp","href":"https:\/\/api.w.org\/{rel}","templated":true}]}}