{"id":60285,"date":"2023-09-12T22:55:20","date_gmt":"2023-09-13T02:55:20","guid":{"rendered":"https:\/\/lasprimeras.com.do\/?p=60285"},"modified":"2023-09-12T22:55:21","modified_gmt":"2023-09-13T02:55:21","slug":"claude-joseph-dice-rd-reconocio-en-2021-que-obra-hidrica-en-masacre-no-desviaria-rio","status":"publish","type":"post","link":"https:\/\/lasprimeras.com.do\/index.php\/2023\/09\/12\/claude-joseph-dice-rd-reconocio-en-2021-que-obra-hidrica-en-masacre-no-desviaria-rio\/","title":{"rendered":"Claude Joseph dice RD reconoci\u00f3 en 2021 que obra h\u00eddrica en Masacre no desviar\u00eda r\u00edo"},"content":{"rendered":"\n<p><strong>Reitera que Hait\u00ed no est\u00e1 obligado a obedecer a Rep\u00fablica Dominicana con paralizaci\u00f3n de construcci\u00f3n de canal.<\/strong><\/p>\n\n\n\n<p>El excanciller de Hait\u00ed Claude Joseph dijo que en 2021 el Gobierno dominicano lleg\u00f3 a firmar una declaraci\u00f3n conjunta en la que reconoci\u00f3 que los trabajos que se realizaban para la captaci\u00f3n de agua no representaba un desv\u00edo del cauce del r\u00edo Masacre, incluso, que, supuestamente, el Instituto Nacional de Recursos Hidr\u00e1ulicos (Indrhi) lleg\u00f3 a manifestar que una toma de agua en el curso del r\u00edo Masacre no causar\u00edan da\u00f1os graves a los sistemas agr\u00edcolas en la regi\u00f3n de Dajab\u00f3n.<\/p>\n\n\n\n<p>Ante el reanudado conflicto por el r\u00edo Masacre, el exdiplom\u00e1tico difundi\u00f3 un documento en franc\u00e9s para orientar a los haitianos sobre el contexto actual que enfrenta a los pa\u00edses vecinos, indicando que \u00e9stos tambi\u00e9n tienen derecho de hacer uso del caudal, amparados por el Tratado de Paz, Amistad Perpetua y Arbitraje.<\/p>\n\n\n\n<p>En su recuento, Joseph indic\u00f3 que la obra h\u00eddrica comenz\u00f3 en 2018 con el gobierno de Jovenel Mo\u00efse, su construcci\u00f3n la llevaba a cabo la empresa cubana DINVAI desde 2019 hasta que fue detenida en 2021.<\/p>\n\n\n\n<p>Debido a la resistencia del gobierno dominicano desde los inicios de la obra, los pa\u00edses sostuvieron reuniones de entendimiento, siendo la \u00faltima la del Subcomit\u00e9 de Agricultura y Medio Ambiente de la Comisi\u00f3n Mixta Bilateral el pasado 27 de mayo de 2021 que termin\u00f3 con una Declaraci\u00f3n Conjunta en la que Rep\u00fablica Dominicana convino con lo siguiente:<\/p>\n\n\n\n<p>&#8220;Reconociendo, en base a las informaciones presentadas en el d\u00eda de hoy por los representantes de la delegaci\u00f3n de la Rep\u00fablica de Hait\u00ed y en el esp\u00edritu de entendimiento e intercambio de informaciones como se encuentra planteado en el Tratado de 1929, que la obra iniciada en el r\u00edo Dajab\u00f3n o Masacre para la captaci\u00f3n de agua no consiste en un desv\u00edo del cauce del r\u00edo&#8221;.<\/p>\n\n\n\n<p>En esa reuni\u00f3n se acord\u00f3 la creaci\u00f3n de una mesa t\u00e9cnica para un mejor conocimiento del trabajo que se realiza en los r\u00edos transfronterizos.<\/p>\n\n\n\n<p>Sin embargo, cuatro d\u00edas despu\u00e9s, el 31 de mayo de ese a\u00f1o, el presidente Luis Abinader solicit\u00f3 la paralizaci\u00f3n de la obra al indicar que el canal no pod\u00eda conectarse al r\u00edo, porque para ello se requiere la construcci\u00f3n un dique o muro de contenci\u00f3n que desviar\u00eda el caudal, en violaci\u00f3n al art\u00edculo 10 del Tratado de 1929.<\/p>\n\n\n\n<p>Tras protestas del sector agr\u00edcola y el magnicidio de Jovenel Mo\u00efse la obra fue detenida hasta que a principios de septiembre de este a\u00f1o un grupo campesinos del nordeste de Hait\u00ed reanud\u00f3 la construcci\u00f3n, calificada hoy por el gobierno dominicano como &#8220;ilegal, improvisada y artesanal&#8221;.<\/p>\n\n\n\n<p>En su comunicado dirigido a sus compatriotas, Joseph indica que &#8220;dominicanos nacionalistas&#8221; tienen conceptos err\u00f3neos sobre los derechos sobre el caudal.<\/p>\n\n\n\n<p>&#8220;En la opini\u00f3n p\u00fablica dominicana, dominada por los nacionalistas, el r\u00edo Masacre naci\u00f3 en Rep\u00fablica Dominicana y por lo tanto es un r\u00edo dominicano sobre el cual los haitianos no tienen derechos. El r\u00edo es, sin embargo, un recurso h\u00eddrico compartido cuyo uso justo y equitativo se rige y garantiza para ambos pa\u00edses por el Tratado del 20 de febrero de 1929. Adem\u00e1s, los mayores afluentes del r\u00edo Massacre se encuentran en Hait\u00ed y son el r\u00edo Capotille, el r\u00edo Gens de Nantes y el r\u00edo Lamatry&#8221;.<\/p>\n\n\n\n<p>El exdiplom\u00e1tico neg\u00f3 que la construcci\u00f3n del canal elimine el acceso a las aguas del r\u00edo o que reducir\u00e1 considerablemente el caudal para los dominicanos y utiliz\u00f3 como argumento, una supuesta afirmaci\u00f3n del Instituto Nacional de Recursos Hidr\u00e1ulicos (Indrhi).<\/p>\n\n\n\n<p>&#8220;La mayor autoridad dominicana en gesti\u00f3n del agua, el Instituto Nacional de Recursos Hidr\u00e1ulicos (Indrhi) describe el conflicto como una \u00b4tormenta en un vaso de agua\u00b4&#8221;<\/p>\n\n\n\n<p>Joseph dijo que el Indhri reconoci\u00f3 que &#8220;los planes del Gobierno haitiano de construir una toma de agua en el curso del r\u00edo Masacre no causar\u00edan da\u00f1os graves a los sistemas agr\u00edcolas en la regi\u00f3n de Dajab\u00f3n, porque el caudal de agua utilizado ser\u00eda menor que el total del efectivo desviado a la Rep\u00fablica Dominicana&#8221;.<\/p>\n\n\n\n<figure class=\"wp-block-image size-full\"><img decoding=\"async\" width=\"580\" height=\"650\" src=\"https:\/\/lasprimeras.com.do\/wp-content\/uploads\/2023\/09\/claude-1.jpg\" alt=\"\" class=\"wp-image-60287\" srcset=\"https:\/\/lasprimeras.com.do\/wp-content\/uploads\/2023\/09\/claude-1.jpg 580w, https:\/\/lasprimeras.com.do\/wp-content\/uploads\/2023\/09\/claude-1-268x300.jpg 268w\" sizes=\"(max-width: 580px) 100vw, 580px\" \/><\/figure>\n\n\n\n<p>Adem\u00e1s, que el territorio haitiano utilizar\u00eda con la infraestructura h\u00eddrica el 40.65 % del caudal promedio del r\u00edo, pero &#8220;aun as\u00ed ser\u00eda menor que las extracciones dominicanas&#8221;.<\/p>\n\n\n\n<p>As\u00ed como dijo en abril de 2021, cuando comenz\u00f3 el conflicto con el actual Gobierno dominicano, Joseph ratific\u00f3 su posici\u00f3n de que &#8220;el Estado haitiano no est\u00e1 obligado a suspender las obras que est\u00e1 realizando en su territorio por orden de un gobierno extranjero&#8221;.<\/p>\n\n\n\n<figure class=\"wp-block-image size-full\"><img decoding=\"async\" width=\"579\" height=\"663\" src=\"https:\/\/lasprimeras.com.do\/wp-content\/uploads\/2023\/09\/claude-2.jpg\" alt=\"\" class=\"wp-image-60288\" srcset=\"https:\/\/lasprimeras.com.do\/wp-content\/uploads\/2023\/09\/claude-2.jpg 579w, https:\/\/lasprimeras.com.do\/wp-content\/uploads\/2023\/09\/claude-2-262x300.jpg 262w\" sizes=\"(max-width: 579px) 100vw, 579px\" \/><\/figure>\n\n\n\n<p>Ariel Henry en desacuerdo con obra<\/p>\n\n\n\n<p>El presidente Luis Abinader revel\u00f3 que el actual primer ministro de Hait\u00ed, Ariel Henry, le manifest\u00f3 que la reanudaci\u00f3n del canal no es obra gubernamental, sino que un grupo de civiles &#8220;incontrolables&#8221; decidieron finalizar la obra.<\/p>\n\n\n\n<p>Abinader dijo que el Gobierno haitiano se declar\u00f3 sin poder para detener la infraestructura, por lo que, a falta de un interlocutor v\u00e1lido para resolver este problema, decidi\u00f3 activar y dise\u00f1ar otras presas, al tiempo que instruy\u00f3 medidas como la prohibici\u00f3n de la entrada a Rep\u00fablica Dominicana a los civiles que protagonizan el conflicto, la suspensi\u00f3n del visado a haitianos y el cierre de las fronteras en Dajab\u00f3n.<\/p>\n\n\n\n<p>La medida podr\u00eda extenderse al cierre completo de la frontera si la obra contin\u00faa, advirti\u00f3 este lunes el presidente dominicano.<\/p>\n\n\n\n<p>Dicha medida provocar\u00e1 p\u00e9rdidas millonarias para productores dominicanos, pero el mandatario estableci\u00f3 que la &#8220;seguridad y la soberan\u00eda del pa\u00eds est\u00e1n primero&#8221;.<\/p>\n\n\n\n<p>Fuente Diario Libre<\/p>\n","protected":false},"excerpt":{"rendered":"<p>Reitera que Hait\u00ed no est\u00e1 obligado a obedecer a Rep\u00fablica Dominicana con paralizaci\u00f3n de construcci\u00f3n de canal. El excanciller de Hait\u00ed Claude Joseph dijo que en 2021 el Gobierno dominicano&hellip;<\/p>\n","protected":false},"author":2,"featured_media":60286,"comment_status":"open","ping_status":"open","sticky":false,"template":"","format":"standard","meta":{"content-type":"","jetpack_post_was_ever_published":false,"_jetpack_newsletter_access":"","_jetpack_dont_email_post_to_subs":false,"_jetpack_newsletter_tier_id":0,"_jetpack_memberships_contains_paywalled_content":false,"_jetpack_memberships_contains_paid_content":false,"footnotes":""},"categories":[1],"tags":[7446,414,7445,127],"class_list":["post-60285","post","type-post","status-publish","format-standard","has-post-thumbnail","hentry","category-sin-categoria","tag-claude-joseph","tag-masacre","tag-obra-hidrica","tag-rd"],"jetpack_featured_media_url":"https:\/\/lasprimeras.com.do\/wp-content\/uploads\/2023\/09\/Claude-Joseph.jpg","jetpack-related-posts":[{"id":60524,"url":"https:\/\/lasprimeras.com.do\/index.php\/2023\/09\/15\/claude-joseph-sobre-el-rio-masacre-el-presidente-luis-abinader-esta-explotando-politicamente-el-tema\/","url_meta":{"origin":60285,"position":0},"title":"Claude Joseph sobre el R\u00edo Masacre: &#8220;El presidente Luis Abinader est\u00e1 explotando pol\u00edticamente el tema&#8221;","author":"Nelson Feliz","date":"15 de septiembre de 2023","format":false,"excerpt":"El presidente dominicano, Luis Abinader, reiter\u00f3 ayer que ordenar\u00e1 el cierre total de la frontera si a partir del jueves contin\u00faa la construcci\u00f3n del canal. El ex primer ministro haitiano Claude Joseph afirm\u00f3 este martes que la construcci\u00f3n de un canal de riego en su pa\u00eds para tomar agua de\u2026","rel":"","context":"En \u00abPORTADA\u00bb","block_context":{"text":"PORTADA","link":"https:\/\/lasprimeras.com.do\/index.php\/category\/portada\/"},"img":{"alt_text":"Claude Joseph","src":"https:\/\/i0.wp.com\/lasprimeras.com.do\/wp-content\/uploads\/2023\/09\/Claude-Joseph.jpeg?resize=350%2C200&ssl=1","width":350,"height":200,"srcset":"https:\/\/i0.wp.com\/lasprimeras.com.do\/wp-content\/uploads\/2023\/09\/Claude-Joseph.jpeg?resize=350%2C200&ssl=1 1x, https:\/\/i0.wp.com\/lasprimeras.com.do\/wp-content\/uploads\/2023\/09\/Claude-Joseph.jpeg?resize=525%2C300&ssl=1 1.5x, https:\/\/i0.wp.com\/lasprimeras.com.do\/wp-content\/uploads\/2023\/09\/Claude-Joseph.jpeg?resize=700%2C400&ssl=1 2x"},"classes":[]},{"id":63589,"url":"https:\/\/lasprimeras.com.do\/index.php\/2023\/10\/13\/oea-propone-vias-de-solucion-al-conflicto-rd-haiti\/","url_meta":{"origin":60285,"position":1},"title":"OEA propone v\u00edas de soluci\u00f3n al conflicto RD-Hait\u00ed","author":"Nelson Feliz","date":"13 de octubre de 2023","format":false,"excerpt":"Almagro solicita que el Caricom se integre a misi\u00f3n t\u00e9cnica para evaluar aspectos h\u00eddricos y legales del conflicto. El secretario general de la Organizaci\u00f3n de los Estados Americanos (OEA) propuso este jueves 12 de octubre una reuni\u00f3n entre las delegaciones de la Rep\u00fablica Dominicana y Hait\u00ed para fomentar las discusiones\u2026","rel":"","context":"En \u00abSin categor\u00eda\u00bb","block_context":{"text":"Sin categor\u00eda","link":"https:\/\/lasprimeras.com.do\/index.php\/category\/sin-categoria\/"},"img":{"alt_text":"oea","src":"https:\/\/i0.wp.com\/lasprimeras.com.do\/wp-content\/uploads\/2023\/10\/oea.jpg?resize=350%2C200&ssl=1","width":350,"height":200,"srcset":"https:\/\/i0.wp.com\/lasprimeras.com.do\/wp-content\/uploads\/2023\/10\/oea.jpg?resize=350%2C200&ssl=1 1x, https:\/\/i0.wp.com\/lasprimeras.com.do\/wp-content\/uploads\/2023\/10\/oea.jpg?resize=525%2C300&ssl=1 1.5x, https:\/\/i0.wp.com\/lasprimeras.com.do\/wp-content\/uploads\/2023\/10\/oea.jpg?resize=700%2C400&ssl=1 2x"},"classes":[]},{"id":64679,"url":"https:\/\/lasprimeras.com.do\/index.php\/2023\/10\/22\/haiti-iglesias-recolectan-fondos-para-construir-canal-del-rio-masacre\/","url_meta":{"origin":60285,"position":2},"title":"Hait\u00ed: Iglesias recolectan fondos para construir canal del r\u00edo Masacre","author":"Nelson Feliz","date":"22 de octubre de 2023","format":false,"excerpt":"La construcci\u00f3n del canal \"es una se\u00f1al de que un nuevo Hait\u00ed es posible\", declar\u00f3 el pastor Jean Baptiste Jean-Claude. AGENCIA EFE Puerto Pr\u00edncipe, Hait\u00ed.-. Iglesias haitianas realizaron este domingo un acto para recaudar fondos para terminar la construcci\u00f3n de un canal que busca desviar agua del r\u00edo Masacre, frontera\u2026","rel":"","context":"En \u00abSin categor\u00eda\u00bb","block_context":{"text":"Sin categor\u00eda","link":"https:\/\/lasprimeras.com.do\/index.php\/category\/sin-categoria\/"},"img":{"alt_text":"Canal Rio Masacre","src":"https:\/\/i0.wp.com\/lasprimeras.com.do\/wp-content\/uploads\/2023\/10\/Canal-Rio-Masacre.jpeg?resize=350%2C200&ssl=1","width":350,"height":200,"srcset":"https:\/\/i0.wp.com\/lasprimeras.com.do\/wp-content\/uploads\/2023\/10\/Canal-Rio-Masacre.jpeg?resize=350%2C200&ssl=1 1x, https:\/\/i0.wp.com\/lasprimeras.com.do\/wp-content\/uploads\/2023\/10\/Canal-Rio-Masacre.jpeg?resize=525%2C300&ssl=1 1.5x, https:\/\/i0.wp.com\/lasprimeras.com.do\/wp-content\/uploads\/2023\/10\/Canal-Rio-Masacre.jpeg?resize=700%2C400&ssl=1 2x"},"classes":[]},{"id":60485,"url":"https:\/\/lasprimeras.com.do\/index.php\/2023\/09\/14\/estos-son-los-haitianos-que-financian-el-canal-en-el-rio-masacre-segun-el-gobierno\/","url_meta":{"origin":60285,"position":3},"title":"Estos son los haitianos que &#8220;financian&#8221; el canal en el r\u00edo Masacre, seg\u00fan el Gobierno","author":"Nelson Feliz","date":"14 de septiembre de 2023","format":false,"excerpt":"El Gobierno dominicano dio a conocer los perfiles de las personalidades haitianas que, afirma, est\u00e1n financiando y respaldando la construcci\u00f3n informal del canal en Juana M\u00e9ndez para desviar el r\u00edo Masacre. El presidente Luis Abinader prohibi\u00f3 la entrada al pa\u00eds de estos nueve ciudadanos haitianos, al entender que pueden implicar\u2026","rel":"","context":"En \u00abNACIONALES\u00bb","block_context":{"text":"NACIONALES","link":"https:\/\/lasprimeras.com.do\/index.php\/category\/nacionales\/"},"img":{"alt_text":"","src":"https:\/\/i0.wp.com\/lasprimeras.com.do\/wp-content\/uploads\/2023\/09\/Haitanos.jpg?resize=350%2C200&ssl=1","width":350,"height":200,"srcset":"https:\/\/i0.wp.com\/lasprimeras.com.do\/wp-content\/uploads\/2023\/09\/Haitanos.jpg?resize=350%2C200&ssl=1 1x, https:\/\/i0.wp.com\/lasprimeras.com.do\/wp-content\/uploads\/2023\/09\/Haitanos.jpg?resize=525%2C300&ssl=1 1.5x, https:\/\/i0.wp.com\/lasprimeras.com.do\/wp-content\/uploads\/2023\/09\/Haitanos.jpg?resize=700%2C400&ssl=1 2x"},"classes":[]},{"id":60266,"url":"https:\/\/lasprimeras.com.do\/index.php\/2023\/09\/12\/autoridades-haitianas-se-mantienen-en-silencio-ante-ultimatum-del-gobierno-dominicano\/","url_meta":{"origin":60285,"position":4},"title":"Autoridades haitianas se mantienen en silencio ante ultim\u00e1tum del Gobierno dominicano","author":"Nelson Feliz","date":"12 de septiembre de 2023","format":false,"excerpt":"Ha llamado la atenci\u00f3n que por parte del gobierno haitiano no se ha obtenido ninguna reacci\u00f3n oficial al momento. El Gobierno haitiano ha mantenido silencio ante la decisi\u00f3n del Consejo de Seguridad Nacional, encabezado por el presidente Luis Abinader, de cerrar completamente la frontera con Hait\u00ed y suspender el visado\u2026","rel":"","context":"En \u00abNACIONALES\u00bb","block_context":{"text":"NACIONALES","link":"https:\/\/lasprimeras.com.do\/index.php\/category\/nacionales\/"},"img":{"alt_text":"construcci\u00f3n de un canal en el r\u00edo Dajab\u00f3n o Masacre","src":"https:\/\/i0.wp.com\/lasprimeras.com.do\/wp-content\/uploads\/2023\/09\/Construccion-de-un-canal-en-el-rio-Dajabon-o-Masacre.jpg?resize=350%2C200&ssl=1","width":350,"height":200,"srcset":"https:\/\/i0.wp.com\/lasprimeras.com.do\/wp-content\/uploads\/2023\/09\/Construccion-de-un-canal-en-el-rio-Dajabon-o-Masacre.jpg?resize=350%2C200&ssl=1 1x, https:\/\/i0.wp.com\/lasprimeras.com.do\/wp-content\/uploads\/2023\/09\/Construccion-de-un-canal-en-el-rio-Dajabon-o-Masacre.jpg?resize=525%2C300&ssl=1 1.5x, https:\/\/i0.wp.com\/lasprimeras.com.do\/wp-content\/uploads\/2023\/09\/Construccion-de-un-canal-en-el-rio-Dajabon-o-Masacre.jpg?resize=700%2C400&ssl=1 2x"},"classes":[]},{"id":60670,"url":"https:\/\/lasprimeras.com.do\/index.php\/2023\/09\/17\/haitianos-protestan-contra-medidas-dominicanas-por-el-canal-y-piden-salida-de-ariel-henry\/","url_meta":{"origin":60285,"position":5},"title":"Haitianos protestan contra medidas dominicanas por el canal y piden salida de Ariel Henry","author":"Nelson Feliz","date":"17 de septiembre de 2023","format":false,"excerpt":"La manifestaci\u00f3n fue convocada hace unos d\u00edas por el nuevo partido pol\u00edtico Engages pour le Developpement (EDE), dirigido por el ex primer ministro Claude Joseph, feroz opositor al Gobierno en funciones desde que fue destituido. Centenares de haitianos se manifestaron este domingo en Puerto Pr\u00edncipe para exigir la dimisi\u00f3n del\u2026","rel":"","context":"En \u00abSin categor\u00eda\u00bb","block_context":{"text":"Sin categor\u00eda","link":"https:\/\/lasprimeras.com.do\/index.php\/category\/sin-categoria\/"},"img":{"alt_text":"Manifestantes caminan quemando neum\u00e1ticos durante una protesta contra la inseguridad en Puerto Pr\u00edncipe, Hait\u00ed, el domingo 17 de septiembre de 2023.(FOTO AP\/ODELYN JOSEPH)","src":"https:\/\/i0.wp.com\/lasprimeras.com.do\/wp-content\/uploads\/2023\/09\/Haitianos-2.jpeg?resize=350%2C200&ssl=1","width":350,"height":200,"srcset":"https:\/\/i0.wp.com\/lasprimeras.com.do\/wp-content\/uploads\/2023\/09\/Haitianos-2.jpeg?resize=350%2C200&ssl=1 1x, https:\/\/i0.wp.com\/lasprimeras.com.do\/wp-content\/uploads\/2023\/09\/Haitianos-2.jpeg?resize=525%2C300&ssl=1 1.5x, https:\/\/i0.wp.com\/lasprimeras.com.do\/wp-content\/uploads\/2023\/09\/Haitianos-2.jpeg?resize=700%2C400&ssl=1 2x"},"classes":[]}],"jetpack_sharing_enabled":true,"_links":{"self":[{"href":"https:\/\/lasprimeras.com.do\/index.php\/wp-json\/wp\/v2\/posts\/60285","targetHints":{"allow":["GET"]}}],"collection":[{"href":"https:\/\/lasprimeras.com.do\/index.php\/wp-json\/wp\/v2\/posts"}],"about":[{"href":"https:\/\/lasprimeras.com.do\/index.php\/wp-json\/wp\/v2\/types\/post"}],"author":[{"embeddable":true,"href":"https:\/\/lasprimeras.com.do\/index.php\/wp-json\/wp\/v2\/users\/2"}],"replies":[{"embeddable":true,"href":"https:\/\/lasprimeras.com.do\/index.php\/wp-json\/wp\/v2\/comments?post=60285"}],"version-history":[{"count":1,"href":"https:\/\/lasprimeras.com.do\/index.php\/wp-json\/wp\/v2\/posts\/60285\/revisions"}],"predecessor-version":[{"id":60289,"href":"https:\/\/lasprimeras.com.do\/index.php\/wp-json\/wp\/v2\/posts\/60285\/revisions\/60289"}],"wp:featuredmedia":[{"embeddable":true,"href":"https:\/\/lasprimeras.com.do\/index.php\/wp-json\/wp\/v2\/media\/60286"}],"wp:attachment":[{"href":"https:\/\/lasprimeras.com.do\/index.php\/wp-json\/wp\/v2\/media?parent=60285"}],"wp:term":[{"taxonomy":"category","embeddable":true,"href":"https:\/\/lasprimeras.com.do\/index.php\/wp-json\/wp\/v2\/categories?post=60285"},{"taxonomy":"post_tag","embeddable":true,"href":"https:\/\/lasprimeras.com.do\/index.php\/wp-json\/wp\/v2\/tags?post=60285"}],"curies":[{"name":"wp","href":"https:\/\/api.w.org\/{rel}","templated":true}]}}