{"id":60305,"date":"2023-09-12T23:55:10","date_gmt":"2023-09-13T03:55:10","guid":{"rendered":"https:\/\/lasprimeras.com.do\/?p=60305"},"modified":"2023-09-12T23:55:12","modified_gmt":"2023-09-13T03:55:12","slug":"firmas-finalizan-encuestas-que-serviran-para-seleccionar-candidatos-del-prm","status":"publish","type":"post","link":"https:\/\/lasprimeras.com.do\/index.php\/2023\/09\/12\/firmas-finalizan-encuestas-que-serviran-para-seleccionar-candidatos-del-prm\/","title":{"rendered":"Firmas finalizan encuestas que servir\u00e1n para seleccionar candidatos del PRM"},"content":{"rendered":"\n<p><strong>CNEI recibir\u00e1 los resultados de las encuestas en la primera semana de octubre.<\/strong><\/p>\n\n\n\n<p>La Comisi\u00f3n Nacional de Elecciones del Partido Revolucionario Moderno (PRM) inform\u00f3 este martes que las tres firmas encuestadoras contratadas para la selecci\u00f3n de candidatos a senadores, diputados y directores municipales para las elecciones del 2024 culminaron su trabajo de campo.<\/p>\n\n\n\n<p>A trav\u00e9s de un comunicado dirigido a los precandidatos de los cargos electivos mencionados, la comisi\u00f3n dijo que las firmas realizaron los levantamientos de campos en todo el territorio nacional desde mediados de agosto y concluyeron este martes 12 de septiembre.<\/p>\n\n\n\n<p>Concluido el levantamiento, el organismo hizo la acotaci\u00f3n de que &#8220;las actividades pol\u00edticas realizadas posterior a esta fecha por los precandidatos no surtir\u00e1n efectos para los fines correspondientes&#8221;.<\/p>\n\n\n\n<figure class=\"wp-block-image size-full\"><img decoding=\"async\" width=\"575\" height=\"672\" src=\"https:\/\/lasprimeras.com.do\/wp-content\/uploads\/2023\/09\/PRM.jpg\" alt=\"\" class=\"wp-image-60306\" srcset=\"https:\/\/lasprimeras.com.do\/wp-content\/uploads\/2023\/09\/PRM.jpg 575w, https:\/\/lasprimeras.com.do\/wp-content\/uploads\/2023\/09\/PRM-257x300.jpg 257w\" sizes=\"(max-width: 575px) 100vw, 575px\" \/><\/figure>\n\n\n\n<p>En lo adelante las firmas comenzar\u00e1n su labor de tabulaci\u00f3n de las informaciones, organizaci\u00f3n de las entrevistas, an\u00e1lisis, cruces y ponderaci\u00f3n de los resultados para proceder hacer entrega a la CNEI de los informes correspondientes.<\/p>\n\n\n\n<p>&#8220;Aclaramos que ning\u00fan precandidato tiene acceso a los resultados de las encuestas y en consecuencia no puede declarase ganador del proceso&#8221;, precis\u00f3 la comisi\u00f3n.<\/p>\n","protected":false},"excerpt":{"rendered":"<p>CNEI recibir\u00e1 los resultados de las encuestas en la primera semana de octubre. La Comisi\u00f3n Nacional de Elecciones del Partido Revolucionario Moderno (PRM) inform\u00f3 este martes que las tres firmas&hellip;<\/p>\n","protected":false},"author":2,"featured_media":56773,"comment_status":"open","ping_status":"open","sticky":false,"template":"","format":"standard","meta":{"content-type":"","jetpack_post_was_ever_published":false,"_jetpack_newsletter_access":"","_jetpack_dont_email_post_to_subs":false,"_jetpack_newsletter_tier_id":0,"_jetpack_memberships_contains_paywalled_content":false,"_jetpack_memberships_contains_paid_content":false,"footnotes":""},"categories":[1],"tags":[2621,2544,7451,31],"class_list":["post-60305","post","type-post","status-publish","format-standard","has-post-thumbnail","hentry","category-sin-categoria","tag-candidatos","tag-encuestas","tag-firmas","tag-prm"],"jetpack_featured_media_url":"https:\/\/lasprimeras.com.do\/wp-content\/uploads\/2023\/08\/PRM.jpg","jetpack-related-posts":[{"id":114182,"url":"https:\/\/lasprimeras.com.do\/index.php\/2025\/11\/11\/prm-impuso-a-jacqueline-fernandez-como-candidata-a-diputada-pese-a-sentencias-del-tc-y-el-tse\/","url_meta":{"origin":60305,"position":0},"title":"PRM impuso a Jacqueline Fern\u00e1ndez como candidata a diputada pese a sentencias del TC y el TSE","author":"Nelson Feliz","date":"11 de noviembre de 2025","format":false,"excerpt":"\u201cEste Tribunal llega a la conclusi\u00f3n de que la se\u00f1ora Jacqueline Fern\u00e1ndez inscribi\u00f3 originalmente su precandidatura para competir por el puesto de alcalde y produjo una serie de actos de precampa\u00f1a en dicho nivel de elecci\u00f3n. No obstante, al ser medida en los trabajos de campo realizados en el mes\u2026","rel":"","context":"En \u00abPOLITICA\u00bb","block_context":{"text":"POLITICA","link":"https:\/\/lasprimeras.com.do\/index.php\/category\/politica\/"},"img":{"alt_text":"","src":"https:\/\/i0.wp.com\/lasprimeras.com.do\/wp-content\/uploads\/2025\/11\/La-viceconsul-Dayna-Manzano-de-Los-Santos-y-la-diputada-Jacqueline-Fernandez-Brito.jpeg?resize=350%2C200&ssl=1","width":350,"height":200,"srcset":"https:\/\/i0.wp.com\/lasprimeras.com.do\/wp-content\/uploads\/2025\/11\/La-viceconsul-Dayna-Manzano-de-Los-Santos-y-la-diputada-Jacqueline-Fernandez-Brito.jpeg?resize=350%2C200&ssl=1 1x, https:\/\/i0.wp.com\/lasprimeras.com.do\/wp-content\/uploads\/2025\/11\/La-viceconsul-Dayna-Manzano-de-Los-Santos-y-la-diputada-Jacqueline-Fernandez-Brito.jpeg?resize=525%2C300&ssl=1 1.5x, https:\/\/i0.wp.com\/lasprimeras.com.do\/wp-content\/uploads\/2025\/11\/La-viceconsul-Dayna-Manzano-de-Los-Santos-y-la-diputada-Jacqueline-Fernandez-Brito.jpeg?resize=700%2C400&ssl=1 2x"},"classes":[]},{"id":66567,"url":"https:\/\/lasprimeras.com.do\/index.php\/2023\/11\/08\/candidatos-del-prm-tienen-mayor-preferencia-segun-la-firma-gallup\/","url_meta":{"origin":60305,"position":1},"title":"Candidatos del PRM tienen mayor preferencia, seg\u00fan la firma Gallup","author":"BIMARY DE JES\u00daS Matos","date":"8 de noviembre de 2023","format":false,"excerpt":"SANTO DOMINGO.- Una reciente encuesta de la firma Gallup revela que los candidatos del Partido Revolucionario Moderno (PRM) y sus aliados tienen mayor preferencias para las elecciones del 2024. De acuerdo a este sondeo, el 52.3% de encuestados dice que votar\u00eda por los perreme\u00edstas en las elecciones municipales de febrero\u2026","rel":"","context":"En \u00abSin categor\u00eda\u00bb","block_context":{"text":"Sin categor\u00eda","link":"https:\/\/lasprimeras.com.do\/index.php\/category\/sin-categoria\/"},"img":{"alt_text":"","src":"https:\/\/i0.wp.com\/lasprimeras.com.do\/wp-content\/uploads\/2023\/11\/WhatsApp-Image-2023-11-07-at-4.56.20-PM.jpeg?resize=350%2C200&ssl=1","width":350,"height":200,"srcset":"https:\/\/i0.wp.com\/lasprimeras.com.do\/wp-content\/uploads\/2023\/11\/WhatsApp-Image-2023-11-07-at-4.56.20-PM.jpeg?resize=350%2C200&ssl=1 1x, https:\/\/i0.wp.com\/lasprimeras.com.do\/wp-content\/uploads\/2023\/11\/WhatsApp-Image-2023-11-07-at-4.56.20-PM.jpeg?resize=525%2C300&ssl=1 1.5x, https:\/\/i0.wp.com\/lasprimeras.com.do\/wp-content\/uploads\/2023\/11\/WhatsApp-Image-2023-11-07-at-4.56.20-PM.jpeg?resize=700%2C400&ssl=1 2x"},"classes":[]},{"id":60901,"url":"https:\/\/lasprimeras.com.do\/index.php\/2023\/09\/19\/pld-escoge-otros-candidatos-y-candidatas-por-encuestas\/","url_meta":{"origin":60305,"position":2},"title":"PLD escoge otros candidatos y candidatas por encuestas","author":"Nelson Feliz","date":"19 de septiembre de 2023","format":false,"excerpt":"El PLD da a conocer resultados de encuestas en municipios y distritos municipales de las provincias Peravia, Monte Plata y Santo Domingo. La Comisi\u00f3n Nacional Electoral (CNE) del Partido de la Liberaci\u00f3n Dominicana (PLD), dio a conocer los resultados de nuevas encuestas aplicadas en diferentes demarcaciones territoriales del pa\u00eds para\u2026","rel":"","context":"En \u00abPORTADA\u00bb","block_context":{"text":"PORTADA","link":"https:\/\/lasprimeras.com.do\/index.php\/category\/portada\/"},"img":{"alt_text":"PLD","src":"https:\/\/i0.wp.com\/lasprimeras.com.do\/wp-content\/uploads\/2023\/09\/PLD.jpeg?resize=350%2C200&ssl=1","width":350,"height":200,"srcset":"https:\/\/i0.wp.com\/lasprimeras.com.do\/wp-content\/uploads\/2023\/09\/PLD.jpeg?resize=350%2C200&ssl=1 1x, https:\/\/i0.wp.com\/lasprimeras.com.do\/wp-content\/uploads\/2023\/09\/PLD.jpeg?resize=525%2C300&ssl=1 1.5x, https:\/\/i0.wp.com\/lasprimeras.com.do\/wp-content\/uploads\/2023\/09\/PLD.jpeg?resize=700%2C400&ssl=1 2x"},"classes":[]},{"id":63487,"url":"https:\/\/lasprimeras.com.do\/index.php\/2023\/10\/12\/prm-selecciona-a-stalin-vasquez-como-candidato-a-diputado-por-la-provincia-maria-trinidad-sanchez\/","url_meta":{"origin":60305,"position":3},"title":"PRM selecciona a Stalin V\u00e1squez como candidato a diputado por la provincia Mar\u00eda Trinidad S\u00e1nchez","author":"BIMARY DE JES\u00daS Matos","date":"12 de octubre de 2023","format":false,"excerpt":"Santo Domingo.- El Partido Revolucionario Moderno (PRM), escogi\u00f3 como candidato a diputado por la provincia Mar\u00eda Trinidad S\u00e1nchez al joven profesional Stalin V\u00e1squez con miras a las pr\u00f3ximas elecciones congresuales de mayo 2024. Al tiempo de agradecer su elecci\u00f3n a trav\u00e9s del m\u00e9todo de encuestas, V\u00e1squez adelant\u00f3 que tiene en\u2026","rel":"","context":"En \u00abSin categor\u00eda\u00bb","block_context":{"text":"Sin categor\u00eda","link":"https:\/\/lasprimeras.com.do\/index.php\/category\/sin-categoria\/"},"img":{"alt_text":"","src":"https:\/\/i0.wp.com\/lasprimeras.com.do\/wp-content\/uploads\/2023\/10\/WhatsApp-Image-2023-10-12-at-2.44.32-PM-2.jpeg?resize=350%2C200&ssl=1","width":350,"height":200,"srcset":"https:\/\/i0.wp.com\/lasprimeras.com.do\/wp-content\/uploads\/2023\/10\/WhatsApp-Image-2023-10-12-at-2.44.32-PM-2.jpeg?resize=350%2C200&ssl=1 1x, https:\/\/i0.wp.com\/lasprimeras.com.do\/wp-content\/uploads\/2023\/10\/WhatsApp-Image-2023-10-12-at-2.44.32-PM-2.jpeg?resize=525%2C300&ssl=1 1.5x"},"classes":[]},{"id":64850,"url":"https:\/\/lasprimeras.com.do\/index.php\/2023\/10\/24\/fuerza-del-pueblo-ha-presentado-resultados-del-56-de-encuestas\/","url_meta":{"origin":60305,"position":4},"title":"Fuerza del Pueblo ha presentado resultados del 56% de encuestas","author":"BIMARY DE JES\u00daS Matos","date":"24 de octubre de 2023","format":false,"excerpt":"SANTO DOMINGO.- La Comisi\u00f3n Nacional Electoral de Fuerza del Pueblo (FP) avanza en la apertura de los sobres lacrados que contienen los resultados, correspondientes a las demarcaciones electorales y niveles de elecci\u00f3n que fueron sometidos a encuestas para la selecci\u00f3n de sus respectivos candidatos a puestos de elecci\u00f3n popular. Henry\u2026","rel":"","context":"En \u00abSin categor\u00eda\u00bb","block_context":{"text":"Sin categor\u00eda","link":"https:\/\/lasprimeras.com.do\/index.php\/category\/sin-categoria\/"},"img":{"alt_text":"","src":"https:\/\/i0.wp.com\/lasprimeras.com.do\/wp-content\/uploads\/2023\/10\/WhatsApp-Image-2023-10-23-at-11.47.46-AM-10.jpeg?resize=350%2C200&ssl=1","width":350,"height":200,"srcset":"https:\/\/i0.wp.com\/lasprimeras.com.do\/wp-content\/uploads\/2023\/10\/WhatsApp-Image-2023-10-23-at-11.47.46-AM-10.jpeg?resize=350%2C200&ssl=1 1x, https:\/\/i0.wp.com\/lasprimeras.com.do\/wp-content\/uploads\/2023\/10\/WhatsApp-Image-2023-10-23-at-11.47.46-AM-10.jpeg?resize=525%2C300&ssl=1 1.5x, https:\/\/i0.wp.com\/lasprimeras.com.do\/wp-content\/uploads\/2023\/10\/WhatsApp-Image-2023-10-23-at-11.47.46-AM-10.jpeg?resize=700%2C400&ssl=1 2x"},"classes":[]},{"id":64785,"url":"https:\/\/lasprimeras.com.do\/index.php\/2023\/10\/23\/fp-presenta-resultados-del-56-de-encuesta-para-escogencia-de-candidaturas\/","url_meta":{"origin":60305,"position":5},"title":"FP presenta resultados del 56% de encuesta para escogencia de candidaturas","author":"Nelson Feliz","date":"23 de octubre de 2023","format":false,"excerpt":"Esta semana contin\u00faa la segunda fase del ciclo de apertura de sobres y presentaci\u00f3n de resultados La Comisi\u00f3n Nacional Electoral de la Fuerza del Pueblo avanza en la apertura de los sobres lacrados que contienen los resultados, correspondientes a las diferentes demarcaciones electorales y niveles de elecci\u00f3n que fueron sometidos\u2026","rel":"","context":"En \u00abPORTADA\u00bb","block_context":{"text":"PORTADA","link":"https:\/\/lasprimeras.com.do\/index.php\/category\/portada\/"},"img":{"alt_text":"Henry Mer\u00e1n","src":"https:\/\/i0.wp.com\/lasprimeras.com.do\/wp-content\/uploads\/2023\/10\/Henry-Meran-1.jpg?resize=350%2C200&ssl=1","width":350,"height":200,"srcset":"https:\/\/i0.wp.com\/lasprimeras.com.do\/wp-content\/uploads\/2023\/10\/Henry-Meran-1.jpg?resize=350%2C200&ssl=1 1x, https:\/\/i0.wp.com\/lasprimeras.com.do\/wp-content\/uploads\/2023\/10\/Henry-Meran-1.jpg?resize=525%2C300&ssl=1 1.5x, https:\/\/i0.wp.com\/lasprimeras.com.do\/wp-content\/uploads\/2023\/10\/Henry-Meran-1.jpg?resize=700%2C400&ssl=1 2x"},"classes":[]}],"jetpack_sharing_enabled":true,"_links":{"self":[{"href":"https:\/\/lasprimeras.com.do\/index.php\/wp-json\/wp\/v2\/posts\/60305","targetHints":{"allow":["GET"]}}],"collection":[{"href":"https:\/\/lasprimeras.com.do\/index.php\/wp-json\/wp\/v2\/posts"}],"about":[{"href":"https:\/\/lasprimeras.com.do\/index.php\/wp-json\/wp\/v2\/types\/post"}],"author":[{"embeddable":true,"href":"https:\/\/lasprimeras.com.do\/index.php\/wp-json\/wp\/v2\/users\/2"}],"replies":[{"embeddable":true,"href":"https:\/\/lasprimeras.com.do\/index.php\/wp-json\/wp\/v2\/comments?post=60305"}],"version-history":[{"count":1,"href":"https:\/\/lasprimeras.com.do\/index.php\/wp-json\/wp\/v2\/posts\/60305\/revisions"}],"predecessor-version":[{"id":60307,"href":"https:\/\/lasprimeras.com.do\/index.php\/wp-json\/wp\/v2\/posts\/60305\/revisions\/60307"}],"wp:featuredmedia":[{"embeddable":true,"href":"https:\/\/lasprimeras.com.do\/index.php\/wp-json\/wp\/v2\/media\/56773"}],"wp:attachment":[{"href":"https:\/\/lasprimeras.com.do\/index.php\/wp-json\/wp\/v2\/media?parent=60305"}],"wp:term":[{"taxonomy":"category","embeddable":true,"href":"https:\/\/lasprimeras.com.do\/index.php\/wp-json\/wp\/v2\/categories?post=60305"},{"taxonomy":"post_tag","embeddable":true,"href":"https:\/\/lasprimeras.com.do\/index.php\/wp-json\/wp\/v2\/tags?post=60305"}],"curies":[{"name":"wp","href":"https:\/\/api.w.org\/{rel}","templated":true}]}}