{"id":60434,"date":"2023-09-14T10:56:10","date_gmt":"2023-09-14T14:56:10","guid":{"rendered":"https:\/\/lasprimeras.com.do\/?p=60434"},"modified":"2023-09-14T10:56:12","modified_gmt":"2023-09-14T14:56:12","slug":"napole-jiminian-la-politica-en-justicia-social-es-un-compromiso-con-la-sociedad","status":"publish","type":"post","link":"https:\/\/lasprimeras.com.do\/index.php\/2023\/09\/14\/napole-jiminian-la-politica-en-justicia-social-es-un-compromiso-con-la-sociedad\/","title":{"rendered":"Napole Jimini\u00e1n: \u201cLa pol\u00edtica en Justicia Social es un compromiso con la sociedad\u201d"},"content":{"rendered":"\n<p>El partido Justicia Social (JS), a menos de un a\u00f1o de su nacimiento, ha irrumpido con fuerza el panorama pol\u00edtico dominicano para afianzarse como una organizaci\u00f3n de car\u00e1cter progresista, inclusivo y participativo, que pretende conquistar nuevos espacios de poder con el prop\u00f3sito de impulsar pol\u00edticas p\u00fablicas que beneficien al pa\u00eds.<\/p>\n\n\n\n<p>As\u00ed lo expres\u00f3 Napole Jimini\u00e1n, miembro de la direcci\u00f3n nacional del partido, destac\u00f3 los ideales firmes y el liderazgo de amplia trayectoria que hacen de Justicia Social (JS) una nueva alternativa pol\u00edtica.<\/p>\n\n\n\n<p>\u201cJusticia Social es una nueva organizaci\u00f3n pol\u00edtica que est\u00e1 iniciando un proceso y que va a crecer. Nos inspiran y motivan los ideales de Juan Pablo Duarte, de Juan Bosch. Somos un partido que cree y defiende los valores del pueblo, en contra de cualquier tipo de discriminaci\u00f3n, abierto a que la poblaci\u00f3n abrace el pensamiento ideol\u00f3gico democr\u00e1tico\u201d, destac\u00f3 Jimini\u00e1n, exgobernador de la provincia Mar\u00eda Trinidad S\u00e1nchez.<\/p>\n\n\n\n<p>Sobre su llegada a JS, destac\u00f3 que despu\u00e9s de pertenecer al Partido de Liberaci\u00f3n Dominicana (PLD) durante 38 a\u00f1os, se sinti\u00f3 decepcionado por las constantes luchas internas y la exclusi\u00f3n que sufri\u00f3 junto a otros compa\u00f1eros de amplia trayectoria.<\/p>\n\n\n\n<p>Pens\u00f3 en retirarse de la actividad pol\u00edtica, pero decidi\u00f3 seguir aportando e iniciar un nuevo proyecto pol\u00edtico de la mano del exsenador Julio C\u00e9sar Valent\u00edn y de otros l\u00edderes regionales y nacionales.<\/p>\n\n\n\n<p>\u201cPara m\u00ed, justicia social es dedicar tiempo a la pol\u00edtica para servirle a la sociedad\u201d, puntualiz\u00f3.<\/p>\n","protected":false},"excerpt":{"rendered":"<p>El partido Justicia Social (JS), a menos de un a\u00f1o de su nacimiento, ha irrumpido con fuerza el panorama pol\u00edtico dominicano para afianzarse como una organizaci\u00f3n de car\u00e1cter progresista, inclusivo&hellip;<\/p>\n","protected":false},"author":2,"featured_media":60435,"comment_status":"open","ping_status":"open","sticky":false,"template":"","format":"standard","meta":{"content-type":"","jetpack_post_was_ever_published":false,"_jetpack_newsletter_access":"","_jetpack_dont_email_post_to_subs":false,"_jetpack_newsletter_tier_id":0,"_jetpack_memberships_contains_paywalled_content":false,"_jetpack_memberships_contains_paid_content":false,"footnotes":""},"categories":[1],"tags":[562,5193,173,7514,52,1693],"class_list":["post-60434","post","type-post","status-publish","format-standard","has-post-thumbnail","hentry","category-sin-categoria","tag-compromiso","tag-exgobernador","tag-justicia-social","tag-napole-jiminian","tag-politica-2","tag-sociedad"],"jetpack_featured_media_url":"https:\/\/lasprimeras.com.do\/wp-content\/uploads\/2023\/09\/Napole-Jiminian.jpg","jetpack-related-posts":[{"id":61211,"url":"https:\/\/lasprimeras.com.do\/index.php\/2023\/09\/23\/regidores-de-justicia-social-forman-bloque-en-ayuntamiento-de-santiago\/","url_meta":{"origin":60434,"position":0},"title":"Regidores de Justicia Social forman bloque en Ayuntamiento de Santiago","author":"Nelson Feliz","date":"23 de septiembre de 2023","format":false,"excerpt":"Los regidores Giokapel Arias y Yuderka Castellanos presentaron ante la Sala Capitular del Ayuntamiento de Santiago sus credenciales del partido Justicia Social (JS), para as\u00ed pasar a la conformaci\u00f3n formal del bloque de la organizaci\u00f3n que representan. La intervenci\u00f3n estuvo a cargo del regidor Arias, de la Circunscripci\u00f3n 1, quien\u2026","rel":"","context":"En \u00abSin categor\u00eda\u00bb","block_context":{"text":"Sin categor\u00eda","link":"https:\/\/lasprimeras.com.do\/index.php\/category\/sin-categoria\/"},"img":{"alt_text":"","src":"https:\/\/i0.wp.com\/lasprimeras.com.do\/wp-content\/uploads\/2023\/09\/Regodores.jpg?resize=350%2C200&ssl=1","width":350,"height":200,"srcset":"https:\/\/i0.wp.com\/lasprimeras.com.do\/wp-content\/uploads\/2023\/09\/Regodores.jpg?resize=350%2C200&ssl=1 1x, https:\/\/i0.wp.com\/lasprimeras.com.do\/wp-content\/uploads\/2023\/09\/Regodores.jpg?resize=525%2C300&ssl=1 1.5x, https:\/\/i0.wp.com\/lasprimeras.com.do\/wp-content\/uploads\/2023\/09\/Regodores.jpg?resize=700%2C400&ssl=1 2x"},"classes":[]},{"id":87620,"url":"https:\/\/lasprimeras.com.do\/index.php\/2024\/08\/14\/julio-cesar-valentin-defiende-unificacion-de-elecciones\/","url_meta":{"origin":60434,"position":1},"title":"Julio C\u00e9sar Valent\u00edn defiende unificaci\u00f3n de elecciones","author":"Nelson Feliz","date":"14 de agosto de 2024","format":false,"excerpt":"El l\u00edder pol\u00edtico puso a circular su nuevo libro, titulado \u201cElecciones separadas, \u00bfpara qu\u00e9?\u201d. El l\u00edder pol\u00edtico y abogado Julio C\u00e9sar Valent\u00edn Jimini\u00e1n present\u00f3 su libro \u201cElecciones separadas, \u00bfpara qu\u00e9?\u201d\u2019, en el que propugna por un modelo de elecciones unificadas en un mismo d\u00eda, por razones pol\u00edticas, electorales, de racionalidad\u2026","rel":"","context":"En \u00abSin categor\u00eda\u00bb","block_context":{"text":"Sin categor\u00eda","link":"https:\/\/lasprimeras.com.do\/index.php\/category\/sin-categoria\/"},"img":{"alt_text":"Julio C\u00e9sar Valent\u00edn","src":"https:\/\/i0.wp.com\/lasprimeras.com.do\/wp-content\/uploads\/2024\/08\/Julio-Cesar-Valentin.jpg?resize=350%2C200&ssl=1","width":350,"height":200,"srcset":"https:\/\/i0.wp.com\/lasprimeras.com.do\/wp-content\/uploads\/2024\/08\/Julio-Cesar-Valentin.jpg?resize=350%2C200&ssl=1 1x, https:\/\/i0.wp.com\/lasprimeras.com.do\/wp-content\/uploads\/2024\/08\/Julio-Cesar-Valentin.jpg?resize=525%2C300&ssl=1 1.5x, https:\/\/i0.wp.com\/lasprimeras.com.do\/wp-content\/uploads\/2024\/08\/Julio-Cesar-Valentin.jpg?resize=700%2C400&ssl=1 2x"},"classes":[]},{"id":50722,"url":"https:\/\/lasprimeras.com.do\/index.php\/2023\/05\/23\/arturo-castro-deja-el-pld-y-se-une-a-justicia-social\/","url_meta":{"origin":60434,"position":2},"title":"Arturo Castro deja el PLD y se une a Justicia Social","author":"prenxa100","date":"23 de mayo de 2023","format":false,"excerpt":"El Cercado, San Juan de la Maguana. - En un encuentro lleno de entusiasmo y apoyo, el empresario agr\u00edcola Arturo Castro anunci\u00f3 su decisi\u00f3n de abandonar el Partido de la Liberaci\u00f3n Dominicana (PLD) y unirse al partido Justicia Social. El respaldo a la decisi\u00f3n de Castro fue notable, ya que\u2026","rel":"","context":"En \u00abSin categor\u00eda\u00bb","block_context":{"text":"Sin categor\u00eda","link":"https:\/\/lasprimeras.com.do\/index.php\/category\/sin-categoria\/"},"img":{"alt_text":"","src":"","width":0,"height":0},"classes":[]},{"id":48538,"url":"https:\/\/lasprimeras.com.do\/index.php\/2023\/05\/01\/justicia-social-reconoce-el-valor-de-los-trabajadores-en-su-dia\/","url_meta":{"origin":60434,"position":3},"title":"Justicia Social reconoce el valor de los trabajadores en su D\u00eda","author":"prenxa100","date":"1 de mayo de 2023","format":false,"excerpt":"SANTO DOMINGO. - En el D\u00eda del Trabajador, el Partido Justicia Social (JS) expresa su m\u00e1s profundo reconocimiento y gratitud a todos aquellos que con su esfuerzo diario hacen posible el funcionamiento de la sociedad. El partido destaca la importancia de la labor de los obreros, trabajadores de la salud,\u2026","rel":"","context":"En \u00abSin categor\u00eda\u00bb","block_context":{"text":"Sin categor\u00eda","link":"https:\/\/lasprimeras.com.do\/index.php\/category\/sin-categoria\/"},"img":{"alt_text":"","src":"","width":0,"height":0},"classes":[]},{"id":60071,"url":"https:\/\/lasprimeras.com.do\/index.php\/2023\/09\/10\/lideres-internacionales-felicitan-a-justicia-social-como-nueva-opcion-progresista-para-rd-y-la-region\/","url_meta":{"origin":60434,"position":4},"title":"L\u00edderes internacionales felicitan a Justicia Social como nueva opci\u00f3n progresista para RD y la regi\u00f3n","author":"Nelson Feliz","date":"10 de septiembre de 2023","format":false,"excerpt":"L\u00edderes de organizaciones pol\u00edticas y sociales de distintos pa\u00edses manifestaron su respaldo a Justicia Social (JS), en ocasi\u00f3n de la celebraci\u00f3n de su Asamblea Constitutiva el pasado domingo 3 de septiembre, en la que se consolid\u00f3 legalmente como partido pol\u00edtico en la Rep\u00fablica Dominicana. A trav\u00e9s de videos enviados desde\u2026","rel":"","context":"En \u00abPORTADA\u00bb","block_context":{"text":"PORTADA","link":"https:\/\/lasprimeras.com.do\/index.php\/category\/portada\/"},"img":{"alt_text":"L\u00edderes","src":"https:\/\/i0.wp.com\/lasprimeras.com.do\/wp-content\/uploads\/2023\/09\/portadas-saludos-03.jpg?resize=350%2C200&ssl=1","width":350,"height":200,"srcset":"https:\/\/i0.wp.com\/lasprimeras.com.do\/wp-content\/uploads\/2023\/09\/portadas-saludos-03.jpg?resize=350%2C200&ssl=1 1x, https:\/\/i0.wp.com\/lasprimeras.com.do\/wp-content\/uploads\/2023\/09\/portadas-saludos-03.jpg?resize=525%2C300&ssl=1 1.5x, https:\/\/i0.wp.com\/lasprimeras.com.do\/wp-content\/uploads\/2023\/09\/portadas-saludos-03.jpg?resize=700%2C400&ssl=1 2x"},"classes":[]},{"id":116218,"url":"https:\/\/lasprimeras.com.do\/index.php\/2025\/11\/28\/catalina-olea-salazar-asume-presidencia-del-parlacen\/","url_meta":{"origin":60434,"position":5},"title":"Catalina Olea Salazar asume presidencia del PARLACEN","author":"Nelson Feliz","date":"28 de noviembre de 2025","format":false,"excerpt":"El Parlamento Centroamericano (PARLACEN) inform\u00f3 la juramentaci\u00f3n de la diputada dominicana Catalina Olea Salazar, representante del Partido Justicia Social (JS), como presidenta de la Comisi\u00f3n de Asuntos Municipales y Desarrollo de Ciudadan\u00eda para el actual per\u00edodo legislativo. La diputada Olea Salazar asume este compromiso con la determinaci\u00f3n de impulsar la\u2026","rel":"","context":"En \u00abPOLITICA\u00bb","block_context":{"text":"POLITICA","link":"https:\/\/lasprimeras.com.do\/index.php\/category\/politica\/"},"img":{"alt_text":"Catalina Olea Salazar","src":"https:\/\/i0.wp.com\/lasprimeras.com.do\/wp-content\/uploads\/2025\/11\/Catalina-Olea-Salazar.jpg?resize=350%2C200&ssl=1","width":350,"height":200,"srcset":"https:\/\/i0.wp.com\/lasprimeras.com.do\/wp-content\/uploads\/2025\/11\/Catalina-Olea-Salazar.jpg?resize=350%2C200&ssl=1 1x, https:\/\/i0.wp.com\/lasprimeras.com.do\/wp-content\/uploads\/2025\/11\/Catalina-Olea-Salazar.jpg?resize=525%2C300&ssl=1 1.5x, https:\/\/i0.wp.com\/lasprimeras.com.do\/wp-content\/uploads\/2025\/11\/Catalina-Olea-Salazar.jpg?resize=700%2C400&ssl=1 2x"},"classes":[]}],"jetpack_sharing_enabled":true,"_links":{"self":[{"href":"https:\/\/lasprimeras.com.do\/index.php\/wp-json\/wp\/v2\/posts\/60434","targetHints":{"allow":["GET"]}}],"collection":[{"href":"https:\/\/lasprimeras.com.do\/index.php\/wp-json\/wp\/v2\/posts"}],"about":[{"href":"https:\/\/lasprimeras.com.do\/index.php\/wp-json\/wp\/v2\/types\/post"}],"author":[{"embeddable":true,"href":"https:\/\/lasprimeras.com.do\/index.php\/wp-json\/wp\/v2\/users\/2"}],"replies":[{"embeddable":true,"href":"https:\/\/lasprimeras.com.do\/index.php\/wp-json\/wp\/v2\/comments?post=60434"}],"version-history":[{"count":1,"href":"https:\/\/lasprimeras.com.do\/index.php\/wp-json\/wp\/v2\/posts\/60434\/revisions"}],"predecessor-version":[{"id":60436,"href":"https:\/\/lasprimeras.com.do\/index.php\/wp-json\/wp\/v2\/posts\/60434\/revisions\/60436"}],"wp:featuredmedia":[{"embeddable":true,"href":"https:\/\/lasprimeras.com.do\/index.php\/wp-json\/wp\/v2\/media\/60435"}],"wp:attachment":[{"href":"https:\/\/lasprimeras.com.do\/index.php\/wp-json\/wp\/v2\/media?parent=60434"}],"wp:term":[{"taxonomy":"category","embeddable":true,"href":"https:\/\/lasprimeras.com.do\/index.php\/wp-json\/wp\/v2\/categories?post=60434"},{"taxonomy":"post_tag","embeddable":true,"href":"https:\/\/lasprimeras.com.do\/index.php\/wp-json\/wp\/v2\/tags?post=60434"}],"curies":[{"name":"wp","href":"https:\/\/api.w.org\/{rel}","templated":true}]}}