{"id":60527,"date":"2023-09-15T07:48:09","date_gmt":"2023-09-15T11:48:09","guid":{"rendered":"https:\/\/lasprimeras.com.do\/?p=60527"},"modified":"2023-09-15T07:48:11","modified_gmt":"2023-09-15T11:48:11","slug":"muertes-por-sobredosis-de-fentanilo-se-han-multiplicado-por-50-en-estados-unidos","status":"publish","type":"post","link":"https:\/\/lasprimeras.com.do\/index.php\/2023\/09\/15\/muertes-por-sobredosis-de-fentanilo-se-han-multiplicado-por-50-en-estados-unidos\/","title":{"rendered":"Muertes por sobredosis de fentanilo se han multiplicado por 50 en Estados Unidos"},"content":{"rendered":"\n<p>Una investigaci\u00f3n dirigida por la Universidad de California (UCLA) en Estados Unidos ha descubierto que la proporci\u00f3n de muertes por sobredosis en el pa\u00eds americano, en las que est\u00e1n implicados tanto el fentanilo como estimulantes, se ha multiplicado por m\u00e1s de 50 desde 2010.<\/p>\n\n\n\n<p>Los datos, publicados en la revista &#8216;Addiction&#8217;, se\u00f1alan que la proporci\u00f3n de muertes ha pasado del 0,6 por ciento (235 muertes) en 2010 al 32,3 por ciento (34.429 muertes) en 2021.<\/p>\n\n\n\n<p>En este sentido, en el a\u00f1o 2021, los estimulantes como la coca\u00edna y la metanfetamina se hab\u00edan convertido en la clase de droga m\u00e1s com\u00fan encontrada en las sobredosis involucradas con fentanilo en todos los estados de Estados Unidos.<\/p>\n\n\n\n<p>Este aumento de las muertes por fentanilo y estimulantes constituye la &#8216;cuarta oleada&#8217; de la larga crisis de sobredosis de opioides en Estados Unidos, cuyo n\u00famero de muertes sigue aumentando.<\/p>\n\n\n\n<p>&#8220;Ahora estamos viendo que el uso de fentanilo junto con estimulantes se est\u00e1 convirtiendo r\u00e1pidamente en la fuerza dominante de la crisis de sobredosis en EEUU&#8221;, ha afirmado el autor principal, Joseph Friedman, investigador de adici\u00f3n de la Facultad de Medicina David Geffen de la UCLA.<\/p>\n\n\n\n<p>&#8220;El fentanilo ha dado paso a una crisis de sobredosis por polisustancias, lo que significa que la gente est\u00e1 mezclando fentanilo con otras drogas, como estimulantes, pero tambi\u00e9n con otras innumerables sustancias sint\u00e9ticas. Esto plantea muchos riesgos para la salud y nuevos retos para los profesionales sanitarios&#8221;, ha se\u00f1alado Geffen.<\/p>\n\n\n\n<p>El investigador ha indicado que actualmente disponen de datos y conocimientos m\u00e9dicos sobre el tratamiento de los trastornos por consumo de opi\u00e1ceos, &#8220;pero comparativamente tenemos poca experiencia con la combinaci\u00f3n de opi\u00e1ceos y estimulantes, o de opi\u00e1ceos mezclados con otras drogas. Esto hace que sea dif\u00edcil estabilizar m\u00e9dicamente a las personas que se est\u00e1n retirando del consumo de polisustancias&#8221;.<\/p>\n\n\n\n<p>El an\u00e1lisis ilustra c\u00f3mo la crisis de los opioides en Estados Unidos comenz\u00f3 con un aumento de las muertes por opioides con receta (oleada 1) a principios de la d\u00e9cada de 2000 y por hero\u00edna (oleada 2) en 2010. Hacia 2013, el aumento de las sobredosis de fentanilo marc\u00f3 la tercera oleada. La cuarta oleada -sobredosis de fentanilo con estimulantes- comenz\u00f3 en 2015 y sigue creciendo.<\/p>\n\n\n\n<p>Adem\u00e1s, seg\u00fan los expertos, las personas que consumen varias sustancias tambi\u00e9n pueden correr un mayor riesgo de sobredosis, y muchas de las sustancias que se mezclan con fentanilo no responden a la naloxona, el ant\u00eddoto contra la sobredosis de opi\u00e1ceos.<\/p>\n\n\n\n<p>Los autores tambi\u00e9n descubrieron que las muertes por sobredosis de fentanilo\/estimulantes afectan de forma desproporcionada a las comunidades de minor\u00edas raciales\/\u00e9tnicas en EEUU, incluidas las personas de raza negra y afroamericana y los nativos americanos.<\/p>\n\n\n\n<p>Por ejemplo, en 2021, la prevalencia de la participaci\u00f3n de estimulantes en las muertes por sobredosis de fentanilo fue del 73 por ciento entre las mujeres negras o afroamericanas no hispanas de 65 a 74 a\u00f1os que viv\u00edan en el oeste de EEUU, y del 69 por ciento entre los hombres negros o afroamericanos de 55 a 65 a\u00f1os que viv\u00edan en la misma zona. La tasa entre la poblaci\u00f3n general de EEUU en 2021 era del 49 por ciento.<\/p>\n\n\n\n<p>Tambi\u00e9n existen patrones geogr\u00e1ficos en el consumo de fentanilo y estimulantes. En el noreste de EEUU, el fentanilo tiende a combinarse con coca\u00edna; en el sur y el oeste, aparece m\u00e1s com\u00fanmente con metanfetamina.<\/p>\n\n\n\n<p>&#8220;Sospechamos que este patr\u00f3n refleja la creciente disponibilidad y preferencia por la metanfetamina de bajo coste y gran pureza en todo EEUU, y el hecho de que el noreste tiene un patr\u00f3n bien arraigado de consumo il\u00edcito de coca\u00edna que hasta ahora se ha resistido a la absorci\u00f3n total por parte de la metanfetamina observada en otras partes del pa\u00eds&#8221;, ha finalizado Friedman.EUROPA PRESS<\/p>\n","protected":false},"excerpt":{"rendered":"<p>Una investigaci\u00f3n dirigida por la Universidad de California (UCLA) en Estados Unidos ha descubierto que la proporci\u00f3n de muertes por sobredosis en el pa\u00eds americano, en las que est\u00e1n implicados&hellip;<\/p>\n","protected":false},"author":2,"featured_media":60528,"comment_status":"open","ping_status":"open","sticky":false,"template":"","format":"standard","meta":{"content-type":"","jetpack_post_was_ever_published":false,"_jetpack_newsletter_access":"","_jetpack_dont_email_post_to_subs":false,"_jetpack_newsletter_tier_id":0,"_jetpack_memberships_contains_paywalled_content":false,"_jetpack_memberships_contains_paid_content":false,"footnotes":""},"categories":[1],"tags":[98,4832,24,7552,7551],"class_list":["post-60527","post","type-post","status-publish","format-standard","has-post-thumbnail","hentry","category-sin-categoria","tag-estados-unidos","tag-fentanilo","tag-muertes","tag-multiplicado","tag-sobredosis"],"jetpack_featured_media_url":"https:\/\/lasprimeras.com.do\/wp-content\/uploads\/2023\/09\/fentanilo.jpeg","jetpack-related-posts":[{"id":61369,"url":"https:\/\/lasprimeras.com.do\/index.php\/2023\/09\/26\/el-81-de-las-muertes-por-sobredosis-en-nueva-york-fueron-por-fentanilo\/","url_meta":{"origin":60527,"position":0},"title":"El 81% de las muertes por sobredosis en Nueva York fueron por fentanilo","author":"Nelson Feliz","date":"26 de septiembre de 2023","format":false,"excerpt":"El 81 % de las muertes por sobredosis en la ciudad de Nueva York son causadas por el fentanilo, seg\u00fan cifras que desvel\u00f3 este lunes el Departamento de Salud de la ciudad, que alert\u00f3 adem\u00e1s que las muertes por sobredosis crecieron en un 12% en 2022 con respecto al a\u00f1o\u2026","rel":"","context":"En \u00abSin categor\u00eda\u00bb","block_context":{"text":"Sin categor\u00eda","link":"https:\/\/lasprimeras.com.do\/index.php\/category\/sin-categoria\/"},"img":{"alt_text":"fentanilo","src":"https:\/\/i0.wp.com\/lasprimeras.com.do\/wp-content\/uploads\/2023\/09\/fentanilo-1.jpeg?resize=350%2C200&ssl=1","width":350,"height":200,"srcset":"https:\/\/i0.wp.com\/lasprimeras.com.do\/wp-content\/uploads\/2023\/09\/fentanilo-1.jpeg?resize=350%2C200&ssl=1 1x, https:\/\/i0.wp.com\/lasprimeras.com.do\/wp-content\/uploads\/2023\/09\/fentanilo-1.jpeg?resize=525%2C300&ssl=1 1.5x, https:\/\/i0.wp.com\/lasprimeras.com.do\/wp-content\/uploads\/2023\/09\/fentanilo-1.jpeg?resize=700%2C400&ssl=1 2x"},"classes":[]},{"id":99596,"url":"https:\/\/lasprimeras.com.do\/index.php\/2025\/05\/23\/gobernadora-kathy-hochul-dice-menos-muertes-por-sobredosis-en-ny\/","url_meta":{"origin":60527,"position":1},"title":"Gobernadora Kathy Hochul dice \u00abmenos muertes por sobredosis en NY\u00bb","author":"Nelson Feliz","date":"23 de mayo de 2025","format":false,"excerpt":"Por Ram\u00f3n Mercedes NUEVA YORK.- La gobernadora Kathy Hochul anunci\u00f3 en esta semana cifras preliminares de los Centros para el Control y la Prevenci\u00f3n de Enfermedades (CDC) que confirman la reducci\u00f3n de muertes por sobredosis de drogas en el estado de Nueva York, durante el a\u00f1o pasado. Dominicanos figuran entre\u2026","rel":"","context":"En \u00abINTERNACIONALES\u00bb","block_context":{"text":"INTERNACIONALES","link":"https:\/\/lasprimeras.com.do\/index.php\/category\/sin-categoria\/internacionales\/"},"img":{"alt_text":"Gobernadora dice \u00abmenos muertes por sobredosis en NY\u00bb","src":"https:\/\/i0.wp.com\/lasprimeras.com.do\/wp-content\/uploads\/2025\/05\/WhatsApp-Image-2025-05-23-at-6.44.53-AM.jpeg?resize=350%2C200&ssl=1","width":350,"height":200,"srcset":"https:\/\/i0.wp.com\/lasprimeras.com.do\/wp-content\/uploads\/2025\/05\/WhatsApp-Image-2025-05-23-at-6.44.53-AM.jpeg?resize=350%2C200&ssl=1 1x, https:\/\/i0.wp.com\/lasprimeras.com.do\/wp-content\/uploads\/2025\/05\/WhatsApp-Image-2025-05-23-at-6.44.53-AM.jpeg?resize=525%2C300&ssl=1 1.5x, https:\/\/i0.wp.com\/lasprimeras.com.do\/wp-content\/uploads\/2025\/05\/WhatsApp-Image-2025-05-23-at-6.44.53-AM.jpeg?resize=700%2C400&ssl=1 2x"},"classes":[]},{"id":87653,"url":"https:\/\/lasprimeras.com.do\/index.php\/2024\/08\/15\/arrestan-en-ee-uu-a-una-persona-en-conexion-con-la-muerte-por-sobredosis-de-matthew-perry\/","url_meta":{"origin":60527,"position":2},"title":"Arrestan en EE.UU. a una persona en conexi\u00f3n con la muerte por sobredosis de Matthew Perry","author":"Nelson Feliz","date":"15 de agosto de 2024","format":false,"excerpt":"Miami, (EFE).- Una persona ha sido arrestada en California en conexi\u00f3n con la muerte del actor estadounidense Matthew Perry, de 54 a\u00f1os, ocurrida en octubre de 2023 debido a una sobredosis accidental, inform\u00f3 este jueves el canal NBC. El actor, que fue hallado muerto el 28 de octubre de 2023\u2026","rel":"","context":"En \u00abSin categor\u00eda\u00bb","block_context":{"text":"Sin categor\u00eda","link":"https:\/\/lasprimeras.com.do\/index.php\/category\/sin-categoria\/"},"img":{"alt_text":"Matthew Perry","src":"https:\/\/i0.wp.com\/lasprimeras.com.do\/wp-content\/uploads\/2024\/08\/Matthew-Perry.jpg?resize=350%2C200&ssl=1","width":350,"height":200,"srcset":"https:\/\/i0.wp.com\/lasprimeras.com.do\/wp-content\/uploads\/2024\/08\/Matthew-Perry.jpg?resize=350%2C200&ssl=1 1x, https:\/\/i0.wp.com\/lasprimeras.com.do\/wp-content\/uploads\/2024\/08\/Matthew-Perry.jpg?resize=525%2C300&ssl=1 1.5x, https:\/\/i0.wp.com\/lasprimeras.com.do\/wp-content\/uploads\/2024\/08\/Matthew-Perry.jpg?resize=700%2C400&ssl=1 2x"},"classes":[]},{"id":111987,"url":"https:\/\/lasprimeras.com.do\/index.php\/2025\/10\/16\/dea-descubre-en-ny-droga-niotazeno-100-veces-mas-mortal-y-potente-que-el-fentanilo\/","url_meta":{"origin":60527,"position":3},"title":"DEA descubre en NY droga \u00abniotazeno\u00bb 100 veces m\u00e1s mortal y potente que el \u00abfentanilo\u00bb","author":"Nelson Feliz","date":"16 de octubre de 2025","format":false,"excerpt":"Por Ram\u00f3n Mercedes NUEVA YORK.- La DEA descubri\u00f3 recientemente en el condado de Long Island la nueva droga en NY identificada como \u00abniotazeno\u00bb, un opioide sint\u00e9tico letal que tiene m\u00faltiples cepas y distintos rangos de potencia. 100 veces m\u00e1s mortal y potente que el \u00abfentanilo\u00bb. Las pruebas de laboratorio confirmaron\u2026","rel":"","context":"En \u00abLA VOZ DE LA DIASPORA\u00bb","block_context":{"text":"LA VOZ DE LA DIASPORA","link":"https:\/\/lasprimeras.com.do\/index.php\/category\/la-voz-de-la-diaspora\/"},"img":{"alt_text":"DEA descubre en NY droga \u00abniotazeno\u00bb 100 veces m\u00e1s mortal y potente que el \u00abfentanilo\u00bb","src":"https:\/\/i0.wp.com\/lasprimeras.com.do\/wp-content\/uploads\/2025\/10\/WhatsApp-Image-2025-10-16-at-5.57.28-AM.jpeg?resize=350%2C200&ssl=1","width":350,"height":200,"srcset":"https:\/\/i0.wp.com\/lasprimeras.com.do\/wp-content\/uploads\/2025\/10\/WhatsApp-Image-2025-10-16-at-5.57.28-AM.jpeg?resize=350%2C200&ssl=1 1x, https:\/\/i0.wp.com\/lasprimeras.com.do\/wp-content\/uploads\/2025\/10\/WhatsApp-Image-2025-10-16-at-5.57.28-AM.jpeg?resize=525%2C300&ssl=1 1.5x, https:\/\/i0.wp.com\/lasprimeras.com.do\/wp-content\/uploads\/2025\/10\/WhatsApp-Image-2025-10-16-at-5.57.28-AM.jpeg?resize=700%2C400&ssl=1 2x"},"classes":[]},{"id":94669,"url":"https:\/\/lasprimeras.com.do\/index.php\/2025\/03\/04\/canada-impondra-el-25-de-aranceles-a-ee-uu-y-podria-dejar-sin-electricidad-al-norte-del-pais\/","url_meta":{"origin":60527,"position":4},"title":"Canad\u00e1 impondr\u00e1 el 25% de aranceles a EE.UU. y podr\u00eda dejar sin electricidad al norte del pa\u00eds","author":"Nelson Feliz","date":"4 de marzo de 2025","format":false,"excerpt":"Justin Trudeau afirm\u00f3 que el pa\u00eds \"no permitir\u00e1 que la decisi\u00f3n injustificada quede sin respuesta\" y tiene previsto una serie de represalias a EE.UU. El primer ministro Justin Trudeau, afirm\u00f3 que la decisi\u00f3n del presidente Donald Trump, de imponer aranceles a los productos canadienses a partir del 4 de marzo,\u2026","rel":"","context":"En \u00abECONOM\u00cdA\u00bb","block_context":{"text":"ECONOM\u00cdA","link":"https:\/\/lasprimeras.com.do\/index.php\/category\/economia\/"},"img":{"alt_text":"Justin Trudeau","src":"https:\/\/i0.wp.com\/lasprimeras.com.do\/wp-content\/uploads\/2025\/03\/Justin-Trudeau.png?resize=350%2C200&ssl=1","width":350,"height":200,"srcset":"https:\/\/i0.wp.com\/lasprimeras.com.do\/wp-content\/uploads\/2025\/03\/Justin-Trudeau.png?resize=350%2C200&ssl=1 1x, https:\/\/i0.wp.com\/lasprimeras.com.do\/wp-content\/uploads\/2025\/03\/Justin-Trudeau.png?resize=525%2C300&ssl=1 1.5x, https:\/\/i0.wp.com\/lasprimeras.com.do\/wp-content\/uploads\/2025\/03\/Justin-Trudeau.png?resize=700%2C400&ssl=1 2x"},"classes":[]},{"id":88144,"url":"https:\/\/lasprimeras.com.do\/index.php\/2024\/08\/22\/rd-extradita-hombre-acusado-de-traficar-fentanilo-en-ee-uu\/","url_meta":{"origin":60527,"position":5},"title":"RD extradita hombre acusado de traficar fentanilo en EE.UU.","author":"Nelson Feliz","date":"22 de agosto de 2024","format":false,"excerpt":"La Rep\u00fablica Dominicana a trav\u00e9s de la Procuradur\u00eda General de la Rep\u00fablica (PGR) y agentes de la Direcci\u00f3n Nacional de Control de Drogas (DNCD), apoyados por Alguaciles de Estados Unidos (U.S. Marshals), extraditaron a un estadounidense con nacionalidad dominicana, acusado en esa naci\u00f3n, de traficar con la poderosa droga, conocida\u2026","rel":"","context":"En \u00abJUSTICIA\u00bb","block_context":{"text":"JUSTICIA","link":"https:\/\/lasprimeras.com.do\/index.php\/category\/justicia\/"},"img":{"alt_text":"","src":"https:\/\/i0.wp.com\/lasprimeras.com.do\/wp-content\/uploads\/2024\/08\/dncd-1-1.jpg?resize=350%2C200&ssl=1","width":350,"height":200,"srcset":"https:\/\/i0.wp.com\/lasprimeras.com.do\/wp-content\/uploads\/2024\/08\/dncd-1-1.jpg?resize=350%2C200&ssl=1 1x, https:\/\/i0.wp.com\/lasprimeras.com.do\/wp-content\/uploads\/2024\/08\/dncd-1-1.jpg?resize=525%2C300&ssl=1 1.5x, https:\/\/i0.wp.com\/lasprimeras.com.do\/wp-content\/uploads\/2024\/08\/dncd-1-1.jpg?resize=700%2C400&ssl=1 2x"},"classes":[]}],"jetpack_sharing_enabled":true,"_links":{"self":[{"href":"https:\/\/lasprimeras.com.do\/index.php\/wp-json\/wp\/v2\/posts\/60527","targetHints":{"allow":["GET"]}}],"collection":[{"href":"https:\/\/lasprimeras.com.do\/index.php\/wp-json\/wp\/v2\/posts"}],"about":[{"href":"https:\/\/lasprimeras.com.do\/index.php\/wp-json\/wp\/v2\/types\/post"}],"author":[{"embeddable":true,"href":"https:\/\/lasprimeras.com.do\/index.php\/wp-json\/wp\/v2\/users\/2"}],"replies":[{"embeddable":true,"href":"https:\/\/lasprimeras.com.do\/index.php\/wp-json\/wp\/v2\/comments?post=60527"}],"version-history":[{"count":1,"href":"https:\/\/lasprimeras.com.do\/index.php\/wp-json\/wp\/v2\/posts\/60527\/revisions"}],"predecessor-version":[{"id":60529,"href":"https:\/\/lasprimeras.com.do\/index.php\/wp-json\/wp\/v2\/posts\/60527\/revisions\/60529"}],"wp:featuredmedia":[{"embeddable":true,"href":"https:\/\/lasprimeras.com.do\/index.php\/wp-json\/wp\/v2\/media\/60528"}],"wp:attachment":[{"href":"https:\/\/lasprimeras.com.do\/index.php\/wp-json\/wp\/v2\/media?parent=60527"}],"wp:term":[{"taxonomy":"category","embeddable":true,"href":"https:\/\/lasprimeras.com.do\/index.php\/wp-json\/wp\/v2\/categories?post=60527"},{"taxonomy":"post_tag","embeddable":true,"href":"https:\/\/lasprimeras.com.do\/index.php\/wp-json\/wp\/v2\/tags?post=60527"}],"curies":[{"name":"wp","href":"https:\/\/api.w.org\/{rel}","templated":true}]}}