{"id":60644,"date":"2023-09-17T13:42:31","date_gmt":"2023-09-17T17:42:31","guid":{"rendered":"https:\/\/lasprimeras.com.do\/?p=60644"},"modified":"2023-09-17T13:42:32","modified_gmt":"2023-09-17T17:42:32","slug":"roberto-angel-juramenta-en-unidad-externa-al-presidente-de-la-sala-capitular-de-guayubin","status":"publish","type":"post","link":"https:\/\/lasprimeras.com.do\/index.php\/2023\/09\/17\/roberto-angel-juramenta-en-unidad-externa-al-presidente-de-la-sala-capitular-de-guayubin\/","title":{"rendered":"Roberto \u00c1ngel juramenta en Unidad Externa al presidente de la Sala Capitular de Guayub\u00edn"},"content":{"rendered":"\n<p><strong>Vaticina que el presidente Luis Abinader y el PRM, ganar\u00e1n las elecciones presidenciales en primera vuelta en el 2024, con un porcentaje mayor que el obtenido en el 2020.<\/strong><\/p>\n\n\n\n<p>El miembro de la Direcci\u00f3n Ejecutiva del Partido Revolucionario Moderno (PRM), Roberto \u00c1ngel Salcedo, jurament\u00f3 en la Unidad Externa con Luis al presidente de la Sala Capitular del municipio Guayub\u00edn, Montecristi, Jos\u00e9 L\u00f3pez, y junto a \u00e9l a todo su equipo pol\u00edtico.<\/p>\n\n\n\n<p>Tras darle la bienvenida a los nuevos integrantes a la plataforma electoral \u201cUnidad Externa con Luis\u201d, Roberto \u00c1ngel Salcedo dijo que cada d\u00eda m\u00e1s se consolida el triunfo del presidente Luis Abinader y el PRM de cara al a\u00f1o 2024.<\/p>\n\n\n\n<p>En su discurso central, afirm\u00f3 que en la l\u00ednea noroeste la Unidad Externa se fortalece y se extiende con vigor en todo el territorio de la Rep\u00fablica Dominicana.<\/p>\n\n\n\n<p>Salcedo, manifest\u00f3 que el prop\u00f3sito fundamental de esta Unidad es integrar a dominicanos y dominicanas de buena voluntad, con el objetivo que el presidente Luis Abinader pueda agotar un nuevo per\u00edodo de gobierno m\u00e1s all\u00e1 del 2024.<\/p>\n\n\n\n<p>Explic\u00f3 que pese a que el presidente Luis Abinader asumi\u00f3 el gobierno en medio de una pandemia y luego en medio de un conflicto geopol\u00edtico, debido a la guerra entre Rusia y Ucrania, que han tenido un impacto negativo en la econom\u00eda del pa\u00eds y el mundo, la Rep\u00fablica Dominicana muestra una estabilidad social, econ\u00f3mica, pol\u00edtica e institucional y en franco desarrollo.<\/p>\n\n\n\n<p>Se\u00f1al\u00f3, que \u201ccuando se va a las calles y encuestamos, el pueblo reconoce el gran esfuerzo que ha realizado el presidente Luis Abinader en beneficio de los m\u00e1s vulnerables y en beneficio de lo que hist\u00f3ricamente hab\u00edan sido olvidados por los gobiernos anteriores\u201d.<\/p>\n\n\n\n<p>Vaticin\u00f3 que el presidente Luis Abinader y el PRM, ganar\u00e1n las elecciones presidenciales en primera vuelta en el 2024, con un porcentaje mayor que el obtenido en el 2020.<\/p>\n\n\n\n<figure class=\"wp-block-image size-full is-resized\"><img decoding=\"async\" src=\"https:\/\/lasprimeras.com.do\/wp-content\/uploads\/2023\/09\/Roberto-Angel-Salcedo-2-3.jpg\" alt=\"\" class=\"wp-image-60646\" style=\"width:840px;height:415px\" width=\"840\" height=\"415\"\/><\/figure>\n\n\n\n<p>Alianza opositora<\/p>\n\n\n\n<p>Acerca de la alianza opositora (PLD\/PRD\/FP), indic\u00f3 que esta alianza supuestamente para rescatar la Rep\u00fablica Dominicana, no es m\u00e1s que un rescate entre ellos, \u201cporque se sienten ahogados, porque el pueblo quiere que Luis Abinader y el PRM contin\u00faen dirigiendo los destin\u00f3 del pa\u00eds por 4 a\u00f1os m\u00e1s\u201d.<\/p>\n\n\n\n<p>Juramentados<\/p>\n\n\n\n<p>Adem\u00e1s del regidor y presidente de la Sala Capitular de Guayub\u00edn, Jos\u00e9 L\u00f3pez, fueron incorporados Jormodio Nu\u00f1ez, Alexis Arturo Aquino Mora, Eduardo Nu\u00f1ez Morel, Alexis Arturo Aquino Mora, Eduardo de Jes\u00fas Morel Mora, Delgi de Jes\u00fas Novo Pe\u00f1a, Miguel Medrano Perdomo, Glendys Mar\u00eda Cruz Disla, Jos\u00e9 Miguel \u00c1lvarez Valerio, Lissenna Vanessa Mendez Grullon y Anny Josefina Reyes Chaves, entre otros importantes dirigentes.<\/p>\n\n\n\n<p>Dirigencia pol\u00edtica de la provincia<\/p>\n\n\n\n<p>Durante el acto de juramentaci\u00f3n estuvieron presentes los altos dirigentes perremeistas Samuel Toribio, alcalde de Guayub\u00edn; Bernardo Alem\u00e1n, precandidato a Senador, adem\u00e1s, cont\u00f3 con la presencia del presidente del Partido C\u00edvico Renovador (PCR) Jorge Radhames Zorrilla Ozuna, y la gobernadora civil provincial Nelsy Milagros Cruz, entre otros destacados dirigentes pol\u00edticos del municipio.<\/p>\n","protected":false},"excerpt":{"rendered":"<p>Vaticina que el presidente Luis Abinader y el PRM, ganar\u00e1n las elecciones presidenciales en primera vuelta en el 2024, con un porcentaje mayor que el obtenido en el 2020. El&hellip;<\/p>\n","protected":false},"author":2,"featured_media":60645,"comment_status":"open","ping_status":"open","sticky":false,"template":"","format":"standard","meta":{"content-type":"","jetpack_post_was_ever_published":false,"_jetpack_newsletter_access":"","_jetpack_dont_email_post_to_subs":false,"_jetpack_newsletter_tier_id":0,"_jetpack_memberships_contains_paywalled_content":false,"_jetpack_memberships_contains_paid_content":false,"footnotes":""},"categories":[25],"tags":[7602,31,646,6999,7060],"class_list":["post-60644","post","type-post","status-publish","format-standard","has-post-thumbnail","hentry","category-portada","tag-guayubin","tag-prm","tag-roberto-angel-salcedo","tag-sala-capitular","tag-unidad-externa"],"jetpack_featured_media_url":"https:\/\/lasprimeras.com.do\/wp-content\/uploads\/2023\/09\/Roberto-Angel-Salcedo-1-2.jpg","jetpack-related-posts":[{"id":59283,"url":"https:\/\/lasprimeras.com.do\/index.php\/2023\/09\/01\/roberto-angel-juramenta-al-presidente-de-la-sala-capitular-de-pedro-brand-abandona-al-prd\/","url_meta":{"origin":60644,"position":0},"title":"Roberto \u00c1ngel juramenta al presidente de la Sala Capitular de Pedro Brand; abandona al PRD","author":"Nelson Feliz","date":"1 de septiembre de 2023","format":false,"excerpt":"Los juramentados se integraron a la Unidad Externa con Luis, plataforma electoral que impulsa la reelecci\u00f3n del presidente Abinader El miembro de la Direcci\u00f3n Ejecutiva del Partido Revolucionario Moderno (PRM), Roberto \u00c1ngel Salcedo, jurament\u00f3 este viernes al regidor y presidente de la Sala Capitular del Ayuntamiento de este municipio, Ram\u00f3n\u2026","rel":"","context":"En \u00abPORTADA\u00bb","block_context":{"text":"PORTADA","link":"https:\/\/lasprimeras.com.do\/index.php\/category\/portada\/"},"img":{"alt_text":"Roberto \u00c1ngel Salcedo","src":"https:\/\/i0.wp.com\/lasprimeras.com.do\/wp-content\/uploads\/2023\/09\/Roberto-Angel-Salcedo-5.jpg?resize=350%2C200&ssl=1","width":350,"height":200,"srcset":"https:\/\/i0.wp.com\/lasprimeras.com.do\/wp-content\/uploads\/2023\/09\/Roberto-Angel-Salcedo-5.jpg?resize=350%2C200&ssl=1 1x, https:\/\/i0.wp.com\/lasprimeras.com.do\/wp-content\/uploads\/2023\/09\/Roberto-Angel-Salcedo-5.jpg?resize=525%2C300&ssl=1 1.5x, https:\/\/i0.wp.com\/lasprimeras.com.do\/wp-content\/uploads\/2023\/09\/Roberto-Angel-Salcedo-5.jpg?resize=700%2C400&ssl=1 2x"},"classes":[]},{"id":60496,"url":"https:\/\/lasprimeras.com.do\/index.php\/2023\/09\/14\/roberto-angel-integra-a-la-unidad-externa-regidor-del-pld-y-mas-de-40-presidentes-comite-de-base\/","url_meta":{"origin":60644,"position":1},"title":"Roberto \u00c1ngel integra a la Unidad Externa, regidor del PLD y m\u00e1s de 40 presidentes comit\u00e9 de base","author":"Nelson Feliz","date":"14 de septiembre de 2023","format":false,"excerpt":"Hasta la fecha, m\u00e1s de 150 exdirigentes de la oposici\u00f3n, importantes figuras, excongresistas, exalcaldes y regidores se han integrado a la plataforma pol\u00edtica electoral en apoyo a la reelecci\u00f3n del presidente Abinader El miembro de la Direcci\u00f3n Ejecutiva del Partido Revolucionario Moderno (PRM), Roberto \u00c1ngel Salcedo, integr\u00f3 a la Unidad\u2026","rel":"","context":"En \u00abPORTADA\u00bb","block_context":{"text":"PORTADA","link":"https:\/\/lasprimeras.com.do\/index.php\/category\/portada\/"},"img":{"alt_text":"Roberto \u00c1ngel Salcedo","src":"https:\/\/i0.wp.com\/lasprimeras.com.do\/wp-content\/uploads\/2023\/09\/Roberto-Angel-Salcedo-3-1.jpg?resize=350%2C200&ssl=1","width":350,"height":200,"srcset":"https:\/\/i0.wp.com\/lasprimeras.com.do\/wp-content\/uploads\/2023\/09\/Roberto-Angel-Salcedo-3-1.jpg?resize=350%2C200&ssl=1 1x, https:\/\/i0.wp.com\/lasprimeras.com.do\/wp-content\/uploads\/2023\/09\/Roberto-Angel-Salcedo-3-1.jpg?resize=525%2C300&ssl=1 1.5x, https:\/\/i0.wp.com\/lasprimeras.com.do\/wp-content\/uploads\/2023\/09\/Roberto-Angel-Salcedo-3-1.jpg?resize=700%2C400&ssl=1 2x"},"classes":[]},{"id":61190,"url":"https:\/\/lasprimeras.com.do\/index.php\/2023\/09\/22\/roberto-angel-juramenta-exgobernadora-del-pld-en-dajabon-en-la-unidad-externa\/","url_meta":{"origin":60644,"position":2},"title":"Roberto \u00c1ngel juramenta exgobernadora del PLD en Dajab\u00f3n en la Unidad Externa","author":"Nelson Feliz","date":"22 de septiembre de 2023","format":false,"excerpt":"Esther Ram\u00edrez ingres\u00f3 a esta plataforma electoral externa del PRM junto a su equipo pol\u00edtico y decenas de expeledeistas. El miembro de la Direcci\u00f3n Ejecutiva del Partido Revolucionario Moderno (PRM), Roberto \u00c1ngel Salcedo, jurament\u00f3 en la Unidad Externa con Luis a la exgobernadora del PLD en la provincia Dajab\u00f3n, Esther\u2026","rel":"","context":"En \u00abSin categor\u00eda\u00bb","block_context":{"text":"Sin categor\u00eda","link":"https:\/\/lasprimeras.com.do\/index.php\/category\/sin-categoria\/"},"img":{"alt_text":"Roberto Angel Salcedo","src":"https:\/\/i0.wp.com\/lasprimeras.com.do\/wp-content\/uploads\/2023\/09\/Roberto-Angel.jpg?resize=350%2C200&ssl=1","width":350,"height":200,"srcset":"https:\/\/i0.wp.com\/lasprimeras.com.do\/wp-content\/uploads\/2023\/09\/Roberto-Angel.jpg?resize=350%2C200&ssl=1 1x, https:\/\/i0.wp.com\/lasprimeras.com.do\/wp-content\/uploads\/2023\/09\/Roberto-Angel.jpg?resize=525%2C300&ssl=1 1.5x, https:\/\/i0.wp.com\/lasprimeras.com.do\/wp-content\/uploads\/2023\/09\/Roberto-Angel.jpg?resize=700%2C400&ssl=1 2x"},"classes":[]},{"id":59418,"url":"https:\/\/lasprimeras.com.do\/index.php\/2023\/09\/03\/roberto-angel-juramenta-en-la-unidad-externa-a-83-dirigentes-del-pld-en-salcedo\/","url_meta":{"origin":60644,"position":3},"title":"Roberto \u00c1ngel juramenta en la Unidad Externa a 83 dirigentes del PLD en Salcedo","author":"Nelson Feliz","date":"3 de septiembre de 2023","format":false,"excerpt":"Entre los juramentados est\u00e1 el fil\u00e1ntropo y odont\u00f3logo de Hermanas Mirabal Kibert Dario Veras Henr\u00edquez El miembro de la Direcci\u00f3n Ejecutiva del Partido Revolucionario Moderno (PRM), Roberto \u00c1ngel Salcedo, jurament\u00f3 en la Unidad Externa con Luis a 83 dirigentes del Partido de la Liberaci\u00f3n Dominicana (PLD) y de otras organizaciones\u2026","rel":"","context":"En \u00abPORTADA\u00bb","block_context":{"text":"PORTADA","link":"https:\/\/lasprimeras.com.do\/index.php\/category\/portada\/"},"img":{"alt_text":"Roberto \u00c1ngel Salcedo","src":"https:\/\/i0.wp.com\/lasprimeras.com.do\/wp-content\/uploads\/2023\/09\/Roberto-Angel-Salcedo.jpg?resize=350%2C200&ssl=1","width":350,"height":200,"srcset":"https:\/\/i0.wp.com\/lasprimeras.com.do\/wp-content\/uploads\/2023\/09\/Roberto-Angel-Salcedo.jpg?resize=350%2C200&ssl=1 1x, https:\/\/i0.wp.com\/lasprimeras.com.do\/wp-content\/uploads\/2023\/09\/Roberto-Angel-Salcedo.jpg?resize=525%2C300&ssl=1 1.5x, https:\/\/i0.wp.com\/lasprimeras.com.do\/wp-content\/uploads\/2023\/09\/Roberto-Angel-Salcedo.jpg?resize=700%2C400&ssl=1 2x"},"classes":[]},{"id":62810,"url":"https:\/\/lasprimeras.com.do\/index.php\/2023\/10\/08\/roberto-angel-juramenta-en-la-unidad-externa-miembro-del-cc-del-pld-en-san-luis\/","url_meta":{"origin":60644,"position":4},"title":"Roberto \u00c1ngel juramenta en la \u201cUnidad Externa\u201d miembro del CC del PLD en San Luis","author":"Nelson Feliz","date":"8 de octubre de 2023","format":false,"excerpt":"La renuncia de Onasis C\u00e9spedes, dos aspirantes a regidores y otras personalidades importantes, ocurre en momentos que el PLD realiza elecciones internas para escoger candidatos a cargos municipales. El miembro de la direcci\u00f3n Ejecutiva del Partido Revolucionario Moderno (PRM), Roberto \u00c1ngel Salcedo, \u00a0jurament\u00f3 en la \u201cUnidad Externa con Luis\u201d, a\u2026","rel":"","context":"En \u00abPORTADA\u00bb","block_context":{"text":"PORTADA","link":"https:\/\/lasprimeras.com.do\/index.php\/category\/portada\/"},"img":{"alt_text":"Roberto \u00c1ngel Salcedo","src":"https:\/\/i0.wp.com\/lasprimeras.com.do\/wp-content\/uploads\/2023\/10\/Roberto-Angel-Salcedo-1.jpg?resize=350%2C200&ssl=1","width":350,"height":200,"srcset":"https:\/\/i0.wp.com\/lasprimeras.com.do\/wp-content\/uploads\/2023\/10\/Roberto-Angel-Salcedo-1.jpg?resize=350%2C200&ssl=1 1x, https:\/\/i0.wp.com\/lasprimeras.com.do\/wp-content\/uploads\/2023\/10\/Roberto-Angel-Salcedo-1.jpg?resize=525%2C300&ssl=1 1.5x, https:\/\/i0.wp.com\/lasprimeras.com.do\/wp-content\/uploads\/2023\/10\/Roberto-Angel-Salcedo-1.jpg?resize=700%2C400&ssl=1 2x"},"classes":[]},{"id":61235,"url":"https:\/\/lasprimeras.com.do\/index.php\/2023\/09\/24\/roberto-angel-juramenta-a-regidor-de-palo-alto-y-decenas-de-dirigentes-del-pld-en-barahona\/","url_meta":{"origin":60644,"position":5},"title":"Roberto \u00c1ngel juramenta a regidor de Palo Alto y decenas de dirigentes del PLD en Barahona","author":"Nelson Feliz","date":"24 de septiembre de 2023","format":false,"excerpt":"Por Martin Restituyo El miembro de la Direcci\u00f3n Ejecutiva del Partido Revolucionario Moderno (PRM) Roberto \u00c1ngel Salcedo, jurament\u00f3 en la Unidad Externa con Luis al regidor Luis Osvaldo D\u00edaz (Ney), dirigente peledeista y vicepresidente del Consejo de Regidores de Palo Alto, en Barahona, y a un grupo de militantes que\u2026","rel":"","context":"En \u00abPORTADA\u00bb","block_context":{"text":"PORTADA","link":"https:\/\/lasprimeras.com.do\/index.php\/category\/portada\/"},"img":{"alt_text":"Roberto \u00c1ngel Salcedo","src":"https:\/\/i0.wp.com\/lasprimeras.com.do\/wp-content\/uploads\/2023\/09\/Roberto-Angel-Salcedo-9.jpg?resize=350%2C200&ssl=1","width":350,"height":200,"srcset":"https:\/\/i0.wp.com\/lasprimeras.com.do\/wp-content\/uploads\/2023\/09\/Roberto-Angel-Salcedo-9.jpg?resize=350%2C200&ssl=1 1x, https:\/\/i0.wp.com\/lasprimeras.com.do\/wp-content\/uploads\/2023\/09\/Roberto-Angel-Salcedo-9.jpg?resize=525%2C300&ssl=1 1.5x, https:\/\/i0.wp.com\/lasprimeras.com.do\/wp-content\/uploads\/2023\/09\/Roberto-Angel-Salcedo-9.jpg?resize=700%2C400&ssl=1 2x"},"classes":[]}],"jetpack_sharing_enabled":true,"_links":{"self":[{"href":"https:\/\/lasprimeras.com.do\/index.php\/wp-json\/wp\/v2\/posts\/60644","targetHints":{"allow":["GET"]}}],"collection":[{"href":"https:\/\/lasprimeras.com.do\/index.php\/wp-json\/wp\/v2\/posts"}],"about":[{"href":"https:\/\/lasprimeras.com.do\/index.php\/wp-json\/wp\/v2\/types\/post"}],"author":[{"embeddable":true,"href":"https:\/\/lasprimeras.com.do\/index.php\/wp-json\/wp\/v2\/users\/2"}],"replies":[{"embeddable":true,"href":"https:\/\/lasprimeras.com.do\/index.php\/wp-json\/wp\/v2\/comments?post=60644"}],"version-history":[{"count":1,"href":"https:\/\/lasprimeras.com.do\/index.php\/wp-json\/wp\/v2\/posts\/60644\/revisions"}],"predecessor-version":[{"id":60647,"href":"https:\/\/lasprimeras.com.do\/index.php\/wp-json\/wp\/v2\/posts\/60644\/revisions\/60647"}],"wp:featuredmedia":[{"embeddable":true,"href":"https:\/\/lasprimeras.com.do\/index.php\/wp-json\/wp\/v2\/media\/60645"}],"wp:attachment":[{"href":"https:\/\/lasprimeras.com.do\/index.php\/wp-json\/wp\/v2\/media?parent=60644"}],"wp:term":[{"taxonomy":"category","embeddable":true,"href":"https:\/\/lasprimeras.com.do\/index.php\/wp-json\/wp\/v2\/categories?post=60644"},{"taxonomy":"post_tag","embeddable":true,"href":"https:\/\/lasprimeras.com.do\/index.php\/wp-json\/wp\/v2\/tags?post=60644"}],"curies":[{"name":"wp","href":"https:\/\/api.w.org\/{rel}","templated":true}]}}