{"id":60657,"date":"2023-09-17T18:07:05","date_gmt":"2023-09-17T22:07:05","guid":{"rendered":"https:\/\/lasprimeras.com.do\/?p=60657"},"modified":"2023-09-17T18:07:07","modified_gmt":"2023-09-17T22:07:07","slug":"alcalde-manuel-jimenez-y-fuerza-aerea-inauguran-composicion-monumental-dedicada-a-fernandez-dominguez","status":"publish","type":"post","link":"https:\/\/lasprimeras.com.do\/index.php\/2023\/09\/17\/alcalde-manuel-jimenez-y-fuerza-aerea-inauguran-composicion-monumental-dedicada-a-fernandez-dominguez\/","title":{"rendered":"Alcalde Manuel Jim\u00e9nez y Fuerza A\u00e9rea inauguran composici\u00f3n monumental dedicada a Fern\u00e1ndez Dom\u00ednguez"},"content":{"rendered":"\n<p><strong>El Ayuntamiento y la FARD develizaron dos estatuas y un tanque de guerra en el nuevo paseo de la historia de Santo Domingo Este.<\/strong><\/p>\n\n\n\n<p>Por Martin Restituyo<\/p>\n\n\n\n<p>El alcalde Manuel Jim\u00e9nez y representantes del alto mando de las Fuerzas Armadas de Rep\u00fablica Dominicana develizaron este domingo una composici\u00f3n monumental dedicada al coronel Rafael Tom\u00e1s Fern\u00e1ndez Dom\u00ednguez, en el Paseo de la Historia que el Ayuntamiento de Santo Domingo Este construye en la avenida dedicada al h\u00e9roe nacional.<\/p>\n\n\n\n<p>En un acto solemne celebrado en v\u00edspera del natalicio de Fern\u00e1ndez Dom\u00ednguez, el alcalde Manuel Jim\u00e9nez y el comandante general de la Fuerza A\u00e9rea, mayor general Carlos Ram\u00f3n Febrillet Rodr\u00edguez, encabezaron el develizamiento de una estatua monumental dedicada a la figura del coronel hist\u00f3rico; un tanque de guerra similar al utilizado en la operaci\u00f3n militar para reponer a los integrantes del Consejo de Estado en 1962; y la estatua de un ni\u00f1o siguiendo el ejemplo del denominado \u201cSoldado Democr\u00e1tico\u201d.<\/p>\n\n\n\n<figure class=\"wp-block-image size-full is-resized\"><img decoding=\"async\" src=\"https:\/\/lasprimeras.com.do\/wp-content\/uploads\/2023\/09\/MANUEL-JIMENEZ-1-1.jpg\" alt=\"\" class=\"wp-image-60659\" style=\"width:840px;height:466px\" width=\"840\" height=\"466\"\/><\/figure>\n\n\n\n<p>La composici\u00f3n museol\u00f3gica se encuentra en el punto de inicio de la avenida que desde el 2010 lleva el nombre del l\u00edder del movimiento de militares constitucionalistas, y es el resultado de una colaboraci\u00f3n institucional coordinada por la vicealcaldesa \u00c1ngela Henr\u00edquez y el subcomandante de la FARD,&nbsp; general de brigada Mauricio Ludovino Fern\u00e1ndez.<\/p>\n\n\n\n<p>\u201cEstamos colocando a la vista de todos nuestros mun\u00edcipes los mejores ejemplos de la historia nacional, como el coronel Fern\u00e1ndez Dom\u00ednguez. La ciudad que estamos construyendo es una ciudad con identidad, con memoria, y vinculada a los mejores valores de la Patria. Vengan con su familia a este hermoso y simb\u00f3lico lugar\u201d, dijo el alcalde Manuel Jim\u00e9nez ante un p\u00fablico conformado por la alta oficialidad de la Fuerza A\u00e9rea, representantes del Ministerio de Defensa, l\u00edderes comunitarios, regidores, funcionarios locales y vecinos de los sectores cercanos al Paseo de la Historia.<\/p>\n\n\n\n<figure class=\"wp-block-image size-full is-resized\"><img decoding=\"async\" src=\"https:\/\/lasprimeras.com.do\/wp-content\/uploads\/2023\/09\/MANUEL-JIMENEZ-2-2.jpg\" alt=\"\" class=\"wp-image-60660\" style=\"width:840px;height:466px\" width=\"840\" height=\"466\"\/><\/figure>\n\n\n\n<p>El evento cont\u00f3 con el apoyo y la participaci\u00f3n del presidente de la&nbsp; Comisi\u00f3n Permanente de Efem\u00e9rides Patrias, Juan Pablo Uribe y&nbsp; el dirigente pol\u00edtico y comandante de la Revoluci\u00f3n de Abril de 1965, Rafael Fafa Taveras.<\/p>\n\n\n\n<p>Por las Fuerzas Armadas asistieron el mayor general piloto Leonel Mu\u00f1oz Noboa,&nbsp; viceministro para Asuntos A\u00e9reos y Espaciales del Ministerio de Defensa; el vicealmirante Agust\u00edn Morillo Rodr\u00edguez, comandante general de la Armada;&nbsp; el general Eddy P\u00e9rez Peralta, en representaci\u00f3n del Director de la Polic\u00eda Nacional, entre otros.<\/p>\n\n\n\n<p>El Paseo de la Historia de Santo Domingo Este se ubica en la isleta central del punto de inicio de la avenida Rafael Tom\u00e1s Fern\u00e1ndez Dom\u00ednguez, donde esta v\u00eda confluye con la avenida Ecol\u00f3gica Profesor Juan Bosch y el inicio la 25 de Febrero. Hasta ahora acoge monumentos y obras dedicados a Jos\u00e9 Francisco Pe\u00f1a G\u00f3mez, Omar Torrijos, Juan Bosch y Fern\u00e1ndez Dom\u00ednguez. En las pr\u00f3ximas semanas se realizar\u00e1n otras inauguraciones de igual magnitud.<\/p>\n","protected":false},"excerpt":{"rendered":"<p>El Ayuntamiento y la FARD develizaron dos estatuas y un tanque de guerra en el nuevo paseo de la historia de Santo Domingo Este. Por Martin Restituyo El alcalde Manuel&hellip;<\/p>\n","protected":false},"author":2,"featured_media":60658,"comment_status":"open","ping_status":"open","sticky":false,"template":"","format":"standard","meta":{"content-type":"","jetpack_post_was_ever_published":false,"_jetpack_newsletter_access":"","_jetpack_dont_email_post_to_subs":false,"_jetpack_newsletter_tier_id":0,"_jetpack_memberships_contains_paywalled_content":false,"_jetpack_memberships_contains_paid_content":false,"footnotes":""},"categories":[35,25],"tags":[161,7605,2332,196,5560,7414],"class_list":["post-60657","post","type-post","status-publish","format-standard","has-post-thumbnail","hentry","category-nacionales","category-portada","tag-alcalde","tag-composicion","tag-fuerza-aerea","tag-manuel-jimenez","tag-monumental","tag-rafael-tomas-fernandez-dominguez"],"jetpack_featured_media_url":"https:\/\/lasprimeras.com.do\/wp-content\/uploads\/2023\/09\/MANUEL-JIMENEZ-4.jpg","jetpack-related-posts":[{"id":68737,"url":"https:\/\/lasprimeras.com.do\/index.php\/2023\/11\/27\/asde-inaugura-estatua-monumental-dedicada-a-manolo-tavarez-justo\/","url_meta":{"origin":60657,"position":0},"title":"ASDE inaugura estatua monumental dedicada a Manolo Tav\u00e1rez Justo","author":"Nelson Feliz","date":"27 de noviembre de 2023","format":false,"excerpt":"EL ALCALDE MANUEL JIM\u00c9NEZ Y FAMILIARES DE MANOLO DEVELIZARON LA OBRA EN EL PASEO DE LA HISTORIA CREADO POR LA ACTUAL GESTI\u00d3N MUNICIPAL. El alcalde de Santo Domingo Este, Manuel Jim\u00e9nez, familiares y ex integrantes del Movimiento 14 de Junio develizaron una estatua monumental dedicada a Manuel Aurelio Tav\u00e1rez Justo\u2026","rel":"","context":"En \u00abNACIONALES\u00bb","block_context":{"text":"NACIONALES","link":"https:\/\/lasprimeras.com.do\/index.php\/category\/nacionales\/"},"img":{"alt_text":"Manolo Tav\u00e1rez Justo","src":"https:\/\/i0.wp.com\/lasprimeras.com.do\/wp-content\/uploads\/2023\/11\/Manolo-Tavarez-Justo.jpg?resize=350%2C200&ssl=1","width":350,"height":200,"srcset":"https:\/\/i0.wp.com\/lasprimeras.com.do\/wp-content\/uploads\/2023\/11\/Manolo-Tavarez-Justo.jpg?resize=350%2C200&ssl=1 1x, https:\/\/i0.wp.com\/lasprimeras.com.do\/wp-content\/uploads\/2023\/11\/Manolo-Tavarez-Justo.jpg?resize=525%2C300&ssl=1 1.5x, https:\/\/i0.wp.com\/lasprimeras.com.do\/wp-content\/uploads\/2023\/11\/Manolo-Tavarez-Justo.jpg?resize=700%2C400&ssl=1 2x"},"classes":[]},{"id":53680,"url":"https:\/\/lasprimeras.com.do\/index.php\/2023\/06\/30\/alcalde-manuel-jimenez-develiza-busto-y-plazoleta-dedicados-a-juan-bosch-en-sde\/","url_meta":{"origin":60657,"position":1},"title":"Alcalde Manuel Jim\u00e9nez develiza busto y plazoleta dedicados a Juan Bosch en SDE","author":"Nelson Feliz","date":"30 de junio de 2023","format":false,"excerpt":"Por Martin Restituyo El alcalde Manuel Jim\u00e9nez develiz\u00f3 este viernes un busto monumental dedicado por el Ayuntamiento de Santo Domingo Este al profesor Juan Bosch, en el marco de un acto conmemorativo del 114 aniversario del natalicio del insigne literato y l\u00edder pol\u00edtico dominicano. Acompa\u00f1ado de importantes figuras de la\u2026","rel":"","context":"En \u00abNACIONALES\u00bb","block_context":{"text":"NACIONALES","link":"https:\/\/lasprimeras.com.do\/index.php\/category\/nacionales\/"},"img":{"alt_text":"El busto y la plazoleta se integran al Paseo de la Historia que la gesti\u00f3n del alcalde Manuel Jim\u00e9nez est\u00e1 construyendo en las inmediaciones de las avenidas Coronel Rafael Fern\u00e1ndez Dom\u00ednguez y Profesor Juan Bosch","src":"https:\/\/i0.wp.com\/lasprimeras.com.do\/wp-content\/uploads\/2023\/06\/Manuel-Jimenez.jpg?resize=350%2C200&ssl=1","width":350,"height":200,"srcset":"https:\/\/i0.wp.com\/lasprimeras.com.do\/wp-content\/uploads\/2023\/06\/Manuel-Jimenez.jpg?resize=350%2C200&ssl=1 1x, https:\/\/i0.wp.com\/lasprimeras.com.do\/wp-content\/uploads\/2023\/06\/Manuel-Jimenez.jpg?resize=525%2C300&ssl=1 1.5x, https:\/\/i0.wp.com\/lasprimeras.com.do\/wp-content\/uploads\/2023\/06\/Manuel-Jimenez.jpg?resize=700%2C400&ssl=1 2x"},"classes":[]},{"id":56261,"url":"https:\/\/lasprimeras.com.do\/index.php\/2023\/07\/30\/asde-dedica-estatua-monumental-a-omar-torrijos-en-paseo-de-la-historia\/","url_meta":{"origin":60657,"position":2},"title":"ASDE dedica estatua monumental a Omar Torrijos en Paseo de la Historia","author":"Nelson Feliz","date":"30 de julio de 2023","format":false,"excerpt":"Por Martin Restituyo El alcalde Manuel Jim\u00e9nez y representantes del Gobierno de la Rep\u00fablica de Panam\u00e1, develizaron este domingo una estatua dedicada al general Omar Torrijos en el Paseo de la Historia de Santo Domingo Este, al lado de la efigie dedicada a Jos\u00e9 Francisco Pe\u00f1a G\u00f3mez. El acto solemne\u2026","rel":"","context":"En \u00abNACIONALES\u00bb","block_context":{"text":"NACIONALES","link":"https:\/\/lasprimeras.com.do\/index.php\/category\/nacionales\/"},"img":{"alt_text":"Manuel Jimenez","src":"https:\/\/i0.wp.com\/lasprimeras.com.do\/wp-content\/uploads\/2023\/07\/Manuel-Jimenez-8.jpg?resize=350%2C200&ssl=1","width":350,"height":200,"srcset":"https:\/\/i0.wp.com\/lasprimeras.com.do\/wp-content\/uploads\/2023\/07\/Manuel-Jimenez-8.jpg?resize=350%2C200&ssl=1 1x, https:\/\/i0.wp.com\/lasprimeras.com.do\/wp-content\/uploads\/2023\/07\/Manuel-Jimenez-8.jpg?resize=525%2C300&ssl=1 1.5x, https:\/\/i0.wp.com\/lasprimeras.com.do\/wp-content\/uploads\/2023\/07\/Manuel-Jimenez-8.jpg?resize=700%2C400&ssl=1 2x"},"classes":[]},{"id":69261,"url":"https:\/\/lasprimeras.com.do\/index.php\/2023\/11\/30\/efemerides-patrias-reconoce-al-alcalde-manuel-jimenez-por-promover-la-historia-y-el-patriotismo\/","url_meta":{"origin":60657,"position":3},"title":"Efem\u00e9rides Patrias reconoce al alcalde Manuel Jim\u00e9nez por promover la historia y el patriotismo","author":"Nelson Feliz","date":"30 de noviembre de 2023","format":false,"excerpt":"JUAN PABLO URIBE ASEGUR\u00d3 AYUNTAMIENTO SANTO DOMINGO ESTE EST\u00c1 CREANDO IDENTIDAD DUARTIANA Y TRINITARIA El presidente de la Comisi\u00f3n Permanente de Efem\u00e9rides Patrias, Juan Pablo Uribe, entreg\u00f3 al alcalde Manuel Jim\u00e9nez la medalla Enriquillo, en reconocimiento de sus grandes aportes la construcci\u00f3n de una identidad y marca ciudad que vincula\u2026","rel":"","context":"En \u00abNACIONALES\u00bb","block_context":{"text":"NACIONALES","link":"https:\/\/lasprimeras.com.do\/index.php\/category\/nacionales\/"},"img":{"alt_text":"Manuel Jimenez","src":"https:\/\/i0.wp.com\/lasprimeras.com.do\/wp-content\/uploads\/2023\/11\/Manuel-Jimenez-2.jpg?resize=350%2C200&ssl=1","width":350,"height":200,"srcset":"https:\/\/i0.wp.com\/lasprimeras.com.do\/wp-content\/uploads\/2023\/11\/Manuel-Jimenez-2.jpg?resize=350%2C200&ssl=1 1x, https:\/\/i0.wp.com\/lasprimeras.com.do\/wp-content\/uploads\/2023\/11\/Manuel-Jimenez-2.jpg?resize=525%2C300&ssl=1 1.5x, https:\/\/i0.wp.com\/lasprimeras.com.do\/wp-content\/uploads\/2023\/11\/Manuel-Jimenez-2.jpg?resize=700%2C400&ssl=1 2x"},"classes":[]},{"id":60195,"url":"https:\/\/lasprimeras.com.do\/index.php\/2023\/09\/11\/alcalde-sde-anuncia-desvelizamiento-estatua-y-tanque-de-guerra-del-coronel-fernandez-dominguez\/","url_meta":{"origin":60657,"position":4},"title":"Alcalde SDE anuncia desvelizamiento estatua y tanque de guerra del coronel Fern\u00e1ndez Dom\u00ednguez","author":"Nelson Feliz","date":"11 de septiembre de 2023","format":false,"excerpt":"Por Martin Restituyo El alcalde de Santo Domingo Este, Manuel Jim\u00e9nez, anunci\u00f3 este lunes el desvelizamiento de una composici\u00f3n escult\u00f3rica del coronel Rafael Tom\u00e1s Fern\u00e1ndez Dom\u00ednguez y un tanque militar de guerra utilizado en la Revoluci\u00f3n de Abril del 1965, en un acto donde se conmemorar\u00e1 el 89 aniversario de\u2026","rel":"","context":"En \u00abHISTORIA\u00bb","block_context":{"text":"HISTORIA","link":"https:\/\/lasprimeras.com.do\/index.php\/category\/historia\/"},"img":{"alt_text":"Manuel Jimenez","src":"https:\/\/i0.wp.com\/lasprimeras.com.do\/wp-content\/uploads\/2023\/09\/Manuel-Jimenez-1.jpg?resize=350%2C200&ssl=1","width":350,"height":200,"srcset":"https:\/\/i0.wp.com\/lasprimeras.com.do\/wp-content\/uploads\/2023\/09\/Manuel-Jimenez-1.jpg?resize=350%2C200&ssl=1 1x, https:\/\/i0.wp.com\/lasprimeras.com.do\/wp-content\/uploads\/2023\/09\/Manuel-Jimenez-1.jpg?resize=525%2C300&ssl=1 1.5x, https:\/\/i0.wp.com\/lasprimeras.com.do\/wp-content\/uploads\/2023\/09\/Manuel-Jimenez-1.jpg?resize=700%2C400&ssl=1 2x"},"classes":[]},{"id":57841,"url":"https:\/\/lasprimeras.com.do\/index.php\/2023\/08\/16\/manuel-jimenez-anuncia-inauguracion-de-monumentos-dedicados-historia-nacional-y-universal\/","url_meta":{"origin":60657,"position":5},"title":"Manuel Jim\u00e9nez anuncia inauguraci\u00f3n de monumentos dedicados historia nacional y universal","author":"Nelson Feliz","date":"16 de agosto de 2023","format":false,"excerpt":"El Alcalde de Santo Domingo hizo el anuncio durante el acto conmemorativo de la Restauraci\u00f3n de la Rep\u00fablica. Por Martin Restituyo En el marco de un acto conmemorativo de la Restauraci\u00f3n de la Rep\u00fablica, el alcalde Manuel Jim\u00e9nez anunci\u00f3 que antes de diciembre el Ayuntamiento de Santo Domingo Este inaugurar\u00e1\u2026","rel":"","context":"En \u00abNACIONALES\u00bb","block_context":{"text":"NACIONALES","link":"https:\/\/lasprimeras.com.do\/index.php\/category\/nacionales\/"},"img":{"alt_text":"Manuel Jimenez","src":"https:\/\/i0.wp.com\/lasprimeras.com.do\/wp-content\/uploads\/2023\/08\/Manuel-Jimenez-3.jpg?resize=350%2C200&ssl=1","width":350,"height":200,"srcset":"https:\/\/i0.wp.com\/lasprimeras.com.do\/wp-content\/uploads\/2023\/08\/Manuel-Jimenez-3.jpg?resize=350%2C200&ssl=1 1x, https:\/\/i0.wp.com\/lasprimeras.com.do\/wp-content\/uploads\/2023\/08\/Manuel-Jimenez-3.jpg?resize=525%2C300&ssl=1 1.5x, https:\/\/i0.wp.com\/lasprimeras.com.do\/wp-content\/uploads\/2023\/08\/Manuel-Jimenez-3.jpg?resize=700%2C400&ssl=1 2x"},"classes":[]}],"jetpack_sharing_enabled":true,"_links":{"self":[{"href":"https:\/\/lasprimeras.com.do\/index.php\/wp-json\/wp\/v2\/posts\/60657","targetHints":{"allow":["GET"]}}],"collection":[{"href":"https:\/\/lasprimeras.com.do\/index.php\/wp-json\/wp\/v2\/posts"}],"about":[{"href":"https:\/\/lasprimeras.com.do\/index.php\/wp-json\/wp\/v2\/types\/post"}],"author":[{"embeddable":true,"href":"https:\/\/lasprimeras.com.do\/index.php\/wp-json\/wp\/v2\/users\/2"}],"replies":[{"embeddable":true,"href":"https:\/\/lasprimeras.com.do\/index.php\/wp-json\/wp\/v2\/comments?post=60657"}],"version-history":[{"count":1,"href":"https:\/\/lasprimeras.com.do\/index.php\/wp-json\/wp\/v2\/posts\/60657\/revisions"}],"predecessor-version":[{"id":60661,"href":"https:\/\/lasprimeras.com.do\/index.php\/wp-json\/wp\/v2\/posts\/60657\/revisions\/60661"}],"wp:featuredmedia":[{"embeddable":true,"href":"https:\/\/lasprimeras.com.do\/index.php\/wp-json\/wp\/v2\/media\/60658"}],"wp:attachment":[{"href":"https:\/\/lasprimeras.com.do\/index.php\/wp-json\/wp\/v2\/media?parent=60657"}],"wp:term":[{"taxonomy":"category","embeddable":true,"href":"https:\/\/lasprimeras.com.do\/index.php\/wp-json\/wp\/v2\/categories?post=60657"},{"taxonomy":"post_tag","embeddable":true,"href":"https:\/\/lasprimeras.com.do\/index.php\/wp-json\/wp\/v2\/tags?post=60657"}],"curies":[{"name":"wp","href":"https:\/\/api.w.org\/{rel}","templated":true}]}}