{"id":60705,"date":"2023-09-17T22:27:45","date_gmt":"2023-09-18T02:27:45","guid":{"rendered":"https:\/\/lasprimeras.com.do\/?p=60705"},"modified":"2023-09-17T22:27:47","modified_gmt":"2023-09-18T02:27:47","slug":"ministro-de-turismo-inaugura-sendero-peatonal-en-cabrera","status":"publish","type":"post","link":"https:\/\/lasprimeras.com.do\/index.php\/2023\/09\/17\/ministro-de-turismo-inaugura-sendero-peatonal-en-cabrera\/","title":{"rendered":"Ministro de Turismo inaugura sendero peatonal en Cabrera"},"content":{"rendered":"\n<p><strong>David Collado dice cada obra que ejecuta el MITUR busca impactar en la comunidad para fortalecer la oferta tur\u00edstica.<\/strong><\/p>\n\n\n\n<p>El ministro de Turismo, David Collado, inaugur\u00f3 el Paseo Peatonal Tur\u00edstico dedicado a la m\u00fasica t\u00edpica en este municipio, un punto de inter\u00e9s y de encuentro en la zona que forma parte del proyecto de remozamiento de espacios p\u00fablicos y de impulso a ese destino.<\/p>\n\n\n\n<p>El proyecto, construido por un monto superior a los nueve millones de pesos, consiste en la intervenci\u00f3n de un sendero peatonal de&nbsp;&nbsp; aproximadamente&nbsp;&nbsp; 62 metros&nbsp;&nbsp; lineales y 592 metros cuadrados.<\/p>\n\n\n\n<p>El sendero es la continuaci\u00f3n del nuevo malec\u00f3n de Cabrera, conectando la calle Lorenzo \u00c1lvarez hasta la calle Duarte.<\/p>\n\n\n\n<p>El ministro Collado expres\u00f3 que peque\u00f1as obras como esa marcan la diferencia.<\/p>\n\n\n\n<p>&#8220;Para nosotros lo m\u00e1s importante es c\u00f3mo nuestras intervenciones impactan en las comunidades y elevan la oferta y as\u00ed podemos llevar el turismo a cada rinc\u00f3n&#8221;, manifest\u00f3 Collado.<\/p>\n\n\n\n<p>La obra contempla una plaza de acceso y conexi\u00f3n entre el malec\u00f3n y el sendero, adem\u00e1s, un mirador para albergar a los pescadores de la zona.<\/p>\n\n\n\n<p>La misma consiste en el embellecimiento de espacio p\u00fablico y estuvo dirigida por el Comit\u00e9 Ejecutor de Infraestructura de Zonas Tur\u00edsticas (CEIZTUR), con un monto total de RD$9,450,000.82.<\/p>\n\n\n\n<p>La obra contempla paisajismo, iluminaci\u00f3n, equipamiento y arte urbano sobre el nuevo muro colindante que da privacidad a los residentes de la zona y a su vez un punto focal en el \u00e1rea.<\/p>\n\n\n\n<p>Adem\u00e1s, se realizaron los trabajos de acondicionamiento de las viviendas colindantes con: la pintura exterior y la canalizaci\u00f3n de las aguas residuales de las comunidades aleda\u00f1as, hacia un pozo de absorci\u00f3n de las aguas.<\/p>\n\n\n\n<p>En la intervenci\u00f3n se contempl\u00f3 dentro de un sendero creado por la comunidad de Cabrera frente a la costa, conectando el nuevo malec\u00f3n con la calle Lorenzo \u00c1lvarez, un espacio que no contaba con condiciones adecuadas para la circulaci\u00f3n y uso del \u00e1rea.<\/p>\n\n\n\n<p>El proyecto de construcci\u00f3n incluye: pisos, bancos y tabletas en hormig\u00f3n, esculturas, iluminaci\u00f3n, basureros, paisajismo: Isla verde y palma cana.<\/p>\n","protected":false},"excerpt":{"rendered":"<p>David Collado dice cada obra que ejecuta el MITUR busca impactar en la comunidad para fortalecer la oferta tur\u00edstica. El ministro de Turismo, David Collado, inaugur\u00f3 el Paseo Peatonal Tur\u00edstico&hellip;<\/p>\n","protected":false},"author":2,"featured_media":60706,"comment_status":"open","ping_status":"open","sticky":false,"template":"","format":"standard","meta":{"content-type":"","jetpack_post_was_ever_published":false,"_jetpack_newsletter_access":"","_jetpack_dont_email_post_to_subs":false,"_jetpack_newsletter_tier_id":0,"_jetpack_memberships_contains_paywalled_content":false,"_jetpack_memberships_contains_paid_content":false,"footnotes":""},"categories":[376],"tags":[1498],"class_list":["post-60705","post","type-post","status-publish","format-standard","has-post-thumbnail","hentry","category-turismo","tag-david-collado"],"jetpack_featured_media_url":"https:\/\/lasprimeras.com.do\/wp-content\/uploads\/2023\/09\/David-Collado.jpg","jetpack-related-posts":[{"id":71082,"url":"https:\/\/lasprimeras.com.do\/index.php\/2023\/12\/17\/david-collado-deja-iniciadas-obras-en-los-bajos-de-haina-que-impactaran-en-el-turismo\/","url_meta":{"origin":60705,"position":0},"title":"David Collado deja iniciadas obras en los Bajos de Haina que impactar\u00e1n en el turismo","author":"Nelson Feliz","date":"17 de diciembre de 2023","format":false,"excerpt":"El ministro de Turismo, David Collado, dej\u00f3 iniciadas varias obras que impactar\u00e1n directamente con el desarrollo del turismo en este municipio de la provincia de San Crist\u00f3bal, con una inversi\u00f3n que supera los 208 millones de pesos. Las obras incluyen la reconstrucci\u00f3n del Malec\u00f3n, la intervenci\u00f3n de Playa El Gringo\u2026","rel":"","context":"En \u00abPORTADA\u00bb","block_context":{"text":"PORTADA","link":"https:\/\/lasprimeras.com.do\/index.php\/category\/portada\/"},"img":{"alt_text":"Parque Haina","src":"https:\/\/i0.wp.com\/lasprimeras.com.do\/wp-content\/uploads\/2023\/12\/Parque-Haina.jpg?resize=350%2C200&ssl=1","width":350,"height":200,"srcset":"https:\/\/i0.wp.com\/lasprimeras.com.do\/wp-content\/uploads\/2023\/12\/Parque-Haina.jpg?resize=350%2C200&ssl=1 1x, https:\/\/i0.wp.com\/lasprimeras.com.do\/wp-content\/uploads\/2023\/12\/Parque-Haina.jpg?resize=525%2C300&ssl=1 1.5x, https:\/\/i0.wp.com\/lasprimeras.com.do\/wp-content\/uploads\/2023\/12\/Parque-Haina.jpg?resize=700%2C400&ssl=1 2x"},"classes":[]},{"id":56089,"url":"https:\/\/lasprimeras.com.do\/index.php\/2023\/07\/27\/abinader-y-collado-inauguran-nuevo-malecon-de-santo-domingo-este\/","url_meta":{"origin":60705,"position":1},"title":"Abinader y Collado inauguran nuevo malec\u00f3n de Santo Domingo Este","author":"Nelson Feliz","date":"27 de julio de 2023","format":false,"excerpt":"El presidente Luis Abinader y el ministro Turismo, David Collado, encabezaron el acto de inauguraci\u00f3n de la primera etapa de remozamiento del malec\u00f3n de Santo Domingo, con una inversi\u00f3n de RD$310,569,503, lo que impactar\u00e1 de manera directa en el esparcimiento y recreaci\u00f3n de residentes y turistas de ese municipio. En\u2026","rel":"","context":"En \u00abPORTADA\u00bb","block_context":{"text":"PORTADA","link":"https:\/\/lasprimeras.com.do\/index.php\/category\/portada\/"},"img":{"alt_text":"Malecon SDE","src":"https:\/\/i0.wp.com\/lasprimeras.com.do\/wp-content\/uploads\/2023\/07\/Malecon-SDE.jpg?resize=350%2C200&ssl=1","width":350,"height":200,"srcset":"https:\/\/i0.wp.com\/lasprimeras.com.do\/wp-content\/uploads\/2023\/07\/Malecon-SDE.jpg?resize=350%2C200&ssl=1 1x, https:\/\/i0.wp.com\/lasprimeras.com.do\/wp-content\/uploads\/2023\/07\/Malecon-SDE.jpg?resize=525%2C300&ssl=1 1.5x, https:\/\/i0.wp.com\/lasprimeras.com.do\/wp-content\/uploads\/2023\/07\/Malecon-SDE.jpg?resize=700%2C400&ssl=1 2x"},"classes":[]},{"id":54131,"url":"https:\/\/lasprimeras.com.do\/index.php\/2023\/07\/07\/ministro-de-turismo-inaugura-construccion-parque-central-en-el-pinar-de-ocoa\/","url_meta":{"origin":60705,"position":2},"title":"Ministro de Turismo inaugura construcci\u00f3n Parque Central en el Pinar de Ocoa","author":"Nelson Feliz","date":"7 de julio de 2023","format":false,"excerpt":"Ministro Collado destaca el potencial ecotur\u00edstico de la zona, ba\u00f1ada por la naturaleza. El ministro de Turismo, David Collado, inaugur\u00f3 la construcci\u00f3n del Parque Central de aqu\u00ed con una inversi\u00f3n superior a los RD$10 millones. Collado manifest\u00f3 que la construcci\u00f3n del parque central era un viejo reclamo de los residentes\u2026","rel":"","context":"En \u00abTURISMO\u00bb","block_context":{"text":"TURISMO","link":"https:\/\/lasprimeras.com.do\/index.php\/category\/turismo\/"},"img":{"alt_text":"David Collado","src":"https:\/\/i0.wp.com\/lasprimeras.com.do\/wp-content\/uploads\/2023\/07\/David-Collado-1.jpg?resize=350%2C200&ssl=1","width":350,"height":200,"srcset":"https:\/\/i0.wp.com\/lasprimeras.com.do\/wp-content\/uploads\/2023\/07\/David-Collado-1.jpg?resize=350%2C200&ssl=1 1x, https:\/\/i0.wp.com\/lasprimeras.com.do\/wp-content\/uploads\/2023\/07\/David-Collado-1.jpg?resize=525%2C300&ssl=1 1.5x, https:\/\/i0.wp.com\/lasprimeras.com.do\/wp-content\/uploads\/2023\/07\/David-Collado-1.jpg?resize=700%2C400&ssl=1 2x"},"classes":[]},{"id":115808,"url":"https:\/\/lasprimeras.com.do\/index.php\/2025\/11\/25\/asonahores-reconoce-al-ministro-david-collado-por-su-gestion-y-legado-en-el-turismo-dominicano\/","url_meta":{"origin":60705,"position":3},"title":"Asonahores reconoce al ministro David Collado por su gesti\u00f3n y legado en el turismo dominicano","author":"Nelson Feliz","date":"25 de noviembre de 2025","format":false,"excerpt":"La distinci\u00f3n fue entregada durante el Foro de Inversi\u00f3n de Turismo Deportivo La Asociaci\u00f3n de Hoteles y Turismo de la Rep\u00fablica Dominicana (Asonahores) otorg\u00f3 este martes un reconocimiento al ministro de Turismo, David Collado, por la solidez de su gesti\u00f3n y el impacto de su legado en el fortalecimiento y\u2026","rel":"","context":"En \u00abTURISMO\u00bb","block_context":{"text":"TURISMO","link":"https:\/\/lasprimeras.com.do\/index.php\/category\/turismo\/"},"img":{"alt_text":"Paola Rainieri de D\u00edaz, el presidente de Asonahores, Juan Bancalari; el ministro David Collado y la vicepresidenta de Asonahores, Aguie Lendor.","src":"https:\/\/i0.wp.com\/lasprimeras.com.do\/wp-content\/uploads\/2025\/11\/asonahores.jpg?resize=350%2C200&ssl=1","width":350,"height":200,"srcset":"https:\/\/i0.wp.com\/lasprimeras.com.do\/wp-content\/uploads\/2025\/11\/asonahores.jpg?resize=350%2C200&ssl=1 1x, https:\/\/i0.wp.com\/lasprimeras.com.do\/wp-content\/uploads\/2025\/11\/asonahores.jpg?resize=525%2C300&ssl=1 1.5x, https:\/\/i0.wp.com\/lasprimeras.com.do\/wp-content\/uploads\/2025\/11\/asonahores.jpg?resize=700%2C400&ssl=1 2x"},"classes":[]},{"id":71748,"url":"https:\/\/lasprimeras.com.do\/index.php\/2023\/12\/22\/gobierno-entrega-obras-en-las-galeras-samana-por-un-monto-de-206-millones\/","url_meta":{"origin":60705,"position":4},"title":"Gobierno entrega obras en Las Galeras, Saman\u00e1, por un monto de 206 millones","author":"BIMARY DE JES\u00daS Matos","date":"22 de diciembre de 2023","format":false,"excerpt":"Las Galeras, Saman\u00e1 \u2013 El presidente Luis Abinader y el ministro de Turismo, David Collado, inauguraron este viernes varias obras en Las Galeras, Saman\u00e1, construidas por un monto de 206 millones de pesos, las cuales contribuyen a que m\u00e1s turistas nacionales y extranjeros visiten la zona, garantizando, tambi\u00e9n, una mejor\u2026","rel":"","context":"En \u00abPORTADA\u00bb","block_context":{"text":"PORTADA","link":"https:\/\/lasprimeras.com.do\/index.php\/category\/portada\/"},"img":{"alt_text":"","src":"https:\/\/i0.wp.com\/lasprimeras.com.do\/wp-content\/uploads\/2023\/12\/Noticias-de-energia-52.jpg?resize=350%2C200&ssl=1","width":350,"height":200,"srcset":"https:\/\/i0.wp.com\/lasprimeras.com.do\/wp-content\/uploads\/2023\/12\/Noticias-de-energia-52.jpg?resize=350%2C200&ssl=1 1x, https:\/\/i0.wp.com\/lasprimeras.com.do\/wp-content\/uploads\/2023\/12\/Noticias-de-energia-52.jpg?resize=525%2C300&ssl=1 1.5x"},"classes":[]},{"id":120069,"url":"https:\/\/lasprimeras.com.do\/index.php\/2026\/01\/20\/bhd-reconoce-en-fitur-labor-de-ministro-david-collado-en-favor-del-turismo\/","url_meta":{"origin":60705,"position":5},"title":"BHD reconoce en FITUR labor de ministro David Collado en favor del turismo","author":"Nelson Feliz","date":"20 de enero de 2026","format":false,"excerpt":"BHD reconoce en FITUR labor de ministro David Collado en favor del turismo","rel":"","context":"En \u00abPORTADA\u00bb","block_context":{"text":"PORTADA","link":"https:\/\/lasprimeras.com.do\/index.php\/category\/portada\/"},"img":{"alt_text":"David Collado","src":"https:\/\/i0.wp.com\/lasprimeras.com.do\/wp-content\/uploads\/2026\/01\/David-Collado.jpg?resize=350%2C200&ssl=1","width":350,"height":200,"srcset":"https:\/\/i0.wp.com\/lasprimeras.com.do\/wp-content\/uploads\/2026\/01\/David-Collado.jpg?resize=350%2C200&ssl=1 1x, https:\/\/i0.wp.com\/lasprimeras.com.do\/wp-content\/uploads\/2026\/01\/David-Collado.jpg?resize=525%2C300&ssl=1 1.5x, https:\/\/i0.wp.com\/lasprimeras.com.do\/wp-content\/uploads\/2026\/01\/David-Collado.jpg?resize=700%2C400&ssl=1 2x"},"classes":[]}],"jetpack_sharing_enabled":true,"_links":{"self":[{"href":"https:\/\/lasprimeras.com.do\/index.php\/wp-json\/wp\/v2\/posts\/60705","targetHints":{"allow":["GET"]}}],"collection":[{"href":"https:\/\/lasprimeras.com.do\/index.php\/wp-json\/wp\/v2\/posts"}],"about":[{"href":"https:\/\/lasprimeras.com.do\/index.php\/wp-json\/wp\/v2\/types\/post"}],"author":[{"embeddable":true,"href":"https:\/\/lasprimeras.com.do\/index.php\/wp-json\/wp\/v2\/users\/2"}],"replies":[{"embeddable":true,"href":"https:\/\/lasprimeras.com.do\/index.php\/wp-json\/wp\/v2\/comments?post=60705"}],"version-history":[{"count":1,"href":"https:\/\/lasprimeras.com.do\/index.php\/wp-json\/wp\/v2\/posts\/60705\/revisions"}],"predecessor-version":[{"id":60707,"href":"https:\/\/lasprimeras.com.do\/index.php\/wp-json\/wp\/v2\/posts\/60705\/revisions\/60707"}],"wp:featuredmedia":[{"embeddable":true,"href":"https:\/\/lasprimeras.com.do\/index.php\/wp-json\/wp\/v2\/media\/60706"}],"wp:attachment":[{"href":"https:\/\/lasprimeras.com.do\/index.php\/wp-json\/wp\/v2\/media?parent=60705"}],"wp:term":[{"taxonomy":"category","embeddable":true,"href":"https:\/\/lasprimeras.com.do\/index.php\/wp-json\/wp\/v2\/categories?post=60705"},{"taxonomy":"post_tag","embeddable":true,"href":"https:\/\/lasprimeras.com.do\/index.php\/wp-json\/wp\/v2\/tags?post=60705"}],"curies":[{"name":"wp","href":"https:\/\/api.w.org\/{rel}","templated":true}]}}