{"id":60754,"date":"2023-09-18T13:01:05","date_gmt":"2023-09-18T17:01:05","guid":{"rendered":"https:\/\/lasprimeras.com.do\/?p=60754"},"modified":"2023-09-18T13:01:07","modified_gmt":"2023-09-18T17:01:07","slug":"conductores-cancelados-se-desvinculan-del-choque-de-trenes-del-metro","status":"publish","type":"post","link":"https:\/\/lasprimeras.com.do\/index.php\/2023\/09\/18\/conductores-cancelados-se-desvinculan-del-choque-de-trenes-del-metro\/","title":{"rendered":"Conductores cancelados se desvinculan del choque de trenes del Metro"},"content":{"rendered":"\n<p><strong>Luis Miguel Pe\u00f1a, vocero del grupo, lament\u00f3 el incidente y aclar\u00f3 que hechos como ese se hab\u00edan advertido.<\/strong><\/p>\n\n\n\n<p>Conductores del Metro de Santo Domingo que fueron cancelados hace varios meses por la administraci\u00f3n rechazaron tener responsabilidad en el incidente, ocurrido el pasado s\u00e1bado, cuando dos trenes de la l\u00ednea 1 chocaron, lo que dej\u00f3 un saldo de nueve usuarios heridos.<\/p>\n\n\n\n<p>En rueda de prensa, un grupo de los desvinculados indic\u00f3 que se les ha querido vincular al caso a trav\u00e9s de medios de comunicaci\u00f3n.<\/p>\n\n\n\n<p>Luis Miguel Pe\u00f1a, vocero del grupo, lament\u00f3 el incidente y aclar\u00f3 que hab\u00edan advertido sobre hechos como ese, porque fueron sustituidos por un personal no preparado.<\/p>\n\n\n\n<p>&#8220;No se tomaron las medidas de seguridad pertinentes&#8221;, dijo y aclar\u00f3 que para que dos trenes circulen en sentido contrario en un mismo carril, se requiere autorizaci\u00f3n y se debe seguir un protocolo que, sostienen, no se cumpli\u00f3.<\/p>\n\n\n\n<p>&#8220;La \u00fanica forma en que pueda ocurrir un accidente en nuestro sistema ferroviario tan seguro en Rep\u00fablica Dominicana es anulando el sistema de seguridad, eso fue lo que pas\u00f3 y eso no puede ser responsabilidad de un despachador, coordinador o supervisor, eso solo lo hace el conductor&#8221;, precis\u00f3.<\/p>\n\n\n\n<p>Asegur\u00f3 que uno de los conductores involucrados hab\u00eda reprobado ex\u00e1menes en dos ocasiones, pero que, por influencia de un pol\u00edtico que no identific\u00f3, lo pusieron a conducir trenes.<\/p>\n\n\n\n<p>&#8220;Uno de los conductores ha cometido errores frecuentemente y a\u00fan as\u00ed sigue siendo conductor&#8221;, indic\u00f3 y deplor\u00f3 que no se est\u00e9n aplicando las sanciones correspondientes al incumplimiento del protocolo.<\/p>\n\n\n\n<p>Pe\u00f1a manifest\u00f3 que a los cancelados se les ha querido vincular con un partido pol\u00edtico y afirm\u00f3 que en su caso no pertenece a ninguna organizaci\u00f3n partidaria.<\/p>\n\n\n\n<p>Por su parte, el abogado de los desvinculados, Sergio Maldonado, denunci\u00f3 que supuestamente llaman a los cancelados para amedrentarlos y evitar que ofrezcan informaci\u00f3n a la prensa.<\/p>\n\n\n\n<p>Fuente www.diariolibre.com<\/p>\n","protected":false},"excerpt":{"rendered":"<p>Luis Miguel Pe\u00f1a, vocero del grupo, lament\u00f3 el incidente y aclar\u00f3 que hechos como ese se hab\u00edan advertido. Conductores del Metro de Santo Domingo que fueron cancelados hace varios meses&hellip;<\/p>\n","protected":false},"author":2,"featured_media":60755,"comment_status":"open","ping_status":"open","sticky":false,"template":"","format":"standard","meta":{"content-type":"","jetpack_post_was_ever_published":false,"_jetpack_newsletter_access":"","_jetpack_dont_email_post_to_subs":false,"_jetpack_newsletter_tier_id":0,"_jetpack_memberships_contains_paywalled_content":false,"_jetpack_memberships_contains_paid_content":false,"footnotes":""},"categories":[35],"tags":[6545,2024,4372,308,7638,2937],"class_list":["post-60754","post","type-post","status-publish","format-standard","has-post-thumbnail","hentry","category-nacionales","tag-cancelados","tag-choque","tag-conductores","tag-metro","tag-se-desvinculan","tag-trenes"],"jetpack_featured_media_url":"https:\/\/lasprimeras.com.do\/wp-content\/uploads\/2023\/09\/Luis-Miguel-Pena.jpg","jetpack-related-posts":[{"id":60824,"url":"https:\/\/lasprimeras.com.do\/index.php\/2023\/09\/19\/opret-conductor-con-11-anos-en-la-institucion-violo-varios-protocolos-en-choque-del-metro\/","url_meta":{"origin":60754,"position":0},"title":"Opret: conductor con 11 a\u00f1os en la instituci\u00f3n viol\u00f3 varios protocolos en choque del Metro","author":"Nelson Feliz","date":"19 de septiembre de 2023","format":false,"excerpt":"La Oficina Para el Reordenamiento del Transporte (Opret) inform\u00f3 que a trav\u00e9s de un investigaci\u00f3n se determin\u00f3 que un conductor con 11 a\u00f1os de experiencia viol\u00f3 varios protocolos que, sumados a otros elementos, dieron como resultado el choque entre dos trenes el pasado s\u00e1bado. La investigaci\u00f3n hasta el momento denota\u2026","rel":"","context":"En \u00abNACIONALES\u00bb","block_context":{"text":"NACIONALES","link":"https:\/\/lasprimeras.com.do\/index.php\/category\/nacionales\/"},"img":{"alt_text":"opret","src":"https:\/\/i0.wp.com\/lasprimeras.com.do\/wp-content\/uploads\/2023\/09\/opret.jpg?resize=350%2C200&ssl=1","width":350,"height":200,"srcset":"https:\/\/i0.wp.com\/lasprimeras.com.do\/wp-content\/uploads\/2023\/09\/opret.jpg?resize=350%2C200&ssl=1 1x, https:\/\/i0.wp.com\/lasprimeras.com.do\/wp-content\/uploads\/2023\/09\/opret.jpg?resize=525%2C300&ssl=1 1.5x, https:\/\/i0.wp.com\/lasprimeras.com.do\/wp-content\/uploads\/2023\/09\/opret.jpg?resize=700%2C400&ssl=1 2x"},"classes":[]},{"id":73016,"url":"https:\/\/lasprimeras.com.do\/index.php\/2024\/01\/04\/choque-de-dos-trenes-en-ny-deja-18-heridos-segun-reporte\/","url_meta":{"origin":60754,"position":1},"title":"Choque de dos trenes en NY deja 18 heridos, seg\u00fan reporte","author":"Nelson Feliz","date":"4 de enero de 2024","format":false,"excerpt":"Por el accidente se ha \u201cinterrumpido\u201d el servicio del Metro, que a su vez complic\u00f3 el tr\u00e1nsito en la zona del incidente. Un choque de dos trenes del Metro de Nueva York ha dejado a por lo menos 18 personas heridas, de acuerdo con reportes del medio de comunicaci\u00f3n Telemundo\u2026","rel":"","context":"En \u00abSin categor\u00eda\u00bb","block_context":{"text":"Sin categor\u00eda","link":"https:\/\/lasprimeras.com.do\/index.php\/category\/sin-categoria\/"},"img":{"alt_text":"","src":"https:\/\/i0.wp.com\/lasprimeras.com.do\/wp-content\/uploads\/2024\/01\/tren.jpeg?resize=350%2C200&ssl=1","width":350,"height":200,"srcset":"https:\/\/i0.wp.com\/lasprimeras.com.do\/wp-content\/uploads\/2024\/01\/tren.jpeg?resize=350%2C200&ssl=1 1x, https:\/\/i0.wp.com\/lasprimeras.com.do\/wp-content\/uploads\/2024\/01\/tren.jpeg?resize=525%2C300&ssl=1 1.5x, https:\/\/i0.wp.com\/lasprimeras.com.do\/wp-content\/uploads\/2024\/01\/tren.jpeg?resize=700%2C400&ssl=1 2x"},"classes":[]},{"id":60665,"url":"https:\/\/lasprimeras.com.do\/index.php\/2023\/09\/17\/leonel-responsabiliza-al-gobierno-del-accidente-del-metro-por-cancelacion-de-personal-capacitado\/","url_meta":{"origin":60754,"position":2},"title":"Leonel responsabiliza al gobierno del accidente del Metro por cancelaci\u00f3n de personal capacitado","author":"Nelson Feliz","date":"17 de septiembre de 2023","format":false,"excerpt":"LF se solidariza con personas lesionadas en colisi\u00f3n de trenes del Metro de Santo Domingo El presidente del partido Fuerza del Pueblo, Leonel Fern\u00e1ndez, se solidariz\u00f3 esta tarde con las personas que resultaron afectadas por el choque de dos trenes del Metro de Santo Domingo. Adem\u00e1s se\u00f1al\u00f3 que nunca hab\u00eda\u2026","rel":"","context":"En \u00abPORTADA\u00bb","block_context":{"text":"PORTADA","link":"https:\/\/lasprimeras.com.do\/index.php\/category\/portada\/"},"img":{"alt_text":"Leonel Fernandez","src":"https:\/\/i0.wp.com\/lasprimeras.com.do\/wp-content\/uploads\/2023\/09\/Leonel-Fernandez-NY-2.jpg?resize=350%2C200&ssl=1","width":350,"height":200,"srcset":"https:\/\/i0.wp.com\/lasprimeras.com.do\/wp-content\/uploads\/2023\/09\/Leonel-Fernandez-NY-2.jpg?resize=350%2C200&ssl=1 1x, https:\/\/i0.wp.com\/lasprimeras.com.do\/wp-content\/uploads\/2023\/09\/Leonel-Fernandez-NY-2.jpg?resize=525%2C300&ssl=1 1.5x, https:\/\/i0.wp.com\/lasprimeras.com.do\/wp-content\/uploads\/2023\/09\/Leonel-Fernandez-NY-2.jpg?resize=700%2C400&ssl=1 2x"},"classes":[]},{"id":62040,"url":"https:\/\/lasprimeras.com.do\/index.php\/2023\/10\/02\/conductor-del-metro-de-santo-domingo-abre-puertas-contrarias-a-la-ruta\/","url_meta":{"origin":60754,"position":3},"title":"Conductor del Metro de Santo Domingo abre puertas contrarias a la ruta","author":"BIMARY DE JES\u00daS Matos","date":"2 de octubre de 2023","format":false,"excerpt":"Santo Domingo.-Decenas de pasajeros del Metro de Santo Domingo se llevaron el susto de sus vidas este lunes cuando, a bordo del medio de transporte de la L\u00ednea II, el conductor abri\u00f3 \"por error\" las puertas contrarias a la ruta. Seg\u00fan testigos, el incidente ocurri\u00f3 aproximadamente a las 7:28 a.m.\u2026","rel":"","context":"En \u00abNACIONALES\u00bb","block_context":{"text":"NACIONALES","link":"https:\/\/lasprimeras.com.do\/index.php\/category\/nacionales\/"},"img":{"alt_text":"","src":"https:\/\/i0.wp.com\/lasprimeras.com.do\/wp-content\/uploads\/2023\/10\/WhatsApp-Image-2023-09-28-at-11.50.30-PM-1-1-2.jpeg?resize=350%2C200&ssl=1","width":350,"height":200,"srcset":"https:\/\/i0.wp.com\/lasprimeras.com.do\/wp-content\/uploads\/2023\/10\/WhatsApp-Image-2023-09-28-at-11.50.30-PM-1-1-2.jpeg?resize=350%2C200&ssl=1 1x, https:\/\/i0.wp.com\/lasprimeras.com.do\/wp-content\/uploads\/2023\/10\/WhatsApp-Image-2023-09-28-at-11.50.30-PM-1-1-2.jpeg?resize=525%2C300&ssl=1 1.5x, https:\/\/i0.wp.com\/lasprimeras.com.do\/wp-content\/uploads\/2023\/10\/WhatsApp-Image-2023-09-28-at-11.50.30-PM-1-1-2.jpeg?resize=700%2C400&ssl=1 2x"},"classes":[]},{"id":62141,"url":"https:\/\/lasprimeras.com.do\/index.php\/2023\/10\/03\/emergencia-metro-activo-auxiliar-nino\/","url_meta":{"origin":60754,"position":4},"title":"Emergencia Metro activ\u00f3 auxiliar ni\u00f1o","author":"BIMARY DE JES\u00daS Matos","date":"3 de octubre de 2023","format":false,"excerpt":"SANTO DOMINGO.\u2013 La Oficina para el Reordenamiento del Transporte (Opret) inform\u00f3 ayer a a los usuarios del Metro de Santo Domingo y medios de comunicaci\u00f3n que las puertas de un metro en la estaci\u00f3n Horacio V\u00e1squez se abrieron de emergencia, debido a la solicitud de un hombre cuyo hijo se\u2026","rel":"","context":"En \u00abNACIONALES\u00bb","block_context":{"text":"NACIONALES","link":"https:\/\/lasprimeras.com.do\/index.php\/category\/nacionales\/"},"img":{"alt_text":"","src":"https:\/\/i0.wp.com\/lasprimeras.com.do\/wp-content\/uploads\/2023\/10\/WhatsApp-Image-2023-10-02-at-6.21.27-PM-1.webp?resize=350%2C200&ssl=1","width":350,"height":200,"srcset":"https:\/\/i0.wp.com\/lasprimeras.com.do\/wp-content\/uploads\/2023\/10\/WhatsApp-Image-2023-10-02-at-6.21.27-PM-1.webp?resize=350%2C200&ssl=1 1x, https:\/\/i0.wp.com\/lasprimeras.com.do\/wp-content\/uploads\/2023\/10\/WhatsApp-Image-2023-10-02-at-6.21.27-PM-1.webp?resize=525%2C300&ssl=1 1.5x, https:\/\/i0.wp.com\/lasprimeras.com.do\/wp-content\/uploads\/2023\/10\/WhatsApp-Image-2023-10-02-at-6.21.27-PM-1.webp?resize=700%2C400&ssl=1 2x"},"classes":[]},{"id":75407,"url":"https:\/\/lasprimeras.com.do\/index.php\/2024\/02\/01\/el-domingo-sangriento-del-peor-choque-de-trenes-de-la-argentina-un-olvido-criminal-que-causo-236-muertos-y-mas-de-400-heridos\/","url_meta":{"origin":60754,"position":5},"title":"El domingo sangriento del peor choque de trenes de la Argentina: un olvido criminal que caus\u00f3 236 muertos y m\u00e1s de 400 heridos","author":"Nelson Feliz","date":"1 de febrero de 2024","format":false,"excerpt":"El 1\u00b0 de febrero de 1970, un tren colmado de pasajeros que se dirig\u00eda a Retiro proveniente de Z\u00e1rate se detuvo en las v\u00edas por un desperfecto. Tres minutos despu\u00e9s, otro convoy arrastrado por dos locomotoras que marchaban a m\u00e1s de 100 kil\u00f3metros por hora lo embisti\u00f3 y desat\u00f3 un\u2026","rel":"","context":"En \u00abHISTORIA\u00bb","block_context":{"text":"HISTORIA","link":"https:\/\/lasprimeras.com.do\/index.php\/category\/historia\/"},"img":{"alt_text":"El domingo sangriento del peor choque de trenes de la Argentina","src":"https:\/\/i0.wp.com\/lasprimeras.com.do\/wp-content\/uploads\/2024\/02\/Tren-1.jpg?resize=350%2C200&ssl=1","width":350,"height":200,"srcset":"https:\/\/i0.wp.com\/lasprimeras.com.do\/wp-content\/uploads\/2024\/02\/Tren-1.jpg?resize=350%2C200&ssl=1 1x, https:\/\/i0.wp.com\/lasprimeras.com.do\/wp-content\/uploads\/2024\/02\/Tren-1.jpg?resize=525%2C300&ssl=1 1.5x, https:\/\/i0.wp.com\/lasprimeras.com.do\/wp-content\/uploads\/2024\/02\/Tren-1.jpg?resize=700%2C400&ssl=1 2x"},"classes":[]}],"jetpack_sharing_enabled":true,"_links":{"self":[{"href":"https:\/\/lasprimeras.com.do\/index.php\/wp-json\/wp\/v2\/posts\/60754","targetHints":{"allow":["GET"]}}],"collection":[{"href":"https:\/\/lasprimeras.com.do\/index.php\/wp-json\/wp\/v2\/posts"}],"about":[{"href":"https:\/\/lasprimeras.com.do\/index.php\/wp-json\/wp\/v2\/types\/post"}],"author":[{"embeddable":true,"href":"https:\/\/lasprimeras.com.do\/index.php\/wp-json\/wp\/v2\/users\/2"}],"replies":[{"embeddable":true,"href":"https:\/\/lasprimeras.com.do\/index.php\/wp-json\/wp\/v2\/comments?post=60754"}],"version-history":[{"count":1,"href":"https:\/\/lasprimeras.com.do\/index.php\/wp-json\/wp\/v2\/posts\/60754\/revisions"}],"predecessor-version":[{"id":60756,"href":"https:\/\/lasprimeras.com.do\/index.php\/wp-json\/wp\/v2\/posts\/60754\/revisions\/60756"}],"wp:featuredmedia":[{"embeddable":true,"href":"https:\/\/lasprimeras.com.do\/index.php\/wp-json\/wp\/v2\/media\/60755"}],"wp:attachment":[{"href":"https:\/\/lasprimeras.com.do\/index.php\/wp-json\/wp\/v2\/media?parent=60754"}],"wp:term":[{"taxonomy":"category","embeddable":true,"href":"https:\/\/lasprimeras.com.do\/index.php\/wp-json\/wp\/v2\/categories?post=60754"},{"taxonomy":"post_tag","embeddable":true,"href":"https:\/\/lasprimeras.com.do\/index.php\/wp-json\/wp\/v2\/tags?post=60754"}],"curies":[{"name":"wp","href":"https:\/\/api.w.org\/{rel}","templated":true}]}}