{"id":60774,"date":"2023-09-18T21:14:16","date_gmt":"2023-09-19T01:14:16","guid":{"rendered":"https:\/\/lasprimeras.com.do\/?p=60774"},"modified":"2023-09-18T21:14:18","modified_gmt":"2023-09-19T01:14:18","slug":"ipes-y-mescyt-imparten-curso-taller-sobre-inteligencia-artificial-a-80-funcionarios-de-la-pn","status":"publish","type":"post","link":"https:\/\/lasprimeras.com.do\/index.php\/2023\/09\/18\/ipes-y-mescyt-imparten-curso-taller-sobre-inteligencia-artificial-a-80-funcionarios-de-la-pn\/","title":{"rendered":"IPES y MESCYT imparten Curso-taller sobre inteligencia artificial a 80 funcionarios de la PN"},"content":{"rendered":"\n<p>Por Martin Restituyo<\/p>\n\n\n\n<p>El Instituto Policial de Educaci\u00f3n Superior y el Ministerio de Educaci\u00f3n Superior Ciencia y Tecnolog\u00eda, proporcionaron el Taller titulado \u201cInnovaci\u00f3n y Vinculaciones IES- Empresa Sobre ChatGPT, Creando Soluciones Inteligente\u201d a 80 miembros de la Polic\u00eda Nacional, cuya capacitaci\u00f3n hace un aporte significativo al contexto inform\u00e1tico del sistema educativo policial.<\/p>\n\n\n\n<p>El curso fue impartido por el ingeniero F\u00e9lix Rond\u00f3n, quien hizo una amplia exposici\u00f3n sobre el sistema ChaGPT, el cual es una aplicaci\u00f3n tecnol\u00f3gica de inteligencia artificial, capaz de comunicarse con las personas generando textos complejos, convirti\u00e9ndose as\u00ed en un hito muy relevante en el sector inform\u00e1tico.<\/p>\n\n\n\n<p>Adem\u00e1s, durante el desarrollo del taller, el especialista hizo una presentaci\u00f3n metodolog\u00eda de aprendizaje, combinando teor\u00eda y pr\u00e1ctica, haciendo \u00e9nfasis en las conceptualizaciones del tema de la Inteligencia Artificial, el funcionamiento de este tipo de aplicaci\u00f3n, su importancia, las limitaciones que suele tener al utilizarlas, sus alternativas y aportes, entre otros aspectos de ese tipo de tecnolog\u00eda.<\/p>\n\n\n\n<p>La apertura del evento educativo se realiz\u00f3 en el sal\u00f3n multiuso del IPES, iniciando con la entonaci\u00f3n del Himno Nacional Dominicano y la invocaci\u00f3n a Dios, seguida con las salutaciones a los funcionarios del IPES y la MESCyT responsables de que dicha capacitaci\u00f3n sea todo un \u00e9xito.<\/p>\n\n\n\n<p>Las palabras de bienvenida a los presentes estuvieron a cargo del vicerrector de la Escuela de Investigaci\u00f3n y Extensiones del IPES, asimilado Rafael Quezada P\u00e9rez y el encargado del Departamento de Innovaci\u00f3n, Transparencia y Conocimiento de la MESCyT, Domingo Mendoza.<\/p>\n\n\n\n<p>Integraron la mesa de honor, el vicerrector administrativo del IPES, coronel Nandy Reyes Santos, en representaci\u00f3n del director general de la Polic\u00eda Nacional, mayor general Eduardo Alberto Then, el rector de esa casa de estudios policiales, general Juan Guzm\u00e1n Badia y el alto mando policial.<\/p>\n\n\n\n<p>De igual manera, el director de Innovaci\u00f3n y Transferencia de Conocimiento de la MESCyT, Domingo Mendoza; el encargado de Gesti\u00f3n de esa dependencia, doctor Starling Cordero Brito; el encargado de Relaciones P\u00fablicas del viceministro de esa alta casa de estudios del pa\u00eds, F\u00e9lix Almonte.<\/p>\n\n\n\n<p>En la activad estuvieron presentes tambi\u00e9n vicerrectores, directores facilitadores, profesores y dicentes del IPES, as\u00ed como otras personalidades del \u00e1mbito educativo de la MESCyT.<\/p>\n","protected":false},"excerpt":{"rendered":"<p>Por Martin Restituyo El Instituto Policial de Educaci\u00f3n Superior y el Ministerio de Educaci\u00f3n Superior Ciencia y Tecnolog\u00eda, proporcionaron el Taller titulado \u201cInnovaci\u00f3n y Vinculaciones IES- Empresa Sobre ChatGPT, Creando&hellip;<\/p>\n","protected":false},"author":2,"featured_media":60775,"comment_status":"open","ping_status":"open","sticky":false,"template":"","format":"standard","meta":{"content-type":"","jetpack_post_was_ever_published":false,"_jetpack_newsletter_access":"","_jetpack_dont_email_post_to_subs":false,"_jetpack_newsletter_tier_id":0,"_jetpack_memberships_contains_paywalled_content":false,"_jetpack_memberships_contains_paid_content":false,"footnotes":""},"categories":[1],"tags":[5442,7645,170,5441,5472,1736,1157],"class_list":["post-60774","post","type-post","status-publish","format-standard","has-post-thumbnail","hentry","category-sin-categoria","tag-artificial","tag-curso-taller","tag-funcionarios","tag-inteligencia","tag-ipes","tag-mescyt","tag-policia-nacional"],"jetpack_featured_media_url":"https:\/\/lasprimeras.com.do\/wp-content\/uploads\/2023\/09\/Policias-2.jpg","jetpack-related-posts":[{"id":105710,"url":"https:\/\/lasprimeras.com.do\/index.php\/2025\/08\/05\/ipes-impulsa-modernizacion-policial-con-innovacion-academica-en-la-iii-feria-universitaria-innova-2025\/","url_meta":{"origin":60774,"position":0},"title":"IPES impulsa modernizaci\u00f3n policial con innovaci\u00f3n acad\u00e9mica en la III Feria Universitaria INNOVA 2025","author":"Nelson Feliz","date":"5 de agosto de 2025","format":false,"excerpt":"El Instituto Policial de Educaci\u00f3n Superior (IPES) abri\u00f3 la III Feria Universitaria INNOVA 2025, un evento de cuatro d\u00edas con el que reafirma su compromiso con la modernizaci\u00f3n de la Polic\u00eda Nacional a trav\u00e9s de la innovaci\u00f3n educativa, tecnol\u00f3gica y cient\u00edfica. Esta iniciativa, organizada junto alMinisterio de Educaci\u00f3n Superior, Ciencia\u2026","rel":"","context":"En \u00abMILITARES\u00bb","block_context":{"text":"MILITARES","link":"https:\/\/lasprimeras.com.do\/index.php\/category\/militares\/"},"img":{"alt_text":"","src":"https:\/\/i0.wp.com\/lasprimeras.com.do\/wp-content\/uploads\/2025\/08\/IPES-1.jpg?resize=350%2C200&ssl=1","width":350,"height":200,"srcset":"https:\/\/i0.wp.com\/lasprimeras.com.do\/wp-content\/uploads\/2025\/08\/IPES-1.jpg?resize=350%2C200&ssl=1 1x, https:\/\/i0.wp.com\/lasprimeras.com.do\/wp-content\/uploads\/2025\/08\/IPES-1.jpg?resize=525%2C300&ssl=1 1.5x, https:\/\/i0.wp.com\/lasprimeras.com.do\/wp-content\/uploads\/2025\/08\/IPES-1.jpg?resize=700%2C400&ssl=1 2x"},"classes":[]},{"id":56083,"url":"https:\/\/lasprimeras.com.do\/index.php\/2023\/07\/27\/rector-del-ipes-participa-en-exitoso-curso-de-alto-mando-de-policias-iberoamericanas-en-espana\/","url_meta":{"origin":60774,"position":1},"title":"Rector del IPES participa en exitoso curso de alto mando de Polic\u00edas Iberoamericanas en Espa\u00f1a","author":"Nelson Feliz","date":"27 de julio de 2023","format":false,"excerpt":"Por Martin Restituyo El rector del Instituto Policial de Educaci\u00f3n Superior de la Polic\u00eda Nacional, general Juan Hilario Guzm\u00e1n Badia, particip\u00f3 en el Quinto curso de alto mando de polic\u00edas Iberoamericanas, que se desarroll\u00f3 durante una semana, en la sede de la academia policial (IBERPOL) en \u00c1vila Espa\u00f1a, donde adquiri\u00f3\u2026","rel":"","context":"En \u00abMILITARES\u00bb","block_context":{"text":"MILITARES","link":"https:\/\/lasprimeras.com.do\/index.php\/category\/militares\/"},"img":{"alt_text":"General Juan Hilario Guzm\u00e1n Badia","src":"https:\/\/i0.wp.com\/lasprimeras.com.do\/wp-content\/uploads\/2023\/07\/Juan-Hilario-Guzman-Badia.jpg?resize=350%2C200&ssl=1","width":350,"height":200,"srcset":"https:\/\/i0.wp.com\/lasprimeras.com.do\/wp-content\/uploads\/2023\/07\/Juan-Hilario-Guzman-Badia.jpg?resize=350%2C200&ssl=1 1x, https:\/\/i0.wp.com\/lasprimeras.com.do\/wp-content\/uploads\/2023\/07\/Juan-Hilario-Guzman-Badia.jpg?resize=525%2C300&ssl=1 1.5x, https:\/\/i0.wp.com\/lasprimeras.com.do\/wp-content\/uploads\/2023\/07\/Juan-Hilario-Guzman-Badia.jpg?resize=700%2C400&ssl=1 2x"},"classes":[]},{"id":89907,"url":"https:\/\/lasprimeras.com.do\/index.php\/2024\/10\/07\/funcionarios-policiales-se-capacitan-en-curso-agregado-policial-como-integrantes-del-servicio-exterior\/","url_meta":{"origin":60774,"position":2},"title":"Funcionarios policiales se capacitan en curso \u201cAgregado Policial Como Integrantes del Servicio Exterior\u201d","author":"Paola Castillo","date":"7 de octubre de 2024","format":false,"excerpt":"Funcionarios policiales de diversos niveles jer\u00e1rquicos est\u00e1n reforzando sus habilidades al participar en el curso \u201cAgregado Policial Como Integrantes del Servicio Exterior\u201d, organizado por el Instituto Policial de Educaci\u00f3n Superior (IPES) con el apoyo del Instituto de Educaci\u00f3n Superior en Formaci\u00f3n Diplom\u00e1tica y Consular (INESDYC), del Ministerio de Relaciones Exteriores.\u2026","rel":"","context":"En \u00abNACIONALES\u00bb","block_context":{"text":"NACIONALES","link":"https:\/\/lasprimeras.com.do\/index.php\/category\/nacionales\/"},"img":{"alt_text":"","src":"https:\/\/i0.wp.com\/lasprimeras.com.do\/wp-content\/uploads\/2024\/10\/WhatsApp-Image-2024-10-07-at-4.35.54-PM.jpeg?resize=350%2C200&ssl=1","width":350,"height":200,"srcset":"https:\/\/i0.wp.com\/lasprimeras.com.do\/wp-content\/uploads\/2024\/10\/WhatsApp-Image-2024-10-07-at-4.35.54-PM.jpeg?resize=350%2C200&ssl=1 1x, https:\/\/i0.wp.com\/lasprimeras.com.do\/wp-content\/uploads\/2024\/10\/WhatsApp-Image-2024-10-07-at-4.35.54-PM.jpeg?resize=525%2C300&ssl=1 1.5x, https:\/\/i0.wp.com\/lasprimeras.com.do\/wp-content\/uploads\/2024\/10\/WhatsApp-Image-2024-10-07-at-4.35.54-PM.jpeg?resize=700%2C400&ssl=1 2x, https:\/\/i0.wp.com\/lasprimeras.com.do\/wp-content\/uploads\/2024\/10\/WhatsApp-Image-2024-10-07-at-4.35.54-PM.jpeg?resize=1050%2C600&ssl=1 3x, https:\/\/i0.wp.com\/lasprimeras.com.do\/wp-content\/uploads\/2024\/10\/WhatsApp-Image-2024-10-07-at-4.35.54-PM.jpeg?resize=1400%2C800&ssl=1 4x"},"classes":[]},{"id":93885,"url":"https:\/\/lasprimeras.com.do\/index.php\/2025\/02\/22\/mescyt-abre-convocatoria-para-8000-becas-nacionales-en-48-universidades-del-pais\/","url_meta":{"origin":60774,"position":3},"title":"MESCyT abre convocatoria para 8,000 becas nacionales en 48 universidades del pa\u00eds","author":"Nelson Feliz","date":"22 de febrero de 2025","format":false,"excerpt":"En esta ocasi\u00f3n estar\u00e1n disponibles alrededor de 622 programas acad\u00e9micos, de las 56 universidades del pa\u00eds con especial \u00e9nfasis en carreras de ciencia, tecnolog\u00eda, ingenier\u00eda y matem\u00e1tica El ministro de Educaci\u00f3n Superior, Ciencia y Tecnolog\u00eda, doctor Franklin Garc\u00eda Ferm\u00edn, anunci\u00f3 este viernes el inicio de la Convocatoria de Becas Nacionales\u2026","rel":"","context":"En \u00abNACIONALES\u00bb","block_context":{"text":"NACIONALES","link":"https:\/\/lasprimeras.com.do\/index.php\/category\/nacionales\/"},"img":{"alt_text":"","src":"https:\/\/i0.wp.com\/lasprimeras.com.do\/wp-content\/uploads\/2025\/02\/fermin.jpg?resize=350%2C200&ssl=1","width":350,"height":200,"srcset":"https:\/\/i0.wp.com\/lasprimeras.com.do\/wp-content\/uploads\/2025\/02\/fermin.jpg?resize=350%2C200&ssl=1 1x, https:\/\/i0.wp.com\/lasprimeras.com.do\/wp-content\/uploads\/2025\/02\/fermin.jpg?resize=525%2C300&ssl=1 1.5x, https:\/\/i0.wp.com\/lasprimeras.com.do\/wp-content\/uploads\/2025\/02\/fermin.jpg?resize=700%2C400&ssl=1 2x"},"classes":[]},{"id":109029,"url":"https:\/\/lasprimeras.com.do\/index.php\/2025\/09\/12\/certifican-a-40-agentes-de-la-policia-nacional-como-analistas-estrategicos-en-seguridad-ciudadana\/","url_meta":{"origin":60774,"position":4},"title":"Certifican a 40 agentes de la Polic\u00eda Nacional como analistas estrat\u00e9gicos en seguridad ciudadana","author":"Nelson Feliz","date":"12 de septiembre de 2025","format":false,"excerpt":"El Instituto Policial de Educaci\u00f3n Superior (IPES), certific\u00f3 a 40 agentes policiales como analistas estrat\u00e9gicos en seguridad ciudadana, que participaron en el curso b\u00e1sico en \"An\u00e1lisis y Planeaci\u00f3n Operativa de Servicio de Polic\u00eda (CEPOL), a traves del cual fortalecieron sus capacidades institucionales en materia de prevenci\u00f3n, planificaci\u00f3n y toma de\u2026","rel":"","context":"En \u00abMILITARES\u00bb","block_context":{"text":"MILITARES","link":"https:\/\/lasprimeras.com.do\/index.php\/category\/militares\/"},"img":{"alt_text":"","src":"https:\/\/i0.wp.com\/lasprimeras.com.do\/wp-content\/uploads\/2025\/09\/PN.jpg?resize=350%2C200&ssl=1","width":350,"height":200,"srcset":"https:\/\/i0.wp.com\/lasprimeras.com.do\/wp-content\/uploads\/2025\/09\/PN.jpg?resize=350%2C200&ssl=1 1x, https:\/\/i0.wp.com\/lasprimeras.com.do\/wp-content\/uploads\/2025\/09\/PN.jpg?resize=525%2C300&ssl=1 1.5x, https:\/\/i0.wp.com\/lasprimeras.com.do\/wp-content\/uploads\/2025\/09\/PN.jpg?resize=700%2C400&ssl=1 2x"},"classes":[]},{"id":66947,"url":"https:\/\/lasprimeras.com.do\/index.php\/2023\/11\/11\/perfil-academico-e-historia-policial-del-general-francisco-osoria-nuevo-director-de-la-digesett\/","url_meta":{"origin":60774,"position":5},"title":"Perfil acad\u00e9mico e historia policial del general Francisco Osoria nuevo director de la DIGESETT","author":"Nelson Feliz","date":"11 de noviembre de 2023","format":false,"excerpt":"Por Martin Restituyo FRANCISCO OSORIA DE LA CRUZ es un oficial profesional, que ingreso el 1 de marzo 1987 en la escuela de entrenamiento del campamento operaciones especiales polic\u00eda Nacional. realizo los estudios en la Universidad Tecnol\u00f3gica de Santiago (UTESA), Lic. En Derecho (1993), 809-752-6662, C\u00e9dula 001-1184362-9 E-mail:franosoria@gmail.com DIRECCI\u00d3N Av.\u2026","rel":"","context":"En \u00abNACIONALES\u00bb","block_context":{"text":"NACIONALES","link":"https:\/\/lasprimeras.com.do\/index.php\/category\/nacionales\/"},"img":{"alt_text":"","src":"https:\/\/i0.wp.com\/lasprimeras.com.do\/wp-content\/uploads\/2023\/11\/osoria.jpg?resize=350%2C200&ssl=1","width":350,"height":200,"srcset":"https:\/\/i0.wp.com\/lasprimeras.com.do\/wp-content\/uploads\/2023\/11\/osoria.jpg?resize=350%2C200&ssl=1 1x, https:\/\/i0.wp.com\/lasprimeras.com.do\/wp-content\/uploads\/2023\/11\/osoria.jpg?resize=525%2C300&ssl=1 1.5x, https:\/\/i0.wp.com\/lasprimeras.com.do\/wp-content\/uploads\/2023\/11\/osoria.jpg?resize=700%2C400&ssl=1 2x"},"classes":[]}],"jetpack_sharing_enabled":true,"_links":{"self":[{"href":"https:\/\/lasprimeras.com.do\/index.php\/wp-json\/wp\/v2\/posts\/60774","targetHints":{"allow":["GET"]}}],"collection":[{"href":"https:\/\/lasprimeras.com.do\/index.php\/wp-json\/wp\/v2\/posts"}],"about":[{"href":"https:\/\/lasprimeras.com.do\/index.php\/wp-json\/wp\/v2\/types\/post"}],"author":[{"embeddable":true,"href":"https:\/\/lasprimeras.com.do\/index.php\/wp-json\/wp\/v2\/users\/2"}],"replies":[{"embeddable":true,"href":"https:\/\/lasprimeras.com.do\/index.php\/wp-json\/wp\/v2\/comments?post=60774"}],"version-history":[{"count":1,"href":"https:\/\/lasprimeras.com.do\/index.php\/wp-json\/wp\/v2\/posts\/60774\/revisions"}],"predecessor-version":[{"id":60776,"href":"https:\/\/lasprimeras.com.do\/index.php\/wp-json\/wp\/v2\/posts\/60774\/revisions\/60776"}],"wp:featuredmedia":[{"embeddable":true,"href":"https:\/\/lasprimeras.com.do\/index.php\/wp-json\/wp\/v2\/media\/60775"}],"wp:attachment":[{"href":"https:\/\/lasprimeras.com.do\/index.php\/wp-json\/wp\/v2\/media?parent=60774"}],"wp:term":[{"taxonomy":"category","embeddable":true,"href":"https:\/\/lasprimeras.com.do\/index.php\/wp-json\/wp\/v2\/categories?post=60774"},{"taxonomy":"post_tag","embeddable":true,"href":"https:\/\/lasprimeras.com.do\/index.php\/wp-json\/wp\/v2\/tags?post=60774"}],"curies":[{"name":"wp","href":"https:\/\/api.w.org\/{rel}","templated":true}]}}