{"id":60787,"date":"2023-09-18T21:54:52","date_gmt":"2023-09-19T01:54:52","guid":{"rendered":"https:\/\/lasprimeras.com.do\/?p=60787"},"modified":"2023-09-18T21:54:54","modified_gmt":"2023-09-19T01:54:54","slug":"experto-sugiere-a-periodistas-ser-autenticos-en-su-ejercicio-profesional","status":"publish","type":"post","link":"https:\/\/lasprimeras.com.do\/index.php\/2023\/09\/18\/experto-sugiere-a-periodistas-ser-autenticos-en-su-ejercicio-profesional\/","title":{"rendered":"Experto sugiere a periodistas ser aut\u00e9nticos en su ejercicio profesional"},"content":{"rendered":"\n<p><strong>Resalta su compromiso social al momento de informar.<\/strong><\/p>\n\n\n\n<p>El experto en Programaci\u00f3n Neuroling\u00fc\u00edstica, doctor Alberto D\u00edaz, aconsej\u00f3 a los periodistas ser aut\u00e9nticos y resaltar su calidad humana al realizar una investigaci\u00f3n sobre un hecho de inter\u00e9s para la poblaci\u00f3n.<\/p>\n\n\n\n<p>Resalt\u00f3 que es de gran importancia que el comunicador muestre a la poblaci\u00f3n los hechos con veracidad, compromiso social y de manera congruente.<\/p>\n\n\n\n<p>D\u00edaz hizo estas precisiones al dictar una charla sobre Liderazgo en Salud, visto desde el Neurocoaching y la Programaci\u00f3n Neuroling\u00fcistica (PNL), a miembros del C\u00edrculo de Periodistas de la Salud (Cipesa), y participantes del Tercer Diplomado de Comunicaci\u00f3n Estrat\u00e9gica en Salud, que realiza la entidad junto al Instituto Nacional de Formaci\u00f3n T\u00e9cnico Profesional (Infotep).<\/p>\n\n\n\n<p>En la actividad formativa realizada en sal\u00f3n de eventos del Servicio Regional de Salud Metropolitano (SRSM), el doctor Alberto D\u00edaz comparti\u00f3 sus aprendizajes y vivencias sobre el liderazgo, las cuales defini\u00f3 como herramientas para influir en las personas y provocar cambios de comportamientos positivos.<\/p>\n\n\n\n<p>El doctor D\u00edaz en su acci\u00f3n motivadora precis\u00f3 que la PNL es muy \u00fatil para los comunicadores sociales, ya que es una estrategia dirigida a reforzar la realizaci\u00f3n de sus investigaciones.<\/p>\n\n\n\n<p>Refiri\u00f3 que, el subconciente de los seres humanos est\u00e1 latente en cada momento de su vivir y que solo se debe hacer el buen uso del comportamiento en las actividades sociales desarrolladas en el h\u00e1bitat que se requiera, para que le sirva de valoraci\u00f3n y crecimiento, construyendo unos valores afectivos con la promoci\u00f3n del buen uso del razonamiento de la mano en el ambiente social que se maneje.<\/p>\n\n\n\n<p>Finalmente, el m\u00e9dico resalt\u00f3 la disciplina, conexi\u00f3n con los grupos sociales, la calidad del contenido, la amplitud y alcance de la audiencia, as\u00ed como la comunicaci\u00f3n verbal y no verbal, y la interactividad como elementos preponderantes en el liderazgo.<\/p>\n","protected":false},"excerpt":{"rendered":"<p>Resalta su compromiso social al momento de informar. El experto en Programaci\u00f3n Neuroling\u00fc\u00edstica, doctor Alberto D\u00edaz, aconsej\u00f3 a los periodistas ser aut\u00e9nticos y resaltar su calidad humana al realizar una&hellip;<\/p>\n","protected":false},"author":2,"featured_media":60788,"comment_status":"open","ping_status":"open","sticky":false,"template":"","format":"standard","meta":{"content-type":"","jetpack_post_was_ever_published":false,"_jetpack_newsletter_access":"","_jetpack_dont_email_post_to_subs":false,"_jetpack_newsletter_tier_id":0,"_jetpack_memberships_contains_paywalled_content":false,"_jetpack_memberships_contains_paid_content":false,"footnotes":""},"categories":[1],"tags":[272],"class_list":["post-60787","post","type-post","status-publish","format-standard","has-post-thumbnail","hentry","category-sin-categoria","tag-cipesa"],"jetpack_featured_media_url":"https:\/\/lasprimeras.com.do\/wp-content\/uploads\/2023\/09\/CIPESA.jpg","jetpack-related-posts":[{"id":127257,"url":"https:\/\/lasprimeras.com.do\/index.php\/2026\/04\/09\/cdp-distingue-a-destacadas-integrantes-de-cipesa\/","url_meta":{"origin":60787,"position":0},"title":"CDP distingue a destacadas integrantes de CIPESA","author":"Nelson Feliz","date":"9 de abril de 2026","format":false,"excerpt":"CDP entrega reconocimiento a la prensa celebrada en el Teatro Nacional. El Colegio Dominicano de Periodistas, seccional Distrito Nacional (CDP-DN), reconoci\u00f3 a 40 periodistas durante la tercera Gala de Reconocimiento a la Prensa, celebrada en la Sala A\u00edda Bonnelly del Teatro Nacional Eduardo Brito, en el marco de las actividades\u2026","rel":"","context":"En \u00abENTRETENIMIENTO\u00bb","block_context":{"text":"ENTRETENIMIENTO","link":"https:\/\/lasprimeras.com.do\/index.php\/category\/entretenimiento\/"},"img":{"alt_text":"","src":"https:\/\/i0.wp.com\/lasprimeras.com.do\/wp-content\/uploads\/2026\/04\/cdp.jpg?resize=350%2C200&ssl=1","width":350,"height":200,"srcset":"https:\/\/i0.wp.com\/lasprimeras.com.do\/wp-content\/uploads\/2026\/04\/cdp.jpg?resize=350%2C200&ssl=1 1x, https:\/\/i0.wp.com\/lasprimeras.com.do\/wp-content\/uploads\/2026\/04\/cdp.jpg?resize=525%2C300&ssl=1 1.5x, https:\/\/i0.wp.com\/lasprimeras.com.do\/wp-content\/uploads\/2026\/04\/cdp.jpg?resize=700%2C400&ssl=1 2x"},"classes":[]},{"id":68645,"url":"https:\/\/lasprimeras.com.do\/index.php\/2023\/11\/26\/cipesa-culmina-con-exito-tercer-diplomado-comunicacion-estrategica-en-salud\/","url_meta":{"origin":60787,"position":1},"title":"Cipesa culmina con \u00e9xito tercer diplomado comunicaci\u00f3n estrat\u00e9gica en salud","author":"Nelson Feliz","date":"26 de noviembre de 2023","format":false,"excerpt":"Reconoce a la exministra de Salud, Altagracia Guzm\u00e1n Marcelino, y juramenta nuevos miembros El C\u00edrculo de Periodistas de la Salud (Cipesa) concluy\u00f3 su tercer programa acad\u00e9mico de diplomado en \"Comunicaci\u00f3n Estrat\u00e9gica en Salud\", con el respaldo del Instituto Nacional de Formaci\u00f3n T\u00e9cnico Profesional (Infotep) y el apoyo del Servicio Regional\u2026","rel":"","context":"En \u00abSin categor\u00eda\u00bb","block_context":{"text":"Sin categor\u00eda","link":"https:\/\/lasprimeras.com.do\/index.php\/category\/sin-categoria\/"},"img":{"alt_text":"C\u00edrculo de Periodistas de la Salud","src":"https:\/\/i0.wp.com\/lasprimeras.com.do\/wp-content\/uploads\/2023\/11\/cipesa.jpg?resize=350%2C200&ssl=1","width":350,"height":200,"srcset":"https:\/\/i0.wp.com\/lasprimeras.com.do\/wp-content\/uploads\/2023\/11\/cipesa.jpg?resize=350%2C200&ssl=1 1x, https:\/\/i0.wp.com\/lasprimeras.com.do\/wp-content\/uploads\/2023\/11\/cipesa.jpg?resize=525%2C300&ssl=1 1.5x, https:\/\/i0.wp.com\/lasprimeras.com.do\/wp-content\/uploads\/2023\/11\/cipesa.jpg?resize=700%2C400&ssl=1 2x"},"classes":[]},{"id":59839,"url":"https:\/\/lasprimeras.com.do\/index.php\/2023\/09\/07\/cipesa-reafirma-compromiso-con-salud-en-lucha-contra-el-dengue\/","url_meta":{"origin":60787,"position":2},"title":"Cipesa reafirma compromiso con Salud en lucha contra el dengue","author":"Nelson Feliz","date":"7 de septiembre de 2023","format":false,"excerpt":"El C\u00edrculo de Periodistas de la Salud (Cipesa) reafirm\u00f3 su firme compromiso y respaldo al Ministerio de Salud P\u00fablica (MSP) en su batalla contra el dengue y otras enfermedades transmitidas por vectores. La organizaci\u00f3n, que re\u00fane a profesionales especializados en periodismo de salud, resalt\u00f3 la importancia de la colaboraci\u00f3n de\u2026","rel":"","context":"En \u00abSin categor\u00eda\u00bb","block_context":{"text":"Sin categor\u00eda","link":"https:\/\/lasprimeras.com.do\/index.php\/category\/sin-categoria\/"},"img":{"alt_text":"fumigacion","src":"https:\/\/i0.wp.com\/lasprimeras.com.do\/wp-content\/uploads\/2023\/09\/fumigacion.jpg?resize=350%2C200&ssl=1","width":350,"height":200,"srcset":"https:\/\/i0.wp.com\/lasprimeras.com.do\/wp-content\/uploads\/2023\/09\/fumigacion.jpg?resize=350%2C200&ssl=1 1x, https:\/\/i0.wp.com\/lasprimeras.com.do\/wp-content\/uploads\/2023\/09\/fumigacion.jpg?resize=525%2C300&ssl=1 1.5x, https:\/\/i0.wp.com\/lasprimeras.com.do\/wp-content\/uploads\/2023\/09\/fumigacion.jpg?resize=700%2C400&ssl=1 2x"},"classes":[]},{"id":91653,"url":"https:\/\/lasprimeras.com.do\/index.php\/2024\/11\/30\/carol-martinez-asume-presidencia-cipesa\/","url_meta":{"origin":60787,"position":3},"title":"Carol Mart\u00ednez asume presidencia CIPESA","author":"Nelson Feliz","date":"30 de noviembre de 2024","format":false,"excerpt":"Aboga por acciones beneficien afiliados y la poblaci\u00f3n m\u00e1s pobre. Con el compromiso de transformar vidas, educar a las comunidades y promover pol\u00edticas p\u00fablicas que beneficien a toda la poblaci\u00f3n, fue juramentada la periodista Carol G. Mart\u00ednez Medina como presidenta del C\u00edrculo de Periodistas de la Salud (CIPESA) por el\u2026","rel":"","context":"En \u00abNACIONALES\u00bb","block_context":{"text":"NACIONALES","link":"https:\/\/lasprimeras.com.do\/index.php\/category\/nacionales\/"},"img":{"alt_text":"Carol Mart\u00ednez","src":"https:\/\/i0.wp.com\/lasprimeras.com.do\/wp-content\/uploads\/2024\/11\/Carol-Martinez-2.jpg?resize=350%2C200&ssl=1","width":350,"height":200,"srcset":"https:\/\/i0.wp.com\/lasprimeras.com.do\/wp-content\/uploads\/2024\/11\/Carol-Martinez-2.jpg?resize=350%2C200&ssl=1 1x, https:\/\/i0.wp.com\/lasprimeras.com.do\/wp-content\/uploads\/2024\/11\/Carol-Martinez-2.jpg?resize=525%2C300&ssl=1 1.5x, https:\/\/i0.wp.com\/lasprimeras.com.do\/wp-content\/uploads\/2024\/11\/Carol-Martinez-2.jpg?resize=700%2C400&ssl=1 2x"},"classes":[]},{"id":77435,"url":"https:\/\/lasprimeras.com.do\/index.php\/2024\/02\/21\/cipesa-expresa-pesar-por-la-muerte-del-profesor-adriano-de-la-cruz\/","url_meta":{"origin":60787,"position":4},"title":"Cipesa expresa pesar por la muerte del profesor Adriano de la Cruz","author":"BIMARY DE JES\u00daS Matos","date":"21 de febrero de 2024","format":false,"excerpt":"Martin Restituyo Santo Domingo.-La entidad hace llegar sus condolencias a sus deudos El C\u00edrculo de Periodistas de la Salud (Cipesa) expres\u00f3 sus m\u00e1s sinceras condolencias por el fallecimiento del profesor y expresidente del Colegio Dominicano de Periodistas (CDP), Adriano de la Cruz. Mediante una nota de prensa, la Junta Directiva\u2026","rel":"","context":"En \u00abPORTADA\u00bb","block_context":{"text":"PORTADA","link":"https:\/\/lasprimeras.com.do\/index.php\/category\/portada\/"},"img":{"alt_text":"","src":"https:\/\/i0.wp.com\/lasprimeras.com.do\/wp-content\/uploads\/2024\/02\/IMG-20240221-WA0003.jpg?resize=350%2C200&ssl=1","width":350,"height":200,"srcset":"https:\/\/i0.wp.com\/lasprimeras.com.do\/wp-content\/uploads\/2024\/02\/IMG-20240221-WA0003.jpg?resize=350%2C200&ssl=1 1x, https:\/\/i0.wp.com\/lasprimeras.com.do\/wp-content\/uploads\/2024\/02\/IMG-20240221-WA0003.jpg?resize=525%2C300&ssl=1 1.5x"},"classes":[]},{"id":48632,"url":"https:\/\/lasprimeras.com.do\/index.php\/2023\/05\/02\/cipesa-realizara-tercera-caminata-de-periodistas-por-la-salud\/","url_meta":{"origin":60787,"position":5},"title":"Cipesa realizar\u00e1 tercera caminata de periodistas por la salud","author":"prenxa100","date":"2 de mayo de 2023","format":false,"excerpt":"Santo Domingo, RD. - El C\u00edrculo de Periodistas de la Salud (Cipesa) realizar\u00e1 el s\u00e1bado 6 de mayo la tercera Caminata de Periodistas por la Salud con el objetivo de motivar a esos profesionales a realizar actividades f\u00edsicas. La caminata, que este a\u00f1o est\u00e1 enfocada al 75 aniversario de la\u2026","rel":"","context":"En \u00abNACIONALES\u00bb","block_context":{"text":"NACIONALES","link":"https:\/\/lasprimeras.com.do\/index.php\/category\/nacionales\/"},"img":{"alt_text":"","src":"","width":0,"height":0},"classes":[]}],"jetpack_sharing_enabled":true,"_links":{"self":[{"href":"https:\/\/lasprimeras.com.do\/index.php\/wp-json\/wp\/v2\/posts\/60787","targetHints":{"allow":["GET"]}}],"collection":[{"href":"https:\/\/lasprimeras.com.do\/index.php\/wp-json\/wp\/v2\/posts"}],"about":[{"href":"https:\/\/lasprimeras.com.do\/index.php\/wp-json\/wp\/v2\/types\/post"}],"author":[{"embeddable":true,"href":"https:\/\/lasprimeras.com.do\/index.php\/wp-json\/wp\/v2\/users\/2"}],"replies":[{"embeddable":true,"href":"https:\/\/lasprimeras.com.do\/index.php\/wp-json\/wp\/v2\/comments?post=60787"}],"version-history":[{"count":1,"href":"https:\/\/lasprimeras.com.do\/index.php\/wp-json\/wp\/v2\/posts\/60787\/revisions"}],"predecessor-version":[{"id":60789,"href":"https:\/\/lasprimeras.com.do\/index.php\/wp-json\/wp\/v2\/posts\/60787\/revisions\/60789"}],"wp:featuredmedia":[{"embeddable":true,"href":"https:\/\/lasprimeras.com.do\/index.php\/wp-json\/wp\/v2\/media\/60788"}],"wp:attachment":[{"href":"https:\/\/lasprimeras.com.do\/index.php\/wp-json\/wp\/v2\/media?parent=60787"}],"wp:term":[{"taxonomy":"category","embeddable":true,"href":"https:\/\/lasprimeras.com.do\/index.php\/wp-json\/wp\/v2\/categories?post=60787"},{"taxonomy":"post_tag","embeddable":true,"href":"https:\/\/lasprimeras.com.do\/index.php\/wp-json\/wp\/v2\/tags?post=60787"}],"curies":[{"name":"wp","href":"https:\/\/api.w.org\/{rel}","templated":true}]}}