{"id":60803,"date":"2023-09-18T23:24:06","date_gmt":"2023-09-19T03:24:06","guid":{"rendered":"https:\/\/lasprimeras.com.do\/?p=60803"},"modified":"2023-09-19T08:30:16","modified_gmt":"2023-09-19T12:30:16","slug":"adolescente-muere-aplastada-por-un-camion-y-su-acompanante-herido","status":"publish","type":"post","link":"https:\/\/lasprimeras.com.do\/index.php\/2023\/09\/18\/adolescente-muere-aplastada-por-un-camion-y-su-acompanante-herido\/","title":{"rendered":"Adolescente muere aplastada por un cami\u00f3n y su acompa\u00f1ante herido"},"content":{"rendered":"\n<p>Una adolescentes&nbsp;de 14 a\u00f1os fue aplastada por un cami\u00f3n y su acompa\u00f1ante, es el resultado de un tr\u00e1gico&nbsp; y terrible accidente de tr\u00e1nsito en Hato Mayor.<\/p>\n\n\n\n<p>El hecho ocurri\u00f3 en la calle Restauraci\u00f3n con esquina 27 de Febrero en el sector de Gualey de esta ciudad.<\/p>\n\n\n\n<p>La fallecida fue identificada como Katherine Esteisy Echavarr\u00eda, de 14 a\u00f1os de edad, esta resid\u00eda en el citado sector. Y su deceso se produjo de manera instant\u00e1nea, debido al estado en que qued\u00f3.<\/p>\n\n\n\n<p>Mientras que su acompa\u00f1ante, qui\u00e9n result\u00f3 herido fue identificado como Francis Alberto Ramos Echavarr\u00eda, de 21 a\u00f1os de edad, qui\u00e9n fue trasladado de emergencia a un centro de salud.<\/p>\n\n\n\n<figure class=\"wp-block-image size-full is-resized\"><img decoding=\"async\" src=\"https:\/\/lasprimeras.com.do\/wp-content\/uploads\/2023\/09\/Katherin-Esteisy-Echavaria.jpg\" alt=\"\" class=\"wp-image-60828\" style=\"width:840px;height:533px\" width=\"840\" height=\"533\"\/><\/figure>\n\n\n\n<p>Seg\u00fan versiones de personas que presenciaron la tragedia, aseguran que un cami\u00f3n que participaba en el recorrido de la caravana de Media Chiva por motivos de las Fiestas Patronales impact\u00f3 la motocicleta en que ambos j\u00f3venes se desplazaban en el evento tradicional.<\/p>\n\n\n\n<p>El cuerpo de la joven qued\u00f3 totalmente irreconocible tras el veh\u00edculo pesado pasarle por encima de su anatom\u00eda.<\/p>\n\n\n\n<p>El conductor del cami\u00f3n fue identificado como Luigi Manuel De La Rosa Cede\u00f1o, de 28 a\u00f1os, qui\u00e9n tras el lamentable hecho se entreg\u00f3 a la Digesett para fines de investigaci\u00f3n.<\/p>\n\n\n\n<p>La tragedia ha llenado de tristeza y dolor a todos los hatomayorenses, quienes lamentan lo sucedido.<\/p>\n\n\n\n<p>Fuente: Irentoni Vega<\/p>\n","protected":false},"excerpt":{"rendered":"<p>Una adolescentes&nbsp;de 14 a\u00f1os fue aplastada por un cami\u00f3n y su acompa\u00f1ante, es el resultado de un tr\u00e1gico&nbsp; y terrible accidente de tr\u00e1nsito en Hato Mayor. El hecho ocurri\u00f3 en&hellip;<\/p>\n","protected":false},"author":2,"featured_media":60805,"comment_status":"open","ping_status":"open","sticky":false,"template":"","format":"standard","meta":{"content-type":"","jetpack_post_was_ever_published":false,"_jetpack_newsletter_access":"","_jetpack_dont_email_post_to_subs":false,"_jetpack_newsletter_tier_id":0,"_jetpack_memberships_contains_paywalled_content":false,"_jetpack_memberships_contains_paid_content":false,"footnotes":""},"categories":[35,1],"tags":[2974,7658,2916,307,650],"class_list":["post-60803","post","type-post","status-publish","format-standard","has-post-thumbnail","hentry","category-nacionales","category-sin-categoria","tag-adolescente","tag-aplastada","tag-camion","tag-herido","tag-muere"],"jetpack_featured_media_url":"https:\/\/lasprimeras.com.do\/wp-content\/uploads\/2023\/09\/adolescente-muere-aplastada-por-un-camion-y-su-acompanante-herido.png","jetpack-related-posts":[{"id":73540,"url":"https:\/\/lasprimeras.com.do\/index.php\/2024\/01\/12\/nina-de-2-anos-muere-aplastada-por-un-camion-compactador-del-ayuntamiento-de-licey-al-medio-santiago\/","url_meta":{"origin":60803,"position":0},"title":"Ni\u00f1a de 2 a\u00f1os muere aplastada por un cami\u00f3n compactador del Ayuntamiento de Licey al Medio, Santiago","author":"BIMARY DE JES\u00daS Matos","date":"12 de enero de 2024","format":false,"excerpt":"Santiago.- Una ni\u00f1a de 2 a\u00f1os muri\u00f3 aplastada la ma\u00f1ana de este jueves por un cami\u00f3n compactador de basura del Ayuntamiento de Licey al Medio, Santiago. La v\u00edctima respond\u00eda al nombre de Wasline Dormeus, de nacionalidad haitiana. El hecho ocurrido en la comunidad Monte Adentro, Municipio de Licey al Medio,\u2026","rel":"","context":"En \u00abNACIONALES\u00bb","block_context":{"text":"NACIONALES","link":"https:\/\/lasprimeras.com.do\/index.php\/category\/nacionales\/"},"img":{"alt_text":"","src":"https:\/\/i0.wp.com\/lasprimeras.com.do\/wp-content\/uploads\/2024\/01\/WhatsApp-Image-2024-01-12-at-12.01.49-PM-1.jpeg?resize=350%2C200&ssl=1","width":350,"height":200,"srcset":"https:\/\/i0.wp.com\/lasprimeras.com.do\/wp-content\/uploads\/2024\/01\/WhatsApp-Image-2024-01-12-at-12.01.49-PM-1.jpeg?resize=350%2C200&ssl=1 1x, https:\/\/i0.wp.com\/lasprimeras.com.do\/wp-content\/uploads\/2024\/01\/WhatsApp-Image-2024-01-12-at-12.01.49-PM-1.jpeg?resize=525%2C300&ssl=1 1.5x, https:\/\/i0.wp.com\/lasprimeras.com.do\/wp-content\/uploads\/2024\/01\/WhatsApp-Image-2024-01-12-at-12.01.49-PM-1.jpeg?resize=700%2C400&ssl=1 2x, https:\/\/i0.wp.com\/lasprimeras.com.do\/wp-content\/uploads\/2024\/01\/WhatsApp-Image-2024-01-12-at-12.01.49-PM-1.jpeg?resize=1050%2C600&ssl=1 3x"},"classes":[]},{"id":95071,"url":"https:\/\/lasprimeras.com.do\/index.php\/2025\/03\/08\/caja-de-camion-volteo-aplasta-ambas-piernas-a-un-hombre-en-hato-mayor\/","url_meta":{"origin":60803,"position":1},"title":"Caja de cami\u00f3n volteo aplasta ambas piernas a un hombre en Hato Mayor","author":"Nelson Feliz","date":"8 de marzo de 2025","format":false,"excerpt":"Por Irentoni Vega @viphatomayor Un hombre result\u00f3 con ambas piernas fracturadas tras la caja de carga de un cami\u00f3n volteo caerle encima, en un hecho registrado la noche del viernes en la comunidad de Manchado, perteneciente a este municipio Hato Mayor del Rey. El lesionado fue identificado como Juan Ben\u00edtez,\u2026","rel":"","context":"En \u00abNACIONALES\u00bb","block_context":{"text":"NACIONALES","link":"https:\/\/lasprimeras.com.do\/index.php\/category\/nacionales\/"},"img":{"alt_text":"","src":"https:\/\/i0.wp.com\/lasprimeras.com.do\/wp-content\/uploads\/2025\/03\/piernas.jpg?resize=350%2C200&ssl=1","width":350,"height":200,"srcset":"https:\/\/i0.wp.com\/lasprimeras.com.do\/wp-content\/uploads\/2025\/03\/piernas.jpg?resize=350%2C200&ssl=1 1x, https:\/\/i0.wp.com\/lasprimeras.com.do\/wp-content\/uploads\/2025\/03\/piernas.jpg?resize=525%2C300&ssl=1 1.5x, https:\/\/i0.wp.com\/lasprimeras.com.do\/wp-content\/uploads\/2025\/03\/piernas.jpg?resize=700%2C400&ssl=1 2x, https:\/\/i0.wp.com\/lasprimeras.com.do\/wp-content\/uploads\/2025\/03\/piernas.jpg?resize=1050%2C600&ssl=1 3x, https:\/\/i0.wp.com\/lasprimeras.com.do\/wp-content\/uploads\/2025\/03\/piernas.jpg?resize=1400%2C800&ssl=1 4x"},"classes":[]},{"id":120314,"url":"https:\/\/lasprimeras.com.do\/index.php\/2026\/01\/20\/tragedia-en-san-cristobal-dos-ninos-de-3-y-7-anos-mueren-aplastados-por-un-camion-en-cambita\/","url_meta":{"origin":60803,"position":2},"title":"Tragedia en San Crist\u00f3bal: dos ni\u00f1os de 3 y 7 a\u00f1os mueren aplastados por un cami\u00f3n en Cambita","author":"Nelson Feliz","date":"20 de enero de 2026","format":false,"excerpt":"Dos ni\u00f1os de tres y siete a\u00f1os perdieron la vida la tarde de este martes, tras ser aplastados durante un tr\u00e1gico suceso ocurrido en el kil\u00f3metro 4 de la carretera Cambita, en la provincia San Crist\u00f3bal al sur del pa\u00eds, lo que ha causado gran consternaci\u00f3n y tristeza en toda\u2026","rel":"","context":"En \u00abNACIONALES\u00bb","block_context":{"text":"NACIONALES","link":"https:\/\/lasprimeras.com.do\/index.php\/category\/nacionales\/"},"img":{"alt_text":"","src":"https:\/\/i0.wp.com\/lasprimeras.com.do\/wp-content\/uploads\/2024\/06\/escena.jpeg?resize=350%2C200&ssl=1","width":350,"height":200,"srcset":"https:\/\/i0.wp.com\/lasprimeras.com.do\/wp-content\/uploads\/2024\/06\/escena.jpeg?resize=350%2C200&ssl=1 1x, https:\/\/i0.wp.com\/lasprimeras.com.do\/wp-content\/uploads\/2024\/06\/escena.jpeg?resize=525%2C300&ssl=1 1.5x, https:\/\/i0.wp.com\/lasprimeras.com.do\/wp-content\/uploads\/2024\/06\/escena.jpeg?resize=700%2C400&ssl=1 2x"},"classes":[]},{"id":125712,"url":"https:\/\/lasprimeras.com.do\/index.php\/2026\/03\/25\/patana-aplasta-yipeta-en-el-km-9-de-la-autopista-duarte-conductor-sale-ileso\/","url_meta":{"origin":60803,"position":3},"title":"Patana aplasta yipeta en el KM 9 de la Autopista Duarte; conductor sale ileso","author":"Nelson Feliz","date":"25 de marzo de 2026","format":false,"excerpt":"Por Abd\u00edas Estrella Un aparatoso accidente de tr\u00e1nsito se registr\u00f3 la tarde de este mi\u00e9rcoles en el kil\u00f3metro 9 de la Autopista Duarte, espec\u00edficamente en la entrada de Villa Marina, sector Los R\u00edos, cuando un cami\u00f3n de carga (patana) cargado de barras de hierro se volc\u00f3 sobre una yipeta. El\u2026","rel":"","context":"En \u00abNACIONALES\u00bb","block_context":{"text":"NACIONALES","link":"https:\/\/lasprimeras.com.do\/index.php\/category\/nacionales\/"},"img":{"alt_text":"","src":"https:\/\/i0.wp.com\/lasprimeras.com.do\/wp-content\/uploads\/2026\/03\/port.jpg?resize=350%2C200&ssl=1","width":350,"height":200,"srcset":"https:\/\/i0.wp.com\/lasprimeras.com.do\/wp-content\/uploads\/2026\/03\/port.jpg?resize=350%2C200&ssl=1 1x, https:\/\/i0.wp.com\/lasprimeras.com.do\/wp-content\/uploads\/2026\/03\/port.jpg?resize=525%2C300&ssl=1 1.5x, https:\/\/i0.wp.com\/lasprimeras.com.do\/wp-content\/uploads\/2026\/03\/port.jpg?resize=700%2C400&ssl=1 2x"},"classes":[]},{"id":62963,"url":"https:\/\/lasprimeras.com.do\/index.php\/2023\/10\/09\/mueren-tres-al-volcarse-camion-en-carretera-de-constanza\/","url_meta":{"origin":60803,"position":4},"title":"Mueren tres al volcarse cami\u00f3n en carretera de Constanza","author":"Nelson Feliz","date":"9 de octubre de 2023","format":false,"excerpt":"El cami\u00f3n se desliz\u00f3 en el tramo conocido como El Abanico, luego de que el chofer perdi\u00f3 el control del veh\u00edculo. Tres personas murieron anoche en la carretera Casabito-Constanza al volcarse un cami\u00f3n cargado de vegetales. De los tres fallecidos solo han identificado a Carlos Manuel Monegro Espinosa, de 39\u2026","rel":"","context":"En \u00abNACIONALES\u00bb","block_context":{"text":"NACIONALES","link":"https:\/\/lasprimeras.com.do\/index.php\/category\/nacionales\/"},"img":{"alt_text":"Cami\u00f3n volcado en carretera de Constanza.","src":"https:\/\/i0.wp.com\/lasprimeras.com.do\/wp-content\/uploads\/2023\/10\/accidente.jpg?resize=350%2C200&ssl=1","width":350,"height":200,"srcset":"https:\/\/i0.wp.com\/lasprimeras.com.do\/wp-content\/uploads\/2023\/10\/accidente.jpg?resize=350%2C200&ssl=1 1x, https:\/\/i0.wp.com\/lasprimeras.com.do\/wp-content\/uploads\/2023\/10\/accidente.jpg?resize=525%2C300&ssl=1 1.5x, https:\/\/i0.wp.com\/lasprimeras.com.do\/wp-content\/uploads\/2023\/10\/accidente.jpg?resize=700%2C400&ssl=1 2x"},"classes":[]},{"id":56215,"url":"https:\/\/lasprimeras.com.do\/index.php\/2023\/07\/29\/muere-el-pollo-mientras-recibia-atenciones-medicas-en-el-hospital-dr-antonio-musa\/","url_meta":{"origin":60803,"position":5},"title":"Muere \u201cEl Pollo\u201d mientras recib\u00eda atenciones m\u00e9dicas en el Hospital Dr. Antonio Musa","author":"Nelson Feliz","date":"29 de julio de 2023","format":false,"excerpt":"-Otras cuatro personas resultan detenidas, uno de ellos resulta herido en el enfrentamiento con agentes del DINTEL en Hato Mayor. -Les ocupan armas de fuego, drogas, motocicletas y dispositivos electr\u00f3nicos. Por Martin Restituyo Un presunto delincuente sindicado como integrante de una peligrosa banda cay\u00f3 abatido durante un enfrentamiento con agentes\u2026","rel":"","context":"En \u00abMILITARES\u00bb","block_context":{"text":"MILITARES","link":"https:\/\/lasprimeras.com.do\/index.php\/category\/militares\/"},"img":{"alt_text":"Evidencias","src":"https:\/\/i0.wp.com\/lasprimeras.com.do\/wp-content\/uploads\/2023\/07\/Evidencias-1.jpg?resize=350%2C200&ssl=1","width":350,"height":200,"srcset":"https:\/\/i0.wp.com\/lasprimeras.com.do\/wp-content\/uploads\/2023\/07\/Evidencias-1.jpg?resize=350%2C200&ssl=1 1x, https:\/\/i0.wp.com\/lasprimeras.com.do\/wp-content\/uploads\/2023\/07\/Evidencias-1.jpg?resize=525%2C300&ssl=1 1.5x, https:\/\/i0.wp.com\/lasprimeras.com.do\/wp-content\/uploads\/2023\/07\/Evidencias-1.jpg?resize=700%2C400&ssl=1 2x"},"classes":[]}],"jetpack_sharing_enabled":true,"_links":{"self":[{"href":"https:\/\/lasprimeras.com.do\/index.php\/wp-json\/wp\/v2\/posts\/60803","targetHints":{"allow":["GET"]}}],"collection":[{"href":"https:\/\/lasprimeras.com.do\/index.php\/wp-json\/wp\/v2\/posts"}],"about":[{"href":"https:\/\/lasprimeras.com.do\/index.php\/wp-json\/wp\/v2\/types\/post"}],"author":[{"embeddable":true,"href":"https:\/\/lasprimeras.com.do\/index.php\/wp-json\/wp\/v2\/users\/2"}],"replies":[{"embeddable":true,"href":"https:\/\/lasprimeras.com.do\/index.php\/wp-json\/wp\/v2\/comments?post=60803"}],"version-history":[{"count":3,"href":"https:\/\/lasprimeras.com.do\/index.php\/wp-json\/wp\/v2\/posts\/60803\/revisions"}],"predecessor-version":[{"id":60829,"href":"https:\/\/lasprimeras.com.do\/index.php\/wp-json\/wp\/v2\/posts\/60803\/revisions\/60829"}],"wp:featuredmedia":[{"embeddable":true,"href":"https:\/\/lasprimeras.com.do\/index.php\/wp-json\/wp\/v2\/media\/60805"}],"wp:attachment":[{"href":"https:\/\/lasprimeras.com.do\/index.php\/wp-json\/wp\/v2\/media?parent=60803"}],"wp:term":[{"taxonomy":"category","embeddable":true,"href":"https:\/\/lasprimeras.com.do\/index.php\/wp-json\/wp\/v2\/categories?post=60803"},{"taxonomy":"post_tag","embeddable":true,"href":"https:\/\/lasprimeras.com.do\/index.php\/wp-json\/wp\/v2\/tags?post=60803"}],"curies":[{"name":"wp","href":"https:\/\/api.w.org\/{rel}","templated":true}]}}