{"id":60861,"date":"2023-09-19T13:55:41","date_gmt":"2023-09-19T17:55:41","guid":{"rendered":"https:\/\/lasprimeras.com.do\/?p=60861"},"modified":"2023-09-19T13:55:42","modified_gmt":"2023-09-19T17:55:42","slug":"juez-otorga-plazo-de-15-dias-a-dgii-para-pagar-astreinte-por-mas-de-524-millones","status":"publish","type":"post","link":"https:\/\/lasprimeras.com.do\/index.php\/2023\/09\/19\/juez-otorga-plazo-de-15-dias-a-dgii-para-pagar-astreinte-por-mas-de-524-millones\/","title":{"rendered":"Juez otorga plazo de 15 d\u00edas a DGII para pagar astreinte por m\u00e1s de 524 millones"},"content":{"rendered":"\n<p>La juez de la Segunda Sala de la C\u00e1mara Civil y Comercial del Distrito Nacional, otorg\u00f3 un plazo 15 d\u00edas para escrito justificativo a la Direcci\u00f3n General de Impuestos Internos DGII en la liquidaci\u00f3n &nbsp;astreinte por&nbsp;524 millones 100 mil pesos&nbsp;en favor del abogado Ram\u00f3n Emilio Concepci\u00f3n, por incumplir una sentencia del Tribunal Constitucional.<\/p>\n\n\n\n<p>La magistrada Nidia Victoria Jorge Taveras, para abocarse a conocer el fondo del proceso rechaz\u00f3 el pedimento del Ministerio P\u00fablico que buscaba el aplazamiento de la audiencia y lo conmin\u00f3 a concluir al fondo.<\/p>\n\n\n\n<p>La jueza otorg\u00f3 adem\u00e1s 10 d\u00edas para la r\u00e9plica y contrarr\u00e9plica. Se ha llegado a esa suma porque han transcurrido 5 mil 241 d\u00edas a cien mil pesos cada d\u00eda por la terquedad del Estado en este caso DGII por estar torpedeando la sentencia del m\u00e1s alto tribunal de la Rep\u00fablica.<\/p>\n\n\n\n<p>El abogado Ram\u00f3n Emilio Concepci\u00f3n, calific\u00f3 como una l\u00e1stima que el Ministerio P\u00fablico que est\u00e1 obligado por mandato constitucional hacer ejecutar la sentencia del Tribunal Constitucional acudi\u00f3 a la audiencia a dar un espect\u00e1culo degradante pidiendo un aplazamiento a pesar de que las instituciones estaban debidamente citadas cuando el Estado est\u00e1 comprometido.<\/p>\n\n\n\n<p>Ellos, tratando de hacer creer que por venir un nuevo abogado podr\u00eda alegar violaci\u00f3n al derecho de defensa\u201d, planteamiento que fue rechazado&nbsp; &nbsp;un proceso que es solo es para liquidar el astreinte.<\/p>\n\n\n\n<p>En su desacato a la decisi\u00f3n del m\u00e1ximo tribunal del pa\u00eds, la DGII prefiri\u00f3 interponer una demanda de interpretaci\u00f3n de sentencia del Tribunal Constitucional ante un tribunal de menor grado, para dilatar el pago de la astreinte (sanci\u00f3n econ\u00f3mica) &nbsp;pero como en la vida todo los plazos se cumplen a la DGII,&nbsp; le lleg\u00f3 la hora de tener que pagar ese monto por el &nbsp;astreinte en una decisi\u00f3n que adquiri\u00f3 la cosa irrevocablemente juzgada.<\/p>\n\n\n\n<p>La DGII figura en la relaci\u00f3n que el Tribunal Constitucional remiti\u00f3 al consultor jur\u00eddico del Poder Ejecutivo, entre las de instituciones del gobierno que incumplen las decisiones del m\u00e1s alto tribunal.<\/p>\n\n\n\n<p>El Tribunal Constitucional declin\u00f3 ante la Segunda Sala de la C\u00e1mara Civil y Comercial del Distrito Nacional, \u00fanica y exclusivamente para su liquidaci\u00f3n, sin embargo, ahora trata de revisar una sentencia del m\u00e1s alto tribunal.<\/p>\n\n\n\n<p>La sentencia, es la n\u00famero 0358\/09 que tiene la autoridad de la cosa irrevocablemente juzgada, m\u00e1s el aspecto vinculante que tienen todas las sentencias dictadas por el Tribunal Constitucional.<\/p>\n\n\n\n<p>Calific\u00f3 como un absurdo que la Direcci\u00f3n General de Impuestos Internos DGII pretenda que un juez de primera instancia int\u00e9rprete una decisi\u00f3n del Tribunal Constitucional.<\/p>\n\n\n\n<p>\u201cEst\u00e1n pretendiendo que un juez de primera instancia anule dos sentencias que ya dict\u00f3 el Tribunal Constitucional, lo que ser\u00eda romper el Estado de Derecho, el principio de legalidad y empezar una especie de autoritarismo legal en la Rep\u00fablica Dominicana, eso es un terrorismo judicial\u201d.<\/p>\n\n\n\n<p>El Tribunal Constitucional orden\u00f3 a la DGII levantar el impedimento que pesaba sobre los inmuebles mencionados; lo hicieron en enero del 2021, cuando ya era definitiva la decisi\u00f3n del 2009, por efecto de la sentencia que dict\u00f3 el Tribunal Constitucional en agosto del 2020 y no pagaron la astreinte que le fue impuesto.<\/p>\n","protected":false},"excerpt":{"rendered":"<p>La juez de la Segunda Sala de la C\u00e1mara Civil y Comercial del Distrito Nacional, otorg\u00f3 un plazo 15 d\u00edas para escrito justificativo a la Direcci\u00f3n General de Impuestos Internos&hellip;<\/p>\n","protected":false},"author":2,"featured_media":60714,"comment_status":"open","ping_status":"open","sticky":false,"template":"","format":"standard","meta":{"content-type":"","jetpack_post_was_ever_published":false,"_jetpack_newsletter_access":"","_jetpack_dont_email_post_to_subs":false,"_jetpack_newsletter_tier_id":0,"_jetpack_memberships_contains_paywalled_content":false,"_jetpack_memberships_contains_paid_content":false,"footnotes":""},"categories":[289,25],"tags":[7621,817,1355,7677,7623,6981,134,2708,2523],"class_list":["post-60861","post","type-post","status-publish","format-standard","has-post-thumbnail","hentry","category-justicia","category-portada","tag-astreinte","tag-dgii","tag-juez","tag-justificativo","tag-liquidacion","tag-otorga","tag-pagar","tag-plazo","tag-tribunal-constitucional"],"jetpack_featured_media_url":"https:\/\/lasprimeras.com.do\/wp-content\/uploads\/2023\/09\/Ramon-Emilio-Concepcion-1.jpg","jetpack-related-posts":[{"id":60711,"url":"https:\/\/lasprimeras.com.do\/index.php\/2023\/09\/18\/dgii-busca-dilatar-pago-rd516-500-millones-al-abogado-ramon-emilio-concepcion\/","url_meta":{"origin":60861,"position":0},"title":"DGII busca dilatar pago RD$516.500 millones al abogado Ram\u00f3n Emilio Concepci\u00f3n","author":"Nelson Feliz","date":"18 de septiembre de 2023","format":false,"excerpt":"Audiencia ser\u00e1 el martes, 19 de septiembre a las 9:00 de la ma\u00f1ana. La Direcci\u00f3n General de Impuestos Internos DGII pretende que un juez de Primera Instancia anule dos sentencias del Tribunal Constitucional ordenan la liquidaci\u00f3n de la astreinte que a la fecha asciende a la suma de 516 millones\u2026","rel":"","context":"En \u00abECONOM\u00cdA\u00bb","block_context":{"text":"ECONOM\u00cdA","link":"https:\/\/lasprimeras.com.do\/index.php\/category\/economia\/"},"img":{"alt_text":"","src":"https:\/\/i0.wp.com\/lasprimeras.com.do\/wp-content\/uploads\/2023\/09\/Ramon-Emilio-Concepcion-1.jpg?resize=350%2C200&ssl=1","width":350,"height":200},"classes":[]},{"id":54492,"url":"https:\/\/lasprimeras.com.do\/index.php\/2023\/07\/11\/juez-aplaza-para-septiembre-demanda-interpretacion-de-sentencia-definitiva-del-tc\/","url_meta":{"origin":60861,"position":1},"title":"Juez aplaza para septiembre demanda interpretaci\u00f3n de sentencia definitiva del TC","author":"Nelson Feliz","date":"11 de julio de 2023","format":false,"excerpt":"\u00a0Evaluar\u00e1 si procede fusi\u00f3n expediente con liquidaci\u00f3n astreinte de 508 millones. La juez de la Segunda Sala de la C\u00e1mara Civil y Comercial del Distrito Nacional aplaz\u00f3 para el martes 19 de septiembre audiencia para evaluar si procede la solicitud de fusi\u00f3n expediente de interpretaci\u00f3n de sentencia del Tribunal Constitucional\u2026","rel":"","context":"En \u00abJUSTICIA\u00bb","block_context":{"text":"JUSTICIA","link":"https:\/\/lasprimeras.com.do\/index.php\/category\/justicia\/"},"img":{"alt_text":"","src":"https:\/\/i0.wp.com\/lasprimeras.com.do\/wp-content\/uploads\/2023\/07\/Ramon-Emilio-tribunal-.jpg?resize=350%2C200&ssl=1","width":350,"height":200,"srcset":"https:\/\/i0.wp.com\/lasprimeras.com.do\/wp-content\/uploads\/2023\/07\/Ramon-Emilio-tribunal-.jpg?resize=350%2C200&ssl=1 1x, https:\/\/i0.wp.com\/lasprimeras.com.do\/wp-content\/uploads\/2023\/07\/Ramon-Emilio-tribunal-.jpg?resize=525%2C300&ssl=1 1.5x, https:\/\/i0.wp.com\/lasprimeras.com.do\/wp-content\/uploads\/2023\/07\/Ramon-Emilio-tribunal-.jpg?resize=700%2C400&ssl=1 2x"},"classes":[]},{"id":51278,"url":"https:\/\/lasprimeras.com.do\/index.php\/2023\/05\/30\/dgii-se-nego-a-entregar-de-boca-mas-de-rd500-millones-al-abogado-concepcion\/","url_meta":{"origin":60861,"position":2},"title":"DGII se neg\u00f3 a entregar \u201cde boca\u201d m\u00e1s de RD$500 millones al abogado Concepci\u00f3n","author":"prenxa100","date":"30 de mayo de 2023","format":false,"excerpt":"SANTO DOMINGO.-.La Direcci\u00f3n General de Impuestos Internos (DGII) salud\u00f3 la decisi\u00f3n del Tribunal Constitucional que ha logrado proteger m\u00e1s de 500 millones de pesos pertenecientes al pueblo dominicano y que el abogado Ram\u00f3n Emilio Concepci\u00f3n ha estado tratando de que les sean transferidos estos fondos por el pago de una\u2026","rel":"","context":"En \u00abECONOM\u00cdA\u00bb","block_context":{"text":"ECONOM\u00cdA","link":"https:\/\/lasprimeras.com.do\/index.php\/category\/economia\/"},"img":{"alt_text":"","src":"","width":0,"height":0},"classes":[]},{"id":51181,"url":"https:\/\/lasprimeras.com.do\/index.php\/2023\/05\/29\/tc-impone-sancion-economica-definitiva-a-la-dgii\/","url_meta":{"origin":60861,"position":3},"title":"TC impone sanci\u00f3n econ\u00f3mica definitiva a la DGII","author":"prenxa100","date":"29 de mayo de 2023","format":false,"excerpt":"La suma que tiene que pagar DGII asciende a 508 millones. SANTO DOMINGO.-.El Tribunal Constitucional convirti\u00f3 en definitiva la sentencia que impone el astreinte (sanci\u00f3n econ\u00f3mica), a la Direcci\u00f3n General de Impuestos Internos (DGII), suma que a la fecha asciende a 508 millones de pesos, que deber\u00e1 pagar al abogado\u2026","rel":"","context":"En \u00abECONOM\u00cdA\u00bb","block_context":{"text":"ECONOM\u00cdA","link":"https:\/\/lasprimeras.com.do\/index.php\/category\/economia\/"},"img":{"alt_text":"","src":"","width":0,"height":0},"classes":[]},{"id":81718,"url":"https:\/\/lasprimeras.com.do\/index.php\/2024\/04\/24\/dgii-otorgara-plazo-factura-electronica\/","url_meta":{"origin":60861,"position":4},"title":"DGII otorgar\u00e1 plazo factura electr\u00f3nica","author":"BIMARY DE JES\u00daS Matos","date":"24 de abril de 2024","format":false,"excerpt":"Santo Domingo .-Los grandes contribuyentes que no hayan completado el proceso para emitir factura electr\u00f3nica deben solicitar a la Direcci\u00f3n General de Impuestos Internos ser incluidos en la pr\u00f3rroga que abri\u00f3 ayer esa entidad. Los mismos deben enviar una carta timbrada, firmada y sellada indicando el plazo requerido, motivo de\u2026","rel":"","context":"En \u00abPORTADA\u00bb","block_context":{"text":"PORTADA","link":"https:\/\/lasprimeras.com.do\/index.php\/category\/portada\/"},"img":{"alt_text":"","src":"https:\/\/i0.wp.com\/lasprimeras.com.do\/wp-content\/uploads\/2024\/04\/WhatsApp-Image-2024-04-23-at-10.32.54-AM-6.jpeg?resize=350%2C200&ssl=1","width":350,"height":200,"srcset":"https:\/\/i0.wp.com\/lasprimeras.com.do\/wp-content\/uploads\/2024\/04\/WhatsApp-Image-2024-04-23-at-10.32.54-AM-6.jpeg?resize=350%2C200&ssl=1 1x, https:\/\/i0.wp.com\/lasprimeras.com.do\/wp-content\/uploads\/2024\/04\/WhatsApp-Image-2024-04-23-at-10.32.54-AM-6.jpeg?resize=525%2C300&ssl=1 1.5x, https:\/\/i0.wp.com\/lasprimeras.com.do\/wp-content\/uploads\/2024\/04\/WhatsApp-Image-2024-04-23-at-10.32.54-AM-6.jpeg?resize=700%2C400&ssl=1 2x, https:\/\/i0.wp.com\/lasprimeras.com.do\/wp-content\/uploads\/2024\/04\/WhatsApp-Image-2024-04-23-at-10.32.54-AM-6.jpeg?resize=1050%2C600&ssl=1 3x"},"classes":[]},{"id":120336,"url":"https:\/\/lasprimeras.com.do\/index.php\/2026\/01\/22\/dgii-advierte-no-habra-prorroga-para-renovar-el-marbete\/","url_meta":{"origin":60861,"position":5},"title":"DGII advierte no habr\u00e1 pr\u00f3rroga para renovar el marbete","author":"Nelson Feliz","date":"22 de enero de 2026","format":false,"excerpt":"Hasta este jueves m\u00e1s de 709,000 propietarios de veh\u00edculos faltaban por pagar el impuesto. La Direcci\u00f3n General de Impuestos Internos (DGII) advirti\u00f3 este jueves a los 709,677 propietarios de veh\u00edculo que faltan por renovar que no habr\u00e1 pr\u00f3rroga para el pago de ese tributo. Faltando solo 10 d\u00edas para cumplirse\u2026","rel":"","context":"En \u00abECONOM\u00cdA\u00bb","block_context":{"text":"ECONOM\u00cdA","link":"https:\/\/lasprimeras.com.do\/index.php\/category\/economia\/"},"img":{"alt_text":"","src":"https:\/\/i0.wp.com\/lasprimeras.com.do\/wp-content\/uploads\/2026\/01\/Marbete.jpg?resize=350%2C200&ssl=1","width":350,"height":200},"classes":[]}],"jetpack_sharing_enabled":true,"_links":{"self":[{"href":"https:\/\/lasprimeras.com.do\/index.php\/wp-json\/wp\/v2\/posts\/60861","targetHints":{"allow":["GET"]}}],"collection":[{"href":"https:\/\/lasprimeras.com.do\/index.php\/wp-json\/wp\/v2\/posts"}],"about":[{"href":"https:\/\/lasprimeras.com.do\/index.php\/wp-json\/wp\/v2\/types\/post"}],"author":[{"embeddable":true,"href":"https:\/\/lasprimeras.com.do\/index.php\/wp-json\/wp\/v2\/users\/2"}],"replies":[{"embeddable":true,"href":"https:\/\/lasprimeras.com.do\/index.php\/wp-json\/wp\/v2\/comments?post=60861"}],"version-history":[{"count":1,"href":"https:\/\/lasprimeras.com.do\/index.php\/wp-json\/wp\/v2\/posts\/60861\/revisions"}],"predecessor-version":[{"id":60862,"href":"https:\/\/lasprimeras.com.do\/index.php\/wp-json\/wp\/v2\/posts\/60861\/revisions\/60862"}],"wp:featuredmedia":[{"embeddable":true,"href":"https:\/\/lasprimeras.com.do\/index.php\/wp-json\/wp\/v2\/media\/60714"}],"wp:attachment":[{"href":"https:\/\/lasprimeras.com.do\/index.php\/wp-json\/wp\/v2\/media?parent=60861"}],"wp:term":[{"taxonomy":"category","embeddable":true,"href":"https:\/\/lasprimeras.com.do\/index.php\/wp-json\/wp\/v2\/categories?post=60861"},{"taxonomy":"post_tag","embeddable":true,"href":"https:\/\/lasprimeras.com.do\/index.php\/wp-json\/wp\/v2\/tags?post=60861"}],"curies":[{"name":"wp","href":"https:\/\/api.w.org\/{rel}","templated":true}]}}