{"id":60934,"date":"2023-09-20T12:28:26","date_gmt":"2023-09-20T16:28:26","guid":{"rendered":"https:\/\/lasprimeras.com.do\/?p=60934"},"modified":"2023-09-20T12:28:27","modified_gmt":"2023-09-20T16:28:27","slug":"suben-400-permisos-mensuales-medio-ambiente-para-extraccion","status":"publish","type":"post","link":"https:\/\/lasprimeras.com.do\/index.php\/2023\/09\/20\/suben-400-permisos-mensuales-medio-ambiente-para-extraccion\/","title":{"rendered":"Suben 400% permisos mensuales Medio Ambiente para extracci\u00f3n"},"content":{"rendered":"\n<p>La Uni\u00f3n Empresarial Dominicana (UED), denunci\u00f3 que el Ministerio de Medio Ambiente y Recursos Naturales, aument\u00f3 en un 400 % los permisos temporales para la extracci\u00f3n de materiales no met\u00e1licos, se niega a otorgarlos de manera definitiva y les obliga a pagar por un m\u00ednimo de quince mil metros c\u00fabicos por adelantado, cantidad altamente excesiva para el peque\u00f1o y mediano empresario.<\/p>\n\n\n\n<p>Diorys Pol, vicepresidente del organismo, detall\u00f3 que el costo mensual del permiso provisional se increment\u00f3 de 60,000 a 240,000 pesos de \u201cun golpe y porrazo\u201d, mientras se niegan a otorgar las licencias definitivas por las que, solo en los estudios de impacto ambiental, se invirti\u00f3 hasta un mill\u00f3n de pesos.<\/p>\n\n\n\n<p>Asegur\u00f3 que esta irracional medida, impactar\u00e1 negativamente, adem\u00e1s de los empresarios del sector, a todas las construcciones viales y civiles de la Rep\u00fablica, \u201clos precios se incrementaran considerablemente al consumidor final, que es el mismo gobierno y particulares, ya que no podemos asumir los altos costos.\u201d<\/p>\n\n\n\n<p>Adem\u00e1s, denunci\u00f3 que las empresas peque\u00f1as y medianas son v\u00edctimas de acciones arbitrarias por parte del Servicio Nacional de Protecci\u00f3n Ambiental (SENPA) afectando su operatividad.<\/p>\n\n\n\n<p>Explic\u00f3 igualmente que los permisos provisionales otorgados por el Ministerio de Medio Ambiente se atrasan debido a la falta de conocimiento del tema de parte del personal del \u00e1rea y la burocracia.<\/p>\n\n\n\n<p>\u201cEl m\u00e9todo es altamente burocr\u00e1tico e infuncional, estimula la corrupci\u00f3n, nos siguen obligando a pagar por adelantado los quince mil metros c\u00fabicos, aunque no vendamos esa cantidad al mes, tenemos temor de hacer inversiones porque en cualquier momento engavetan tu carta y no puedes operar y por consiguiente te quedas sin empresa y con fuertes deudas, no hay garant\u00edas para seguir apostando al sector\u201d, agreg\u00f3 Pol.<\/p>\n","protected":false},"excerpt":{"rendered":"<p>La Uni\u00f3n Empresarial Dominicana (UED), denunci\u00f3 que el Ministerio de Medio Ambiente y Recursos Naturales, aument\u00f3 en un 400 % los permisos temporales para la extracci\u00f3n de materiales no met\u00e1licos,&hellip;<\/p>\n","protected":false},"author":2,"featured_media":60935,"comment_status":"open","ping_status":"open","sticky":false,"template":"","format":"standard","meta":{"content-type":"","jetpack_post_was_ever_published":false,"_jetpack_newsletter_access":"","_jetpack_dont_email_post_to_subs":false,"_jetpack_newsletter_tier_id":0,"_jetpack_memberships_contains_paywalled_content":false,"_jetpack_memberships_contains_paid_content":false,"footnotes":""},"categories":[35,25],"tags":[7702,563,7703,7701,27],"class_list":["post-60934","post","type-post","status-publish","format-standard","has-post-thumbnail","hentry","category-nacionales","category-portada","tag-extraccion","tag-medio-ambiente","tag-mensuales","tag-permisos","tag-suben"],"jetpack_featured_media_url":"https:\/\/lasprimeras.com.do\/wp-content\/uploads\/2023\/09\/Medio-Ambiente.jpg","jetpack-related-posts":[{"id":120795,"url":"https:\/\/lasprimeras.com.do\/index.php\/2026\/01\/27\/medio-ambiente-interviene-mina-de-agregados-en-nigua\/","url_meta":{"origin":60934,"position":0},"title":"Medio Ambiente interviene mina de agregados en Nigua","author":"Nelson Feliz","date":"27 de enero de 2026","format":false,"excerpt":"El Ministerio de Medio Ambiente y Recursos Naturales, a trav\u00e9s del Viceministerio de Suelos y Aguas, la Procuradur\u00eda Especializada para la Protecci\u00f3n del Medio Ambiente y los Recursos Naturales y el Servicio Nacional de Protecci\u00f3n Ambiental (SENPA), intervino la mina de agregados Aremax, la cual operaba de manera ilegal en\u2026","rel":"","context":"En \u00abMEDIO AMBIENTE\u00bb","block_context":{"text":"MEDIO AMBIENTE","link":"https:\/\/lasprimeras.com.do\/index.php\/category\/medio-ambiente\/"},"img":{"alt_text":"","src":"https:\/\/i0.wp.com\/lasprimeras.com.do\/wp-content\/uploads\/2026\/01\/unaaa.jpg?resize=350%2C200&ssl=1","width":350,"height":200,"srcset":"https:\/\/i0.wp.com\/lasprimeras.com.do\/wp-content\/uploads\/2026\/01\/unaaa.jpg?resize=350%2C200&ssl=1 1x, https:\/\/i0.wp.com\/lasprimeras.com.do\/wp-content\/uploads\/2026\/01\/unaaa.jpg?resize=525%2C300&ssl=1 1.5x, https:\/\/i0.wp.com\/lasprimeras.com.do\/wp-content\/uploads\/2026\/01\/unaaa.jpg?resize=700%2C400&ssl=1 2x"},"classes":[]},{"id":90147,"url":"https:\/\/lasprimeras.com.do\/index.php\/2024\/10\/14\/ambientalistas-advierten-proyectos-mineros-como-en-el-cachon-requieren-el-permiso-social\/","url_meta":{"origin":60934,"position":1},"title":"Ambientalistas advierten proyectos mineros como en El Cach\u00f3n requieren el permiso social","author":"Nelson Feliz","date":"14 de octubre de 2024","format":false,"excerpt":"Varios expertos ambientalistas aseguraron que para la realizaci\u00f3n de cualquier proyecto minero en Rep\u00fablica Dominicana como el caso de la grancera en el distrito municipal de El Cach\u00f3n, provincia Barahona, se requiere del permiso social ambiental, que es el que otorga la comunidad y que est\u00e1 contemplado en la ley.\u2026","rel":"","context":"En \u00abNACIONALES\u00bb","block_context":{"text":"NACIONALES","link":"https:\/\/lasprimeras.com.do\/index.php\/category\/nacionales\/"},"img":{"alt_text":"Luis Carvajal","src":"https:\/\/i0.wp.com\/lasprimeras.com.do\/wp-content\/uploads\/2024\/10\/Luis-Carvajal.jpg?resize=350%2C200&ssl=1","width":350,"height":200,"srcset":"https:\/\/i0.wp.com\/lasprimeras.com.do\/wp-content\/uploads\/2024\/10\/Luis-Carvajal.jpg?resize=350%2C200&ssl=1 1x, https:\/\/i0.wp.com\/lasprimeras.com.do\/wp-content\/uploads\/2024\/10\/Luis-Carvajal.jpg?resize=525%2C300&ssl=1 1.5x, https:\/\/i0.wp.com\/lasprimeras.com.do\/wp-content\/uploads\/2024\/10\/Luis-Carvajal.jpg?resize=700%2C400&ssl=1 2x"},"classes":[]},{"id":57401,"url":"https:\/\/lasprimeras.com.do\/index.php\/2023\/08\/12\/allanan-minas-que-operaban-de-manera-irregular-en-la-vega\/","url_meta":{"origin":60934,"position":2},"title":"Allanan minas que operaban de manera irregular en La Vega","author":"Nelson Feliz","date":"12 de agosto de 2023","format":false,"excerpt":"Durante los allanamientos tambi\u00e9n arrestaron a varias personas. La Procuradur\u00eda Especializada para la Defensa del Medio Ambiente y los Recursos Naturales (Proedemaren) ejecut\u00f3 este s\u00e1bado allanamientos e inspecciones en varias minas ubicadas en el sector Guaco, de La Vega, por dedicarse a la extracci\u00f3n, procesamiento y ventas de agregados, sin\u2026","rel":"","context":"En \u00abNACIONALES\u00bb","block_context":{"text":"NACIONALES","link":"https:\/\/lasprimeras.com.do\/index.php\/category\/nacionales\/"},"img":{"alt_text":"mina","src":"https:\/\/i0.wp.com\/lasprimeras.com.do\/wp-content\/uploads\/2023\/08\/mina.jpeg?resize=350%2C200&ssl=1","width":350,"height":200,"srcset":"https:\/\/i0.wp.com\/lasprimeras.com.do\/wp-content\/uploads\/2023\/08\/mina.jpeg?resize=350%2C200&ssl=1 1x, https:\/\/i0.wp.com\/lasprimeras.com.do\/wp-content\/uploads\/2023\/08\/mina.jpeg?resize=525%2C300&ssl=1 1.5x, https:\/\/i0.wp.com\/lasprimeras.com.do\/wp-content\/uploads\/2023\/08\/mina.jpeg?resize=700%2C400&ssl=1 2x"},"classes":[]},{"id":120844,"url":"https:\/\/lasprimeras.com.do\/index.php\/2026\/01\/28\/medio-ambiente-informa-sobre-derrumbe-en-la-mina-el-cangrejo-en-sosua\/","url_meta":{"origin":60934,"position":3},"title":"Medio Ambiente informa sobre derrumbe en la mina El Cangrejo en Sos\u00faa","author":"Nelson Feliz","date":"28 de enero de 2026","format":false,"excerpt":"El Ministerio de Medio Ambiente y Recursos Naturales inform\u00f3 que se produjo un derrumbe en la mina de materiales conocida como El Cangrejo, ubicada en el sector Mar\u00eda La O de la comunidad Los Cangrejos, municipio Sos\u00faa, provincia Puerto Plata, hecho en el que fallecieron dos personas, padre e hijo,\u2026","rel":"","context":"En \u00abMEDIO AMBIENTE\u00bb","block_context":{"text":"MEDIO AMBIENTE","link":"https:\/\/lasprimeras.com.do\/index.php\/category\/medio-ambiente\/"},"img":{"alt_text":"","src":"https:\/\/i0.wp.com\/lasprimeras.com.do\/wp-content\/uploads\/2026\/01\/derrumbre-1.jpg?resize=350%2C200&ssl=1","width":350,"height":200,"srcset":"https:\/\/i0.wp.com\/lasprimeras.com.do\/wp-content\/uploads\/2026\/01\/derrumbre-1.jpg?resize=350%2C200&ssl=1 1x, https:\/\/i0.wp.com\/lasprimeras.com.do\/wp-content\/uploads\/2026\/01\/derrumbre-1.jpg?resize=525%2C300&ssl=1 1.5x, https:\/\/i0.wp.com\/lasprimeras.com.do\/wp-content\/uploads\/2026\/01\/derrumbre-1.jpg?resize=700%2C400&ssl=1 2x"},"classes":[]},{"id":84425,"url":"https:\/\/lasprimeras.com.do\/index.php\/2024\/06\/08\/tejada-denuncia-conflicto-entre-medio-ambiente-y-acoprovi-sobre-retraso-permisos-ambientales\/","url_meta":{"origin":60934,"position":4},"title":"Tejada denuncia conflicto entre Medio Ambiente y Acoprovi sobre retraso permisos ambientales","author":"Nelson Feliz","date":"8 de junio de 2024","format":false,"excerpt":"El ex presidente del Colegio Dominicano de Ingenieros, Arquitectos y Agrimensores (CODIA), Ing. Teodoro Tejada declar\u00f3 como \u201cpreocupante y peligroso\u201d el conflicto que se ha generado entre el Ministerio de Medio Ambiente y la Asociaci\u00f3n Dominicana de Constructores y Promotores de Viviendas (Acoprovi), por el retraso en los permisos ambientales\u2026","rel":"","context":"En \u00abNACIONALES\u00bb","block_context":{"text":"NACIONALES","link":"https:\/\/lasprimeras.com.do\/index.php\/category\/nacionales\/"},"img":{"alt_text":"Teodoro Tejada","src":"https:\/\/i0.wp.com\/lasprimeras.com.do\/wp-content\/uploads\/2024\/06\/Teodoro-Tejada.jpg?resize=350%2C200&ssl=1","width":350,"height":200,"srcset":"https:\/\/i0.wp.com\/lasprimeras.com.do\/wp-content\/uploads\/2024\/06\/Teodoro-Tejada.jpg?resize=350%2C200&ssl=1 1x, https:\/\/i0.wp.com\/lasprimeras.com.do\/wp-content\/uploads\/2024\/06\/Teodoro-Tejada.jpg?resize=525%2C300&ssl=1 1.5x, https:\/\/i0.wp.com\/lasprimeras.com.do\/wp-content\/uploads\/2024\/06\/Teodoro-Tejada.jpg?resize=700%2C400&ssl=1 2x, https:\/\/i0.wp.com\/lasprimeras.com.do\/wp-content\/uploads\/2024\/06\/Teodoro-Tejada.jpg?resize=1050%2C600&ssl=1 3x"},"classes":[]},{"id":84367,"url":"https:\/\/lasprimeras.com.do\/index.php\/2024\/06\/06\/ambientalistas-opuestos-a-instalacion-de-grancera-en-cachon-barahona\/","url_meta":{"origin":60934,"position":5},"title":"Ambientalistas opuestos a instalaci\u00f3n de grancera en Cach\u00f3n-Barahona","author":"Nelson Feliz","date":"6 de junio de 2024","format":false,"excerpt":"Al celebrarse este mi\u00e9rcoles el D\u00eda Mundial del Medio Ambiente, bajo el lema \u201cNuestras tierras. Nuestro futuro\", las tierras de esta provincia Barahona se encuentran amenazadas por un empresario ocoe\u00f1o el cual pretende instalar una grancera en el Distrito Municipal El Cach\u00f3n. Comunitarios y grupos ambientalistas, se oponen a la\u2026","rel":"","context":"En \u00abNACIONALES\u00bb","block_context":{"text":"NACIONALES","link":"https:\/\/lasprimeras.com.do\/index.php\/category\/nacionales\/"},"img":{"alt_text":"","src":"https:\/\/i0.wp.com\/lasprimeras.com.do\/wp-content\/uploads\/2024\/06\/Gracera.jpg?resize=350%2C200&ssl=1","width":350,"height":200,"srcset":"https:\/\/i0.wp.com\/lasprimeras.com.do\/wp-content\/uploads\/2024\/06\/Gracera.jpg?resize=350%2C200&ssl=1 1x, https:\/\/i0.wp.com\/lasprimeras.com.do\/wp-content\/uploads\/2024\/06\/Gracera.jpg?resize=525%2C300&ssl=1 1.5x"},"classes":[]}],"jetpack_sharing_enabled":true,"_links":{"self":[{"href":"https:\/\/lasprimeras.com.do\/index.php\/wp-json\/wp\/v2\/posts\/60934","targetHints":{"allow":["GET"]}}],"collection":[{"href":"https:\/\/lasprimeras.com.do\/index.php\/wp-json\/wp\/v2\/posts"}],"about":[{"href":"https:\/\/lasprimeras.com.do\/index.php\/wp-json\/wp\/v2\/types\/post"}],"author":[{"embeddable":true,"href":"https:\/\/lasprimeras.com.do\/index.php\/wp-json\/wp\/v2\/users\/2"}],"replies":[{"embeddable":true,"href":"https:\/\/lasprimeras.com.do\/index.php\/wp-json\/wp\/v2\/comments?post=60934"}],"version-history":[{"count":1,"href":"https:\/\/lasprimeras.com.do\/index.php\/wp-json\/wp\/v2\/posts\/60934\/revisions"}],"predecessor-version":[{"id":60936,"href":"https:\/\/lasprimeras.com.do\/index.php\/wp-json\/wp\/v2\/posts\/60934\/revisions\/60936"}],"wp:featuredmedia":[{"embeddable":true,"href":"https:\/\/lasprimeras.com.do\/index.php\/wp-json\/wp\/v2\/media\/60935"}],"wp:attachment":[{"href":"https:\/\/lasprimeras.com.do\/index.php\/wp-json\/wp\/v2\/media?parent=60934"}],"wp:term":[{"taxonomy":"category","embeddable":true,"href":"https:\/\/lasprimeras.com.do\/index.php\/wp-json\/wp\/v2\/categories?post=60934"},{"taxonomy":"post_tag","embeddable":true,"href":"https:\/\/lasprimeras.com.do\/index.php\/wp-json\/wp\/v2\/tags?post=60934"}],"curies":[{"name":"wp","href":"https:\/\/api.w.org\/{rel}","templated":true}]}}