{"id":60948,"date":"2023-09-20T14:00:15","date_gmt":"2023-09-20T18:00:15","guid":{"rendered":"https:\/\/lasprimeras.com.do\/?p=60948"},"modified":"2023-09-20T14:00:16","modified_gmt":"2023-09-20T18:00:16","slug":"rd-sera-sede-del-seminario-internacional-transicion-ecologica-industrializacion-de-residuos-solidos-y-limpieza-del-rio-ozama","status":"publish","type":"post","link":"https:\/\/lasprimeras.com.do\/index.php\/2023\/09\/20\/rd-sera-sede-del-seminario-internacional-transicion-ecologica-industrializacion-de-residuos-solidos-y-limpieza-del-rio-ozama\/","title":{"rendered":"RD ser\u00e1 sede del Seminario Internacional Transici\u00f3n Ecol\u00f3gica, Industrializaci\u00f3n de Residuos S\u00f3lidos y Limpieza del R\u00edo Ozama"},"content":{"rendered":"\n<p>El Primer Seminario Internacional \u201cTransici\u00f3n Ecol\u00f3gica, Industrializaci\u00f3n de Residuos S\u00f3lidos y Saneamiento del R\u00edo Ozama\u201d, que reunir\u00e1 expertos nacionales e internacionales, se llevar\u00e1 a cabo los d\u00edas 21, 22 y 23 de septiembre.<\/p>\n\n\n\n<p>El evento, organizado por la Academia de Ciencias de la Rep\u00fablica Dominicana (ACRD), tendr\u00e1 como escenario el Sal\u00f3n Manuel del Cabral de la Biblioteca Central Pedro Mir de la Universidad Aut\u00f3noma de Santo Domingo (UASD), donde ser\u00e1n abordados importantes aspectos relacionados a la transformaci\u00f3n de un pasivo ambiental en un activo social.<\/p>\n\n\n\n<p>Tiene como objetivo visibilizar la importancia de la industrializaci\u00f3n de residuos s\u00f3lidos urbanos, bajo el principio &#8220;RESIDUO CERO\u201d, avanzar en la transici\u00f3n hacia una metr\u00f3polis sana y ambientalmente amigable y el saneamiento del R\u00edo Ozama, \u201cdevolvi\u00e9ndole el esplendor hist\u00f3rico que desde siempre le caracteriz\u00f3, para conocer la realidad de otros pa\u00edses de la regi\u00f3n y presentar las acciones de las instituciones oficiales sobre este tema tan vital para el pa\u00eds\u201d.<\/p>\n\n\n\n<p>La conferencia inaugural del jueves 21 a las 6:00 de la tarde, estar\u00e1 a cargo del ingeniero Eliane Chiuratto, gerente de residuos s\u00f3lidos de la Secretar\u00eda de Medio Ambiente de Curitiba, Brasil, quien abordar\u00e1 el tema \u201cCaso Especial en el Manejo de Residuos S\u00f3lidos, Alcald\u00eda de Curitiba\u201d.<\/p>\n\n\n\n<p>Entre los expositores figuran el Ing. Osiris de Le\u00f3n, ge\u00f3logo, Miembro de N\u00famero (ACRD), Ing. Waldys Taveras, director ejecutivo de la Mancomunidad del Gran Santo Domingo (MGSD), Armando Pa\u00edno Henr\u00edquez, director ejecutivo del Fideicomiso Do Sostenible, Laura Rathe, vicepresidenta ejecutiva y Coordinadora de Investigaci\u00f3n de la Fundaci\u00f3n Plenitud, Jos\u00e9 Armando Tavares, socio y director BDO Digital &amp; Founder TALENDIG.<\/p>\n\n\n\n<p>De igual forma,&nbsp; Rafael Lorenzo, encargado de gesti\u00f3n ambiental de la Federaci\u00f3n Dominicana de Municipios FEDOMU, Mario Pujols, vicepresidente de la Asociaci\u00f3n de Industrias de la Rep\u00fablica&nbsp; Dominicana y presidente de&nbsp; Nueva Vida Para los Residuos (NUVI), Ing. Eleuterio Mart\u00ednez, presidente de la ACRD, Ing. Ang\u00e9lica Manr\u00edquez, directora de Proyectos, Academia de Ciencias de la Rep\u00fablica Dominicana (ACRD), Josep Vicent Moscardo Molla, Mosser Technologies, Rosembert Molano Serrano, Consorcio Am\u00e9rica, Paola Santana, directora ejecutiva de Social Glass.<\/p>\n\n\n\n<p>Entre los temas a tratar figuran: \u201cUn Pasivo ambiental llamado Duquesa\u201d, \u201cLos nuevos retos de la municipalidad en el manejo de residuos s\u00f3lidos\u201d, \u201cPresentaci\u00f3n fideicomiso Do sostenible\u201d, \u201cImpacto de los vertederos en el Cambio Clim\u00e1tico\u201d, \u201cResiduos electr\u00f3nicos (E-waste)\u201d, \u201cLos ayuntamientos en el sistema de gesti\u00f3n de residuos s\u00f3lidos\u201d.<\/p>\n\n\n\n<p>Tambi\u00e9n se abordar\u00e1n \u201cNueva vida para los residuos (NUVI)\u201d,\u201d Transici\u00f3n ecol\u00f3gica y cintur\u00f3n verde\u201d, \u201cProyecto nacional de industrializaci\u00f3n de residuos s\u00f3lidos (Marco de la Econom\u00eda Circular)\u201d, \u201cIngenier\u00eda tecnol\u00f3gica del proyecto nacional de industrializaci\u00f3n de residuos\u201d, \u201cProyecto nacional de industrializaci\u00f3n de residuos s\u00f3lidos (Econom\u00eda Circular)\u201d,\u201d Presentaci\u00f3n Social Glass (Silicon Valley)\u201d, entre otros.<\/p>\n\n\n\n<p>\u00bfC\u00f3mo participar?&nbsp;&nbsp;&nbsp;&nbsp;&nbsp;&nbsp;&nbsp;&nbsp;&nbsp;&nbsp;&nbsp;&nbsp;&nbsp;<\/p>\n\n\n\n<p>El Seminario Internacional \u201cTransici\u00f3n Ecol\u00f3gica, Industrializaci\u00f3n de Residuos S\u00f3lidos y Saneamiento del R\u00edo Ozama\u201d se llevar\u00e1 a cabo de manera presencial el Sal\u00f3n Manuel del Cabral de la Biblioteca Central Pedro Mir de la Universidad Aut\u00f3noma de Santo Domingo (UASD).<\/p>\n\n\n\n<p>Los interesados en inscribirse y obtener m\u00e1s informaci\u00f3n pueden acceder de manera gratuita al correo: m.ramirez@academiadecienciasrd.org&nbsp;&nbsp; y al n\u00famero 809-687-6315-9.<\/p>\n","protected":false},"excerpt":{"rendered":"<p>El Primer Seminario Internacional \u201cTransici\u00f3n Ecol\u00f3gica, Industrializaci\u00f3n de Residuos S\u00f3lidos y Saneamiento del R\u00edo Ozama\u201d, que reunir\u00e1 expertos nacionales e internacionales, se llevar\u00e1 a cabo los d\u00edas 21, 22 y&hellip;<\/p>\n","protected":false},"author":2,"featured_media":60949,"comment_status":"open","ping_status":"open","sticky":false,"template":"","format":"standard","meta":{"content-type":"","jetpack_post_was_ever_published":false,"_jetpack_newsletter_access":"","_jetpack_dont_email_post_to_subs":false,"_jetpack_newsletter_tier_id":0,"_jetpack_memberships_contains_paywalled_content":false,"_jetpack_memberships_contains_paid_content":false,"footnotes":""},"categories":[35,25],"tags":[7709,7708,1638,1960,127,3088,7710,1256,5006],"class_list":["post-60948","post","type-post","status-publish","format-standard","has-post-thumbnail","hentry","category-nacionales","category-portada","tag-ecologica","tag-industrializacion","tag-internacional","tag-limpieza","tag-rd","tag-residuos-solidos","tag-rio-ozama","tag-seminario","tag-transicion"],"jetpack_featured_media_url":"https:\/\/lasprimeras.com.do\/wp-content\/uploads\/2023\/09\/Rio-Ozama.jpeg","jetpack-related-posts":[{"id":113803,"url":"https:\/\/lasprimeras.com.do\/index.php\/2025\/11\/06\/lilas-del-ozama-el-verdor-que-evidencia-nuestro-mayor-crimen-ambiental\/","url_meta":{"origin":60948,"position":0},"title":"Lilas del Ozama: El verdor que evidencia nuestro mayor crimen ambiental","author":"Nelson Feliz","date":"6 de noviembre de 2025","format":false,"excerpt":"Por Frank SeguraIngeniero Qu\u00edmico y Comunicador Se hicieron virales recientemente im\u00e1genes del r\u00edo Ozama cubierto de una alfombra verde de lilas(Jacinto de Agua) que, a simple vista, pueden parecer un jard\u00edn acu\u00e1tico. Pero este manto no representa vida. Es, por el contrario, la m\u00e1s clara evidencia de d\u00e9cadas de abandono,\u2026","rel":"","context":"En \u00abOPINI\u00d3N\u00bb","block_context":{"text":"OPINI\u00d3N","link":"https:\/\/lasprimeras.com.do\/index.php\/category\/opinion\/"},"img":{"alt_text":"Frank Segura","src":"https:\/\/i0.wp.com\/lasprimeras.com.do\/wp-content\/uploads\/2025\/11\/FRANK-SEGURA.png?resize=350%2C200&ssl=1","width":350,"height":200,"srcset":"https:\/\/i0.wp.com\/lasprimeras.com.do\/wp-content\/uploads\/2025\/11\/FRANK-SEGURA.png?resize=350%2C200&ssl=1 1x, https:\/\/i0.wp.com\/lasprimeras.com.do\/wp-content\/uploads\/2025\/11\/FRANK-SEGURA.png?resize=525%2C300&ssl=1 1.5x, https:\/\/i0.wp.com\/lasprimeras.com.do\/wp-content\/uploads\/2025\/11\/FRANK-SEGURA.png?resize=700%2C400&ssl=1 2x"},"classes":[]},{"id":77770,"url":"https:\/\/lasprimeras.com.do\/index.php\/2024\/02\/25\/gobierno-y-pnud-pasan-balance-al-impacto-positivo-de-la-plataforma-rescate-ozama\/","url_meta":{"origin":60948,"position":1},"title":"Gobierno y PNUD pasan balance al impacto positivo de la Plataforma Rescate Ozama","author":"Nelson Feliz","date":"25 de febrero de 2024","format":false,"excerpt":"En el encuentro se resalt\u00f3 que el Interceptor 004, catalizador de la plataforma, ha logrado evitar que 239 toneladas de residuos lleguen al mar. Los resultados obtenidos por la plataforma Rescate Ozama y su impacto positivo en el r\u00edo y las comunidades de la zona, constituy\u00f3 uno de los temas\u2026","rel":"","context":"En \u00abNACIONALES\u00bb","block_context":{"text":"NACIONALES","link":"https:\/\/lasprimeras.com.do\/index.php\/category\/nacionales\/"},"img":{"alt_text":"plataforma Rescate Ozama","src":"https:\/\/i0.wp.com\/lasprimeras.com.do\/wp-content\/uploads\/2024\/02\/plataforma-Rescate-Ozama-1.jpg?resize=350%2C200&ssl=1","width":350,"height":200,"srcset":"https:\/\/i0.wp.com\/lasprimeras.com.do\/wp-content\/uploads\/2024\/02\/plataforma-Rescate-Ozama-1.jpg?resize=350%2C200&ssl=1 1x, https:\/\/i0.wp.com\/lasprimeras.com.do\/wp-content\/uploads\/2024\/02\/plataforma-Rescate-Ozama-1.jpg?resize=525%2C300&ssl=1 1.5x, https:\/\/i0.wp.com\/lasprimeras.com.do\/wp-content\/uploads\/2024\/02\/plataforma-Rescate-Ozama-1.jpg?resize=700%2C400&ssl=1 2x"},"classes":[]},{"id":110180,"url":"https:\/\/lasprimeras.com.do\/index.php\/2025\/09\/26\/gobierno-apoya-desarrollo-economico-rural-de-sanchez-ramirez-y-firma-acuerdo-con-la-uteco-y-el-jica\/","url_meta":{"origin":60948,"position":2},"title":"Gobierno apoya desarrollo econ\u00f3mico rural de S\u00e1nchez Ram\u00edrez y firma acuerdo con la UTECO y el JICA","author":"Nelson Feliz","date":"26 de septiembre de 2025","format":false,"excerpt":"Rep\u00fablica Dominicana y Jap\u00f3n impulsan proyecto de sexta industrializaci\u00f3n en S\u00e1nchez Ram\u00edrez. El gobierno dominicano a trav\u00e9s del Ministerio de la Presidencia; Ministerio de Educaci\u00f3n Superior, Ciencia y Tecnolog\u00eda (MESCyT), Universidad Tecnol\u00f3gica del Cibao Oriental (UTECO) y la Agencia de Cooperaci\u00f3n Internacional del Jap\u00f3n (JICA), iniciaron una iniciativa que busca\u2026","rel":"","context":"En \u00abNACIONALES\u00bb","block_context":{"text":"NACIONALES","link":"https:\/\/lasprimeras.com.do\/index.php\/category\/nacionales\/"},"img":{"alt_text":"","src":"https:\/\/i0.wp.com\/lasprimeras.com.do\/wp-content\/uploads\/2025\/09\/MESCyT-1.jpg?resize=350%2C200&ssl=1","width":350,"height":200,"srcset":"https:\/\/i0.wp.com\/lasprimeras.com.do\/wp-content\/uploads\/2025\/09\/MESCyT-1.jpg?resize=350%2C200&ssl=1 1x, https:\/\/i0.wp.com\/lasprimeras.com.do\/wp-content\/uploads\/2025\/09\/MESCyT-1.jpg?resize=525%2C300&ssl=1 1.5x, https:\/\/i0.wp.com\/lasprimeras.com.do\/wp-content\/uploads\/2025\/09\/MESCyT-1.jpg?resize=700%2C400&ssl=1 2x"},"classes":[]},{"id":117945,"url":"https:\/\/lasprimeras.com.do\/index.php\/2025\/12\/18\/osiris-de-leon-oakhouse-es-una-industria-bajo-techo-para-valorizacion-de-residuos-y-no-una-instalacion-contaminante\/","url_meta":{"origin":60948,"position":3},"title":"Osiris de Le\u00f3n: \u201cOakhouse es una industria bajo techo, para valorizaci\u00f3n de residuos, y no una instalaci\u00f3n contaminante\u201d","author":"Nelson Feliz","date":"18 de diciembre de 2025","format":false,"excerpt":"\u2022Explic\u00f3 que: la selecci\u00f3n del sitio responde a rigurosos criterios t\u00e9cnicos y no a decisiones improvisadas. El ge\u00f3logo Osiris de Le\u00f3n afirm\u00f3, de manera categ\u00f3rica, que Oakhouse es un moderno proyecto industrial que conlleva una planta de valorizaci\u00f3n de residuos s\u00f3lidos para ser instalado en La Cuaba, y que no\u2026","rel":"","context":"En \u00abNACIONALES\u00bb","block_context":{"text":"NACIONALES","link":"https:\/\/lasprimeras.com.do\/index.php\/category\/nacionales\/"},"img":{"alt_text":"Osiris de Leon","src":"https:\/\/i0.wp.com\/lasprimeras.com.do\/wp-content\/uploads\/2025\/12\/Osiris-de-Leon.jpg?resize=350%2C200&ssl=1","width":350,"height":200,"srcset":"https:\/\/i0.wp.com\/lasprimeras.com.do\/wp-content\/uploads\/2025\/12\/Osiris-de-Leon.jpg?resize=350%2C200&ssl=1 1x, https:\/\/i0.wp.com\/lasprimeras.com.do\/wp-content\/uploads\/2025\/12\/Osiris-de-Leon.jpg?resize=525%2C300&ssl=1 1.5x"},"classes":[]},{"id":101539,"url":"https:\/\/lasprimeras.com.do\/index.php\/2025\/06\/23\/gustavo-sanchez-propuesta-del-pld-sobre-gestion-de-residuos-solidos\/","url_meta":{"origin":60948,"position":4},"title":"Gustavo S\u00e1nchez: Propuesta del PLD sobre Gesti\u00f3n de Residuos S\u00f3lidos","author":"Nelson Feliz","date":"23 de junio de 2025","format":false,"excerpt":"El PLD apuesta a una Reforma que fortalezca el Desarrollo Local y la Competitividad. El Partido de la Liberaci\u00f3n Dominicana, comprometido con el desarrollo sostenible, la libertad de empresas y el bienestar de la poblaci\u00f3n dominicana, propone mejoras al proyecto de Ley de Residuos S\u00f3lidos, apostando a una reforma que\u2026","rel":"","context":"En \u00abPOLITICA\u00bb","block_context":{"text":"POLITICA","link":"https:\/\/lasprimeras.com.do\/index.php\/category\/politica\/"},"img":{"alt_text":"Gustavo S\u00e1nchez","src":"https:\/\/i0.wp.com\/lasprimeras.com.do\/wp-content\/uploads\/2025\/06\/Gustavo-Sanchez-2.jpg?resize=350%2C200&ssl=1","width":350,"height":200,"srcset":"https:\/\/i0.wp.com\/lasprimeras.com.do\/wp-content\/uploads\/2025\/06\/Gustavo-Sanchez-2.jpg?resize=350%2C200&ssl=1 1x, https:\/\/i0.wp.com\/lasprimeras.com.do\/wp-content\/uploads\/2025\/06\/Gustavo-Sanchez-2.jpg?resize=525%2C300&ssl=1 1.5x, https:\/\/i0.wp.com\/lasprimeras.com.do\/wp-content\/uploads\/2025\/06\/Gustavo-Sanchez-2.jpg?resize=700%2C400&ssl=1 2x"},"classes":[]},{"id":104867,"url":"https:\/\/lasprimeras.com.do\/index.php\/2025\/07\/28\/pld-denuncia-colapso-ambiental-en-rios-ozama-e-isabela-video\/","url_meta":{"origin":60948,"position":5},"title":"PLD denuncia colapso ambiental en r\u00edos Ozama e Isabela | Video","author":"Nelson Feliz","date":"28 de julio de 2025","format":false,"excerpt":"Inacci\u00f3n del Gobierno del PRM ahogan promesas de saneamiento ambiental, denuncia la Secretar\u00eda de Medio Ambiente del PLD El Partido de la Liberaci\u00f3n Dominicana (PLD) denunci\u00f3 la inacci\u00f3n del Gobierno del PRM en materia medioambiental que ha tra\u00eddo como consecuencia el colapso en ese rengl\u00f3n que vive el Gran Santo\u2026","rel":"","context":"En \u00abPOLITICA\u00bb","block_context":{"text":"POLITICA","link":"https:\/\/lasprimeras.com.do\/index.php\/category\/politica\/"},"img":{"alt_text":"","src":"https:\/\/i0.wp.com\/lasprimeras.com.do\/wp-content\/uploads\/2025\/07\/PLD-5.jpg?resize=350%2C200&ssl=1","width":350,"height":200,"srcset":"https:\/\/i0.wp.com\/lasprimeras.com.do\/wp-content\/uploads\/2025\/07\/PLD-5.jpg?resize=350%2C200&ssl=1 1x, https:\/\/i0.wp.com\/lasprimeras.com.do\/wp-content\/uploads\/2025\/07\/PLD-5.jpg?resize=525%2C300&ssl=1 1.5x, https:\/\/i0.wp.com\/lasprimeras.com.do\/wp-content\/uploads\/2025\/07\/PLD-5.jpg?resize=700%2C400&ssl=1 2x"},"classes":[]}],"jetpack_sharing_enabled":true,"_links":{"self":[{"href":"https:\/\/lasprimeras.com.do\/index.php\/wp-json\/wp\/v2\/posts\/60948","targetHints":{"allow":["GET"]}}],"collection":[{"href":"https:\/\/lasprimeras.com.do\/index.php\/wp-json\/wp\/v2\/posts"}],"about":[{"href":"https:\/\/lasprimeras.com.do\/index.php\/wp-json\/wp\/v2\/types\/post"}],"author":[{"embeddable":true,"href":"https:\/\/lasprimeras.com.do\/index.php\/wp-json\/wp\/v2\/users\/2"}],"replies":[{"embeddable":true,"href":"https:\/\/lasprimeras.com.do\/index.php\/wp-json\/wp\/v2\/comments?post=60948"}],"version-history":[{"count":1,"href":"https:\/\/lasprimeras.com.do\/index.php\/wp-json\/wp\/v2\/posts\/60948\/revisions"}],"predecessor-version":[{"id":60950,"href":"https:\/\/lasprimeras.com.do\/index.php\/wp-json\/wp\/v2\/posts\/60948\/revisions\/60950"}],"wp:featuredmedia":[{"embeddable":true,"href":"https:\/\/lasprimeras.com.do\/index.php\/wp-json\/wp\/v2\/media\/60949"}],"wp:attachment":[{"href":"https:\/\/lasprimeras.com.do\/index.php\/wp-json\/wp\/v2\/media?parent=60948"}],"wp:term":[{"taxonomy":"category","embeddable":true,"href":"https:\/\/lasprimeras.com.do\/index.php\/wp-json\/wp\/v2\/categories?post=60948"},{"taxonomy":"post_tag","embeddable":true,"href":"https:\/\/lasprimeras.com.do\/index.php\/wp-json\/wp\/v2\/tags?post=60948"}],"curies":[{"name":"wp","href":"https:\/\/api.w.org\/{rel}","templated":true}]}}