{"id":60954,"date":"2023-09-20T21:17:45","date_gmt":"2023-09-21T01:17:45","guid":{"rendered":"https:\/\/lasprimeras.com.do\/?p=60954"},"modified":"2023-09-20T21:17:46","modified_gmt":"2023-09-21T01:17:46","slug":"onu-abinader-propone-se-apruebe-un-mecanismo-financiero-que-garantice-la-estabilidad-de-los-precios-del-crudo","status":"publish","type":"post","link":"https:\/\/lasprimeras.com.do\/index.php\/2023\/09\/20\/onu-abinader-propone-se-apruebe-un-mecanismo-financiero-que-garantice-la-estabilidad-de-los-precios-del-crudo\/","title":{"rendered":"ONU: Abinader propone se apruebe un mecanismo financiero que garantice la estabilidad de los precios del crudo"},"content":{"rendered":"\n<p><strong>New York-<\/strong> El presidente Luis Abinader propuso este mi\u00e9rcoles en su alocuci\u00f3n durante su discurso ante la 78va Asamblea General de las Naciones Unidas (ONU) a que se discuta y se apruebe un mecanismo financiero que garantice la estabilidad de los precios del crudo a pa\u00edses importadores de renta media y baja, como Republica Dominicana<\/p>\n\n\n\n<p>Aprovecho este espacio para llamar la atenci\u00f3n sobre la pr\u00e1ctica del control de la oferta de los paises exportadores, para mantener elevados los precios del crudo, en perjuicio de los pa\u00edses importadores.<\/p>\n\n\n\n<p>\u201cEn esta asamblea representativa de unos y otros deber\u00edamos discutir y aprobar un mecanismo financiero que garantice la estabilidad de los precios del crudo a pa\u00edses importadores de renta media y baja, como el nuestro\u201d, declar\u00f3 el jefe de Estado.<\/p>\n\n\n\n<p>De igual modo, el gobernante dominicano afirm\u00f3 que Rep\u00fablica Dominicana cree firmemente en una reforma profunda a la arquitectura financiera internacional, que beneficie a todos los pa\u00edses de manera equitativa.<\/p>\n\n\n\n<p>Manifest\u00f3 que la naci\u00f3n dominicana tiene el firme compromiso de que se pueda construir un modelo de desarrollo humano, inclusivo, justo y sostenible.<\/p>\n\n\n\n<p><strong>Emergencia clim\u00e1tica<\/strong><\/p>\n\n\n\n<p>Sobre ese particular indic\u00f3 que \u201cen el pa\u00eds se han dado pasos importantes para enfrentar la emergencia clim\u00e1tica, como la reciente adopci\u00f3n de la convenci\u00f3n para la conservaci\u00f3n y el uso sostenible de la diversidad biol\u00f3gica marina en zonas fuera de la jurisdicci\u00f3n nacional (BBNJ), convenci\u00f3n que firmar\u00e9 en la tarde de hoy\u201d, inform\u00f3 el mandatario.<\/p>\n\n\n\n<p>Record\u00f3 que quien mira desde el aire a la Rep\u00fablica Dominicana y Hait\u00ed percibe una diferencia palpable y desgarradora.<\/p>\n\n\n\n<p>\u201cUna mitad verde y floreciente corresponde a la Rep\u00fablica Dominicana, que ha priorizado la conservaci\u00f3n y gesti\u00f3n sostenible de sus recursos naturales. La otra mitad, desprovista de esa rica cubierta forestal, refleja el dram\u00e1tico paisaje deforestado de Hait\u00ed\u201d, dijo el mandatario.<\/p>\n\n\n\n<p>A juicio del gobernante, esta frontera natural no es solo una lecci\u00f3n geogr\u00e1fica, sino un potente recordatorio de lo que le espera al mundo si continua ignorando las alarmas de la naturaleza.<\/p>\n\n\n\n<p><strong>El sargazo<\/strong><\/p>\n\n\n\n<p>Al referirse a este tema, declar\u00f3 que ese es un efecto nocivo para el cambio clim\u00e1tico, ya que afecta a la regi\u00f3n del Caribe.<\/p>\n\n\n\n<p>\u201cEsta alga, que devora las costas caribe\u00f1as, incluyendo las de Estados Unidos y M\u00e9xico, tiene grav\u00edsimos impactos econ\u00f3micos, sociales y medioambientales, especialmente para el turismo que representa hasta un 75% de la econom\u00eda de algunos de los pa\u00edses del Caribe\u201d, consider\u00f3.<\/p>\n\n\n\n<p>Inform\u00f3 que para combatir este mal, Rep\u00fablica Dominicana ha creado una Mesa Multisectorial \u201cpara lidiar con este problema y aspiramos a que los pa\u00edses desarrollados contribuyan con la soluci\u00f3n.\u201d<\/p>\n\n\n\n<p><strong>Lucha contra la corrupci\u00f3n<\/strong><\/p>\n\n\n\n<p>Al referirse al tema de la corrupci\u00f3n, dijo que en ese sentido se busca alcanzar un contrato social m\u00e1s justo y un Estado m\u00e1s efectivo para la lucha contra la corrupci\u00f3n. \u201cLa ciudadan\u00eda dominicana la ha asumido como respuesta a uno de sus principales reclamos. Los distintos indicadores internacionales sobre la percepci\u00f3n de la corrupci\u00f3n confirman los avances que mi gobierno ha logrado en este sentido\u201d.<\/p>\n\n\n\n<p><strong>Candidatura para Consejo de Derechos Humanos de la ONU<\/strong><\/p>\n\n\n\n<p>Reiter\u00f3 que el pa\u00eds aspirar\u00e1 mediante una candidatura al Consejo de Derechos Humanos de la ONU, para el per\u00edodo 2024-2026, en las elecciones que se celebrar\u00e1n el pr\u00f3ximo mes. \u201cEsta candidatura representa nuestro firme compromiso con la defensa de los derechos humanos\u201d.<\/p>\n","protected":false},"excerpt":{"rendered":"<p>New York- El presidente Luis Abinader propuso este mi\u00e9rcoles en su alocuci\u00f3n durante su discurso ante la 78va Asamblea General de las Naciones Unidas (ONU) a que se discuta y&hellip;<\/p>\n","protected":false},"author":2,"featured_media":60955,"comment_status":"open","ping_status":"open","sticky":false,"template":"","format":"standard","meta":{"content-type":"","jetpack_post_was_ever_published":false,"_jetpack_newsletter_access":"","_jetpack_dont_email_post_to_subs":false,"_jetpack_newsletter_tier_id":0,"_jetpack_memberships_contains_paywalled_content":false,"_jetpack_memberships_contains_paid_content":false,"footnotes":""},"categories":[39,25],"tags":[1728,2845,336,67,7714,93,2902],"class_list":["post-60954","post","type-post","status-publish","format-standard","has-post-thumbnail","hentry","category-economia","category-portada","tag-crudo","tag-estabilidad","tag-financiero","tag-luis-abinader","tag-mecanismo","tag-onu","tag-precios"],"jetpack_featured_media_url":"https:\/\/lasprimeras.com.do\/wp-content\/uploads\/2023\/09\/Luis-Abinader-5-1.jpg","jetpack-related-posts":[{"id":124682,"url":"https:\/\/lasprimeras.com.do\/index.php\/2026\/03\/15\/daniel-toribio-alza-del-crudo-amenaza-la-estabilidad-economica\/","url_meta":{"origin":60954,"position":0},"title":"Daniel Toribio: Alza del crudo amenaza la estabilidad econ\u00f3mica","author":"Nelson Feliz","date":"15 de marzo de 2026","format":false,"excerpt":"Economista se\u00f1ala que el impacto del crudo no se limita al precio de la gasolina, sino que encarece transporte, fletes internacionales y la cadena de suministro en toda la econom\u00eda. El exministro de Hacienda y miembro de la Direcci\u00f3n Pol\u00edtica del partido Fuerza del Pueblo (FP), Daniel Toribio, advirti\u00f3 que\u2026","rel":"","context":"En \u00abPOLITICA\u00bb","block_context":{"text":"POLITICA","link":"https:\/\/lasprimeras.com.do\/index.php\/category\/politica\/"},"img":{"alt_text":"Daniel Toribio","src":"https:\/\/i0.wp.com\/lasprimeras.com.do\/wp-content\/uploads\/2026\/03\/Daniel-Toribio-1.jpg?resize=350%2C200&ssl=1","width":350,"height":200,"srcset":"https:\/\/i0.wp.com\/lasprimeras.com.do\/wp-content\/uploads\/2026\/03\/Daniel-Toribio-1.jpg?resize=350%2C200&ssl=1 1x, https:\/\/i0.wp.com\/lasprimeras.com.do\/wp-content\/uploads\/2026\/03\/Daniel-Toribio-1.jpg?resize=525%2C300&ssl=1 1.5x, https:\/\/i0.wp.com\/lasprimeras.com.do\/wp-content\/uploads\/2026\/03\/Daniel-Toribio-1.jpg?resize=700%2C400&ssl=1 2x, https:\/\/i0.wp.com\/lasprimeras.com.do\/wp-content\/uploads\/2026\/03\/Daniel-Toribio-1.jpg?resize=1050%2C600&ssl=1 3x"},"classes":[]},{"id":114293,"url":"https:\/\/lasprimeras.com.do\/index.php\/2025\/11\/12\/abinader-impulsa-acciones-para-garantizar-abastecimiento-y-estabilidad-de-precios-durante-la-temporada-navidena\/","url_meta":{"origin":60954,"position":1},"title":"Abinader impulsa acciones para garantizar abastecimiento y estabilidad de precios durante la temporada navide\u00f1a","author":"Nelson Feliz","date":"12 de noviembre de 2025","format":false,"excerpt":"Representantes del sector productivo valoran las medidas adoptadas por el Gobierno para asegurar el abastecimiento y la estabilidad del mercado en la temporada navide\u00f1a El presidente Luis Abinader encabez\u00f3 este mi\u00e9rcoles una reuni\u00f3n de la Mesa de Precios y Abastecimiento, en la que participaron representantes de los sectores industrial, agr\u00edcola\u2026","rel":"","context":"En \u00abECONOM\u00cdA\u00bb","block_context":{"text":"ECONOM\u00cdA","link":"https:\/\/lasprimeras.com.do\/index.php\/category\/economia\/"},"img":{"alt_text":"","src":"https:\/\/i0.wp.com\/lasprimeras.com.do\/wp-content\/uploads\/2025\/11\/LUIS-ABINADER-4.jpg?resize=350%2C200&ssl=1","width":350,"height":200,"srcset":"https:\/\/i0.wp.com\/lasprimeras.com.do\/wp-content\/uploads\/2025\/11\/LUIS-ABINADER-4.jpg?resize=350%2C200&ssl=1 1x, https:\/\/i0.wp.com\/lasprimeras.com.do\/wp-content\/uploads\/2025\/11\/LUIS-ABINADER-4.jpg?resize=525%2C300&ssl=1 1.5x, https:\/\/i0.wp.com\/lasprimeras.com.do\/wp-content\/uploads\/2025\/11\/LUIS-ABINADER-4.jpg?resize=700%2C400&ssl=1 2x"},"classes":[]},{"id":80888,"url":"https:\/\/lasprimeras.com.do\/index.php\/2024\/04\/14\/analisis-del-precio-del-crudo-brent-tras-el-ataque-de-iran-a-israel\/","url_meta":{"origin":60954,"position":2},"title":"An\u00e1lisis del precio del crudo Brent tras el ataque de Ir\u00e1n a Israel","author":"Nelson Feliz","date":"14 de abril de 2024","format":false,"excerpt":"El precio del crudo Brent estar\u00e1 en el centro de atenci\u00f3n el lunes por la ma\u00f1ana a medida que los inversores reaccionen a los riesgos geopol\u00edticos actuales en Medio Oriente. El precio termin\u00f3 la semana en $90,15 d\u00f3lares, unos puntos por debajo del m\u00e1ximo del a\u00f1o hasta la fecha de\u2026","rel":"","context":"En \u00abECONOM\u00cdA\u00bb","block_context":{"text":"ECONOM\u00cdA","link":"https:\/\/lasprimeras.com.do\/index.php\/category\/economia\/"},"img":{"alt_text":"Brent","src":"https:\/\/i0.wp.com\/lasprimeras.com.do\/wp-content\/uploads\/2024\/04\/Brent.jpg?resize=350%2C200&ssl=1","width":350,"height":200,"srcset":"https:\/\/i0.wp.com\/lasprimeras.com.do\/wp-content\/uploads\/2024\/04\/Brent.jpg?resize=350%2C200&ssl=1 1x, https:\/\/i0.wp.com\/lasprimeras.com.do\/wp-content\/uploads\/2024\/04\/Brent.jpg?resize=525%2C300&ssl=1 1.5x"},"classes":[]},{"id":101496,"url":"https:\/\/lasprimeras.com.do\/index.php\/2025\/06\/22\/precio-del-crudo-brent-podria-alcanzar-los-90-dolares-si-se-cierra-el-estrecho-de-ormuz-advierte-citigroup\/","url_meta":{"origin":60954,"position":3},"title":"Precio del crudo Brent podr\u00eda alcanzar los 90 d\u00f3lares si se cierra el Estrecho de Ormuz, advierte Citigroup","author":"Nelson Feliz","date":"22 de junio de 2025","format":false,"excerpt":"Rep\u00fablica Dominicana se expone a nuevas alzas en combustibles y costos log\u00edsticos si persisten las tensiones en Oriente Medio El precio del crudo Brent podr\u00eda dispararse hasta los 90 d\u00f3lares por barril si se produce un cierre del Estrecho de Ormuz, una de las rutas m\u00e1s estrat\u00e9gicas del comercio petrolero\u2026","rel":"","context":"En \u00abECONOM\u00cdA\u00bb","block_context":{"text":"ECONOM\u00cdA","link":"https:\/\/lasprimeras.com.do\/index.php\/category\/economia\/"},"img":{"alt_text":"","src":"https:\/\/i0.wp.com\/lasprimeras.com.do\/wp-content\/uploads\/2025\/06\/petroleo.jpg?resize=350%2C200&ssl=1","width":350,"height":200},"classes":[]},{"id":110005,"url":"https:\/\/lasprimeras.com.do\/index.php\/2025\/09\/24\/rd-respalda-la-nueva-mision-en-haiti-propuesta-por-ee-uu-y-pide-que-se-apruebe\/","url_meta":{"origin":60954,"position":4},"title":"RD respalda la nueva misi\u00f3n en Hait\u00ed propuesta por EE. UU. y pide que se apruebe","author":"Nelson Feliz","date":"24 de septiembre de 2025","format":false,"excerpt":"Abinader se\u00f1ala que la actual misi\u00f3n en Hait\u00ed no ha cumplido con sus objetivos El presidente de la Rep\u00fablica Dominicana, Luis Abinader, expres\u00f3 este jueves su apoyo a la resoluci\u00f3n impulsada por Estados Unidos y Panam\u00e1 para transformar la misi\u00f3n desplegada en Hait\u00ed, cuyo mandato de dos a\u00f1os est\u00e1 pr\u00f3ximo\u2026","rel":"","context":"En \u00abNACIONALES\u00bb","block_context":{"text":"NACIONALES","link":"https:\/\/lasprimeras.com.do\/index.php\/category\/nacionales\/"},"img":{"alt_text":"","src":"https:\/\/i0.wp.com\/lasprimeras.com.do\/wp-content\/uploads\/2025\/09\/Luis-Abinader-3-1.jpg?resize=350%2C200&ssl=1","width":350,"height":200,"srcset":"https:\/\/i0.wp.com\/lasprimeras.com.do\/wp-content\/uploads\/2025\/09\/Luis-Abinader-3-1.jpg?resize=350%2C200&ssl=1 1x, https:\/\/i0.wp.com\/lasprimeras.com.do\/wp-content\/uploads\/2025\/09\/Luis-Abinader-3-1.jpg?resize=525%2C300&ssl=1 1.5x, https:\/\/i0.wp.com\/lasprimeras.com.do\/wp-content\/uploads\/2025\/09\/Luis-Abinader-3-1.jpg?resize=700%2C400&ssl=1 2x"},"classes":[]},{"id":109986,"url":"https:\/\/lasprimeras.com.do\/index.php\/2025\/09\/24\/abinader-reclama-accion-urgente-ante-la-crisis-haitiana-y-llama-a-renovar-el-multilateralismo-en-la-onu\/","url_meta":{"origin":60954,"position":5},"title":"Abinader reclama acci\u00f3n urgente ante la crisis haitiana y llama a renovar el multilateralismo en la ONU","author":"Nelson Feliz","date":"24 de septiembre de 2025","format":false,"excerpt":"Mandatario dominicano insta al Consejo de Seguridad a reforzar la misi\u00f3n internacional en Hait\u00ed, pidi\u00f3 un nuevo pacto financiero global y defendi\u00f3 justicia clim\u00e1tica para los peque\u00f1os Estados insulares. Nueva York.\u2014 El presidente Luis Abinader pronunci\u00f3 este mi\u00e9rcoles un contundente discurso ante la 80\u00aa Asamblea General de las Naciones Unidas,\u2026","rel":"","context":"En \u00abECONOM\u00cdA\u00bb","block_context":{"text":"ECONOM\u00cdA","link":"https:\/\/lasprimeras.com.do\/index.php\/category\/economia\/"},"img":{"alt_text":"","src":"https:\/\/i0.wp.com\/lasprimeras.com.do\/wp-content\/uploads\/2025\/09\/Luis-Abinader-3-1.jpg?resize=350%2C200&ssl=1","width":350,"height":200,"srcset":"https:\/\/i0.wp.com\/lasprimeras.com.do\/wp-content\/uploads\/2025\/09\/Luis-Abinader-3-1.jpg?resize=350%2C200&ssl=1 1x, https:\/\/i0.wp.com\/lasprimeras.com.do\/wp-content\/uploads\/2025\/09\/Luis-Abinader-3-1.jpg?resize=525%2C300&ssl=1 1.5x, https:\/\/i0.wp.com\/lasprimeras.com.do\/wp-content\/uploads\/2025\/09\/Luis-Abinader-3-1.jpg?resize=700%2C400&ssl=1 2x"},"classes":[]}],"jetpack_sharing_enabled":true,"_links":{"self":[{"href":"https:\/\/lasprimeras.com.do\/index.php\/wp-json\/wp\/v2\/posts\/60954","targetHints":{"allow":["GET"]}}],"collection":[{"href":"https:\/\/lasprimeras.com.do\/index.php\/wp-json\/wp\/v2\/posts"}],"about":[{"href":"https:\/\/lasprimeras.com.do\/index.php\/wp-json\/wp\/v2\/types\/post"}],"author":[{"embeddable":true,"href":"https:\/\/lasprimeras.com.do\/index.php\/wp-json\/wp\/v2\/users\/2"}],"replies":[{"embeddable":true,"href":"https:\/\/lasprimeras.com.do\/index.php\/wp-json\/wp\/v2\/comments?post=60954"}],"version-history":[{"count":1,"href":"https:\/\/lasprimeras.com.do\/index.php\/wp-json\/wp\/v2\/posts\/60954\/revisions"}],"predecessor-version":[{"id":60956,"href":"https:\/\/lasprimeras.com.do\/index.php\/wp-json\/wp\/v2\/posts\/60954\/revisions\/60956"}],"wp:featuredmedia":[{"embeddable":true,"href":"https:\/\/lasprimeras.com.do\/index.php\/wp-json\/wp\/v2\/media\/60955"}],"wp:attachment":[{"href":"https:\/\/lasprimeras.com.do\/index.php\/wp-json\/wp\/v2\/media?parent=60954"}],"wp:term":[{"taxonomy":"category","embeddable":true,"href":"https:\/\/lasprimeras.com.do\/index.php\/wp-json\/wp\/v2\/categories?post=60954"},{"taxonomy":"post_tag","embeddable":true,"href":"https:\/\/lasprimeras.com.do\/index.php\/wp-json\/wp\/v2\/tags?post=60954"}],"curies":[{"name":"wp","href":"https:\/\/api.w.org\/{rel}","templated":true}]}}