{"id":60957,"date":"2023-09-20T21:23:57","date_gmt":"2023-09-21T01:23:57","guid":{"rendered":"https:\/\/lasprimeras.com.do\/?p=60957"},"modified":"2023-09-20T21:23:59","modified_gmt":"2023-09-21T01:23:59","slug":"abinader-rd-no-busca-confrontacion-con-haiti-pero-si-enfrenta-actores-de-inseguridad-en-ese-pais","status":"publish","type":"post","link":"https:\/\/lasprimeras.com.do\/index.php\/2023\/09\/20\/abinader-rd-no-busca-confrontacion-con-haiti-pero-si-enfrenta-actores-de-inseguridad-en-ese-pais\/","title":{"rendered":"Abinader: RD no busca confrontaci\u00f3n con Hait\u00ed, pero s\u00ed enfrenta actores de inseguridad en ese pa\u00eds"},"content":{"rendered":"\n<p><strong>-El mandatario dominicano reiter\u00f3 que la principal responsabilidad del gobierno es defender los intereses del pueblo dominicano y as\u00ed lo seguir\u00e1n haciendo.<\/strong><\/p>\n\n\n\n<p>New York.- El presidente Luis Abinader asegur\u00f3 ante la Asamblea General de las Naciones Unidas que la Rep\u00fablica Dominicana no persigue confrontar a Hait\u00ed pero que si seguir\u00e1 tomando las medidas necesarias para enfrentar los grupos que generan inestabilidad.<\/p>\n\n\n\n<p>\u201cNo tenemos, ni deseamos, ni buscamos una confrontaci\u00f3n con el pueblo haitiano, pero s\u00ed estamos enfrentando a los actores incontrolables que mantienen la inseguridad en Hait\u00ed por sus intereses particulares, y que ahora conspiran tambi\u00e9n contra la estabilidad de su gobierno y la seguridad de los recursos h\u00eddricos\u201d, argumento el mandatario.<\/p>\n\n\n\n<p>Reiter\u00f3 que la principal responsabilidad del gobierno es defender los intereses del pueblo dominicano y as\u00ed lo seguir\u00e1n haciendo.<\/p>\n\n\n\n<p>Durante su segunda comparecencia en este espacio, el mandatario abog\u00f3 y respald\u00f3 la posici\u00f3n expresada por el presidente de los Estados Unidos, Joe Biden, por el urgente despliegue de una misi\u00f3n de seguridad en Hait\u00ed que sea respaldada por la ONU y que permita llevar paz y control al vecino territorio.<\/p>\n\n\n\n<p>En este sentido agradeci\u00f3 el esfuerzo de Kenia de liderar la fuerza multinacional y el de Jamaica y Bahamas de aportar efectivos.<\/p>\n\n\n\n<p>\u201cLo que ocurre en Hait\u00ed es una ruptura del orden p\u00fablico por parte de elementos criminales sin ninguna reivindicaci\u00f3n pol\u00edtica o ideol\u00f3gica\u201d, indic\u00f3 el presidente Abinader.<\/p>\n\n\n\n<p>Al mismo tiempo, agreg\u00f3, debe asumirse un pacto social y pol\u00edtico que adem\u00e1s permita la celebraci\u00f3n de elecciones justas, libres y transparentes.<\/p>\n\n\n\n<p>Cierre de la frontera<\/p>\n\n\n\n<p>Al referirse a la situaci\u00f3n actual que enfrenta la Rep\u00fablica Dominicana con Hait\u00ed con el cierre de la frontera, dijo se agudiz\u00f3 por la construcci\u00f3n de un canal de trasvase ilegal en territorio haitiano para extraer agua del r\u00edo Dajab\u00f3n, en violaci\u00f3n de los tratados fronterizos dominico-haitianos.<\/p>\n\n\n\n<p>\u201cLa informaci\u00f3n que disponemos indica que es una maniobra de control del agua por parte de una reducida \u00e9lite econ\u00f3mico-pol\u00edtica para lucrarse con su venta a peque\u00f1os productores de la zona.\u201d<\/p>\n\n\n\n<p>\u201cDesde abril de 2021 nuestro gobierno ha solicitado a las autoridades haitianas reiteradas veces, detener la construcci\u00f3n unilateral e ilegal de dicha obra. El propio gobierno haitiano ha se\u00f1alado que no se trata de una obra gubernamental, pero no la ha detenido producto de la debilidad institucional y la crisis de orden p\u00fablico y seguridad en ese pa\u00eds. La situaci\u00f3n ya ha derivado en una delicada animosidad a ambos lados de la frontera\u201d, explic\u00f3 el jefe del Estado.<\/p>\n\n\n\n<p>Continu\u00f3 diciendo que los an\u00e1lisis realizados demuestran que la obra pone en riesgo el acceso al agua de centenares de familias agricultoras dominicanas y haitianas aguas abajo de donde se construye el canal.<\/p>\n\n\n\n<p>Adem\u00e1s, pone en peligro de inundaci\u00f3n tanto al parque industrial CODEVI, 300 metros aguas abajo del canal, y a sus 19 mil trabajadores haitianos, como tambi\u00e9n a una parte de los habitantes de las ciudades fronterizas de Dajab\u00f3n y Juana M\u00e9ndez.<\/p>\n\n\n\n<p>Tambi\u00e9n afectar\u00eda la Laguna de Saladillo, uno de los principales humedales de Rep\u00fablica Dominicana.<\/p>\n","protected":false},"excerpt":{"rendered":"<p>-El mandatario dominicano reiter\u00f3 que la principal responsabilidad del gobierno es defender los intereses del pueblo dominicano y as\u00ed lo seguir\u00e1n haciendo. New York.- El presidente Luis Abinader asegur\u00f3 ante&hellip;<\/p>\n","protected":false},"author":2,"featured_media":60958,"comment_status":"open","ping_status":"open","sticky":false,"template":"","format":"standard","meta":{"content-type":"","jetpack_post_was_ever_published":false,"_jetpack_newsletter_access":"","_jetpack_dont_email_post_to_subs":false,"_jetpack_newsletter_tier_id":0,"_jetpack_memberships_contains_paywalled_content":false,"_jetpack_memberships_contains_paid_content":false,"footnotes":""},"categories":[35,25],"tags":[217,1859,67,127],"class_list":["post-60957","post","type-post","status-publish","format-standard","has-post-thumbnail","hentry","category-nacionales","category-portada","tag-haiti","tag-inseguridad","tag-luis-abinader","tag-rd"],"jetpack_featured_media_url":"https:\/\/lasprimeras.com.do\/wp-content\/uploads\/2023\/09\/Luis-Abinader-4-1.jpg","jetpack-related-posts":[{"id":60769,"url":"https:\/\/lasprimeras.com.do\/index.php\/2023\/09\/18\/respuesta-del-gobierno-dominicano-a-william-oneill\/","url_meta":{"origin":60957,"position":0},"title":"Respuesta del gobierno dominicano a William O\u2019Neill","author":"Nelson Feliz","date":"18 de septiembre de 2023","format":false,"excerpt":"El experto independiente en Derechos Humanos para Hait\u00ed de la Oficina del Alto Comisionado de las Naciones Unidas para los Derechos Humanos, William O\u2019Neill, emiti\u00f3 hoy una declaraci\u00f3n sobre las acciones recientes del Gobierno dominicano. El Gobierno dominicano expresa su profunda preocupaci\u00f3n por la falta de respuesta de las Naciones\u2026","rel":"","context":"En \u00abNACIONALES\u00bb","block_context":{"text":"NACIONALES","link":"https:\/\/lasprimeras.com.do\/index.php\/category\/nacionales\/"},"img":{"alt_text":"Gobierno dominicano","src":"https:\/\/i0.wp.com\/lasprimeras.com.do\/wp-content\/uploads\/2023\/08\/Palacio.jpg?resize=350%2C200&ssl=1","width":350,"height":200,"srcset":"https:\/\/i0.wp.com\/lasprimeras.com.do\/wp-content\/uploads\/2023\/08\/Palacio.jpg?resize=350%2C200&ssl=1 1x, https:\/\/i0.wp.com\/lasprimeras.com.do\/wp-content\/uploads\/2023\/08\/Palacio.jpg?resize=525%2C300&ssl=1 1.5x, https:\/\/i0.wp.com\/lasprimeras.com.do\/wp-content\/uploads\/2023\/08\/Palacio.jpg?resize=700%2C400&ssl=1 2x"},"classes":[]},{"id":110235,"url":"https:\/\/lasprimeras.com.do\/index.php\/2025\/09\/26\/lideres-sindicales-ponderan-discurso-del-presidente-abinader-en-onu\/","url_meta":{"origin":60957,"position":1},"title":"L\u00edderes sindicales ponderan discurso del presidente Abinader en ONU","author":"Nelson Feliz","date":"26 de septiembre de 2025","format":false,"excerpt":"El presidente de la Confederaci\u00f3n Nacional de Trabajadores Dominicanos, Jacobo Ramos, valor\u00f3 como positivo el discurso del presidente Luis Abinader en la asamblea de la Organizaci\u00f3n de Naciones Unidas (ONU) donde reiter\u00f3 a la comunidad internacional para que intervengan ante la inseguridad que se registra en Hait\u00ed. Manifest\u00f3 que hay\u2026","rel":"","context":"En \u00abNACIONALES\u00bb","block_context":{"text":"NACIONALES","link":"https:\/\/lasprimeras.com.do\/index.php\/category\/nacionales\/"},"img":{"alt_text":"","src":"https:\/\/i0.wp.com\/lasprimeras.com.do\/wp-content\/uploads\/2025\/09\/Lideres-sindicales.jpg?resize=350%2C200&ssl=1","width":350,"height":200,"srcset":"https:\/\/i0.wp.com\/lasprimeras.com.do\/wp-content\/uploads\/2025\/09\/Lideres-sindicales.jpg?resize=350%2C200&ssl=1 1x, https:\/\/i0.wp.com\/lasprimeras.com.do\/wp-content\/uploads\/2025\/09\/Lideres-sindicales.jpg?resize=525%2C300&ssl=1 1.5x, https:\/\/i0.wp.com\/lasprimeras.com.do\/wp-content\/uploads\/2025\/09\/Lideres-sindicales.jpg?resize=700%2C400&ssl=1 2x"},"classes":[]},{"id":60673,"url":"https:\/\/lasprimeras.com.do\/index.php\/2023\/09\/17\/abinader-asegura-situacion-actual-en-la-frontera-esta-controlada-la-seguridad-de-los-dominicanos-estan-garantizadas\/","url_meta":{"origin":60957,"position":2},"title":"Abinader asegura situaci\u00f3n actual en la frontera est\u00e1 controlada; la seguridad de los dominicanos est\u00e1n garantizadas","author":"Nelson Feliz","date":"17 de septiembre de 2023","format":false,"excerpt":"Dice su comparecencia esta semana ante la Asamblea General de la ONU es de gran importancia porque el problema de Hait\u00ed ya no est\u00e1 en Hait\u00ed, sino en manos de la comunidad internacional. El presidente Luis Abinader asegur\u00f3 este domingo que la situaci\u00f3n actual en la frontera est\u00e1 controlada y\u2026","rel":"","context":"En \u00abNACIONALES\u00bb","block_context":{"text":"NACIONALES","link":"https:\/\/lasprimeras.com.do\/index.php\/category\/nacionales\/"},"img":{"alt_text":"Luis Abinader","src":"https:\/\/i0.wp.com\/lasprimeras.com.do\/wp-content\/uploads\/2023\/09\/Luis-Abinader-3-2.jpg?resize=350%2C200&ssl=1","width":350,"height":200,"srcset":"https:\/\/i0.wp.com\/lasprimeras.com.do\/wp-content\/uploads\/2023\/09\/Luis-Abinader-3-2.jpg?resize=350%2C200&ssl=1 1x, https:\/\/i0.wp.com\/lasprimeras.com.do\/wp-content\/uploads\/2023\/09\/Luis-Abinader-3-2.jpg?resize=525%2C300&ssl=1 1.5x, https:\/\/i0.wp.com\/lasprimeras.com.do\/wp-content\/uploads\/2023\/09\/Luis-Abinader-3-2.jpg?resize=700%2C400&ssl=1 2x"},"classes":[]},{"id":108593,"url":"https:\/\/lasprimeras.com.do\/index.php\/2025\/09\/08\/abinader-reacciona-a-salida-de-policias-de-kenia-de-haiti-seguiremos-pidiendo-ayuda\/","url_meta":{"origin":60957,"position":3},"title":"Abinader reacciona a salida de polic\u00edas de Kenia de Hait\u00ed: &#8220;Seguiremos pidiendo ayuda&#8221;","author":"Nelson Feliz","date":"8 de septiembre de 2025","format":false,"excerpt":"Dijo que en septiembre volver\u00e1 a la ONU y llamar\u00e1 la atenci\u00f3n sobre el abandono de la comunidad internacional a Hait\u00ed. La Rep\u00fablica Dominicana tendr\u00e1 que adaptarse a la situaci\u00f3n que se presente en Hait\u00ed tras la salida de la misi\u00f3n de seguridad que encabeza Kenia, pautada para fin de\u2026","rel":"","context":"En \u00abNACIONALES\u00bb","block_context":{"text":"NACIONALES","link":"https:\/\/lasprimeras.com.do\/index.php\/category\/nacionales\/"},"img":{"alt_text":"","src":"https:\/\/i0.wp.com\/lasprimeras.com.do\/wp-content\/uploads\/2025\/09\/Policias-de-Kenia-en-la-mision-de-estabilizacion-en-Haiti.jpg?resize=350%2C200&ssl=1","width":350,"height":200,"srcset":"https:\/\/i0.wp.com\/lasprimeras.com.do\/wp-content\/uploads\/2025\/09\/Policias-de-Kenia-en-la-mision-de-estabilizacion-en-Haiti.jpg?resize=350%2C200&ssl=1 1x, https:\/\/i0.wp.com\/lasprimeras.com.do\/wp-content\/uploads\/2025\/09\/Policias-de-Kenia-en-la-mision-de-estabilizacion-en-Haiti.jpg?resize=525%2C300&ssl=1 1.5x, https:\/\/i0.wp.com\/lasprimeras.com.do\/wp-content\/uploads\/2025\/09\/Policias-de-Kenia-en-la-mision-de-estabilizacion-en-Haiti.jpg?resize=700%2C400&ssl=1 2x"},"classes":[]},{"id":110091,"url":"https:\/\/lasprimeras.com.do\/index.php\/2025\/09\/25\/udc-respalda-a-presidente-abinader-al-pedir-comunidad-internacional-acuda-en-auxilio-de-haiti\/","url_meta":{"origin":60957,"position":4},"title":"UDC respalda a presidente Abinader, al pedir comunidad internacional acuda en auxilio de Hait\u00ed","author":"Nelson Feliz","date":"25 de septiembre de 2025","format":false,"excerpt":"El presidente de la Uni\u00f3n Dem\u00f3crata Cristiana \u2013UDC-, Luis Acosta Moreta, Luis \u201cEl Gallo\u201d salud\u00f3 y apoy\u00f3 hoy los pronunciamientos hechos por el presidente Luis Abinader de que una fuerza multinacional es la que debe buscar la paz y la soluci\u00f3n de los problemas haitianos. Tambi\u00e9n se\u00f1al\u00f3 como trascendente la\u2026","rel":"","context":"En \u00abPOLITICA\u00bb","block_context":{"text":"POLITICA","link":"https:\/\/lasprimeras.com.do\/index.php\/category\/politica\/"},"img":{"alt_text":"","src":"https:\/\/i0.wp.com\/lasprimeras.com.do\/wp-content\/uploads\/2025\/09\/Luis-Abinader-3-1.jpg?resize=350%2C200&ssl=1","width":350,"height":200,"srcset":"https:\/\/i0.wp.com\/lasprimeras.com.do\/wp-content\/uploads\/2025\/09\/Luis-Abinader-3-1.jpg?resize=350%2C200&ssl=1 1x, https:\/\/i0.wp.com\/lasprimeras.com.do\/wp-content\/uploads\/2025\/09\/Luis-Abinader-3-1.jpg?resize=525%2C300&ssl=1 1.5x, https:\/\/i0.wp.com\/lasprimeras.com.do\/wp-content\/uploads\/2025\/09\/Luis-Abinader-3-1.jpg?resize=700%2C400&ssl=1 2x"},"classes":[]},{"id":108759,"url":"https:\/\/lasprimeras.com.do\/index.php\/2025\/09\/10\/abinader-destaca-madurez-politica-de-republica-dominicana-en-dialogo-de-alto-nivel-sobre-haiti\/","url_meta":{"origin":60957,"position":5},"title":"Abinader destaca madurez pol\u00edtica de Rep\u00fablica Dominicana en di\u00e1logo de alto nivel sobre Hait\u00ed","author":"Nelson Feliz","date":"10 de septiembre de 2025","format":false,"excerpt":"El mandatario abordar\u00e1 el abandono de la comunidad internacional ante crisis haitiana en su intervenci\u00f3n en la Asamblea General de la ONU. El presidente Luis Abinader felicit\u00f3 y agradeci\u00f3 al liderazgo pol\u00edtico dominicano por su participaci\u00f3n en el di\u00e1logo de alto nivel sobre la crisis en Hait\u00ed, convocado por el\u2026","rel":"","context":"En \u00abNACIONALES\u00bb","block_context":{"text":"NACIONALES","link":"https:\/\/lasprimeras.com.do\/index.php\/category\/nacionales\/"},"img":{"alt_text":"Luis Abinader","src":"https:\/\/i0.wp.com\/lasprimeras.com.do\/wp-content\/uploads\/2025\/07\/Luis-Abinader-9.jpg?resize=350%2C200&ssl=1","width":350,"height":200,"srcset":"https:\/\/i0.wp.com\/lasprimeras.com.do\/wp-content\/uploads\/2025\/07\/Luis-Abinader-9.jpg?resize=350%2C200&ssl=1 1x, https:\/\/i0.wp.com\/lasprimeras.com.do\/wp-content\/uploads\/2025\/07\/Luis-Abinader-9.jpg?resize=525%2C300&ssl=1 1.5x, https:\/\/i0.wp.com\/lasprimeras.com.do\/wp-content\/uploads\/2025\/07\/Luis-Abinader-9.jpg?resize=700%2C400&ssl=1 2x"},"classes":[]}],"jetpack_sharing_enabled":true,"_links":{"self":[{"href":"https:\/\/lasprimeras.com.do\/index.php\/wp-json\/wp\/v2\/posts\/60957","targetHints":{"allow":["GET"]}}],"collection":[{"href":"https:\/\/lasprimeras.com.do\/index.php\/wp-json\/wp\/v2\/posts"}],"about":[{"href":"https:\/\/lasprimeras.com.do\/index.php\/wp-json\/wp\/v2\/types\/post"}],"author":[{"embeddable":true,"href":"https:\/\/lasprimeras.com.do\/index.php\/wp-json\/wp\/v2\/users\/2"}],"replies":[{"embeddable":true,"href":"https:\/\/lasprimeras.com.do\/index.php\/wp-json\/wp\/v2\/comments?post=60957"}],"version-history":[{"count":1,"href":"https:\/\/lasprimeras.com.do\/index.php\/wp-json\/wp\/v2\/posts\/60957\/revisions"}],"predecessor-version":[{"id":60959,"href":"https:\/\/lasprimeras.com.do\/index.php\/wp-json\/wp\/v2\/posts\/60957\/revisions\/60959"}],"wp:featuredmedia":[{"embeddable":true,"href":"https:\/\/lasprimeras.com.do\/index.php\/wp-json\/wp\/v2\/media\/60958"}],"wp:attachment":[{"href":"https:\/\/lasprimeras.com.do\/index.php\/wp-json\/wp\/v2\/media?parent=60957"}],"wp:term":[{"taxonomy":"category","embeddable":true,"href":"https:\/\/lasprimeras.com.do\/index.php\/wp-json\/wp\/v2\/categories?post=60957"},{"taxonomy":"post_tag","embeddable":true,"href":"https:\/\/lasprimeras.com.do\/index.php\/wp-json\/wp\/v2\/tags?post=60957"}],"curies":[{"name":"wp","href":"https:\/\/api.w.org\/{rel}","templated":true}]}}