{"id":60969,"date":"2023-09-20T22:37:25","date_gmt":"2023-09-21T02:37:25","guid":{"rendered":"https:\/\/lasprimeras.com.do\/?p=60969"},"modified":"2023-09-20T22:37:26","modified_gmt":"2023-09-21T02:37:26","slug":"sector-externo-abel-con-gran-despliegue-en-la-vuelta-al-lago-con-abel-martinez","status":"publish","type":"post","link":"https:\/\/lasprimeras.com.do\/index.php\/2023\/09\/20\/sector-externo-abel-con-gran-despliegue-en-la-vuelta-al-lago-con-abel-martinez\/","title":{"rendered":"Sector Externo: Abel con gran despliegue en La Vuelta Al Lago con Abel Mart\u00ednez"},"content":{"rendered":"\n<p>\u00a0<br><strong>Barahona-. <\/strong>El candidato presidencial del Partido de la Liberaci\u00f3n Dominicana (PLD), Abel Mart\u00ednez junto al expresidente Danilo Medina S\u00e1nchez, Charlie Mariotti, y la alta dirigencia del PLD, agotar\u00f3n una intensa agenda en la regi\u00f3n sur del pa\u00eds.<\/p>\n\n\n\n<p>Los dirigentes pol\u00edticos estuvieron en la provincia de San Juan de la Maguana encabezando la proclamaci\u00f3n de Lenin de la Rosa como el candidato a alcalde del PLD en dicho municipio. All\u00ed se visualiz\u00f3 un enorme despliegue desde el Sector Externo Abel 2024.<br>&nbsp;<br>Mientras, que Abel Mart\u00ednez, Danilo Medina y toda la dirigencia del PLD realiz\u00f3 la tradicional y emblem\u00e1tica \u201cVuelta al Lago Enriquillo\u201d que abarc\u00f3 las provincias de Barahona, Bahoruco e Independencia.<\/p>\n\n\n\n<p>En dicho recorrido se visualiz\u00f3 la presencia de movimientos de apoyo y connotados empresarios de la regi\u00f3n sur en apoyo al proyecto presidencial de Abel Mart\u00ednez; vallas, letreros, pancartas e importantes presentaciones art\u00edsticas en los municipios de Neiba y Cabral, as\u00ed como publicidad de los movimientos de apoyo pertenecientes al Sector Externo, se destacaron en todo el trayecto.<\/p>\n\n\n\n<p>Durante el recorrido, los habitantes de las comunidades del sur del pa\u00eds mostraban alegr\u00eda y entusiasmo ante la caravana donde el imponente y tradicional Sector Externo se destac\u00f3 por la participaci\u00f3n de actores de la sociedad civil, profesionales y comerciantes de toda la regi\u00f3n.<br>&nbsp;<br>En ambas actividades la multitud se mostraba esperanzada ante el recorrido del Abel Mart\u00ednez y el expresidente Danilo Medina. Frases como \u00a8Aguanta que falta poco\u00a8, \u00a8Danilo est\u00e1bamos mejor\u00a8 \u00a8No aguantamos la falta de luz\u00a8 y \u00a8La comida est\u00e1 cara\u00a8 se visualizaban en pancartas o eran exclamadas por amas de casa y emprendedores.<br>&nbsp;<br>El Sector Externo Abel agrupa los sectores de la sociedad civil, profesionales, empresariales y agrupaciones, que apoyan el retorno del PLD al poder en la figura de Abel Mart\u00ednez Dur\u00e1n y ha jugado un rol determinante en los \u00faltimos procesos electorales del pa\u00eds.<\/p>\n\n\n\n<p>En cada una de las actividades estuvo presente el empresario Edwin Espinal Matos, Coordinador Nacional del Sector Externo.<\/p>\n","protected":false},"excerpt":{"rendered":"<p>\u00a0Barahona-. El candidato presidencial del Partido de la Liberaci\u00f3n Dominicana (PLD), Abel Mart\u00ednez junto al expresidente Danilo Medina S\u00e1nchez, Charlie Mariotti, y la alta dirigencia del PLD, agotar\u00f3n una intensa&hellip;<\/p>\n","protected":false},"author":2,"featured_media":60970,"comment_status":"open","ping_status":"open","sticky":false,"template":"","format":"standard","meta":{"content-type":"","jetpack_post_was_ever_published":false,"_jetpack_newsletter_access":"","_jetpack_dont_email_post_to_subs":false,"_jetpack_newsletter_tier_id":0,"_jetpack_memberships_contains_paywalled_content":false,"_jetpack_memberships_contains_paid_content":false,"footnotes":""},"categories":[25],"tags":[822,7720,7721],"class_list":["post-60969","post","type-post","status-publish","format-standard","has-post-thumbnail","hentry","category-portada","tag-abel-martinez","tag-la-vuelta-al-lago","tag-sector-externo-abel"],"jetpack_featured_media_url":"https:\/\/lasprimeras.com.do\/wp-content\/uploads\/2023\/09\/ABEL-MARTINEZ-1-1.jpg","jetpack-related-posts":[{"id":61222,"url":"https:\/\/lasprimeras.com.do\/index.php\/2023\/09\/24\/terrero-califica-de-impresionante-recorrido-por-la-region-sur-de-abel-martinez-y-danilo-medina\/","url_meta":{"origin":60969,"position":0},"title":"Terrero califica de impresionante recorrido por la regi\u00f3n sur\u00a0 de Abel Mart\u00ednez y Danilo Medina","author":"Nelson Feliz","date":"24 de septiembre de 2023","format":false,"excerpt":"Barahona, RD.-. El dirigente y miembro del Comit\u00e9 Central del Partido de la Liberaci\u00f3n Dominicana, doctor V\u00edctor Manuel Terrero, calific\u00f3 de impresionante el masivo respaldo que la poblaci\u00f3n da al ex presidente Danilo Medina y al candidato presidencial Abel Mart\u00ednez, cuando llegan a una provincia. El ex diputado pelede\u00edsta, sostuvo\u2026","rel":"","context":"En \u00abPORTADA\u00bb","block_context":{"text":"PORTADA","link":"https:\/\/lasprimeras.com.do\/index.php\/category\/portada\/"},"img":{"alt_text":"V\u00edctor Terrero","src":"https:\/\/i0.wp.com\/lasprimeras.com.do\/wp-content\/uploads\/2023\/07\/Victor-Terrero.jpeg?resize=350%2C200&ssl=1","width":350,"height":200,"srcset":"https:\/\/i0.wp.com\/lasprimeras.com.do\/wp-content\/uploads\/2023\/07\/Victor-Terrero.jpeg?resize=350%2C200&ssl=1 1x, https:\/\/i0.wp.com\/lasprimeras.com.do\/wp-content\/uploads\/2023\/07\/Victor-Terrero.jpeg?resize=525%2C300&ssl=1 1.5x, https:\/\/i0.wp.com\/lasprimeras.com.do\/wp-content\/uploads\/2023\/07\/Victor-Terrero.jpeg?resize=700%2C400&ssl=1 2x"},"classes":[]},{"id":111705,"url":"https:\/\/lasprimeras.com.do\/index.php\/2025\/10\/12\/abel-martinez-este-gobierno-llego-como-el-cambio-y-va-a-salir-como-el-fallo\/","url_meta":{"origin":60969,"position":1},"title":"Abel Mart\u00ednez: \u201cEste gobierno lleg\u00f3 como \u201cel cambio\u201d y va a salir como \u201cel fallo\u201d","author":"Nelson Feliz","date":"12 de octubre de 2025","format":false,"excerpt":"El miembro del Comit\u00e9 Politico del Partido de la Liberaci\u00f3n Dominicana (PLD), Abel Martinez, lament\u00f3 la dif\u00edcil situaci\u00f3n que enfrenta el pueblo dominicano como consecuencia de las malas ejecutorias de un gobierno ineficaz e indolente que, se visti\u00f3 de cambio y ha resultado un gran fallo, llevando al pa\u00eds por\u2026","rel":"","context":"En \u00abPOLITICA\u00bb","block_context":{"text":"POLITICA","link":"https:\/\/lasprimeras.com.do\/index.php\/category\/politica\/"},"img":{"alt_text":"","src":"https:\/\/i0.wp.com\/lasprimeras.com.do\/wp-content\/uploads\/2025\/10\/Abel-Martinez-1-1.jpg?resize=350%2C200&ssl=1","width":350,"height":200,"srcset":"https:\/\/i0.wp.com\/lasprimeras.com.do\/wp-content\/uploads\/2025\/10\/Abel-Martinez-1-1.jpg?resize=350%2C200&ssl=1 1x, https:\/\/i0.wp.com\/lasprimeras.com.do\/wp-content\/uploads\/2025\/10\/Abel-Martinez-1-1.jpg?resize=525%2C300&ssl=1 1.5x, https:\/\/i0.wp.com\/lasprimeras.com.do\/wp-content\/uploads\/2025\/10\/Abel-Martinez-1-1.jpg?resize=700%2C400&ssl=1 2x"},"classes":[]},{"id":122723,"url":"https:\/\/lasprimeras.com.do\/index.php\/2026\/02\/20\/abel-martinez-pide-al-pld-excluir-su-nombre-de-proceso-interno\/","url_meta":{"origin":60969,"position":2},"title":"Abel Mart\u00ednez pide al PLD excluir su nombre de proceso interno","author":"Nelson Feliz","date":"20 de febrero de 2026","format":false,"excerpt":"El dirigente pol\u00edtico Abel Mart\u00ednez solicit\u00f3 formalmente que su nombre sea excluido del listado de precandidatos que ser\u00e1 sometido a consideraci\u00f3n del Comit\u00e9 Central del Partido de la Liberaci\u00f3n Dominicana (PLD), cuya reuni\u00f3n est\u00e1 pautada para el 22 de febrero. La petici\u00f3n fue realizada mediante una carta dirigida al presidente\u2026","rel":"","context":"En \u00abPOLITICA\u00bb","block_context":{"text":"POLITICA","link":"https:\/\/lasprimeras.com.do\/index.php\/category\/politica\/"},"img":{"alt_text":"Abel Mart\u00ednez","src":"https:\/\/i0.wp.com\/lasprimeras.com.do\/wp-content\/uploads\/2025\/10\/Abel-Martinez-1.jpg?resize=350%2C200&ssl=1","width":350,"height":200,"srcset":"https:\/\/i0.wp.com\/lasprimeras.com.do\/wp-content\/uploads\/2025\/10\/Abel-Martinez-1.jpg?resize=350%2C200&ssl=1 1x, https:\/\/i0.wp.com\/lasprimeras.com.do\/wp-content\/uploads\/2025\/10\/Abel-Martinez-1.jpg?resize=525%2C300&ssl=1 1.5x, https:\/\/i0.wp.com\/lasprimeras.com.do\/wp-content\/uploads\/2025\/10\/Abel-Martinez-1.jpg?resize=700%2C400&ssl=1 2x"},"classes":[]},{"id":109804,"url":"https:\/\/lasprimeras.com.do\/index.php\/2025\/09\/20\/abel-martinez-el-hoyo-corrupto-en-senasa-solo-es-equiparable-al-hoyo-ineficiente-del-sector-electrico\/","url_meta":{"origin":60969,"position":3},"title":"Abel Mart\u00ednez: \u201cEl hoyo corrupto en SENASA\u201d solo es equiparable al hoyo ineficiente del sector el\u00e9ctrico","author":"Nelson Feliz","date":"20 de septiembre de 2025","format":false,"excerpt":"El miembro del Comit\u00e9 Pol\u00edtico del Partido de la Liberaci\u00f3n Dominicana (PLD), Abel Mart\u00ednez, calific\u00f3 como un verdadero abismo de corrupci\u00f3n el esc\u00e1ndalo en SENASA, se\u00f1alando que ese \u201choyo criminal contra el erario\u201d solo puede compararse con el \u201choyo ineficiente y sin fondo\u201d del sector el\u00e9ctrico dominicano. Mart\u00ednez demand\u00f3 que\u2026","rel":"","context":"En \u00abPOLITICA\u00bb","block_context":{"text":"POLITICA","link":"https:\/\/lasprimeras.com.do\/index.php\/category\/politica\/"},"img":{"alt_text":"","src":"https:\/\/i0.wp.com\/lasprimeras.com.do\/wp-content\/uploads\/2025\/09\/Abel-Martinez.jpg?resize=350%2C200&ssl=1","width":350,"height":200,"srcset":"https:\/\/i0.wp.com\/lasprimeras.com.do\/wp-content\/uploads\/2025\/09\/Abel-Martinez.jpg?resize=350%2C200&ssl=1 1x, https:\/\/i0.wp.com\/lasprimeras.com.do\/wp-content\/uploads\/2025\/09\/Abel-Martinez.jpg?resize=525%2C300&ssl=1 1.5x, https:\/\/i0.wp.com\/lasprimeras.com.do\/wp-content\/uploads\/2025\/09\/Abel-Martinez.jpg?resize=700%2C400&ssl=1 2x"},"classes":[]},{"id":104762,"url":"https:\/\/lasprimeras.com.do\/index.php\/2025\/07\/27\/abel-martinez-dice-sera-proclamado-candidato-presidencial-en-2027\/","url_meta":{"origin":60969,"position":4},"title":"Abel Mart\u00ednez dice ser\u00e1 proclamado candidato presidencial en 2027","author":"Nelson Feliz","date":"27 de julio de 2025","format":false,"excerpt":"En un encuentro con l\u00edderes del Partido de la Liberaci\u00f3n Dominicana (PLD), dirigentes comunitarios y ciudadanos comprometidos, Abel Mart\u00ednez reafirm\u00f3 su determinaci\u00f3n de trabajar por un \u00abnuevo comienzo\u00bb para la Rep\u00fablica Dominicana. El exalcalde de Santiago estuvo acompa\u00f1ado por su esposa, la comunicadora Nahiony Reyes. Anunci\u00f3 que en 2027 ser\u00e1\u2026","rel":"","context":"En \u00abPOLITICA\u00bb","block_context":{"text":"POLITICA","link":"https:\/\/lasprimeras.com.do\/index.php\/category\/politica\/"},"img":{"alt_text":"Abel Mart\u00ednez","src":"https:\/\/i0.wp.com\/lasprimeras.com.do\/wp-content\/uploads\/2024\/05\/Abel-Martinez-4.jpg?resize=350%2C200&ssl=1","width":350,"height":200,"srcset":"https:\/\/i0.wp.com\/lasprimeras.com.do\/wp-content\/uploads\/2024\/05\/Abel-Martinez-4.jpg?resize=350%2C200&ssl=1 1x, https:\/\/i0.wp.com\/lasprimeras.com.do\/wp-content\/uploads\/2024\/05\/Abel-Martinez-4.jpg?resize=525%2C300&ssl=1 1.5x, https:\/\/i0.wp.com\/lasprimeras.com.do\/wp-content\/uploads\/2024\/05\/Abel-Martinez-4.jpg?resize=700%2C400&ssl=1 2x"},"classes":[]},{"id":121192,"url":"https:\/\/lasprimeras.com.do\/index.php\/2026\/02\/02\/abel-martinez-sugiere-fortalecer-unidad-y-garantizar-competitividad-del-pld-rumbo-a-2028\/","url_meta":{"origin":60969,"position":5},"title":"Abel Mart\u00ednez sugiere fortalecer unidad y garantizar competitividad del PLD rumbo a 2028","author":"Nelson Feliz","date":"2 de febrero de 2026","format":false,"excerpt":"El excandidato presidencial del Partido de la Liberaci\u00f3n Dominicana (PLD), Abel Mart\u00ednez, plante\u00f3 una propuesta pol\u00edtica orientada a preservar la unidad interna del Partido y colocarlo en condiciones reales de competitividad de cara a las elecciones de 2028, apelando a la madurez, la armon\u00eda y la visi\u00f3n estrat\u00e9gica. Mart\u00ednez explic\u00f3\u2026","rel":"","context":"En \u00abPOLITICA\u00bb","block_context":{"text":"POLITICA","link":"https:\/\/lasprimeras.com.do\/index.php\/category\/politica\/"},"img":{"alt_text":"Abel Mart\u00ednez","src":"https:\/\/i0.wp.com\/lasprimeras.com.do\/wp-content\/uploads\/2025\/12\/Abel-Martinez-1.jpg?resize=350%2C200&ssl=1","width":350,"height":200,"srcset":"https:\/\/i0.wp.com\/lasprimeras.com.do\/wp-content\/uploads\/2025\/12\/Abel-Martinez-1.jpg?resize=350%2C200&ssl=1 1x, https:\/\/i0.wp.com\/lasprimeras.com.do\/wp-content\/uploads\/2025\/12\/Abel-Martinez-1.jpg?resize=525%2C300&ssl=1 1.5x, https:\/\/i0.wp.com\/lasprimeras.com.do\/wp-content\/uploads\/2025\/12\/Abel-Martinez-1.jpg?resize=700%2C400&ssl=1 2x"},"classes":[]}],"jetpack_sharing_enabled":true,"_links":{"self":[{"href":"https:\/\/lasprimeras.com.do\/index.php\/wp-json\/wp\/v2\/posts\/60969","targetHints":{"allow":["GET"]}}],"collection":[{"href":"https:\/\/lasprimeras.com.do\/index.php\/wp-json\/wp\/v2\/posts"}],"about":[{"href":"https:\/\/lasprimeras.com.do\/index.php\/wp-json\/wp\/v2\/types\/post"}],"author":[{"embeddable":true,"href":"https:\/\/lasprimeras.com.do\/index.php\/wp-json\/wp\/v2\/users\/2"}],"replies":[{"embeddable":true,"href":"https:\/\/lasprimeras.com.do\/index.php\/wp-json\/wp\/v2\/comments?post=60969"}],"version-history":[{"count":1,"href":"https:\/\/lasprimeras.com.do\/index.php\/wp-json\/wp\/v2\/posts\/60969\/revisions"}],"predecessor-version":[{"id":60971,"href":"https:\/\/lasprimeras.com.do\/index.php\/wp-json\/wp\/v2\/posts\/60969\/revisions\/60971"}],"wp:featuredmedia":[{"embeddable":true,"href":"https:\/\/lasprimeras.com.do\/index.php\/wp-json\/wp\/v2\/media\/60970"}],"wp:attachment":[{"href":"https:\/\/lasprimeras.com.do\/index.php\/wp-json\/wp\/v2\/media?parent=60969"}],"wp:term":[{"taxonomy":"category","embeddable":true,"href":"https:\/\/lasprimeras.com.do\/index.php\/wp-json\/wp\/v2\/categories?post=60969"},{"taxonomy":"post_tag","embeddable":true,"href":"https:\/\/lasprimeras.com.do\/index.php\/wp-json\/wp\/v2\/tags?post=60969"}],"curies":[{"name":"wp","href":"https:\/\/api.w.org\/{rel}","templated":true}]}}