{"id":60972,"date":"2023-09-20T22:43:25","date_gmt":"2023-09-21T02:43:25","guid":{"rendered":"https:\/\/lasprimeras.com.do\/?p=60972"},"modified":"2023-09-20T22:43:26","modified_gmt":"2023-09-21T02:43:26","slug":"jce-suspende-servicios-en-la-feria-desde-el-21-de-septiembre-hasta-2-de-octubre","status":"publish","type":"post","link":"https:\/\/lasprimeras.com.do\/index.php\/2023\/09\/20\/jce-suspende-servicios-en-la-feria-desde-el-21-de-septiembre-hasta-2-de-octubre\/","title":{"rendered":"JCE suspende servicios en La Feria desde el 21 de septiembre hasta 2 de octubre"},"content":{"rendered":"\n<p><strong>Espacio ser\u00e1 utilizado para proceso de las primarias de este 1 de octubre.<\/strong><\/p>\n\n\n\n<p>Por Martin Restituyo<\/p>\n\n\n\n<p>La Junta Central Electoral (JCE) suspende servicios en la Junta Electoral del Distrito Nacional (La Feria) a partir del pr\u00f3ximo 21 de septiembre del a\u00f1o en curso hasta el 02 de octubre, debido a que el espacio ser\u00e1 utilizado para la entrega de credenciales a los miembros de mesas que trabajar\u00e1n en las primarias pautadas para este 01 de octubre.<\/p>\n\n\n\n<p>Por la solemnidad que implica el proceso de celebraci\u00f3n de las primarias, el \u00f3rgano electoral inform\u00f3 que adem\u00e1s de la entrega de credenciales, se proceder\u00e1 a la instalaci\u00f3n de los equipos de digitalizaci\u00f3n, escaneo y transmisi\u00f3n (EDET), que se utilizar\u00e1n para reforzar los sustitutos de secretarios, as\u00ed como la capacitaci\u00f3n de facilitadores que trabajar\u00e1n en dicho proceso.<\/p>\n\n\n\n<p>A trav\u00e9s de esta medida, que obedece a las disposiciones contenidas en la Ley Org\u00e1nica de R\u00e9gimen Electoral No. 20-23, se informa a los ciudadanos y ciudadanas que pueden requerir de los servicios que se ofrecen en La Feria en los centros de expedici\u00f3n de actas y c\u00e9dulas de las zonas aleda\u00f1as, como los ubicados en la Universidad Aut\u00f3noma de Santo Domingo (UASD), Plaza Central y, adem\u00e1s, se habilitar\u00e1 un furg\u00f3n en la localidad de la Direcci\u00f3n de Pasaportes, para las personas que requieran de un acta para fines de renovaci\u00f3n o emisi\u00f3n de este documento.<\/p>\n","protected":false},"excerpt":{"rendered":"<p>Espacio ser\u00e1 utilizado para proceso de las primarias de este 1 de octubre. Por Martin Restituyo La Junta Central Electoral (JCE) suspende servicios en la Junta Electoral del Distrito Nacional&hellip;<\/p>\n","protected":false},"author":2,"featured_media":59036,"comment_status":"open","ping_status":"open","sticky":false,"template":"","format":"standard","meta":{"content-type":"","jetpack_post_was_ever_published":false,"_jetpack_newsletter_access":"","_jetpack_dont_email_post_to_subs":false,"_jetpack_newsletter_tier_id":0,"_jetpack_memberships_contains_paywalled_content":false,"_jetpack_memberships_contains_paid_content":false,"footnotes":""},"categories":[35],"tags":[183,7722,994,1524],"class_list":["post-60972","post","type-post","status-publish","format-standard","has-post-thumbnail","hentry","category-nacionales","tag-jce","tag-la-feria","tag-servicios","tag-suspende"],"jetpack_featured_media_url":"https:\/\/lasprimeras.com.do\/wp-content\/uploads\/2023\/08\/jce-ratifica-sancionara-partidos-y-a-candidatos-violen-medida-legal.jpg","jetpack-related-posts":[{"id":60519,"url":"https:\/\/lasprimeras.com.do\/index.php\/2023\/09\/15\/jce-inicia-proceso-de-clonado-de-equipos-que-se-usaran-en-primarias-de-este-1-de-octubre\/","url_meta":{"origin":60972,"position":0},"title":"JCE inicia proceso de clonado de equipos que se usar\u00e1n en primarias de este 1 de octubre","author":"Nelson Feliz","date":"15 de septiembre de 2023","format":false,"excerpt":"Por Martin Restituyo La Junta Central Electoral (JCE) inici\u00f3 este jueves el clonado de 7,750 equipos de escaneo, digitaci\u00f3n, impresi\u00f3n y transmisi\u00f3n de datos (EDET) que ser\u00e1n distribuidos en todo el pa\u00eds para el proceso de primarias que se llevar\u00e1 a cabo el pr\u00f3ximo 1 de octubre del presente a\u00f1o.\u2026","rel":"","context":"En \u00abPORTADA\u00bb","block_context":{"text":"PORTADA","link":"https:\/\/lasprimeras.com.do\/index.php\/category\/portada\/"},"img":{"alt_text":"JCE","src":"https:\/\/i0.wp.com\/lasprimeras.com.do\/wp-content\/uploads\/2023\/09\/JCE-1.jpg?resize=350%2C200&ssl=1","width":350,"height":200,"srcset":"https:\/\/i0.wp.com\/lasprimeras.com.do\/wp-content\/uploads\/2023\/09\/JCE-1.jpg?resize=350%2C200&ssl=1 1x, https:\/\/i0.wp.com\/lasprimeras.com.do\/wp-content\/uploads\/2023\/09\/JCE-1.jpg?resize=525%2C300&ssl=1 1.5x, https:\/\/i0.wp.com\/lasprimeras.com.do\/wp-content\/uploads\/2023\/09\/JCE-1.jpg?resize=700%2C400&ssl=1 2x"},"classes":[]},{"id":60366,"url":"https:\/\/lasprimeras.com.do\/index.php\/2023\/09\/13\/jce-impreme-boletas-electorales-para-las-elecciones-primarias-del-prm\/","url_meta":{"origin":60972,"position":1},"title":"JCE impreme boletas electorales para las elecciones primarias del PRM","author":"Nelson Feliz","date":"13 de septiembre de 2023","format":false,"excerpt":"Por Martin Restituyo La Junta Central Electoral (JCE) inici\u00f3 este mi\u00e9rcoles la impresi\u00f3n de las boletas que ser\u00e1n utilizadas en las elecciones primarias del Partido Revolucionario Moderno del pr\u00f3ximo primero de octubre. El proceso de impresi\u00f3n qued\u00f3 formalmente abierto en un acto en la sede del \u00f3rgano electoral encabezado por\u2026","rel":"","context":"En \u00abPORTADA\u00bb","block_context":{"text":"PORTADA","link":"https:\/\/lasprimeras.com.do\/index.php\/category\/portada\/"},"img":{"alt_text":"Rafael Armando Vallejo Santelises y Dolores Altagracia Fern\u00e1ndez","src":"https:\/\/i0.wp.com\/lasprimeras.com.do\/wp-content\/uploads\/2023\/09\/Rafael-Armando-Vallejo-Santelises-y-Dolores-Altagracia-Fernandez.jpg?resize=350%2C200&ssl=1","width":350,"height":200,"srcset":"https:\/\/i0.wp.com\/lasprimeras.com.do\/wp-content\/uploads\/2023\/09\/Rafael-Armando-Vallejo-Santelises-y-Dolores-Altagracia-Fernandez.jpg?resize=350%2C200&ssl=1 1x, https:\/\/i0.wp.com\/lasprimeras.com.do\/wp-content\/uploads\/2023\/09\/Rafael-Armando-Vallejo-Santelises-y-Dolores-Altagracia-Fernandez.jpg?resize=525%2C300&ssl=1 1.5x, https:\/\/i0.wp.com\/lasprimeras.com.do\/wp-content\/uploads\/2023\/09\/Rafael-Armando-Vallejo-Santelises-y-Dolores-Altagracia-Fernandez.jpg?resize=700%2C400&ssl=1 2x"},"classes":[]},{"id":59968,"url":"https:\/\/lasprimeras.com.do\/index.php\/2023\/09\/09\/jce-entrego-calendario-al-prm-para-celebracion-de-sus-primarias\/","url_meta":{"origin":60972,"position":2},"title":"JCE entreg\u00f3 calendario al PRM para celebraci\u00f3n de sus primarias","author":"Nelson Feliz","date":"9 de septiembre de 2023","format":false,"excerpt":"La Junta Central Electoral (JCE) entreg\u00f3 a la Comisi\u00f3n Electoral del Partido Revolucionario Moderno (PRM) y a los representantes de los candidatos y candidatas presidenciales de esta organizaci\u00f3n pol\u00edtica, el calendario de actividades administrativas para la celebraci\u00f3n de la primaria que llevar\u00e1n a cabo en octubre. El delegado de la\u2026","rel":"","context":"En \u00abPORTADA\u00bb","block_context":{"text":"PORTADA","link":"https:\/\/lasprimeras.com.do\/index.php\/category\/portada\/"},"img":{"alt_text":"JCE","src":"https:\/\/i0.wp.com\/lasprimeras.com.do\/wp-content\/uploads\/2023\/07\/JCE.jpg?resize=350%2C200&ssl=1","width":350,"height":200,"srcset":"https:\/\/i0.wp.com\/lasprimeras.com.do\/wp-content\/uploads\/2023\/07\/JCE.jpg?resize=350%2C200&ssl=1 1x, https:\/\/i0.wp.com\/lasprimeras.com.do\/wp-content\/uploads\/2023\/07\/JCE.jpg?resize=525%2C300&ssl=1 1.5x, https:\/\/i0.wp.com\/lasprimeras.com.do\/wp-content\/uploads\/2023\/07\/JCE.jpg?resize=700%2C400&ssl=1 2x"},"classes":[]},{"id":61196,"url":"https:\/\/lasprimeras.com.do\/index.php\/2023\/09\/23\/jce-inicia-proceso-de-distribucion-del-kit-electoral-para-las-primarias\/","url_meta":{"origin":60972,"position":3},"title":"JCE inicia proceso de distribuci\u00f3n del kit electoral para las primarias","author":"Nelson Feliz","date":"23 de septiembre de 2023","format":false,"excerpt":"Por Martin Restituyo La Junta Central Electoral (JCE) dio inicio este s\u00e1bado a la producci\u00f3n para la distribuci\u00f3n del kit electoral que se destinar\u00e1n a las Juntas Electorales para la celebraci\u00f3n de las primarias internas del pr\u00f3ximo domingo 1 de octubre. Este proceso tuvo apertura en presencia del presidente de\u2026","rel":"","context":"En \u00abNACIONALES\u00bb","block_context":{"text":"NACIONALES","link":"https:\/\/lasprimeras.com.do\/index.php\/category\/nacionales\/"},"img":{"alt_text":"","src":"https:\/\/i0.wp.com\/lasprimeras.com.do\/wp-content\/uploads\/2023\/09\/JCE-1-1.jpg?resize=350%2C200&ssl=1","width":350,"height":200,"srcset":"https:\/\/i0.wp.com\/lasprimeras.com.do\/wp-content\/uploads\/2023\/09\/JCE-1-1.jpg?resize=350%2C200&ssl=1 1x, https:\/\/i0.wp.com\/lasprimeras.com.do\/wp-content\/uploads\/2023\/09\/JCE-1-1.jpg?resize=525%2C300&ssl=1 1.5x, https:\/\/i0.wp.com\/lasprimeras.com.do\/wp-content\/uploads\/2023\/09\/JCE-1-1.jpg?resize=700%2C400&ssl=1 2x"},"classes":[]},{"id":61654,"url":"https:\/\/lasprimeras.com.do\/index.php\/2023\/09\/29\/jce-informa-todo-esta-listo-para-primarias-y-convenciones-de-este-fin-de-semana\/","url_meta":{"origin":60972,"position":4},"title":"JCE informa todo est\u00e1 listo para primarias y convenciones de este fin de semana","author":"Nelson Feliz","date":"29 de septiembre de 2023","format":false,"excerpt":"Por Mart\u00edn Restituyo La Junta Central Electoral (JCE) inform\u00f3 que todo est\u00e1 listo para la celebraci\u00f3n de las primarias y la supervisi\u00f3n de convenciones de este fin de semana de las organizaciones pol\u00edticas que escogieran estas modalidades para elegir sus candidatos a puestos electivos. Este s\u00e1bado 29 de septiembre la\u2026","rel":"","context":"En \u00abNACIONALES\u00bb","block_context":{"text":"NACIONALES","link":"https:\/\/lasprimeras.com.do\/index.php\/category\/nacionales\/"},"img":{"alt_text":"Junta Central Electoral","src":"https:\/\/i0.wp.com\/lasprimeras.com.do\/wp-content\/uploads\/2023\/09\/Junta-Central-Electoral.jpg?resize=350%2C200&ssl=1","width":350,"height":200,"srcset":"https:\/\/i0.wp.com\/lasprimeras.com.do\/wp-content\/uploads\/2023\/09\/Junta-Central-Electoral.jpg?resize=350%2C200&ssl=1 1x, https:\/\/i0.wp.com\/lasprimeras.com.do\/wp-content\/uploads\/2023\/09\/Junta-Central-Electoral.jpg?resize=525%2C300&ssl=1 1.5x, https:\/\/i0.wp.com\/lasprimeras.com.do\/wp-content\/uploads\/2023\/09\/Junta-Central-Electoral.jpg?resize=700%2C400&ssl=1 2x"},"classes":[]},{"id":61366,"url":"https:\/\/lasprimeras.com.do\/index.php\/2023\/09\/26\/prm-convoca-militancia-a-votaciones-este-1-de-octubre\/","url_meta":{"origin":60972,"position":5},"title":"PRM convoca militancia a votaciones este 1 de octubre","author":"Nelson Feliz","date":"26 de septiembre de 2023","format":false,"excerpt":"El Partido Revolucionario Moderno (PRM) anunci\u00f3 la celebraci\u00f3n de sus primarias para el pr\u00f3ximo 1 de octubre desde 8 de la ma\u00f1ana hasta 4 de la tarde, en lo que han denominado \u201cuna gran fiesta de la democracia\u201d, invitando a los perreme\u00edstas a votar ya que el cambio comienza en\u2026","rel":"","context":"En \u00abSin categor\u00eda\u00bb","block_context":{"text":"Sin categor\u00eda","link":"https:\/\/lasprimeras.com.do\/index.php\/category\/sin-categoria\/"},"img":{"alt_text":"PRM","src":"https:\/\/i0.wp.com\/lasprimeras.com.do\/wp-content\/uploads\/2023\/09\/PRM-1.jpg?resize=350%2C200&ssl=1","width":350,"height":200,"srcset":"https:\/\/i0.wp.com\/lasprimeras.com.do\/wp-content\/uploads\/2023\/09\/PRM-1.jpg?resize=350%2C200&ssl=1 1x, https:\/\/i0.wp.com\/lasprimeras.com.do\/wp-content\/uploads\/2023\/09\/PRM-1.jpg?resize=525%2C300&ssl=1 1.5x, https:\/\/i0.wp.com\/lasprimeras.com.do\/wp-content\/uploads\/2023\/09\/PRM-1.jpg?resize=700%2C400&ssl=1 2x"},"classes":[]}],"jetpack_sharing_enabled":true,"_links":{"self":[{"href":"https:\/\/lasprimeras.com.do\/index.php\/wp-json\/wp\/v2\/posts\/60972","targetHints":{"allow":["GET"]}}],"collection":[{"href":"https:\/\/lasprimeras.com.do\/index.php\/wp-json\/wp\/v2\/posts"}],"about":[{"href":"https:\/\/lasprimeras.com.do\/index.php\/wp-json\/wp\/v2\/types\/post"}],"author":[{"embeddable":true,"href":"https:\/\/lasprimeras.com.do\/index.php\/wp-json\/wp\/v2\/users\/2"}],"replies":[{"embeddable":true,"href":"https:\/\/lasprimeras.com.do\/index.php\/wp-json\/wp\/v2\/comments?post=60972"}],"version-history":[{"count":1,"href":"https:\/\/lasprimeras.com.do\/index.php\/wp-json\/wp\/v2\/posts\/60972\/revisions"}],"predecessor-version":[{"id":60973,"href":"https:\/\/lasprimeras.com.do\/index.php\/wp-json\/wp\/v2\/posts\/60972\/revisions\/60973"}],"wp:featuredmedia":[{"embeddable":true,"href":"https:\/\/lasprimeras.com.do\/index.php\/wp-json\/wp\/v2\/media\/59036"}],"wp:attachment":[{"href":"https:\/\/lasprimeras.com.do\/index.php\/wp-json\/wp\/v2\/media?parent=60972"}],"wp:term":[{"taxonomy":"category","embeddable":true,"href":"https:\/\/lasprimeras.com.do\/index.php\/wp-json\/wp\/v2\/categories?post=60972"},{"taxonomy":"post_tag","embeddable":true,"href":"https:\/\/lasprimeras.com.do\/index.php\/wp-json\/wp\/v2\/tags?post=60972"}],"curies":[{"name":"wp","href":"https:\/\/api.w.org\/{rel}","templated":true}]}}