{"id":60974,"date":"2023-09-20T23:24:41","date_gmt":"2023-09-21T03:24:41","guid":{"rendered":"https:\/\/lasprimeras.com.do\/?p=60974"},"modified":"2023-09-20T23:24:43","modified_gmt":"2023-09-21T03:24:43","slug":"caasd-corrige-averia-del-sistema-duey-y-restablece-servicio-en-los-sectores-afectados","status":"publish","type":"post","link":"https:\/\/lasprimeras.com.do\/index.php\/2023\/09\/20\/caasd-corrige-averia-del-sistema-duey-y-restablece-servicio-en-los-sectores-afectados\/","title":{"rendered":"CAASD corrige aver\u00eda del sistema Duey y restablece servicio en los sectores afectados"},"content":{"rendered":"\n<p>La Corporaci\u00f3n del Acueducto y Alcantarillado de Santo Domingo (CAASD), solucion\u00f3 la aver\u00eda que se present\u00f3 en la l\u00ednea del Acueducto Duey, con la que se vieron afectados varios sectores del Distrito Nacional, a los cuales les ha sido restablecido el servicio de agua potable.<\/p>\n\n\n\n<p>Se trata de una aver\u00eda de 30 pulgadas presentada en la proximidad del Can\u00f3dromo, exactamente en la intersecci\u00f3n de las avenidas Monumental con Rep\u00fablica de Colombia, que afect\u00f3 el suministro de agua potable en Arroyo Hondo, Los R\u00edos, entre otros sectores.<\/p>\n\n\n\n<p>El director general de la CAASD, ingeniero Felipe Suberv\u00ed, inform\u00f3 que el da\u00f1o ocurri\u00f3 por una rotura de la tuber\u00eda, siendo corregida de inmediato por las brigadas de la instituci\u00f3n.<\/p>\n\n\n\n<p>\u201cLa problem\u00e1tica recibi\u00f3 respuesta inmediata de parte del equipo de operaciones de la instituci\u00f3n, quienes estuvieron trabajando d\u00eda y noche, dando soluci\u00f3n a la aver\u00eda en menos de 48 horas\u201d, precis\u00f3.<\/p>\n\n\n\n<p>Para solucionar la situaci\u00f3n, el equipo de la CAASD extrajo la instalaci\u00f3n afectada y la sustituy\u00f3 por dos juntas mec\u00e1nicas reductoras de 30 pulgadas, adem\u00e1s la reemplaz\u00f3 con un tubo de polietileno de alta densidad para evitar roturas en lo adelante.<\/p>\n\n\n\n<p>Luego de la correcci\u00f3n de la aver\u00eda, los sectores afectados comenzaron a recibir el preciado l\u00edquido la ma\u00f1ana de este mi\u00e9rcoles, dijo Suberv\u00ed.<\/p>\n\n\n\n<p>Sin embargo, aclar\u00f3 que, dada la magnitud de este tipo de aver\u00edas, las tuber\u00edas deben ser vaciadas para dar soluci\u00f3n de manera correcta, por tanto, tomar\u00e1 varios d\u00edas para que se normalice el suministro en las redes.<\/p>\n\n\n\n<p>Mientras tanto, la CAASD ha desplegado camiones cisterna para abastecer a los barrios que se han visto afectados por la aver\u00eda.<\/p>\n","protected":false},"excerpt":{"rendered":"<p>La Corporaci\u00f3n del Acueducto y Alcantarillado de Santo Domingo (CAASD), solucion\u00f3 la aver\u00eda que se present\u00f3 en la l\u00ednea del Acueducto Duey, con la que se vieron afectados varios sectores&hellip;<\/p>\n","protected":false},"author":2,"featured_media":60975,"comment_status":"open","ping_status":"open","sticky":false,"template":"","format":"standard","meta":{"content-type":"","jetpack_post_was_ever_published":false,"_jetpack_newsletter_access":"","_jetpack_dont_email_post_to_subs":false,"_jetpack_newsletter_tier_id":0,"_jetpack_memberships_contains_paywalled_content":false,"_jetpack_memberships_contains_paid_content":false,"footnotes":""},"categories":[35,25],"tags":[682,697,7723,7594],"class_list":["post-60974","post","type-post","status-publish","format-standard","has-post-thumbnail","hentry","category-nacionales","category-portada","tag-averia","tag-caasd","tag-corrige","tag-sistema-duey"],"jetpack_featured_media_url":"https:\/\/lasprimeras.com.do\/wp-content\/uploads\/2023\/09\/WhatsApp-Image-2023-09-20-at-2.13.05-PM.jpeg","jetpack-related-posts":[{"id":88759,"url":"https:\/\/lasprimeras.com.do\/index.php\/2024\/09\/05\/caasd-soluciona-averia-limito-suministro-de-agua-en-el-sistema-duey\/","url_meta":{"origin":60974,"position":0},"title":"CAASD soluciona aver\u00eda limit\u00f3 suministro de agua en el sistema Duey","author":"Nelson Feliz","date":"5 de septiembre de 2024","format":false,"excerpt":"Inform\u00f3 que durante este jueves el servicio de agua potable estar\u00e1 de forma \u00f3ptima de manera gradual. La Corporaci\u00f3n del Acueducto y Alcantarillado de Santo Domingo (CAASD) anunci\u00f3 la soluci\u00f3n en tiempo r\u00e9cord la aver\u00eda que afect\u00f3 al sistema Duey, limitando el suministro de agua potable en varios sectores de\u2026","rel":"","context":"En \u00abNACIONALES\u00bb","block_context":{"text":"NACIONALES","link":"https:\/\/lasprimeras.com.do\/index.php\/category\/nacionales\/"},"img":{"alt_text":"","src":"https:\/\/i0.wp.com\/lasprimeras.com.do\/wp-content\/uploads\/2024\/09\/DUEY.jpg?resize=350%2C200&ssl=1","width":350,"height":200,"srcset":"https:\/\/i0.wp.com\/lasprimeras.com.do\/wp-content\/uploads\/2024\/09\/DUEY.jpg?resize=350%2C200&ssl=1 1x, https:\/\/i0.wp.com\/lasprimeras.com.do\/wp-content\/uploads\/2024\/09\/DUEY.jpg?resize=525%2C300&ssl=1 1.5x, https:\/\/i0.wp.com\/lasprimeras.com.do\/wp-content\/uploads\/2024\/09\/DUEY.jpg?resize=700%2C400&ssl=1 2x"},"classes":[]},{"id":65403,"url":"https:\/\/lasprimeras.com.do\/index.php\/2023\/10\/27\/caasd-soluciona-averia-en-sistema-duey-regulariza-servicio-de-agua-potable-a-sectores-afectados\/","url_meta":{"origin":60974,"position":1},"title":"CAASD soluciona aver\u00eda en sistema Duey;\u00a0regulariza servicio\u00a0de agua potable\u00a0a sectores afectados \u00a0","author":"Nelson Feliz","date":"27 de octubre de 2023","format":false,"excerpt":"El ingeniero Fellito Suberv\u00ed explic\u00f3 que los equipos t\u00e9cnicos agilizaron los trabajos para terminarlos en tiempo r\u00e9cord. El director de la Corporaci\u00f3n del Acueducto y Alcantarillado de Santo Domingo (CAASD), Felipe Suberv\u00ed inform\u00f3 que m\u00e1s de 50 sectores empezaron a recibir de manera regular el agua potable, luego de que\u2026","rel":"","context":"En \u00abNACIONALES\u00bb","block_context":{"text":"NACIONALES","link":"https:\/\/lasprimeras.com.do\/index.php\/category\/nacionales\/"},"img":{"alt_text":"","src":"https:\/\/i0.wp.com\/lasprimeras.com.do\/wp-content\/uploads\/2023\/10\/averia.jpg?resize=350%2C200&ssl=1","width":350,"height":200,"srcset":"https:\/\/i0.wp.com\/lasprimeras.com.do\/wp-content\/uploads\/2023\/10\/averia.jpg?resize=350%2C200&ssl=1 1x, https:\/\/i0.wp.com\/lasprimeras.com.do\/wp-content\/uploads\/2023\/10\/averia.jpg?resize=525%2C300&ssl=1 1.5x, https:\/\/i0.wp.com\/lasprimeras.com.do\/wp-content\/uploads\/2023\/10\/averia.jpg?resize=700%2C400&ssl=1 2x"},"classes":[]},{"id":88712,"url":"https:\/\/lasprimeras.com.do\/index.php\/2024\/09\/04\/la-caasd-informa-que-el-sistema-duey-se-encuentra-en-mantenimiento-por-averia-y-turbidez-del-agua\/","url_meta":{"origin":60974,"position":2},"title":"La CAASD informa que el sistema Duey se encuentra en mantenimiento por aver\u00eda y turbidez del agua","author":"Nelson Feliz","date":"4 de septiembre de 2024","format":false,"excerpt":"La entidad se mantiene en alerta permanente ante la incidencia de onda tropical y vaguada La Corporaci\u00f3n del Acueducto y Alcantarillado de Santo Domingo (CAASD) inform\u00f3 que el sistema Duey se encuentra fuera de servicio por aver\u00eda y turbidez de las aguas, limitando el servicio de agua potable en diversos\u2026","rel":"","context":"En \u00abNACIONALES\u00bb","block_context":{"text":"NACIONALES","link":"https:\/\/lasprimeras.com.do\/index.php\/category\/nacionales\/"},"img":{"alt_text":"","src":"https:\/\/i0.wp.com\/lasprimeras.com.do\/wp-content\/uploads\/2024\/09\/DUEY.jpg?resize=350%2C200&ssl=1","width":350,"height":200,"srcset":"https:\/\/i0.wp.com\/lasprimeras.com.do\/wp-content\/uploads\/2024\/09\/DUEY.jpg?resize=350%2C200&ssl=1 1x, https:\/\/i0.wp.com\/lasprimeras.com.do\/wp-content\/uploads\/2024\/09\/DUEY.jpg?resize=525%2C300&ssl=1 1.5x, https:\/\/i0.wp.com\/lasprimeras.com.do\/wp-content\/uploads\/2024\/09\/DUEY.jpg?resize=700%2C400&ssl=1 2x"},"classes":[]},{"id":63577,"url":"https:\/\/lasprimeras.com.do\/index.php\/2023\/10\/13\/caasd-corrige-averia-en-la-carretera-duarte-vieja\/","url_meta":{"origin":60974,"position":3},"title":"CAASD corrige aver\u00eda en la carretera Duarte vieja","author":"Nelson Feliz","date":"13 de octubre de 2023","format":false,"excerpt":"La instituci\u00f3n inform\u00f3 que desde la tarde de este martes se brinda el servicio de suministro de agua a los sectores que fueron afectados por la perforaci\u00f3n en la tuber\u00eda. La Corporaci\u00f3n del Acueducto y Alcantarillado de Santo Domingo (CAASD), inform\u00f3 que fue corregida la aver\u00eda producida en una l\u00ednea\u2026","rel":"","context":"En \u00abNACIONALES\u00bb","block_context":{"text":"NACIONALES","link":"https:\/\/lasprimeras.com.do\/index.php\/category\/nacionales\/"},"img":{"alt_text":"CAASD","src":"https:\/\/i0.wp.com\/lasprimeras.com.do\/wp-content\/uploads\/2023\/10\/CAASD-1-1.jpg?resize=350%2C200&ssl=1","width":350,"height":200,"srcset":"https:\/\/i0.wp.com\/lasprimeras.com.do\/wp-content\/uploads\/2023\/10\/CAASD-1-1.jpg?resize=350%2C200&ssl=1 1x, https:\/\/i0.wp.com\/lasprimeras.com.do\/wp-content\/uploads\/2023\/10\/CAASD-1-1.jpg?resize=525%2C300&ssl=1 1.5x, https:\/\/i0.wp.com\/lasprimeras.com.do\/wp-content\/uploads\/2023\/10\/CAASD-1-1.jpg?resize=700%2C400&ssl=1 2x"},"classes":[]},{"id":65004,"url":"https:\/\/lasprimeras.com.do\/index.php\/2023\/10\/25\/averia-en-el-duey-mantiene-sin-agua-a-sectores-de-sdo\/","url_meta":{"origin":60974,"position":4},"title":"Aver\u00eda en el Duey mantiene sin agua a sectores de SDO","author":"BIMARY DE JES\u00daS Matos","date":"25 de octubre de 2023","format":false,"excerpt":"SDO.-La Corporaci\u00f3n del Acueducto y Alcantarillado de Santo Domingo (Caasd), inform\u00f3 que alrededor de 48 sectores de Los Alcarrizos, La Gu\u00e1yiga, Pedro Brand y Pantoja se quedar\u00e1n sin el servicio de agua potable por una aver\u00eda en el acueducto Duey. El director general de la Caasd, Felipe Suberv\u00ed, explic\u00f3 que\u2026","rel":"","context":"En \u00abNACIONALES\u00bb","block_context":{"text":"NACIONALES","link":"https:\/\/lasprimeras.com.do\/index.php\/category\/nacionales\/"},"img":{"alt_text":"","src":"https:\/\/i0.wp.com\/lasprimeras.com.do\/wp-content\/uploads\/2023\/10\/WhatsApp-Image-2023-10-24-at-5.28.33-PM-1.webp?resize=350%2C200&ssl=1","width":350,"height":200,"srcset":"https:\/\/i0.wp.com\/lasprimeras.com.do\/wp-content\/uploads\/2023\/10\/WhatsApp-Image-2023-10-24-at-5.28.33-PM-1.webp?resize=350%2C200&ssl=1 1x, https:\/\/i0.wp.com\/lasprimeras.com.do\/wp-content\/uploads\/2023\/10\/WhatsApp-Image-2023-10-24-at-5.28.33-PM-1.webp?resize=525%2C300&ssl=1 1.5x, https:\/\/i0.wp.com\/lasprimeras.com.do\/wp-content\/uploads\/2023\/10\/WhatsApp-Image-2023-10-24-at-5.28.33-PM-1.webp?resize=700%2C400&ssl=1 2x, https:\/\/i0.wp.com\/lasprimeras.com.do\/wp-content\/uploads\/2023\/10\/WhatsApp-Image-2023-10-24-at-5.28.33-PM-1.webp?resize=1050%2C600&ssl=1 3x"},"classes":[]},{"id":60628,"url":"https:\/\/lasprimeras.com.do\/index.php\/2023\/09\/17\/caasd-trabaja-en-la-correccion-de-averia-en-el-sistema-duey-entre-la-republica-de-colombia-y-monumental\/","url_meta":{"origin":60974,"position":5},"title":"CAASD trabaja en la correcci\u00f3n de aver\u00eda en el sistema Duey, entre la Rep\u00fablica de Colombia y Monumental","author":"Nelson Feliz","date":"17 de septiembre de 2023","format":false,"excerpt":"La Corporaci\u00f3n del Acueducto y Alcantarillado de Santo Domingo (CAASD), inform\u00f3\u00a0que trabaja de forma acelerada la correcci\u00f3n de una aver\u00eda en una l\u00ednea de 30 pulgadas del sistema Duey, ocurrida la tarde del s\u00e1bado, afectando el suministro de agua potable a sectores ubicados en la avenida Rep\u00fablica de Colombia, Arroyo\u2026","rel":"","context":"En \u00abNACIONALES\u00bb","block_context":{"text":"NACIONALES","link":"https:\/\/lasprimeras.com.do\/index.php\/category\/nacionales\/"},"img":{"alt_text":"Trabajos CAASD","src":"https:\/\/i0.wp.com\/lasprimeras.com.do\/wp-content\/uploads\/2023\/09\/Trabajos-CAASD-2.jpg?resize=350%2C200&ssl=1","width":350,"height":200,"srcset":"https:\/\/i0.wp.com\/lasprimeras.com.do\/wp-content\/uploads\/2023\/09\/Trabajos-CAASD-2.jpg?resize=350%2C200&ssl=1 1x, https:\/\/i0.wp.com\/lasprimeras.com.do\/wp-content\/uploads\/2023\/09\/Trabajos-CAASD-2.jpg?resize=525%2C300&ssl=1 1.5x, https:\/\/i0.wp.com\/lasprimeras.com.do\/wp-content\/uploads\/2023\/09\/Trabajos-CAASD-2.jpg?resize=700%2C400&ssl=1 2x"},"classes":[]}],"jetpack_sharing_enabled":true,"_links":{"self":[{"href":"https:\/\/lasprimeras.com.do\/index.php\/wp-json\/wp\/v2\/posts\/60974","targetHints":{"allow":["GET"]}}],"collection":[{"href":"https:\/\/lasprimeras.com.do\/index.php\/wp-json\/wp\/v2\/posts"}],"about":[{"href":"https:\/\/lasprimeras.com.do\/index.php\/wp-json\/wp\/v2\/types\/post"}],"author":[{"embeddable":true,"href":"https:\/\/lasprimeras.com.do\/index.php\/wp-json\/wp\/v2\/users\/2"}],"replies":[{"embeddable":true,"href":"https:\/\/lasprimeras.com.do\/index.php\/wp-json\/wp\/v2\/comments?post=60974"}],"version-history":[{"count":1,"href":"https:\/\/lasprimeras.com.do\/index.php\/wp-json\/wp\/v2\/posts\/60974\/revisions"}],"predecessor-version":[{"id":60976,"href":"https:\/\/lasprimeras.com.do\/index.php\/wp-json\/wp\/v2\/posts\/60974\/revisions\/60976"}],"wp:featuredmedia":[{"embeddable":true,"href":"https:\/\/lasprimeras.com.do\/index.php\/wp-json\/wp\/v2\/media\/60975"}],"wp:attachment":[{"href":"https:\/\/lasprimeras.com.do\/index.php\/wp-json\/wp\/v2\/media?parent=60974"}],"wp:term":[{"taxonomy":"category","embeddable":true,"href":"https:\/\/lasprimeras.com.do\/index.php\/wp-json\/wp\/v2\/categories?post=60974"},{"taxonomy":"post_tag","embeddable":true,"href":"https:\/\/lasprimeras.com.do\/index.php\/wp-json\/wp\/v2\/tags?post=60974"}],"curies":[{"name":"wp","href":"https:\/\/api.w.org\/{rel}","templated":true}]}}