{"id":60980,"date":"2023-09-20T23:42:11","date_gmt":"2023-09-21T03:42:11","guid":{"rendered":"https:\/\/lasprimeras.com.do\/?p=60980"},"modified":"2023-09-20T23:42:27","modified_gmt":"2023-09-21T03:42:27","slug":"eted-trabajara-este-jueves-en-subestacion-69-kv-hainamosa-tamarindo","status":"publish","type":"post","link":"https:\/\/lasprimeras.com.do\/index.php\/2023\/09\/20\/eted-trabajara-este-jueves-en-subestacion-69-kv-hainamosa-tamarindo\/","title":{"rendered":"ETED trabajar\u00e1 este jueves en subestaci\u00f3n 69 kV Hainamosa- Tamarindo"},"content":{"rendered":"\n<p>Por Martin Restituyo<\/p>\n\n\n\n<p>La Empresa de Transmisi\u00f3n El\u00e9ctrica Dominicana (ETED) informa que, este jueves 21, de septiembre, dar\u00e1 mantenimiento a los controles y protecciones de la subestaci\u00f3n 69 kV Hainamosa- Tamarindo, como parte de los trabajos programados para optimizar la calidad de las infraestructuras el\u00e9ctricas en el pa\u00eds.<\/p>\n\n\n\n<p>Las brigadas instalar\u00e1n protecciones de 9:00 a.m. 2:00 p.m., y el servicio quedar\u00e1 afectado en Tamarindo y Km. 24 Carretera Mella, pertenecientes al municipio Santo Domingo Este y Guerra perteneciente al Gran Santo Domingo.<\/p>\n\n\n\n<p>Adem\u00e1s, por el periodo del mantenimiento se afectar\u00e1n las empresas: Zona Franca Gildan y Parque Solar Mata de Palma, Acueducto Oriental, Base A\u00e9rea San Isidro y Grupo Ramos Mella.<\/p>\n\n\n\n<p>La ETED pide disculpas por los inconvenientes que esto pueda causar y apelamos a la comprensi\u00f3n de los usuarios en las zonas afectadas.<\/p>\n\n\n\n<p>Estas acciones son parte del compromiso de la empresa de garantizar un servicio de transporte de energ\u00eda en alta tensi\u00f3n estable, eficiente y de calidad que d\u00e9 respuesta a las necesidades de la ciudadan\u00eda, acorde a los mandatos del Gobierno.<\/p>\n\n\n\n<p>La Empresa de Transmisi\u00f3n El\u00e9ctrica Dominicana es una compa\u00f1\u00eda el\u00e9ctrica estatal descentralizada, cuyo objetivo es construir, expandir y operar el Sistema El\u00e9ctrico Nacional Interconectado (SENI), para proveer servicios de transporte de energ\u00eda el\u00e9ctrica en alta tensi\u00f3n y telecomunicaciones por fibra \u00f3ptica a todo el territorio nacional.<\/p>\n","protected":false},"excerpt":{"rendered":"<p>Por Martin Restituyo La Empresa de Transmisi\u00f3n El\u00e9ctrica Dominicana (ETED) informa que, este jueves 21, de septiembre, dar\u00e1 mantenimiento a los controles y protecciones de la subestaci\u00f3n 69 kV Hainamosa-&hellip;<\/p>\n","protected":false},"author":2,"featured_media":60981,"comment_status":"open","ping_status":"open","sticky":false,"template":"","format":"standard","meta":{"content-type":"","jetpack_post_was_ever_published":false,"_jetpack_newsletter_access":"","_jetpack_dont_email_post_to_subs":false,"_jetpack_newsletter_tier_id":0,"_jetpack_memberships_contains_paywalled_content":false,"_jetpack_memberships_contains_paid_content":false,"footnotes":""},"categories":[35,25],"tags":[5134,6391,5829,6393],"class_list":["post-60980","post","type-post","status-publish","format-standard","has-post-thumbnail","hentry","category-nacionales","category-portada","tag-eted","tag-hainamosa","tag-subestacion","tag-tamarindo"],"jetpack_featured_media_url":"https:\/\/lasprimeras.com.do\/wp-content\/uploads\/2023\/09\/ETED-1.jpg","jetpack-related-posts":[{"id":57978,"url":"https:\/\/lasprimeras.com.do\/index.php\/2023\/08\/17\/eted-trabajara-en-las-lineas-69-kv-hainamosa-tamarindo-y-cruce-de-cabral-barahona\/","url_meta":{"origin":60980,"position":0},"title":"ETED trabajar\u00e1 en las l\u00edneas 69 kV Hainamosa \u2013 Tamarindo y Cruce de Cabral &#8211; Barahona \u00a0\u00a0\u00a0\u00a0\u00a0\u00a0\u00a0\u00a0\u00a0\u00a0\u00a0\u00a0\u00a0\u00a0\u00a0\u00a0\u00a0\u00a0\u00a0\u00a0\u00a0\u00a0\u00a0\u00a0\u00a0\u00a0\u00a0\u00a0\u00a0\u00a0\u00a0\u00a0\u00a0\u00a0\u00a0\u00a0\u00a0","author":"Nelson Feliz","date":"17 de agosto de 2023","format":false,"excerpt":"Por Martin Restituyo La Empresa de Transmisi\u00f3n El\u00e9ctrica Dominicana (ETED) informa que, este viernes 18 de agosto realizar\u00e1 trabajos en las l\u00edneas 69 kV Hainamosa \u2013 Tamarindo y Cruce de Cabral - Barahona Pueblo, como parte de los mantenimientos programados esta semana para optimizar la calidad de las infraestructuras en\u2026","rel":"","context":"En \u00abNACIONALES\u00bb","block_context":{"text":"NACIONALES","link":"https:\/\/lasprimeras.com.do\/index.php\/category\/nacionales\/"},"img":{"alt_text":"","src":"https:\/\/i0.wp.com\/lasprimeras.com.do\/wp-content\/uploads\/2023\/08\/Linea-de-Transmision-69Kv.-01-.jpg?resize=350%2C200&ssl=1","width":350,"height":200,"srcset":"https:\/\/i0.wp.com\/lasprimeras.com.do\/wp-content\/uploads\/2023\/08\/Linea-de-Transmision-69Kv.-01-.jpg?resize=350%2C200&ssl=1 1x, https:\/\/i0.wp.com\/lasprimeras.com.do\/wp-content\/uploads\/2023\/08\/Linea-de-Transmision-69Kv.-01-.jpg?resize=525%2C300&ssl=1 1.5x, https:\/\/i0.wp.com\/lasprimeras.com.do\/wp-content\/uploads\/2023\/08\/Linea-de-Transmision-69Kv.-01-.jpg?resize=700%2C400&ssl=1 2x"},"classes":[]},{"id":105539,"url":"https:\/\/lasprimeras.com.do\/index.php\/2025\/08\/04\/eted-realizara-mantenimiento-en-subestacion-hato-mayor-y-sabana-de-la-mar-este-martes\/","url_meta":{"origin":60980,"position":1},"title":"ETED realizar\u00e1 mantenimiento en subestaci\u00f3n Hato Mayor y Sabana de la Mar este martes","author":"Nelson Feliz","date":"4 de agosto de 2025","format":false,"excerpt":"Intervendr\u00e1 la subestaci\u00f3n 69 kV Hato Mayor II - Sabana de la Mar y la l\u00ednea 69 kV Corporaci\u00f3n Zona Franca Santiago \u2013 Sajoma La Empresa de Transmisi\u00f3n El\u00e9ctrica Dominicana (ETED) inform\u00f3 que este martes realizar\u00e1 trabajos de mantenimiento en la subestaci\u00f3n 69 kV Hato Mayor ll \u2013 Sabana de\u2026","rel":"","context":"En \u00abNACIONALES\u00bb","block_context":{"text":"NACIONALES","link":"https:\/\/lasprimeras.com.do\/index.php\/category\/nacionales\/"},"img":{"alt_text":"ETED","src":"https:\/\/i0.wp.com\/lasprimeras.com.do\/wp-content\/uploads\/2023\/10\/ETED-1.jpg?resize=350%2C200&ssl=1","width":350,"height":200,"srcset":"https:\/\/i0.wp.com\/lasprimeras.com.do\/wp-content\/uploads\/2023\/10\/ETED-1.jpg?resize=350%2C200&ssl=1 1x, https:\/\/i0.wp.com\/lasprimeras.com.do\/wp-content\/uploads\/2023\/10\/ETED-1.jpg?resize=525%2C300&ssl=1 1.5x"},"classes":[]},{"id":104113,"url":"https:\/\/lasprimeras.com.do\/index.php\/2025\/07\/21\/eted-dara-mantenimiento-este-martes-en-linea-de-transmision-y-subestacion-electrica\/","url_meta":{"origin":60980,"position":2},"title":"ETED dar\u00e1 mantenimiento este martes en l\u00ednea de transmisi\u00f3n y subestaci\u00f3n el\u00e9ctrica","author":"Nelson Feliz","date":"21 de julio de 2025","format":false,"excerpt":"La Empresa de Transmisi\u00f3n El\u00e9ctrica Dominicana (ETED) inform\u00f3 que este martes realizar\u00e1 trabajos programados de mantenimiento en la l\u00ednea de transmisi\u00f3n 69 kV Pimentel \u2013 San Francisco de Macor\u00eds y en la subestaci\u00f3n 69 kV Boca Chica \u2013 SPM, como parte de su compromiso con el fortalecimiento del servicio de\u2026","rel":"","context":"En \u00abNACIONALES\u00bb","block_context":{"text":"NACIONALES","link":"https:\/\/lasprimeras.com.do\/index.php\/category\/nacionales\/"},"img":{"alt_text":"ETED","src":"https:\/\/i0.wp.com\/lasprimeras.com.do\/wp-content\/uploads\/2023\/10\/ETED-4.jpg?resize=350%2C200&ssl=1","width":350,"height":200,"srcset":"https:\/\/i0.wp.com\/lasprimeras.com.do\/wp-content\/uploads\/2023\/10\/ETED-4.jpg?resize=350%2C200&ssl=1 1x, https:\/\/i0.wp.com\/lasprimeras.com.do\/wp-content\/uploads\/2023\/10\/ETED-4.jpg?resize=525%2C300&ssl=1 1.5x, https:\/\/i0.wp.com\/lasprimeras.com.do\/wp-content\/uploads\/2023\/10\/ETED-4.jpg?resize=700%2C400&ssl=1 2x"},"classes":[]},{"id":60218,"url":"https:\/\/lasprimeras.com.do\/index.php\/2023\/09\/11\/eted-dara-mantenimiento-en-la-subestacion-69-kv-villa-duarte-invivienda-y-palamara-inca\/","url_meta":{"origin":60980,"position":3},"title":"ETED dar\u00e1 mantenimiento en la subestaci\u00f3n 69 kV Villa Duarte \u2013 Invivienda y Palamara \u2013 INCA","author":"Nelson Feliz","date":"11 de septiembre de 2023","format":false,"excerpt":"Por Martin Restituyo La Empresa de Transmisi\u00f3n El\u00e9ctrica Dominicana (ETED) informa que, este martes, 12 de septiembre, dar\u00e1 mantenimiento preventivo al campo de l\u00ednea en la subestaci\u00f3n 69 kV Villa Duarte \u2013 Invivienda, como parte de los trabajos programados esta semana para optimizar la calidad de las infraestructuras en el\u2026","rel":"","context":"En \u00abNACIONALES\u00bb","block_context":{"text":"NACIONALES","link":"https:\/\/lasprimeras.com.do\/index.php\/category\/nacionales\/"},"img":{"alt_text":"Redes El\u00e9ctrica","src":"https:\/\/i0.wp.com\/lasprimeras.com.do\/wp-content\/uploads\/2023\/09\/Redes-Electrica.jpg?resize=350%2C200&ssl=1","width":350,"height":200,"srcset":"https:\/\/i0.wp.com\/lasprimeras.com.do\/wp-content\/uploads\/2023\/09\/Redes-Electrica.jpg?resize=350%2C200&ssl=1 1x, https:\/\/i0.wp.com\/lasprimeras.com.do\/wp-content\/uploads\/2023\/09\/Redes-Electrica.jpg?resize=525%2C300&ssl=1 1.5x, https:\/\/i0.wp.com\/lasprimeras.com.do\/wp-content\/uploads\/2023\/09\/Redes-Electrica.jpg?resize=700%2C400&ssl=1 2x"},"classes":[]},{"id":60173,"url":"https:\/\/lasprimeras.com.do\/index.php\/2023\/09\/11\/eted-dara-mantenimiento-en-subestacion-y-linea-69-kv-este-martes\/","url_meta":{"origin":60980,"position":4},"title":"ETED dar\u00e1 mantenimiento en subestaci\u00f3n y l\u00ednea 69 kV este martes\u00a0\u00a0","author":"Nelson Feliz","date":"11 de septiembre de 2023","format":false,"excerpt":"Por Martin Restituyo La Empresa de Transmisi\u00f3n El\u00e9ctrica Dominicana (ETED) informa que, este martes 12 de septiembre, realizar\u00e1 sustituci\u00f3n de estructuras en malas condiciones en la l\u00ednea 69 kV Palamara \u2013 INCA y mantenimiento preventivo al campo de l\u00ednea en la subestaci\u00f3n 69 kV Villa Duarte \u2013 Invivienda, como parte\u2026","rel":"","context":"En \u00abNACIONALES\u00bb","block_context":{"text":"NACIONALES","link":"https:\/\/lasprimeras.com.do\/index.php\/category\/nacionales\/"},"img":{"alt_text":"ETED","src":"https:\/\/i0.wp.com\/lasprimeras.com.do\/wp-content\/uploads\/2023\/09\/ETED.jpg?resize=350%2C200&ssl=1","width":350,"height":200,"srcset":"https:\/\/i0.wp.com\/lasprimeras.com.do\/wp-content\/uploads\/2023\/09\/ETED.jpg?resize=350%2C200&ssl=1 1x, https:\/\/i0.wp.com\/lasprimeras.com.do\/wp-content\/uploads\/2023\/09\/ETED.jpg?resize=525%2C300&ssl=1 1.5x, https:\/\/i0.wp.com\/lasprimeras.com.do\/wp-content\/uploads\/2023\/09\/ETED.jpg?resize=700%2C400&ssl=1 2x"},"classes":[]},{"id":63350,"url":"https:\/\/lasprimeras.com.do\/index.php\/2023\/10\/11\/eted-dara-mantenimiento-en-subestacion-de-sfm-y-apertura-linea-69-kv-cruce-de-ocoa\/","url_meta":{"origin":60980,"position":5},"title":"ETED dar\u00e1 mantenimiento en subestaci\u00f3n de SFM y apertura l\u00ednea 69 kV Cruce de Ocoa","author":"Nelson Feliz","date":"11 de octubre de 2023","format":false,"excerpt":"Por Martin Restituyo La Empresa de Transmisi\u00f3n El\u00e9ctrica Dominicana (ETED) informa que este jueves dar\u00e1 mantenimiento al Autotransformador de la subestaci\u00f3n 138\/69 kV San Francisco de Macor\u00eds, dar\u00e1 apertura a la l\u00ednea 69 kV Cruce de Ocoa - San Jos\u00e9 de Ocoa para facilitar que la Empresa Distribuidora de Electricidad\u2026","rel":"","context":"En \u00abNACIONALES\u00bb","block_context":{"text":"NACIONALES","link":"https:\/\/lasprimeras.com.do\/index.php\/category\/nacionales\/"},"img":{"alt_text":"ETED","src":"https:\/\/i0.wp.com\/lasprimeras.com.do\/wp-content\/uploads\/2023\/10\/ETED-1-1.jpg?resize=350%2C200&ssl=1","width":350,"height":200,"srcset":"https:\/\/i0.wp.com\/lasprimeras.com.do\/wp-content\/uploads\/2023\/10\/ETED-1-1.jpg?resize=350%2C200&ssl=1 1x, https:\/\/i0.wp.com\/lasprimeras.com.do\/wp-content\/uploads\/2023\/10\/ETED-1-1.jpg?resize=525%2C300&ssl=1 1.5x, https:\/\/i0.wp.com\/lasprimeras.com.do\/wp-content\/uploads\/2023\/10\/ETED-1-1.jpg?resize=700%2C400&ssl=1 2x"},"classes":[]}],"jetpack_sharing_enabled":true,"_links":{"self":[{"href":"https:\/\/lasprimeras.com.do\/index.php\/wp-json\/wp\/v2\/posts\/60980","targetHints":{"allow":["GET"]}}],"collection":[{"href":"https:\/\/lasprimeras.com.do\/index.php\/wp-json\/wp\/v2\/posts"}],"about":[{"href":"https:\/\/lasprimeras.com.do\/index.php\/wp-json\/wp\/v2\/types\/post"}],"author":[{"embeddable":true,"href":"https:\/\/lasprimeras.com.do\/index.php\/wp-json\/wp\/v2\/users\/2"}],"replies":[{"embeddable":true,"href":"https:\/\/lasprimeras.com.do\/index.php\/wp-json\/wp\/v2\/comments?post=60980"}],"version-history":[{"count":2,"href":"https:\/\/lasprimeras.com.do\/index.php\/wp-json\/wp\/v2\/posts\/60980\/revisions"}],"predecessor-version":[{"id":60983,"href":"https:\/\/lasprimeras.com.do\/index.php\/wp-json\/wp\/v2\/posts\/60980\/revisions\/60983"}],"wp:featuredmedia":[{"embeddable":true,"href":"https:\/\/lasprimeras.com.do\/index.php\/wp-json\/wp\/v2\/media\/60981"}],"wp:attachment":[{"href":"https:\/\/lasprimeras.com.do\/index.php\/wp-json\/wp\/v2\/media?parent=60980"}],"wp:term":[{"taxonomy":"category","embeddable":true,"href":"https:\/\/lasprimeras.com.do\/index.php\/wp-json\/wp\/v2\/categories?post=60980"},{"taxonomy":"post_tag","embeddable":true,"href":"https:\/\/lasprimeras.com.do\/index.php\/wp-json\/wp\/v2\/tags?post=60980"}],"curies":[{"name":"wp","href":"https:\/\/api.w.org\/{rel}","templated":true}]}}