{"id":61016,"date":"2023-09-21T11:23:01","date_gmt":"2023-09-21T15:23:01","guid":{"rendered":"https:\/\/lasprimeras.com.do\/?p=61016"},"modified":"2023-09-21T11:23:02","modified_gmt":"2023-09-21T15:23:02","slug":"canada-impone-sanciones-a-tres-empresarios-de-haiti-por-alimentar-la-violencia-en-su-pais","status":"publish","type":"post","link":"https:\/\/lasprimeras.com.do\/index.php\/2023\/09\/21\/canada-impone-sanciones-a-tres-empresarios-de-haiti-por-alimentar-la-violencia-en-su-pais\/","title":{"rendered":"Canad\u00e1 impone sanciones a tres empresarios de Hait\u00ed por alimentar la violencia en su pa\u00eds"},"content":{"rendered":"\n<p class=\"wp-block-paragraph\"><strong>Los tres sancionados, Marc Antoine Acra, Carl Braun y Jean-Marie Vorbe, no podr\u00e1n viajar a Canad\u00e1.<\/strong><\/p>\n\n\n\n<p class=\"wp-block-paragraph\">Canad\u00e1 impuso este jueves sanciones a tres empresarios haitianos a los que acus\u00f3 de corrupci\u00f3n y &#8220;otros actos delictivos&#8221; as\u00ed como de permitir la actuaci\u00f3n de las bandas armadas que est\u00e1n causando una grave crisis social y humanitaria en el pa\u00eds caribe\u00f1o.<\/p>\n\n\n\n<p class=\"wp-block-paragraph\">Los tres sancionados, Marc Antoine Acra, Carl Braun y Jean-Marie Vorbe, no podr\u00e1n viajar a Canad\u00e1. Adem\u00e1s, la medida impide a ciudadanos y entidades canadienses, o que residan en Canad\u00e1, mantener relaciones econ\u00f3micas con los sancionados.<\/p>\n\n\n\n<p class=\"wp-block-paragraph\">Acra es un conocido empresario que fue asesor del exprimer ministro Laurent Lamothe, mientras que Carl Braun es el vicepresidente del consejo de administraci\u00f3n de Unibank, el mayor banco haitiano. Por su parte, Jean-Marie Vorbe, es consejero delegado de Sogener, una compa\u00f1\u00eda del sector energ\u00e9tico.<\/p>\n\n\n\n<p class=\"wp-block-paragraph\">Canad\u00e1 considera que los tres empresarios est\u00e1n &#8220;alimentando la violencia e inestabilidad a trav\u00e9s de la corrupci\u00f3n, y otros actos delictivos, al permitir las actividades ilegales de la bandas armadas que aterrorizan la poblaci\u00f3n&#8221;.<\/p>\n\n\n\n<p class=\"wp-block-paragraph\">La ministra de Asuntos Exteriores de Canad\u00e1, M\u00e9lanie Joly, afirm\u00f3 en un comunicado que las sanciones &#8220;son una importante herramienta de una estrategia m\u00faltiple para responder a la situaci\u00f3n pol\u00edtica en Hait\u00ed&#8221;.<\/p>\n\n\n\n<p class=\"wp-block-paragraph\">Desde noviembre de 2022, Canad\u00e1 ha impuesto sanciones contra 28 ciudadanos haitianos, que califica como &#8220;\u00e9lite pol\u00edtica y econ\u00f3mica&#8221; del pa\u00eds, por su papel en la actuaci\u00f3n de las bandas armadas en el pa\u00eds caribe\u00f1o.<\/p>\n\n\n\n<p class=\"wp-block-paragraph\">Precisamente el lunes, Joly nombr\u00f3 a Andr\u00e9 Francois Giroux como el nuevo embajador de Canad\u00e1 en Hait\u00ed. En Canad\u00e1 viven m\u00e1s de 165.000 personas de origen haitiano.<\/p>\n\n\n\n<p class=\"wp-block-paragraph\">En los \u00faltimos meses, Canad\u00e1 ha desplegado una importante actividad diplom\u00e1tica para crear una fuerza multinacional de pacificaci\u00f3n bajo la bandera de la ONU que intervenga en Hait\u00ed.<\/p>\n\n\n\n<p class=\"wp-block-paragraph\">Agencia EFE<\/p>\n","protected":false},"excerpt":{"rendered":"<p>Los tres sancionados, Marc Antoine Acra, Carl Braun y Jean-Marie Vorbe, no podr\u00e1n viajar a Canad\u00e1. Canad\u00e1 impuso este jueves sanciones a tres empresarios haitianos a los que acus\u00f3 de&hellip;<\/p>\n","protected":false},"author":2,"featured_media":61017,"comment_status":"open","ping_status":"open","sticky":false,"template":"","format":"standard","meta":{"content-type":"","_jetpack_newsletter_access":"","_jetpack_dont_email_post_to_subs":false,"_jetpack_newsletter_tier_id":0,"_jetpack_memberships_contains_paywalled_content":false,"_jetpack_feature_clip_id":0,"_jetpack_memberships_contains_paid_content":false,"footnotes":"","jetpack_post_was_ever_published":false},"categories":[1],"tags":[7741,3169,2908,217,3225,3882],"class_list":["post-61016","post","type-post","status-publish","format-standard","has-post-thumbnail","hentry","category-sin-categoria","tag-alimentar","tag-canada-3","tag-empresarios","tag-haiti","tag-sanciones","tag-violencia"],"jetpack-related-posts":[{"id":58153,"url":"https:\/\/lasprimeras.com.do\/index.php\/2023\/08\/21\/paraison-dice-sanciones-impuestas-contra-haiti-por-ee-uu-y-canada-no-han-tenido-ningun-efecto-positivo\/","url_meta":{"origin":61016,"position":0},"title":"Paraison dice sanciones impuestas contra Hait\u00ed por EE.UU. y Canad\u00e1 no han tenido ning\u00fan efecto positivo","author":"Nelson Feliz","date":"21 de agosto de 2023","format":false,"excerpt":"El ex consul de Hait\u00ed en la Rep\u00fablica Dominicana, Edwin Paraison, asegur\u00f3 que las sanciones impuestas por los Estados Unidos y Canad\u00e1, a la cual se uni\u00f3 este pa\u00eds, contra personalidades de las \u00e9lites pol\u00edtica y econ\u00f3mica de la vecina naci\u00f3n, no han tenido ning\u00fan efecto positivo en el desmantelamiento\u2026","rel":"","context":"En \u00abNACIONALES\u00bb","block_context":{"text":"NACIONALES","link":"https:\/\/lasprimeras.com.do\/index.php\/category\/nacionales\/"},"img":{"alt_text":"","src":"","width":0,"height":0},"classes":[]},{"id":70474,"url":"https:\/\/lasprimeras.com.do\/index.php\/2023\/12\/11\/figuras-vinculadas-a-la-politica-dominicana-que-han-sido-sancionadas-por-estados-unidos\/","url_meta":{"origin":61016,"position":1},"title":"Figuras vinculadas a la pol\u00edtica dominicana que han sido sancionadas por Estados Unidos","author":"Nelson Feliz","date":"11 de diciembre de 2023","format":false,"excerpt":"El Departamento de Estado de Estados Unidos anunci\u00f3 este lunes la designaci\u00f3n del exprocurador de la Rep\u00fablica Jean Alain Rodr\u00edguez como inelegible para ingresar al pa\u00eds norteamericano ante pruebas de \"corrupci\u00f3n significativa\", sin embargo, el abogado dominicano no es la primera figura pol\u00edtica sancionada por Washington. En el comunicado emitido\u2026","rel":"","context":"En \u00abNACIONALES\u00bb","block_context":{"text":"NACIONALES","link":"https:\/\/lasprimeras.com.do\/index.php\/category\/nacionales\/"},"img":{"alt_text":"","src":"https:\/\/i0.wp.com\/lasprimeras.com.do\/wp-content\/uploads\/2023\/12\/figu.jpg?resize=350%2C200&ssl=1","width":350,"height":200},"classes":[]},{"id":70555,"url":"https:\/\/lasprimeras.com.do\/index.php\/2023\/12\/12\/esposa-dominicana-de-ex-primer-ministro-haitiano-tambien-sancionada-por-ee-uu\/","url_meta":{"origin":61016,"position":2},"title":"Esposa dominicana de ex primer ministro haitiano tambi\u00e9n sancionada por EE.UU.","author":"Nelson Feliz","date":"12 de diciembre de 2023","format":false,"excerpt":"La medida de Estados Unidos que sanciona por corrupci\u00f3n al ex primer ministro haitiano y ministro de Planificaci\u00f3n y Cooperaci\u00f3n Exterior, Jean-Max Bellerive, tambi\u00e9n fue extendida a la esposa del funcionario, la dominicana Myriam Est\u00e9vez De Bellerive. El Departamento de Estado de Estados Unidos inform\u00f3 que Jean-Max Bellerive fue sancionado\u2026","rel":"","context":"En \u00abNACIONALES\u00bb","block_context":{"text":"NACIONALES","link":"https:\/\/lasprimeras.com.do\/index.php\/category\/nacionales\/"},"img":{"alt_text":"Jean-Max Bellerive","src":"https:\/\/i0.wp.com\/lasprimeras.com.do\/wp-content\/uploads\/2023\/12\/Jean-Max-Bellerive.jpg?resize=350%2C200&ssl=1","width":350,"height":200,"srcset":"https:\/\/i0.wp.com\/lasprimeras.com.do\/wp-content\/uploads\/2023\/12\/Jean-Max-Bellerive.jpg?resize=350%2C200&ssl=1 1x, https:\/\/i0.wp.com\/lasprimeras.com.do\/wp-content\/uploads\/2023\/12\/Jean-Max-Bellerive.jpg?resize=525%2C300&ssl=1 1.5x, https:\/\/i0.wp.com\/lasprimeras.com.do\/wp-content\/uploads\/2023\/12\/Jean-Max-Bellerive.jpg?resize=700%2C400&ssl=1 2x"},"classes":[]},{"id":70464,"url":"https:\/\/lasprimeras.com.do\/index.php\/2023\/12\/11\/presidente-abinader-rechaza-hablar-de-la-sancion-de-eeuu-a-jean-alain-por-corrupcion\/","url_meta":{"origin":61016,"position":3},"title":"Presidente Abinader rechaza hablar de la sanci\u00f3n de EEUU a Jean Alain por corrupci\u00f3n","author":"Nelson Feliz","date":"11 de diciembre de 2023","format":false,"excerpt":"El presidente de la Rep\u00fablica, Luis Abinader, declin\u00f3 referirse a la sanci\u00f3n que aplic\u00f3 los Estados Unidos contra el exprocurador general de la Rep\u00fablica Jean Alain Rodr\u00edguez por presuntamente cometer actos de corrupci\u00f3n en el pa\u00eds. El exfuncionario es sometido a un juicio junto a otras personas acusadas de desfalcar\u2026","rel":"","context":"En \u00abJUSTICIA\u00bb","block_context":{"text":"JUSTICIA","link":"https:\/\/lasprimeras.com.do\/index.php\/category\/justicia\/"},"img":{"alt_text":"","src":"https:\/\/i0.wp.com\/lasprimeras.com.do\/wp-content\/uploads\/2023\/12\/jean-alainrrrr.jpg?resize=350%2C200&ssl=1","width":350,"height":200},"classes":[]},{"id":70462,"url":"https:\/\/lasprimeras.com.do\/index.php\/2023\/12\/11\/eeuu-sanciona-a-jean-alain-su-esposa-y-sus-hijos-por-corrupcion\/","url_meta":{"origin":61016,"position":4},"title":"EEUU sanciona a Jean Alain, su esposa y sus hijos por corrupci\u00f3n","author":"Nelson Feliz","date":"11 de diciembre de 2023","format":false,"excerpt":"El Departamento de Estado de Estados Unidos sancion\u00f3 este lunes al exprocurador de la Rep\u00fablica Dominicana, Jean Alain Rodr\u00edguez, a su esposa y sus hijos por las acusaciones de apropiaci\u00f3n de fondos p\u00fablicos, una acci\u00f3n con motivo al D\u00eda Internacional contra la Corrupci\u00f3n que tambi\u00e9n incluy\u00f3 a m\u00e1s de una\u2026","rel":"","context":"En \u00abJUSTICIA\u00bb","block_context":{"text":"JUSTICIA","link":"https:\/\/lasprimeras.com.do\/index.php\/category\/justicia\/"},"img":{"alt_text":"Jean Alain Rodr\u00edguez S\u00e1nchez","src":"https:\/\/i0.wp.com\/lasprimeras.com.do\/wp-content\/uploads\/2023\/07\/Jean-Alain-Rodriguez-Sanchez.jpeg?resize=350%2C200&ssl=1","width":350,"height":200,"srcset":"https:\/\/i0.wp.com\/lasprimeras.com.do\/wp-content\/uploads\/2023\/07\/Jean-Alain-Rodriguez-Sanchez.jpeg?resize=350%2C200&ssl=1 1x, https:\/\/i0.wp.com\/lasprimeras.com.do\/wp-content\/uploads\/2023\/07\/Jean-Alain-Rodriguez-Sanchez.jpeg?resize=525%2C300&ssl=1 1.5x, https:\/\/i0.wp.com\/lasprimeras.com.do\/wp-content\/uploads\/2023\/07\/Jean-Alain-Rodriguez-Sanchez.jpeg?resize=700%2C400&ssl=1 2x"},"classes":[]},{"id":54648,"url":"https:\/\/lasprimeras.com.do\/index.php\/2023\/07\/12\/defensa-de-jean-alain-desmiente-sancion-de-agencia-espanola-al-pais-por-presuntos-actos-ilicitos-del-exprocurador\/","url_meta":{"origin":61016,"position":5},"title":"Defensa de Jean Alain desmiente sanci\u00f3n de Agencia Espa\u00f1ola al pa\u00eds por presuntos actos il\u00edcitos del exprocurador","author":"Nelson Feliz","date":"12 de julio de 2023","format":false,"excerpt":"El Consejo de Defensa de Jean Alain Rodr\u00edguez denunci\u00f3 que la Procuradur\u00eda General de la Rep\u00fablica env\u00eda noticias falsas a los medios de comunicaci\u00f3n, como lo es la supuesta sanci\u00f3n de la Agencia Espa\u00f1ola al pa\u00eds por presuntos actos il\u00edcitos del exprocurador. \"Enviaron a los medios de comunicaci\u00f3n noticias de\u2026","rel":"","context":"En \u00abJUSTICIA\u00bb","block_context":{"text":"JUSTICIA","link":"https:\/\/lasprimeras.com.do\/index.php\/category\/justicia\/"},"img":{"alt_text":"Jean Alain Rodr\u00edguez S\u00e1nchez","src":"https:\/\/i0.wp.com\/lasprimeras.com.do\/wp-content\/uploads\/2023\/07\/Jean-Alain-Rodriguez-Sanchez.jpeg?resize=350%2C200&ssl=1","width":350,"height":200,"srcset":"https:\/\/i0.wp.com\/lasprimeras.com.do\/wp-content\/uploads\/2023\/07\/Jean-Alain-Rodriguez-Sanchez.jpeg?resize=350%2C200&ssl=1 1x, https:\/\/i0.wp.com\/lasprimeras.com.do\/wp-content\/uploads\/2023\/07\/Jean-Alain-Rodriguez-Sanchez.jpeg?resize=525%2C300&ssl=1 1.5x, https:\/\/i0.wp.com\/lasprimeras.com.do\/wp-content\/uploads\/2023\/07\/Jean-Alain-Rodriguez-Sanchez.jpeg?resize=700%2C400&ssl=1 2x"},"classes":[]}],"jetpack_sharing_enabled":true,"jetpack_featured_media_url":"https:\/\/lasprimeras.com.do\/wp-content\/uploads\/2023\/09\/Violencia-en-Haiti.jpeg","_links":{"self":[{"href":"https:\/\/lasprimeras.com.do\/index.php\/wp-json\/wp\/v2\/posts\/61016","targetHints":{"allow":["GET"]}}],"collection":[{"href":"https:\/\/lasprimeras.com.do\/index.php\/wp-json\/wp\/v2\/posts"}],"about":[{"href":"https:\/\/lasprimeras.com.do\/index.php\/wp-json\/wp\/v2\/types\/post"}],"author":[{"embeddable":true,"href":"https:\/\/lasprimeras.com.do\/index.php\/wp-json\/wp\/v2\/users\/2"}],"replies":[{"embeddable":true,"href":"https:\/\/lasprimeras.com.do\/index.php\/wp-json\/wp\/v2\/comments?post=61016"}],"version-history":[{"count":1,"href":"https:\/\/lasprimeras.com.do\/index.php\/wp-json\/wp\/v2\/posts\/61016\/revisions"}],"predecessor-version":[{"id":61018,"href":"https:\/\/lasprimeras.com.do\/index.php\/wp-json\/wp\/v2\/posts\/61016\/revisions\/61018"}],"wp:featuredmedia":[{"embeddable":true,"href":"https:\/\/lasprimeras.com.do\/index.php\/wp-json\/wp\/v2\/media\/61017"}],"wp:attachment":[{"href":"https:\/\/lasprimeras.com.do\/index.php\/wp-json\/wp\/v2\/media?parent=61016"}],"wp:term":[{"taxonomy":"category","embeddable":true,"href":"https:\/\/lasprimeras.com.do\/index.php\/wp-json\/wp\/v2\/categories?post=61016"},{"taxonomy":"post_tag","embeddable":true,"href":"https:\/\/lasprimeras.com.do\/index.php\/wp-json\/wp\/v2\/tags?post=61016"}],"curies":[{"name":"wp","href":"https:\/\/api.w.org\/{rel}","templated":true}]}}