{"id":61193,"date":"2023-09-23T19:24:01","date_gmt":"2023-09-23T23:24:01","guid":{"rendered":"https:\/\/lasprimeras.com.do\/?p=61193"},"modified":"2023-09-23T19:24:03","modified_gmt":"2023-09-23T23:24:03","slug":"fenatrado-felicita-a-todos-los-camioneros-que-hoy-celebran-su-dia","status":"publish","type":"post","link":"https:\/\/lasprimeras.com.do\/index.php\/2023\/09\/23\/fenatrado-felicita-a-todos-los-camioneros-que-hoy-celebran-su-dia\/","title":{"rendered":"Fenatrado felicita a todos los camioneros que hoy celebran su d\u00eda"},"content":{"rendered":"\n<p><strong>Dice sector impulsa el desarrollo de RD.<\/strong><\/p>\n\n\n\n<p>La Federaci\u00f3n Nacional de Transporte Dominicano (Fenatrado), felicita a todos los camioneros que hoy celebran su d\u00eda y recuerda que su dedicaci\u00f3n y sacrifico constituyen el motor que impulsa el desarrollo de la Rep\u00fablica Dominicana.<\/p>\n\n\n\n<p>Fenatrado se enorgullece de representar a los valientes camioneros que mantienen al pa\u00eds en movimiento y que se han convertido en un sector importante del progreso de la econom\u00eda nacional.<\/p>\n\n\n\n<p>La entidad destac\u00f3 que los camioneros son un eslab\u00f3n para que la vida nacional transcurra sin desaciertos y fluya su avance, colaborando siempre para que la econom\u00eda contin\u00fae su progreso.<\/p>\n\n\n\n<p>Se recuerda que Fenatrado ha trabajado acompa\u00f1ado siempre al gobierno y ofreciendo servicios de calidad.<\/p>\n\n\n\n<p>En el D\u00eda Nacional del Camionero Dominicano, Fenatrado, reitera sus felicitaciones a los choferes que manejan camiones y construyen con la naci\u00f3n .<\/p>\n","protected":false},"excerpt":{"rendered":"<p>Dice sector impulsa el desarrollo de RD. La Federaci\u00f3n Nacional de Transporte Dominicano (Fenatrado), felicita a todos los camioneros que hoy celebran su d\u00eda y recuerda que su dedicaci\u00f3n y&hellip;<\/p>\n","protected":false},"author":2,"featured_media":61194,"comment_status":"open","ping_status":"open","sticky":false,"template":"","format":"standard","meta":{"content-type":"","jetpack_post_was_ever_published":false,"_jetpack_newsletter_access":"","_jetpack_dont_email_post_to_subs":false,"_jetpack_newsletter_tier_id":0,"_jetpack_memberships_contains_paywalled_content":false,"_jetpack_memberships_contains_paid_content":false,"footnotes":""},"categories":[35,25],"tags":[7802],"class_list":["post-61193","post","type-post","status-publish","format-standard","has-post-thumbnail","hentry","category-nacionales","category-portada","tag-camioneros"],"jetpack_featured_media_url":"https:\/\/lasprimeras.com.do\/wp-content\/uploads\/2023\/09\/Camioneros.jpg","jetpack-related-posts":[{"id":79139,"url":"https:\/\/lasprimeras.com.do\/index.php\/2024\/03\/24\/raquel-pena-asiste-a-acto-juramentacion-nuevo-comite-ejecutivo-de-fenatrado\/","url_meta":{"origin":61193,"position":0},"title":"Raquel Pe\u00f1a asiste a acto juramentaci\u00f3n nuevo Comit\u00e9 Ejecutivo de FENATRADO","author":"Nelson Feliz","date":"24 de marzo de 2024","format":false,"excerpt":"Con la presencia de la vicepresidenta de la Rep\u00fablica, Raquel Pe\u00f1a, fue juramentado el nuevo Comit\u00e9 Ejecutivo de la Federaci\u00f3n Nacional de Transporte Dominicano (FENATRADO), que presidir\u00e1 nuevamente Ricardo De los Santos para el periodo 2024-2028. Durante la celebraci\u00f3n del XXIX Congreso Nacional Ordinario de FENATRADO, dedicado a Ram\u00f3n De\u2026","rel":"","context":"En \u00abNACIONALES\u00bb","block_context":{"text":"NACIONALES","link":"https:\/\/lasprimeras.com.do\/index.php\/category\/nacionales\/"},"img":{"alt_text":"Raquel Pe\u00f1a","src":"https:\/\/i0.wp.com\/lasprimeras.com.do\/wp-content\/uploads\/2024\/03\/Raquel-Pena-4.jpg?resize=350%2C200&ssl=1","width":350,"height":200,"srcset":"https:\/\/i0.wp.com\/lasprimeras.com.do\/wp-content\/uploads\/2024\/03\/Raquel-Pena-4.jpg?resize=350%2C200&ssl=1 1x, https:\/\/i0.wp.com\/lasprimeras.com.do\/wp-content\/uploads\/2024\/03\/Raquel-Pena-4.jpg?resize=525%2C300&ssl=1 1.5x, https:\/\/i0.wp.com\/lasprimeras.com.do\/wp-content\/uploads\/2024\/03\/Raquel-Pena-4.jpg?resize=700%2C400&ssl=1 2x"},"classes":[]},{"id":70736,"url":"https:\/\/lasprimeras.com.do\/index.php\/2023\/12\/13\/presidente-fenatrado-y-ejecutivos-de-hit-puerto-haina-inauguran-parqueo-con-capacidad-para-100-camiones\/","url_meta":{"origin":61193,"position":1},"title":"Presidente FENATRADO y ejecutivos de HIT Puerto Haina inauguran parqueo con capacidad para 100 camiones","author":"Nelson Feliz","date":"13 de diciembre de 2023","format":false,"excerpt":"Por Martin Restituyo El presidente de la Federaci\u00f3n Nacional de Transporte Dominicano (FENATRADO), Ricardo de los Santos, y ejecutivos de Haina International Terminals (Hit Puerto Haina), inauguraron este mi\u00e9rcoles un parqueo para 100 camiones para eficientizar y descongestionar el flujo de veh\u00edculos pesados que transportan mercanc\u00edas desde y hacia el\u2026","rel":"","context":"En \u00abNACIONALES\u00bb","block_context":{"text":"NACIONALES","link":"https:\/\/lasprimeras.com.do\/index.php\/category\/nacionales\/"},"img":{"alt_text":"HIT Puerto Haina","src":"https:\/\/i0.wp.com\/lasprimeras.com.do\/wp-content\/uploads\/2023\/12\/HIT-Puerto-Haina-1.jpg?resize=350%2C200&ssl=1","width":350,"height":200,"srcset":"https:\/\/i0.wp.com\/lasprimeras.com.do\/wp-content\/uploads\/2023\/12\/HIT-Puerto-Haina-1.jpg?resize=350%2C200&ssl=1 1x, https:\/\/i0.wp.com\/lasprimeras.com.do\/wp-content\/uploads\/2023\/12\/HIT-Puerto-Haina-1.jpg?resize=525%2C300&ssl=1 1.5x"},"classes":[]},{"id":115568,"url":"https:\/\/lasprimeras.com.do\/index.php\/2025\/11\/23\/ricardo-de-los-santos-resalta-consolidacion-de-fenatrado-durante-inauguracion-de-nuevo-local-de-unatrafura\/","url_meta":{"origin":61193,"position":2},"title":"Ricardo de los Santos resalta consolidaci\u00f3n de FENATRADO durante inauguraci\u00f3n de nuevo local de UNATRAFURA","author":"Nelson Feliz","date":"23 de noviembre de 2025","format":false,"excerpt":"El presidente de la Federaci\u00f3n Nacional de Transporte Dominicano (FENATRADO), Ricardo de los Santos, destac\u00f3 este domingo que, gracias al esfuerzo, trabajo y sacrificio de sus miembros, la entidad se ha consolidado como una instituci\u00f3n altamente valorada y respetada en la sociedad dominicana. Al encabezar la inauguraci\u00f3n del nuevo local\u2026","rel":"","context":"En \u00abNACIONALES\u00bb","block_context":{"text":"NACIONALES","link":"https:\/\/lasprimeras.com.do\/index.php\/category\/nacionales\/"},"img":{"alt_text":"","src":"https:\/\/i0.wp.com\/lasprimeras.com.do\/wp-content\/uploads\/2025\/11\/Ricardo-de-los-Santos-1.jpg?resize=350%2C200&ssl=1","width":350,"height":200,"srcset":"https:\/\/i0.wp.com\/lasprimeras.com.do\/wp-content\/uploads\/2025\/11\/Ricardo-de-los-Santos-1.jpg?resize=350%2C200&ssl=1 1x, https:\/\/i0.wp.com\/lasprimeras.com.do\/wp-content\/uploads\/2025\/11\/Ricardo-de-los-Santos-1.jpg?resize=525%2C300&ssl=1 1.5x, https:\/\/i0.wp.com\/lasprimeras.com.do\/wp-content\/uploads\/2025\/11\/Ricardo-de-los-Santos-1.jpg?resize=700%2C400&ssl=1 2x"},"classes":[]},{"id":50449,"url":"https:\/\/lasprimeras.com.do\/index.php\/2023\/05\/21\/anuncian-movimiento-camioneros-con-luis-para-impulsar-reeleccion-del-presidente-abinader\/","url_meta":{"origin":61193,"position":3},"title":"Anuncian movimiento \u201cCamioneros con Luis\u201d para impulsar reelecci\u00f3n del presidente Abinader","author":"prenxa100","date":"21 de mayo de 2023","format":false,"excerpt":"SANTO DOMINGO.- \u201cCamioneros con Luis\u201d, es el movimiento que sali\u00f3 al ruedo pol\u00edtico con el fin de impulsar la reelecci\u00f3n del presidente Luis Abinader a quien define como el \u00fanico que garantizara la continuidad del desarrollo, la transparencia y puede erradicar la corrupci\u00f3n en el Gobierno. El presidente del movimiento,\u2026","rel":"","context":"En \u00abPORTADA\u00bb","block_context":{"text":"PORTADA","link":"https:\/\/lasprimeras.com.do\/index.php\/category\/portada\/"},"img":{"alt_text":"","src":"https:\/\/i0.wp.com\/atento.com.do\/wp-content\/uploads\/2023\/05\/WhatsApp-Image-2023-05-21-at-12.09.03-PM-1-1024x682.jpeg?resize=350%2C200&ssl=1","width":350,"height":200,"srcset":"https:\/\/i0.wp.com\/atento.com.do\/wp-content\/uploads\/2023\/05\/WhatsApp-Image-2023-05-21-at-12.09.03-PM-1-1024x682.jpeg?resize=350%2C200&ssl=1 1x, https:\/\/i0.wp.com\/atento.com.do\/wp-content\/uploads\/2023\/05\/WhatsApp-Image-2023-05-21-at-12.09.03-PM-1-1024x682.jpeg?resize=525%2C300&ssl=1 1.5x, https:\/\/i0.wp.com\/atento.com.do\/wp-content\/uploads\/2023\/05\/WhatsApp-Image-2023-05-21-at-12.09.03-PM-1-1024x682.jpeg?resize=700%2C400&ssl=1 2x"},"classes":[]},{"id":121547,"url":"https:\/\/lasprimeras.com.do\/index.php\/2026\/02\/06\/ricardo-de-los-santos-considera-acuerdo-entre-el-ministerio-de-trabajo-y-la-itf-garantiza-mejores-condiciones-laborales-para-los-choferes\/","url_meta":{"origin":61193,"position":4},"title":"Ricardo de los Santos: Acuerdo entre el MT y la ITF garantiza mejores condiciones laborales para los choferes","author":"Nelson Feliz","date":"6 de febrero de 2026","format":false,"excerpt":"El presidente de la Federaci\u00f3n Nacional de Transporte Dominicano (FENATRADO), Ricardo de los Santos, respald\u00f3 hoy el acuerdo firmado entre el Ministerio de Trabajo y la Federaci\u00f3n Internacional de los Trabajadores del Transporte (ITF), en el cual acordaron establecer un marco de cooperaci\u00f3n institucional orientado al fortalecimiento de los derechos\u2026","rel":"","context":"En \u00abNACIONALES\u00bb","block_context":{"text":"NACIONALES","link":"https:\/\/lasprimeras.com.do\/index.php\/category\/nacionales\/"},"img":{"alt_text":"","src":"https:\/\/i0.wp.com\/lasprimeras.com.do\/wp-content\/uploads\/2026\/02\/IMG-20260205-WA0603-scaled.jpg?resize=350%2C200&ssl=1","width":350,"height":200,"srcset":"https:\/\/i0.wp.com\/lasprimeras.com.do\/wp-content\/uploads\/2026\/02\/IMG-20260205-WA0603-scaled.jpg?resize=350%2C200&ssl=1 1x, https:\/\/i0.wp.com\/lasprimeras.com.do\/wp-content\/uploads\/2026\/02\/IMG-20260205-WA0603-scaled.jpg?resize=525%2C300&ssl=1 1.5x, https:\/\/i0.wp.com\/lasprimeras.com.do\/wp-content\/uploads\/2026\/02\/IMG-20260205-WA0603-scaled.jpg?resize=700%2C400&ssl=1 2x, https:\/\/i0.wp.com\/lasprimeras.com.do\/wp-content\/uploads\/2026\/02\/IMG-20260205-WA0603-scaled.jpg?resize=1050%2C600&ssl=1 3x, https:\/\/i0.wp.com\/lasprimeras.com.do\/wp-content\/uploads\/2026\/02\/IMG-20260205-WA0603-scaled.jpg?resize=1400%2C800&ssl=1 4x"},"classes":[]},{"id":58349,"url":"https:\/\/lasprimeras.com.do\/index.php\/2023\/08\/22\/fenatrado-pone-a-disposicion-del-coe-sus-unidades-ante-el-paso-de-la-tormenta-franklin\/","url_meta":{"origin":61193,"position":5},"title":"Fenatrado pone a disposici\u00f3n del COE sus unidades ante el paso de la tormenta Franklin","author":"Nelson Feliz","date":"22 de agosto de 2023","format":false,"excerpt":"La Federacion Nacional de Transporte Dominicano (Fenatrado), pone a disposici\u00f3n de las autoridades todas sus unidades, ante el paso del fen\u00f3meno atmosf\u00e9rico Franklin por el pa\u00eds. La entidad del transporte indic\u00f3 a trav\u00e9s de un comunicado a la poblaci\u00f3n, que sus unidades est\u00e1n listas para que en cualquier momento que\u2026","rel":"","context":"En \u00abNACIONALES\u00bb","block_context":{"text":"NACIONALES","link":"https:\/\/lasprimeras.com.do\/index.php\/category\/nacionales\/"},"img":{"alt_text":"FENATRADO","src":"https:\/\/i0.wp.com\/lasprimeras.com.do\/wp-content\/uploads\/2023\/08\/FENATRADO.jpg?resize=350%2C200&ssl=1","width":350,"height":200,"srcset":"https:\/\/i0.wp.com\/lasprimeras.com.do\/wp-content\/uploads\/2023\/08\/FENATRADO.jpg?resize=350%2C200&ssl=1 1x, https:\/\/i0.wp.com\/lasprimeras.com.do\/wp-content\/uploads\/2023\/08\/FENATRADO.jpg?resize=525%2C300&ssl=1 1.5x"},"classes":[]}],"jetpack_sharing_enabled":true,"_links":{"self":[{"href":"https:\/\/lasprimeras.com.do\/index.php\/wp-json\/wp\/v2\/posts\/61193","targetHints":{"allow":["GET"]}}],"collection":[{"href":"https:\/\/lasprimeras.com.do\/index.php\/wp-json\/wp\/v2\/posts"}],"about":[{"href":"https:\/\/lasprimeras.com.do\/index.php\/wp-json\/wp\/v2\/types\/post"}],"author":[{"embeddable":true,"href":"https:\/\/lasprimeras.com.do\/index.php\/wp-json\/wp\/v2\/users\/2"}],"replies":[{"embeddable":true,"href":"https:\/\/lasprimeras.com.do\/index.php\/wp-json\/wp\/v2\/comments?post=61193"}],"version-history":[{"count":1,"href":"https:\/\/lasprimeras.com.do\/index.php\/wp-json\/wp\/v2\/posts\/61193\/revisions"}],"predecessor-version":[{"id":61195,"href":"https:\/\/lasprimeras.com.do\/index.php\/wp-json\/wp\/v2\/posts\/61193\/revisions\/61195"}],"wp:featuredmedia":[{"embeddable":true,"href":"https:\/\/lasprimeras.com.do\/index.php\/wp-json\/wp\/v2\/media\/61194"}],"wp:attachment":[{"href":"https:\/\/lasprimeras.com.do\/index.php\/wp-json\/wp\/v2\/media?parent=61193"}],"wp:term":[{"taxonomy":"category","embeddable":true,"href":"https:\/\/lasprimeras.com.do\/index.php\/wp-json\/wp\/v2\/categories?post=61193"},{"taxonomy":"post_tag","embeddable":true,"href":"https:\/\/lasprimeras.com.do\/index.php\/wp-json\/wp\/v2\/tags?post=61193"}],"curies":[{"name":"wp","href":"https:\/\/api.w.org\/{rel}","templated":true}]}}