{"id":61196,"date":"2023-09-23T19:57:51","date_gmt":"2023-09-23T23:57:51","guid":{"rendered":"https:\/\/lasprimeras.com.do\/?p=61196"},"modified":"2023-09-23T19:57:52","modified_gmt":"2023-09-23T23:57:52","slug":"jce-inicia-proceso-de-distribucion-del-kit-electoral-para-las-primarias","status":"publish","type":"post","link":"https:\/\/lasprimeras.com.do\/index.php\/2023\/09\/23\/jce-inicia-proceso-de-distribucion-del-kit-electoral-para-las-primarias\/","title":{"rendered":"JCE inicia proceso de distribuci\u00f3n del kit electoral para las primarias"},"content":{"rendered":"\n<p>Por Martin Restituyo<\/p>\n\n\n\n<p>La Junta Central Electoral (JCE) dio inicio este s\u00e1bado a la producci\u00f3n para la distribuci\u00f3n del kit electoral que se destinar\u00e1n a las Juntas Electorales para la celebraci\u00f3n de las primarias internas del pr\u00f3ximo domingo 1 de octubre.<\/p>\n\n\n\n<p>Este proceso tuvo apertura en presencia del presidente de la JCE, Rom\u00e1n Andr\u00e9s J\u00e1quez Liranzo, quien estuvo acompa\u00f1ado de los miembros titulares Patricia Lorenzo Paniagua y Samir Chami Isa, as\u00ed como tambi\u00e9n del director de Elecciones, Mario N\u00fa\u00f1ez; del director de Inform\u00e1tica, Johnny Rivera; del encargado de Log\u00edstica Electoral, Arturo Freites; del jefe de la Polic\u00eda Militar Electoral, mayor general Juan Jos\u00e9 Ota\u00f1o Jim\u00e9nez; y el subjefe de la Polic\u00eda Militar, el general Juan Carlos Jim\u00e9nez Hern\u00e1ndez.<\/p>\n\n\n\n<p>J\u00e1quez Liranzo, en ocasi\u00f3n de dar inicio del proceso de distribuci\u00f3n del kit electoral contentivo de los materiales a utilizar en las primarias, sostuvo que en d\u00edas anteriores la instituci\u00f3n comenz\u00f3 a distribuir los esc\u00e1neres, impresoras, UPS, entre otros equipos, proceso que ya est\u00e1 en marcha en m\u00e1s de un 80 %.<\/p>\n\n\n\n<p>Precis\u00f3 que, concomitantemente a la entrega del kit electoral, la JCE est\u00e1 trabajando tambi\u00e9n con otros partidos que no se han abocado al proceso de primaria, m\u00e9todo que solo fue escogido por una organizaci\u00f3n pol\u00edtica, las dem\u00e1s, decidieron ir con otras modalidades como convenciones de militantes, delegados y dirigentes.<\/p>\n\n\n\n<p>&#8220;Las primarias est\u00e1n convocadas por ley para este domingo primero de octubre y los dem\u00e1s partidos y movimientos tienen de plazo hasta el \u00faltimo domingo de octubre para usar los distintos mecanismos: sean encuestas, convenciones de delegados o dirigentes, incluso, hay otras nominaciones como convenci\u00f3n por aclamaci\u00f3n, pero todo depender\u00e1 de los estatutos de cada partido&#8221;, manifest\u00f3 J\u00e1quez Liranzo.<\/p>\n\n\n\n<p>De su lado, el director nacional de Elecciones, Mario N\u00fa\u00f1ez, indic\u00f3 que en este d\u00eda se va a empezar con la producci\u00f3n del kit electoral que se va a destinar a cada una de las mesas que estar\u00e1n operando en el d\u00eda de las primarias del primero de octubre.<\/p>\n\n\n\n<p>Record\u00f3 que para este proceso de primarias, operar\u00e1n 5,149 mesas a nivel nacional en 1,502 recintos, que se distribuyen en el Distrito Nacional y los 157 municipios del pa\u00eds.<\/p>\n\n\n\n<p>&#8220;En esta ocasi\u00f3n hemos dividido el programa de trabajo en unas 28 rutas de distribuci\u00f3n y en el d\u00eda de hoy estaremos trabajando con los municipios de Pedro Brand y sus distritos municipales; Los Alcarrizos y sus distritos municipales; y Santo Domingo Oeste&#8221;, expres\u00f3.<\/p>\n\n\n\n<p>El director de Elecciones manifest\u00f3 que la idea es que se produzca todo el material: casetas, urnas y las valijas, las cuales ser\u00e1n organizadas para distribuir a partir de este domingo 24 de septiembre.<\/p>\n\n\n\n<p>&#8220;Esperamos que esta actividad, a m\u00e1s tardar el martes pr\u00f3ximo, est\u00e9 culminada con el Distrito Nacional y el municipio de Santo Domingo Oeste, que ser\u00e1n operados desde nuestra sede central\u201d, destac\u00f3 N\u00fa\u00f1ez.<\/p>\n\n\n\n<p>Precis\u00f3 que ya iniciaron el proceso log\u00edstico y se detendr\u00e1 aproximadamente el martes o mi\u00e9rcoles cuando entreguen a las dos \u00faltimas demarcaciones.<\/p>\n\n\n\n<p>Sostuvo que en cuanto al avance de las otras etapas de impresi\u00f3n de boletas el proceso log\u00edstico est\u00e1 culminado, y que este s\u00e1bado se est\u00e1n recibiendo las \u00faltimas boletas que se han impreso fuera de la instituci\u00f3n.<\/p>\n\n\n\n<p>&#8220;Podr\u00edamos decir que todo el material requerido est\u00e1 en nuestros almacenes, por eso hemos iniciado la producci\u00f3n hoy porque contamos con todo el insumo&#8221;, a\u00f1adi\u00f3 N\u00fa\u00f1ez.<\/p>\n\n\n\n<p>Dijo que la valija contiene material gastable para uso de la mesa como son: lapiceros, gomitas, almohadillas, el padr\u00f3n, as\u00ed como las respectivas actas de escrutinio en dos ejemplares: una original y una copia.<\/p>\n\n\n\n<p>&#8220;Las presillas de seguridad con las que se cierran las valijas y los sellos, tanto de actas descuadradas, por si fuere el caso, como el de sello que identifica cada mesa de votaci\u00f3n, todo esto estar\u00e1 dentro de la valija acompa\u00f1ado, adem\u00e1s, de dos casetas para cada mesa y una urna para cada nivel de elecci\u00f3n&#8221;, indic\u00f3 el director de elecciones.<\/p>\n","protected":false},"excerpt":{"rendered":"<p>Por Martin Restituyo La Junta Central Electoral (JCE) dio inicio este s\u00e1bado a la producci\u00f3n para la distribuci\u00f3n del kit electoral que se destinar\u00e1n a las Juntas Electorales para la&hellip;<\/p>\n","protected":false},"author":2,"featured_media":61197,"comment_status":"open","ping_status":"open","sticky":false,"template":"","format":"standard","meta":{"content-type":"","jetpack_post_was_ever_published":false,"_jetpack_newsletter_access":"","_jetpack_dont_email_post_to_subs":false,"_jetpack_newsletter_tier_id":0,"_jetpack_memberships_contains_paywalled_content":false,"_jetpack_memberships_contains_paid_content":false,"footnotes":""},"categories":[35,25],"tags":[921,183,7803,2622,664],"class_list":["post-61196","post","type-post","status-publish","format-standard","has-post-thumbnail","hentry","category-nacionales","category-portada","tag-distribucion","tag-jce","tag-kit-electoral","tag-primarias","tag-proceso"],"jetpack_featured_media_url":"https:\/\/lasprimeras.com.do\/wp-content\/uploads\/2023\/09\/JCE-1-1.jpg","jetpack-related-posts":[{"id":76019,"url":"https:\/\/lasprimeras.com.do\/index.php\/2024\/02\/06\/jce-inicia-elaboracion-de-16851-kits-electorales-para-elecciones-municipales\/","url_meta":{"origin":61196,"position":0},"title":"JCE inicia elaboraci\u00f3n de 16,851 kits electorales para elecciones municipales","author":"Nelson Feliz","date":"6 de febrero de 2024","format":false,"excerpt":"La Junta Central Electoral (JCE) inici\u00f3 este martes el proceso de elaboraci\u00f3n de 16,851 kits electorales que ser\u00e1n utilizados en igual n\u00famero de Colegios Electorales para las elecciones municipales de este 18 de febrero de 2024. El presidente de la JCE, Rom\u00e1n Andr\u00e9s J\u00e1quez Liranzo, indic\u00f3 que esta convocatoria tuvo\u2026","rel":"","context":"En \u00abNACIONALES\u00bb","block_context":{"text":"NACIONALES","link":"https:\/\/lasprimeras.com.do\/index.php\/category\/nacionales\/"},"img":{"alt_text":"Rom\u00e1n Andr\u00e9s J\u00e1quez Liranzo","src":"https:\/\/i0.wp.com\/lasprimeras.com.do\/wp-content\/uploads\/2024\/02\/Roman-Andres-Jaquez-Liranzo-4.jpg?resize=350%2C200&ssl=1","width":350,"height":200,"srcset":"https:\/\/i0.wp.com\/lasprimeras.com.do\/wp-content\/uploads\/2024\/02\/Roman-Andres-Jaquez-Liranzo-4.jpg?resize=350%2C200&ssl=1 1x, https:\/\/i0.wp.com\/lasprimeras.com.do\/wp-content\/uploads\/2024\/02\/Roman-Andres-Jaquez-Liranzo-4.jpg?resize=525%2C300&ssl=1 1.5x, https:\/\/i0.wp.com\/lasprimeras.com.do\/wp-content\/uploads\/2024\/02\/Roman-Andres-Jaquez-Liranzo-4.jpg?resize=700%2C400&ssl=1 2x"},"classes":[]},{"id":59968,"url":"https:\/\/lasprimeras.com.do\/index.php\/2023\/09\/09\/jce-entrego-calendario-al-prm-para-celebracion-de-sus-primarias\/","url_meta":{"origin":61196,"position":1},"title":"JCE entreg\u00f3 calendario al PRM para celebraci\u00f3n de sus primarias","author":"Nelson Feliz","date":"9 de septiembre de 2023","format":false,"excerpt":"La Junta Central Electoral (JCE) entreg\u00f3 a la Comisi\u00f3n Electoral del Partido Revolucionario Moderno (PRM) y a los representantes de los candidatos y candidatas presidenciales de esta organizaci\u00f3n pol\u00edtica, el calendario de actividades administrativas para la celebraci\u00f3n de la primaria que llevar\u00e1n a cabo en octubre. El delegado de la\u2026","rel":"","context":"En \u00abPORTADA\u00bb","block_context":{"text":"PORTADA","link":"https:\/\/lasprimeras.com.do\/index.php\/category\/portada\/"},"img":{"alt_text":"JCE","src":"https:\/\/i0.wp.com\/lasprimeras.com.do\/wp-content\/uploads\/2023\/07\/JCE.jpg?resize=350%2C200&ssl=1","width":350,"height":200,"srcset":"https:\/\/i0.wp.com\/lasprimeras.com.do\/wp-content\/uploads\/2023\/07\/JCE.jpg?resize=350%2C200&ssl=1 1x, https:\/\/i0.wp.com\/lasprimeras.com.do\/wp-content\/uploads\/2023\/07\/JCE.jpg?resize=525%2C300&ssl=1 1.5x, https:\/\/i0.wp.com\/lasprimeras.com.do\/wp-content\/uploads\/2023\/07\/JCE.jpg?resize=700%2C400&ssl=1 2x"},"classes":[]},{"id":60519,"url":"https:\/\/lasprimeras.com.do\/index.php\/2023\/09\/15\/jce-inicia-proceso-de-clonado-de-equipos-que-se-usaran-en-primarias-de-este-1-de-octubre\/","url_meta":{"origin":61196,"position":2},"title":"JCE inicia proceso de clonado de equipos que se usar\u00e1n en primarias de este 1 de octubre","author":"Nelson Feliz","date":"15 de septiembre de 2023","format":false,"excerpt":"Por Martin Restituyo La Junta Central Electoral (JCE) inici\u00f3 este jueves el clonado de 7,750 equipos de escaneo, digitaci\u00f3n, impresi\u00f3n y transmisi\u00f3n de datos (EDET) que ser\u00e1n distribuidos en todo el pa\u00eds para el proceso de primarias que se llevar\u00e1 a cabo el pr\u00f3ximo 1 de octubre del presente a\u00f1o.\u2026","rel":"","context":"En \u00abPORTADA\u00bb","block_context":{"text":"PORTADA","link":"https:\/\/lasprimeras.com.do\/index.php\/category\/portada\/"},"img":{"alt_text":"JCE","src":"https:\/\/i0.wp.com\/lasprimeras.com.do\/wp-content\/uploads\/2023\/09\/JCE-1.jpg?resize=350%2C200&ssl=1","width":350,"height":200,"srcset":"https:\/\/i0.wp.com\/lasprimeras.com.do\/wp-content\/uploads\/2023\/09\/JCE-1.jpg?resize=350%2C200&ssl=1 1x, https:\/\/i0.wp.com\/lasprimeras.com.do\/wp-content\/uploads\/2023\/09\/JCE-1.jpg?resize=525%2C300&ssl=1 1.5x, https:\/\/i0.wp.com\/lasprimeras.com.do\/wp-content\/uploads\/2023\/09\/JCE-1.jpg?resize=700%2C400&ssl=1 2x"},"classes":[]},{"id":82175,"url":"https:\/\/lasprimeras.com.do\/index.php\/2024\/04\/29\/jce-despacha-material-electoral-para-las-elecciones-presidenciales-y-congresuales-en-el-exterior\/","url_meta":{"origin":61196,"position":3},"title":"JCE despacha material electoral para las elecciones presidenciales y congresuales en el exterior","author":"Nelson Feliz","date":"29 de abril de 2024","format":false,"excerpt":"3,581 valijas con kits electorales y las EDET fueron enviadas. La Junta Central Electoral (JCE) dio formal inicio despacho del material electoral para la celebraci\u00f3n de las elecciones presidenciales y congresuales (diputados de ultramar) en el exterior a celebrarse el 19 de mayo del presente a\u00f1o. En el acto para\u2026","rel":"","context":"En \u00abNACIONALES\u00bb","block_context":{"text":"NACIONALES","link":"https:\/\/lasprimeras.com.do\/index.php\/category\/nacionales\/"},"img":{"alt_text":"JCE","src":"https:\/\/i0.wp.com\/lasprimeras.com.do\/wp-content\/uploads\/2024\/04\/JCE-1.jpg?resize=350%2C200&ssl=1","width":350,"height":200,"srcset":"https:\/\/i0.wp.com\/lasprimeras.com.do\/wp-content\/uploads\/2024\/04\/JCE-1.jpg?resize=350%2C200&ssl=1 1x, https:\/\/i0.wp.com\/lasprimeras.com.do\/wp-content\/uploads\/2024\/04\/JCE-1.jpg?resize=525%2C300&ssl=1 1.5x, https:\/\/i0.wp.com\/lasprimeras.com.do\/wp-content\/uploads\/2024\/04\/JCE-1.jpg?resize=700%2C400&ssl=1 2x"},"classes":[]},{"id":76729,"url":"https:\/\/lasprimeras.com.do\/index.php\/2024\/02\/13\/jce-culmina-produccion-de-16851-kits-electorales-para-elecciones-municipales\/","url_meta":{"origin":61196,"position":4},"title":"JCE culmina producci\u00f3n de 16,851 kits electorales para elecciones municipales","author":"Nelson Feliz","date":"13 de febrero de 2024","format":false,"excerpt":"El director nacional de Elecciones de la Junta Central Electoral (JCE), Mario N\u00fa\u00f1ez Valdez, inform\u00f3 que con el env\u00edo al Distrito Nacional de 2,199 valijas con materiales electorales, despacho que se har\u00e1, culmina el proceso de producci\u00f3n y distribuci\u00f3n de los 16,851 kits que ser\u00e1n utilizados en las elecciones municipales\u2026","rel":"","context":"En \u00abNACIONALES\u00bb","block_context":{"text":"NACIONALES","link":"https:\/\/lasprimeras.com.do\/index.php\/category\/nacionales\/"},"img":{"alt_text":"JCE","src":"https:\/\/i0.wp.com\/lasprimeras.com.do\/wp-content\/uploads\/2024\/02\/JCE-1.jpg?resize=350%2C200&ssl=1","width":350,"height":200,"srcset":"https:\/\/i0.wp.com\/lasprimeras.com.do\/wp-content\/uploads\/2024\/02\/JCE-1.jpg?resize=350%2C200&ssl=1 1x, https:\/\/i0.wp.com\/lasprimeras.com.do\/wp-content\/uploads\/2024\/02\/JCE-1.jpg?resize=525%2C300&ssl=1 1.5x"},"classes":[]},{"id":120360,"url":"https:\/\/lasprimeras.com.do\/index.php\/2026\/01\/22\/jce-presenta-avances-del-cambio-de-la-nueva-cedula-a-organizaciones-politicas\/","url_meta":{"origin":61196,"position":5},"title":"JCE presenta avances del cambio de la nueva c\u00e9dula a organizaciones pol\u00edticas","author":"Nelson Feliz","date":"22 de enero de 2026","format":false,"excerpt":"La Junta Central Electoral (JCE) realiz\u00f3 este jueves una sesi\u00f3n informativa y operativa dirigida a delegados de las organizaciones pol\u00edticas, con el objetivo de presentar los avances en el flujo del proceso de cambio de la c\u00e9dula de identidad y c\u00e9dula de identidad y electoral. La reuni\u00f3n fue encabezada por\u2026","rel":"","context":"En \u00abSin categor\u00eda\u00bb","block_context":{"text":"Sin categor\u00eda","link":"https:\/\/lasprimeras.com.do\/index.php\/category\/sin-categoria\/"},"img":{"alt_text":"","src":"https:\/\/i0.wp.com\/lasprimeras.com.do\/wp-content\/uploads\/2026\/01\/Avances-1.jpg?resize=350%2C200&ssl=1","width":350,"height":200,"srcset":"https:\/\/i0.wp.com\/lasprimeras.com.do\/wp-content\/uploads\/2026\/01\/Avances-1.jpg?resize=350%2C200&ssl=1 1x, https:\/\/i0.wp.com\/lasprimeras.com.do\/wp-content\/uploads\/2026\/01\/Avances-1.jpg?resize=525%2C300&ssl=1 1.5x, https:\/\/i0.wp.com\/lasprimeras.com.do\/wp-content\/uploads\/2026\/01\/Avances-1.jpg?resize=700%2C400&ssl=1 2x"},"classes":[]}],"jetpack_sharing_enabled":true,"_links":{"self":[{"href":"https:\/\/lasprimeras.com.do\/index.php\/wp-json\/wp\/v2\/posts\/61196","targetHints":{"allow":["GET"]}}],"collection":[{"href":"https:\/\/lasprimeras.com.do\/index.php\/wp-json\/wp\/v2\/posts"}],"about":[{"href":"https:\/\/lasprimeras.com.do\/index.php\/wp-json\/wp\/v2\/types\/post"}],"author":[{"embeddable":true,"href":"https:\/\/lasprimeras.com.do\/index.php\/wp-json\/wp\/v2\/users\/2"}],"replies":[{"embeddable":true,"href":"https:\/\/lasprimeras.com.do\/index.php\/wp-json\/wp\/v2\/comments?post=61196"}],"version-history":[{"count":1,"href":"https:\/\/lasprimeras.com.do\/index.php\/wp-json\/wp\/v2\/posts\/61196\/revisions"}],"predecessor-version":[{"id":61198,"href":"https:\/\/lasprimeras.com.do\/index.php\/wp-json\/wp\/v2\/posts\/61196\/revisions\/61198"}],"wp:featuredmedia":[{"embeddable":true,"href":"https:\/\/lasprimeras.com.do\/index.php\/wp-json\/wp\/v2\/media\/61197"}],"wp:attachment":[{"href":"https:\/\/lasprimeras.com.do\/index.php\/wp-json\/wp\/v2\/media?parent=61196"}],"wp:term":[{"taxonomy":"category","embeddable":true,"href":"https:\/\/lasprimeras.com.do\/index.php\/wp-json\/wp\/v2\/categories?post=61196"},{"taxonomy":"post_tag","embeddable":true,"href":"https:\/\/lasprimeras.com.do\/index.php\/wp-json\/wp\/v2\/tags?post=61196"}],"curies":[{"name":"wp","href":"https:\/\/api.w.org\/{rel}","templated":true}]}}