{"id":61222,"date":"2023-09-24T14:55:30","date_gmt":"2023-09-24T18:55:30","guid":{"rendered":"https:\/\/lasprimeras.com.do\/?p=61222"},"modified":"2023-09-24T14:55:32","modified_gmt":"2023-09-24T18:55:32","slug":"terrero-califica-de-impresionante-recorrido-por-la-region-sur-de-abel-martinez-y-danilo-medina","status":"publish","type":"post","link":"https:\/\/lasprimeras.com.do\/index.php\/2023\/09\/24\/terrero-califica-de-impresionante-recorrido-por-la-region-sur-de-abel-martinez-y-danilo-medina\/","title":{"rendered":"Terrero califica de impresionante recorrido por la regi\u00f3n sur\u00a0 de Abel Mart\u00ednez y Danilo Medina"},"content":{"rendered":"\n<p><strong>Barahona, RD.-.<\/strong> El dirigente y miembro del Comit\u00e9 Central del Partido de la Liberaci\u00f3n Dominicana, doctor V\u00edctor Manuel Terrero, calific\u00f3 de impresionante el masivo respaldo que la poblaci\u00f3n da al ex presidente Danilo Medina y al candidato presidencial Abel Mart\u00ednez, cuando llegan a una provincia.<\/p>\n\n\n\n<p>El ex diputado pelede\u00edsta, sostuvo \u00a0que recientemente Abel Mart\u00ednez junto al ex presidente Danilo Medina S\u00e1nchez, Charlie Mariotti, y la alta dirigencia del PLD, agotaron una intensa agenda en la regi\u00f3n sur del pa\u00eds.<\/p>\n\n\n\n<p>El doctor Terrero, afirm\u00f3 que dicho recorrido \u00a0los dirigentes pol\u00edticos estuvieron en la provincia de San Juan de la Maguana encabezando la proclamaci\u00f3n de Lenin de la Rosa como el candidato a alcalde del PLD en dicho municipio.<\/p>\n\n\n\n<p>Mientras, que Abel Mart\u00ednez, Danilo Medina y toda la dirigencia del PLD realiz\u00f3 la tradicional y emblem\u00e1tica \u201cVuelta al Lago Enriquillo\u201d que abarc\u00f3 las provincias de Barahona, Bahoruco e Independencia; all\u00ed se visualiz\u00f3 la presencia de movimientos de apoyo y connotados empresarios de la regi\u00f3n sur en apoyo al proyecto presidencial peledeista.<\/p>\n\n\n\n<p>Dijo que fue impresionante como la gente sal\u00eda a respaldar masivamente al candidato Abel Mart\u00ednez y al ex gobernante Danilo Medina, con vallas, letreros, pancartas e importantes presentaciones art\u00edsticas en los municipios de Neiba y Cabral, as\u00ed como publicidad de los movimientos de apoyo pertenecientes al Sector Externo.<\/p>\n\n\n\n<p>El ex director del Conavihsida, doctor V\u00edctor Manuel Terrero, se\u00f1ala que durante el recorrido, los habitantes de las comunidades del sur del pa\u00eds mostraban alegr\u00eda y entusiasmo con la caravana de la victoria del PLD.<\/p>\n\n\n\n<p>Terrero, dijo que en las actividades la multitud se mostraba esperanzada ante el recorrido de Abel Mart\u00ednez y el ex presidente Danilo Medina.<\/p>\n\n\n\n<p>Los dirigentes y simpatizantes del PLD, utilizaban frases como \u00a8Aguanta que falta poco\u00a8, \u00a8Danilo est\u00e1bamos mejor en tu gobierno\u00a8, \u00a8No aguantamos la falta de luz\u00a8 y \u00a8La comida est\u00e1 cara\u00a8, adem\u00e1s estos mensajes se visualizaban en pancartas.<\/p>\n","protected":false},"excerpt":{"rendered":"<p>Barahona, RD.-. El dirigente y miembro del Comit\u00e9 Central del Partido de la Liberaci\u00f3n Dominicana, doctor V\u00edctor Manuel Terrero, calific\u00f3 de impresionante el masivo respaldo que la poblaci\u00f3n da al&hellip;<\/p>\n","protected":false},"author":2,"featured_media":54046,"comment_status":"open","ping_status":"open","sticky":false,"template":"","format":"standard","meta":{"content-type":"","jetpack_post_was_ever_published":false,"_jetpack_newsletter_access":"","_jetpack_dont_email_post_to_subs":false,"_jetpack_newsletter_tier_id":0,"_jetpack_memberships_contains_paywalled_content":false,"_jetpack_memberships_contains_paid_content":false,"footnotes":""},"categories":[25],"tags":[822,501,7812,269,120,6510,2301],"class_list":["post-61222","post","type-post","status-publish","format-standard","has-post-thumbnail","hentry","category-portada","tag-abel-martinez","tag-danilo-medina","tag-impresionante","tag-pld","tag-recorrido","tag-region-sur","tag-victor-terrero-2"],"jetpack_featured_media_url":"https:\/\/lasprimeras.com.do\/wp-content\/uploads\/2023\/07\/Victor-Terrero.jpeg","jetpack-related-posts":[{"id":52735,"url":"https:\/\/lasprimeras.com.do\/index.php\/2023\/06\/13\/terrero-respalda-propuesta-anunciada-por-abel-martinez\/","url_meta":{"origin":61222,"position":0},"title":"Terrero respalda propuesta anunciada por Abel Mart\u00ednez","author":"prenxa100","date":"13 de junio de 2023","format":false,"excerpt":"El exdiputado y miembro del Comit\u00e9 Central del Partido de la Liberaci\u00f3n Dominicana, doctor V\u00edctor Manuel Terrero, manifest\u00f3\u00a0 hoy que est\u00e1 de acuerdo con la propuesta presentada por el candidato presidencial Abel Mart\u00ednez. El doctor Terrero, manifest\u00f3 que el PLD cuenta con estructura partidaria en todos los rincones de la\u2026","rel":"","context":"En \u00abPORTADA\u00bb","block_context":{"text":"PORTADA","link":"https:\/\/lasprimeras.com.do\/index.php\/category\/portada\/"},"img":{"alt_text":"","src":"https:\/\/i0.wp.com\/lasprimeras.com.do\/wp-content\/uploads\/2023\/06\/terrero-respalda-propuesta-anunciada-por-abel-martinez.jpg?resize=350%2C200&ssl=1","width":350,"height":200,"srcset":"https:\/\/i0.wp.com\/lasprimeras.com.do\/wp-content\/uploads\/2023\/06\/terrero-respalda-propuesta-anunciada-por-abel-martinez.jpg?resize=350%2C200&ssl=1 1x, https:\/\/i0.wp.com\/lasprimeras.com.do\/wp-content\/uploads\/2023\/06\/terrero-respalda-propuesta-anunciada-por-abel-martinez.jpg?resize=525%2C300&ssl=1 1.5x, https:\/\/i0.wp.com\/lasprimeras.com.do\/wp-content\/uploads\/2023\/06\/terrero-respalda-propuesta-anunciada-por-abel-martinez.jpg?resize=700%2C400&ssl=1 2x, https:\/\/i0.wp.com\/lasprimeras.com.do\/wp-content\/uploads\/2023\/06\/terrero-respalda-propuesta-anunciada-por-abel-martinez.jpg?resize=1050%2C600&ssl=1 3x, https:\/\/i0.wp.com\/lasprimeras.com.do\/wp-content\/uploads\/2023\/06\/terrero-respalda-propuesta-anunciada-por-abel-martinez.jpg?resize=1400%2C800&ssl=1 4x"},"classes":[]},{"id":121875,"url":"https:\/\/lasprimeras.com.do\/index.php\/2026\/02\/11\/victor-terrero-respalda-postura-de-danilo-medina-sobre-alianzas-el-voto-del-pld-es-solo-para-la-boleta-morada\/","url_meta":{"origin":61222,"position":1},"title":"V\u00edctor Terrero respalda postura de Danilo Medina sobre alianzas: &#8220;El voto del PLD es solo para la boleta morada&#8221;","author":"Nelson Feliz","date":"11 de febrero de 2026","format":false,"excerpt":"El miembro del Comit\u00e9 Central del Partido de la Liberaci\u00f3n Dominicana (PLD), doctor V\u00edctor Manuel Terrero, manifest\u00f3 su total respaldo a las recientes declaraciones del presidente de la organizaci\u00f3n, Danilo Medina, respecto a la estrategia electoral de cara a los pr\u00f3ximos comicios. Terrero enfatiz\u00f3 que la militancia se mantiene firme\u2026","rel":"","context":"En \u00abPOLITICA\u00bb","block_context":{"text":"POLITICA","link":"https:\/\/lasprimeras.com.do\/index.php\/category\/politica\/"},"img":{"alt_text":"V\u00edctor Terrero","src":"https:\/\/i0.wp.com\/lasprimeras.com.do\/wp-content\/uploads\/2023\/07\/Victor-Terrero.jpeg?resize=350%2C200&ssl=1","width":350,"height":200,"srcset":"https:\/\/i0.wp.com\/lasprimeras.com.do\/wp-content\/uploads\/2023\/07\/Victor-Terrero.jpeg?resize=350%2C200&ssl=1 1x, https:\/\/i0.wp.com\/lasprimeras.com.do\/wp-content\/uploads\/2023\/07\/Victor-Terrero.jpeg?resize=525%2C300&ssl=1 1.5x, https:\/\/i0.wp.com\/lasprimeras.com.do\/wp-content\/uploads\/2023\/07\/Victor-Terrero.jpeg?resize=700%2C400&ssl=1 2x"},"classes":[]},{"id":50849,"url":"https:\/\/lasprimeras.com.do\/index.php\/2023\/05\/24\/victor-terrero-dice-resultados-de-la-encuesta-rd-elige-favorece-de-alguna-manera-a-abel-martinez\/","url_meta":{"origin":61222,"position":2},"title":"V\u00edctor Terrero dice resultados de la Encuesta RD-Elige, favorece de alguna manera a Abel Mart\u00ednez","author":"prenxa100","date":"24 de mayo de 2023","format":false,"excerpt":"Santo Domingo.-. El miembro del Comit\u00e9 Central del Partido de la Liberaci\u00f3n Dominicana (PLD), doctor V\u00edctor Manuel Terrero, sostuvo hoy que los resultados revelados en la Encuesta RD-Elige del Grupo RCC Media, de alguna manera favorece al candidato presidencial Abel Mart\u00ednez, porque, aunque realmente no ha iniciado la campa\u00f1a electoral\u2026","rel":"","context":"En \u00abPORTADA\u00bb","block_context":{"text":"PORTADA","link":"https:\/\/lasprimeras.com.do\/index.php\/category\/portada\/"},"img":{"alt_text":"","src":"","width":0,"height":0},"classes":[]},{"id":57373,"url":"https:\/\/lasprimeras.com.do\/index.php\/2023\/08\/11\/terrero-cuestiona-acuerdo-del-gobierno-que-busca-producir-maiz-en-guyana\/","url_meta":{"origin":61222,"position":3},"title":"Terrero cuestiona acuerdo del Gobierno que busca producir ma\u00edz en Guyana\u00a0\u00a0\u00a0\u00a0\u00a0\u00a0","author":"Nelson Feliz","date":"11 de agosto de 2023","format":false,"excerpt":"El ex diputado y miembro del Partido de la Liberaci\u00f3n Dominicana por la provincia Santa Cruz de Barahona, doctor V\u00edctor Manuel Terrero, solicit\u00f3 al Gobierno que encabeza el presidente Luis Abinader debe evaluar el asunto de producir ma\u00edz en Guyana. El doctor Terrero, entiende que la Rep\u00fablica Dominicana tiene que\u2026","rel":"","context":"En \u00abPORTADA\u00bb","block_context":{"text":"PORTADA","link":"https:\/\/lasprimeras.com.do\/index.php\/category\/portada\/"},"img":{"alt_text":"Victor Terrero","src":"https:\/\/i0.wp.com\/lasprimeras.com.do\/wp-content\/uploads\/2023\/07\/Victor-Terrero.jpg?resize=350%2C200&ssl=1","width":350,"height":200,"srcset":"https:\/\/i0.wp.com\/lasprimeras.com.do\/wp-content\/uploads\/2023\/07\/Victor-Terrero.jpg?resize=350%2C200&ssl=1 1x, https:\/\/i0.wp.com\/lasprimeras.com.do\/wp-content\/uploads\/2023\/07\/Victor-Terrero.jpg?resize=525%2C300&ssl=1 1.5x, https:\/\/i0.wp.com\/lasprimeras.com.do\/wp-content\/uploads\/2023\/07\/Victor-Terrero.jpg?resize=700%2C400&ssl=1 2x"},"classes":[]},{"id":98379,"url":"https:\/\/lasprimeras.com.do\/index.php\/2025\/05\/07\/victor-terrero-lamenta-fallecimiento-del-companero-rodriguez-marchena\/","url_meta":{"origin":61222,"position":4},"title":"V\u00edctor Terrero lamenta fallecimiento del compa\u00f1ero Rodr\u00edguez Marchena","author":"Nelson Feliz","date":"7 de mayo de 2025","format":false,"excerpt":"El exdiputado y miembro del Comit\u00e9 Central del Partido de la Liberaci\u00f3n Dominicana (PLD) de la provincia Barahona, doctor V\u00edctor Manuel Terrero, lament\u00f3 este mi\u00e9rcoles el fallecimiento del ex vocero de la presidencia Roberto Rodr\u00edguez Marchena. \u201cLamentamos con profundo dolor el fallecimiento del compa\u00f1ero y miembro del Comit\u00e9 Pol\u00edtico del\u2026","rel":"","context":"En \u00abNACIONALES\u00bb","block_context":{"text":"NACIONALES","link":"https:\/\/lasprimeras.com.do\/index.php\/category\/nacionales\/"},"img":{"alt_text":"","src":"https:\/\/i0.wp.com\/lasprimeras.com.do\/wp-content\/uploads\/2025\/05\/trrero-2.jpg?resize=350%2C200&ssl=1","width":350,"height":200,"srcset":"https:\/\/i0.wp.com\/lasprimeras.com.do\/wp-content\/uploads\/2025\/05\/trrero-2.jpg?resize=350%2C200&ssl=1 1x, https:\/\/i0.wp.com\/lasprimeras.com.do\/wp-content\/uploads\/2025\/05\/trrero-2.jpg?resize=525%2C300&ssl=1 1.5x"},"classes":[]},{"id":102417,"url":"https:\/\/lasprimeras.com.do\/index.php\/2025\/07\/04\/terrero-dice-el-peligro-de-quiebra-de-senasa-dejara-sin-servicio-de-salud-a-miles-de-dominicanos\/","url_meta":{"origin":61222,"position":5},"title":"Terrero dice el peligro de quiebra de SeNaSa dejar\u00e1 sin servicio de salud a miles de dominicanos","author":"Nelson Feliz","date":"4 de julio de 2025","format":false,"excerpt":"SANTO DOMINGO.-. El exdiputado y miembro del Comit\u00e9 Central del Partido de la Liberaci\u00f3n Dominicana (PLD), doctor V\u00edctor Manuel Terrero, cuestion\u00f3 hoy la mala gerencia e incapacidad del Gobierno de Luis Abinader, en el tren gubernamental, a prop\u00f3sito del peligro de quiebra del seguro de los pobres, como lo es\u2026","rel":"","context":"En \u00abPOLITICA\u00bb","block_context":{"text":"POLITICA","link":"https:\/\/lasprimeras.com.do\/index.php\/category\/politica\/"},"img":{"alt_text":"","src":"https:\/\/i0.wp.com\/lasprimeras.com.do\/wp-content\/uploads\/2025\/07\/senasa.jpg?resize=350%2C200&ssl=1","width":350,"height":200,"srcset":"https:\/\/i0.wp.com\/lasprimeras.com.do\/wp-content\/uploads\/2025\/07\/senasa.jpg?resize=350%2C200&ssl=1 1x, https:\/\/i0.wp.com\/lasprimeras.com.do\/wp-content\/uploads\/2025\/07\/senasa.jpg?resize=525%2C300&ssl=1 1.5x, https:\/\/i0.wp.com\/lasprimeras.com.do\/wp-content\/uploads\/2025\/07\/senasa.jpg?resize=700%2C400&ssl=1 2x"},"classes":[]}],"jetpack_sharing_enabled":true,"_links":{"self":[{"href":"https:\/\/lasprimeras.com.do\/index.php\/wp-json\/wp\/v2\/posts\/61222","targetHints":{"allow":["GET"]}}],"collection":[{"href":"https:\/\/lasprimeras.com.do\/index.php\/wp-json\/wp\/v2\/posts"}],"about":[{"href":"https:\/\/lasprimeras.com.do\/index.php\/wp-json\/wp\/v2\/types\/post"}],"author":[{"embeddable":true,"href":"https:\/\/lasprimeras.com.do\/index.php\/wp-json\/wp\/v2\/users\/2"}],"replies":[{"embeddable":true,"href":"https:\/\/lasprimeras.com.do\/index.php\/wp-json\/wp\/v2\/comments?post=61222"}],"version-history":[{"count":1,"href":"https:\/\/lasprimeras.com.do\/index.php\/wp-json\/wp\/v2\/posts\/61222\/revisions"}],"predecessor-version":[{"id":61223,"href":"https:\/\/lasprimeras.com.do\/index.php\/wp-json\/wp\/v2\/posts\/61222\/revisions\/61223"}],"wp:featuredmedia":[{"embeddable":true,"href":"https:\/\/lasprimeras.com.do\/index.php\/wp-json\/wp\/v2\/media\/54046"}],"wp:attachment":[{"href":"https:\/\/lasprimeras.com.do\/index.php\/wp-json\/wp\/v2\/media?parent=61222"}],"wp:term":[{"taxonomy":"category","embeddable":true,"href":"https:\/\/lasprimeras.com.do\/index.php\/wp-json\/wp\/v2\/categories?post=61222"},{"taxonomy":"post_tag","embeddable":true,"href":"https:\/\/lasprimeras.com.do\/index.php\/wp-json\/wp\/v2\/tags?post=61222"}],"curies":[{"name":"wp","href":"https:\/\/api.w.org\/{rel}","templated":true}]}}