{"id":61239,"date":"2023-09-23T15:58:00","date_gmt":"2023-09-23T19:58:00","guid":{"rendered":"https:\/\/lasprimeras.com.do\/?p=61239"},"modified":"2023-09-24T16:06:22","modified_gmt":"2023-09-24T20:06:22","slug":"leonel-fernandez-hoy-se-ha-sellado-el-triunfo-electoral-de-la-fuerza-del-pueblo","status":"publish","type":"post","link":"https:\/\/lasprimeras.com.do\/index.php\/2023\/09\/23\/leonel-fernandez-hoy-se-ha-sellado-el-triunfo-electoral-de-la-fuerza-del-pueblo\/","title":{"rendered":"Leonel Fern\u00e1ndez: &#8220;Hoy se ha sellado el triunfo electoral de la Fuerza del Pueblo&#8221;"},"content":{"rendered":"\n<p>Manifestaci\u00f3n de la FP en Plaza de la Bandera resalta por alegr\u00eda y creatividad de la gente.<\/p>\n\n\n\n<p>Ante el rotundo \u00e9xito de la convocatoria hecha en la Plaza de la Bandera este s\u00e1bado 23 de septiembre, Leonel Fern\u00e1ndez dijo: &#8220;Hoy se ha sellado el triunfo electoral de la FP. Est\u00e1 claro que el pueblo cierra filas con la FP&#8221;.<\/p>\n\n\n\n<p>&#8220;Dos millones a una voz&#8221;, convid\u00f3 en esta plaza hist\u00f3rica a miles de personas que llegaron de todo el pa\u00eds y de la di\u00e1spora dominicana, ante los cuales el l\u00edder de la Fuerza del Pueblo, Leonel Fern\u00e1ndez, precis\u00f3: &#8220;Para el momento de mi alocuci\u00f3n, ya somos dos millones 30 mil dominicanos, afiliados en la Fuerza del Pueblo&#8221;.<\/p>\n\n\n\n<p>&#8220;No cabe dudas de que esta es la m\u00e1s grande manifestaci\u00f3n que jam\u00e1s se haya realizado en la Plaza de la Bandera por partido pol\u00edtico alguno&#8221;, dijo emocionado el presidente de la Fuerza del Pueblo.<\/p>\n\n\n\n<p>El aspirante presidencial \u00fanico de la FP y otras organizaciones pol\u00edticas aliadas dijo que, el evento ten\u00eda doble objetivo, por un lado, iniciar la conmemoraci\u00f3n del golpe de estado al primer gobierno democr\u00e1tico despu\u00e9s de la dictadura, el del profesor Juan Bosch; y por otro lado, celebrar haber cumplido la meta de dos millones de personas afiliadas.<\/p>\n\n\n\n<p>Enfatiz\u00f3 que hoy la Rep\u00fablica Dominicana tiene una democracia imperfecta, pero cuenta con la estabilidad y la certeza de que cada cuatro a\u00f1os la gente acude a las urnas, en las que dijo, en el 2024 votar\u00e1n por la Fuerza del Pueblo para retomar el camino de progreso del pa\u00eds.<\/p>\n\n\n\n<figure class=\"wp-block-image size-full is-resized\"><img decoding=\"async\" src=\"https:\/\/lasprimeras.com.do\/wp-content\/uploads\/2023\/09\/Leonel-Fernandez-2-1.jpg\" alt=\"\" class=\"wp-image-61241\" style=\"width:840px;height:465px\" width=\"840\" height=\"465\"\/><\/figure>\n\n\n\n<p><strong>Sobre construcci\u00f3n de canal en el R\u00edo Masacre<\/strong><\/p>\n\n\n\n<p>El presidente de la Fuerza del Pueblo expres\u00f3 que, este partido levanta su voz en favor de la defensa de los intereses y la soberan\u00eda de la Rep\u00fablica Dominicana, dijo tambi\u00e9n que, la poblaci\u00f3n de este pa\u00eds tiene toda la raz\u00f3n en oponerse a la construcci\u00f3n del canal sobre el R\u00edo Masacre.<\/p>\n\n\n\n<p>Dentro de las consecuencias Fern\u00e1ndez cit\u00f3 que, ante fuertes lluvias pueden ocurrir inundaciones que afecten a las poblaciones fronterizas, entre ellas Dajab\u00f3n y Monte Cristi, adem\u00e1s del peligro de dejar sin agua a productores agr\u00edcolas de la zona.<\/p>\n\n\n\n<p>Sin embargo, el presidente de la Fuerza del Pueblo insisti\u00f3 en que la expresi\u00f3n de desacuerdo por el canal debe hacerse de la mejor manera, con prudencia y sabidur\u00eda y, apelando a los m\u00e9todos m\u00e1s eficaces de la diplomacia regional.<\/p>\n\n\n\n<p>Record\u00f3 que Rep\u00fablica Dominicana ha sido reconocida en Am\u00e9rica Latina como &#8220;Capital de la Paz&#8221;, por la mediaci\u00f3n en conflictos entre pa\u00edses de la regi\u00f3n, espec\u00edficamente entre Ecuador, Colombia y Venezuela.<\/p>\n\n\n\n<figure class=\"wp-block-image size-full is-resized\"><img decoding=\"async\" src=\"https:\/\/lasprimeras.com.do\/wp-content\/uploads\/2023\/09\/Leonel-Fernandez-3-1.jpg\" alt=\"\" class=\"wp-image-61242\" style=\"width:840px;height:465px\" width=\"840\" height=\"465\"\/><\/figure>\n\n\n\n<p><strong>Sobre la actividad<\/strong><\/p>\n\n\n\n<p>Con la animaci\u00f3n de varias orquestas populares, entre ellas el Jefrey, Jos\u00e9 Virgilio Pe\u00f1a Suazo, Jaysel la Melod\u00eda, entre otros, se celebr\u00f3 &#8220;Dos millones a una voz&#8221;, en el cual se festej\u00f3 los dos millones de afiliados en la Fuerza del Pueblo.<\/p>\n\n\n\n<p>Miles personas abarrotaron el emblem\u00e1tico monumento, con manifestaciones art\u00edsticas como baile folkl\u00f3rico, bat\u00f3n ballet, diablos cojuelos y exposiciones de pintura.<\/p>\n\n\n\n<p>Delegaciones de todo el pa\u00eds se trasladaron a la capital dominicana para celebrar tan singular acontecimiento, nunca antes visto en la historia moderna de los partidos pol\u00edticos.<\/p>\n\n\n\n<p>La denominada fiesta de la democracia de la celebraci\u00f3n de los dos millones de empadronados en la principal entidad pol\u00edtica de la oposici\u00f3n dominicana, se desarroll\u00f3 en perfecto orden, constituyendo una nueva manera de hacer pol\u00edtica en el pa\u00eds.<\/p>\n\n\n\n<p>Tambi\u00e9n se hizo presente el entusiasmo de las entidades pol\u00edticas aliadas a la Fuerza del Pueblo, entre ellas el Movimiento Rebelde, Movimiento V Rep\u00fablica y, el Partido Democr\u00e1tico Institucional (PDI).<\/p>\n\n\n\n<p>Entrega de padr\u00f3n en la JCE<\/p>\n\n\n\n<p>En las primeras horas del lunes 25, una amplia comitiva de altos dirigentes de la FP, encabezada por su presidente, Leonel Fern\u00e1ndez, depositar\u00e1 en la sede de la Junta Central Electoral (JCE) el nuevo padr\u00f3n de inscritos, el cual supera la meta que esta entidad se hab\u00eda propuesto, dos millones de afiliados.<\/p>\n","protected":false},"excerpt":{"rendered":"<p>Manifestaci\u00f3n de la FP en Plaza de la Bandera resalta por alegr\u00eda y creatividad de la gente. Ante el rotundo \u00e9xito de la convocatoria hecha en la Plaza de la&hellip;<\/p>\n","protected":false},"author":2,"featured_media":61240,"comment_status":"open","ping_status":"open","sticky":false,"template":"","format":"standard","meta":{"content-type":"","jetpack_post_was_ever_published":false,"_jetpack_newsletter_access":"","_jetpack_dont_email_post_to_subs":false,"_jetpack_newsletter_tier_id":0,"_jetpack_memberships_contains_paywalled_content":false,"_jetpack_memberships_contains_paid_content":false,"footnotes":""},"categories":[25],"tags":[158,51,7816,7815],"class_list":["post-61239","post","type-post","status-publish","format-standard","has-post-thumbnail","hentry","category-portada","tag-fuerza-del-pueblo","tag-leonel-fernandez","tag-sella","tag-triunfo-electoral"],"jetpack_featured_media_url":"https:\/\/lasprimeras.com.do\/wp-content\/uploads\/2023\/09\/Leonel-Fernandez-1-2.jpg","jetpack-related-posts":[{"id":58078,"url":"https:\/\/lasprimeras.com.do\/index.php\/2023\/08\/19\/fp-anuncia-gran-manifestacion-en-plaza-de-la-bandera-el-23-de-septiembre\/","url_meta":{"origin":61239,"position":0},"title":"FP anuncia gran manifestaci\u00f3n en Plaza de la Bandera el 23 de septiembre","author":"Nelson Feliz","date":"19 de agosto de 2023","format":false,"excerpt":"FP presentar\u00e1 padr\u00f3n de afiliados de 2 millones ante la JCE El precandidato presidencial del partido Fuerza del Pueblo (FP), Leonel Fern\u00e1ndez, anunci\u00f3 que la entidad pol\u00edtica que dirige realizar\u00e1 una gran manifestaci\u00f3n de militantes y seguidores en la Plaza de la Bandera, frente a la sede de la Junta\u2026","rel":"","context":"En \u00abPORTADA\u00bb","block_context":{"text":"PORTADA","link":"https:\/\/lasprimeras.com.do\/index.php\/category\/portada\/"},"img":{"alt_text":"Leonel Fern\u00e1ndez","src":"https:\/\/i0.wp.com\/lasprimeras.com.do\/wp-content\/uploads\/2023\/08\/Leonel-Fernandez-7.jpg?resize=350%2C200&ssl=1","width":350,"height":200,"srcset":"https:\/\/i0.wp.com\/lasprimeras.com.do\/wp-content\/uploads\/2023\/08\/Leonel-Fernandez-7.jpg?resize=350%2C200&ssl=1 1x, https:\/\/i0.wp.com\/lasprimeras.com.do\/wp-content\/uploads\/2023\/08\/Leonel-Fernandez-7.jpg?resize=525%2C300&ssl=1 1.5x, https:\/\/i0.wp.com\/lasprimeras.com.do\/wp-content\/uploads\/2023\/08\/Leonel-Fernandez-7.jpg?resize=700%2C400&ssl=1 2x"},"classes":[]},{"id":109116,"url":"https:\/\/lasprimeras.com.do\/index.php\/2025\/09\/14\/leonel-fernandez-afirma-que-nueva-directiva-de-la-fp-asegurara-el-triunfo-en-el-2028\/","url_meta":{"origin":61239,"position":1},"title":"Leonel Fern\u00e1ndez afirma que nueva directiva de la FP asegurar\u00e1 el &#8220;triunfo&#8221; en el 2028","author":"Nelson Feliz","date":"14 de septiembre de 2025","format":false,"excerpt":"Ante el proceso electoral interno para la reestructuraci\u00f3n del partido Fuerza del Pueblo (FP) realizado este domingo, militantes, incluyendo a su l\u00edder Leonel Fern\u00e1ndez, aseguran que la nueva directiva garantizar\u00e1 el triunfo presidencial para el 2028. As\u00ed lo manifest\u00f3 el presidente de la organizaci\u00f3n pol\u00edtica opositora, luego de ejercer su\u2026","rel":"","context":"En \u00abPOLITICA\u00bb","block_context":{"text":"POLITICA","link":"https:\/\/lasprimeras.com.do\/index.php\/category\/politica\/"},"img":{"alt_text":"Leonel Fern\u00e1ndez","src":"https:\/\/i0.wp.com\/lasprimeras.com.do\/wp-content\/uploads\/2025\/09\/Leonel-Fernandez.jpeg?resize=350%2C200&ssl=1","width":350,"height":200,"srcset":"https:\/\/i0.wp.com\/lasprimeras.com.do\/wp-content\/uploads\/2025\/09\/Leonel-Fernandez.jpeg?resize=350%2C200&ssl=1 1x, https:\/\/i0.wp.com\/lasprimeras.com.do\/wp-content\/uploads\/2025\/09\/Leonel-Fernandez.jpeg?resize=525%2C300&ssl=1 1.5x, https:\/\/i0.wp.com\/lasprimeras.com.do\/wp-content\/uploads\/2025\/09\/Leonel-Fernandez.jpeg?resize=700%2C400&ssl=1 2x"},"classes":[]},{"id":116932,"url":"https:\/\/lasprimeras.com.do\/index.php\/2025\/12\/05\/llama-dominicanos-seguir-apoyo-a-leonel-para-garantizar-triunfo-arrollador-y-rd-vuelva-a-la-normalidad\/","url_meta":{"origin":61239,"position":2},"title":"Llama dominicanos seguir apoyo a Leonel para garantizar triunfo arrollador y RD vuelva a la normalidad","author":"Nelson Feliz","date":"5 de diciembre de 2025","format":false,"excerpt":"Por Ram\u00f3n Mercedes NUEVA YORK.- El presidente del activo movimiento pol\u00edtico en esta ciudad \u00abAmigos de Leonel\u00bb, que preside el empresario Jaime Vargas, exhorta a los dominicanos, tanto en dominicana como en el exterior, seguir apoyando al ex presidente Leonel Fern\u00e1ndez para garantizarle un triunfo arrollador en las elecciones del\u2026","rel":"","context":"En \u00abLA VOZ DE LA DIASPORA\u00bb","block_context":{"text":"LA VOZ DE LA DIASPORA","link":"https:\/\/lasprimeras.com.do\/index.php\/category\/la-voz-de-la-diaspora\/"},"img":{"alt_text":"","src":"https:\/\/i0.wp.com\/lasprimeras.com.do\/wp-content\/uploads\/2025\/12\/Llama-dominicano-seguir-apoyo-a-Leonel-para-garantizar-triunfo-arrollador-y-RD-vuelva-a-la-normalidad.jpg?resize=350%2C200&ssl=1","width":350,"height":200},"classes":[]},{"id":106464,"url":"https:\/\/lasprimeras.com.do\/index.php\/2025\/08\/15\/regidor-del-prm-se-une-a-la-fuerza-del-pueblo-y-es-juramentado-por-leonel-fernandez\/","url_meta":{"origin":61239,"position":3},"title":"Regidor del PRM se une a la Fuerza del Pueblo y es juramentado por Leonel Fern\u00e1ndez","author":"Nelson Feliz","date":"15 de agosto de 2025","format":false,"excerpt":"En el marco de su visita a la Ciudad Coraz\u00f3n, el presidente del partido Fuerza del Pueblo (FP), Leonel Fern\u00e1ndez, jurament\u00f3 al regidor del Partido Revolucionario Moderno (PRM) de Hatillo Palma, provincia Montecristi, Dany Torres, quien formaliz\u00f3 su ingreso a las filas de la organizaci\u00f3n pol\u00edtica liderada por el exmandatario.\u2026","rel":"","context":"En \u00abPOLITICA\u00bb","block_context":{"text":"POLITICA","link":"https:\/\/lasprimeras.com.do\/index.php\/category\/politica\/"},"img":{"alt_text":"","src":"https:\/\/i0.wp.com\/lasprimeras.com.do\/wp-content\/uploads\/2025\/08\/Dany-Torres.jpg?resize=350%2C200&ssl=1","width":350,"height":200,"srcset":"https:\/\/i0.wp.com\/lasprimeras.com.do\/wp-content\/uploads\/2025\/08\/Dany-Torres.jpg?resize=350%2C200&ssl=1 1x, https:\/\/i0.wp.com\/lasprimeras.com.do\/wp-content\/uploads\/2025\/08\/Dany-Torres.jpg?resize=525%2C300&ssl=1 1.5x, https:\/\/i0.wp.com\/lasprimeras.com.do\/wp-content\/uploads\/2025\/08\/Dany-Torres.jpg?resize=700%2C400&ssl=1 2x"},"classes":[]},{"id":121683,"url":"https:\/\/lasprimeras.com.do\/index.php\/2026\/02\/08\/leonel-juramenta-en-la-fp-al-expresidente-del-pld-y-decenas-de-dirigentes-en-licey-al-medio\/","url_meta":{"origin":61239,"position":4},"title":"Leonel juramenta en la FP al expresidente del PLD y decenas de dirigentes en Licey al Medio","author":"Nelson Feliz","date":"8 de febrero de 2026","format":false,"excerpt":"El presidente del partido Fuerza del Pueblo (FP), Leonel Fern\u00e1ndez, encabez\u00f3 la tarde de este s\u00e1bado un acto de juramentaci\u00f3n en el municipio de Licey al Medio, donde formaliz\u00f3 la incorporaci\u00f3n a esa organizaci\u00f3n del dirigente pol\u00edtico Jos\u00e9 Dur\u00e1n L\u00f3pez, expresidente del Partido de la Liberaci\u00f3n Dominicana (PLD) en esa\u2026","rel":"","context":"En \u00abPOLITICA\u00bb","block_context":{"text":"POLITICA","link":"https:\/\/lasprimeras.com.do\/index.php\/category\/politica\/"},"img":{"alt_text":"Leonel Fern\u00e1ndez","src":"https:\/\/i0.wp.com\/lasprimeras.com.do\/wp-content\/uploads\/2026\/02\/Leonel-Fernandez-3.jpg?resize=350%2C200&ssl=1","width":350,"height":200,"srcset":"https:\/\/i0.wp.com\/lasprimeras.com.do\/wp-content\/uploads\/2026\/02\/Leonel-Fernandez-3.jpg?resize=350%2C200&ssl=1 1x, https:\/\/i0.wp.com\/lasprimeras.com.do\/wp-content\/uploads\/2026\/02\/Leonel-Fernandez-3.jpg?resize=525%2C300&ssl=1 1.5x, https:\/\/i0.wp.com\/lasprimeras.com.do\/wp-content\/uploads\/2026\/02\/Leonel-Fernandez-3.jpg?resize=700%2C400&ssl=1 2x"},"classes":[]},{"id":109731,"url":"https:\/\/lasprimeras.com.do\/index.php\/2025\/09\/21\/leonel-asegura-desde-nueva-york-que-el-prm-ha-colapsado-los-servicios-publicos\/","url_meta":{"origin":61239,"position":5},"title":"Leonel asegura desde Nueva York que el PRM ha colapsado los servicios p\u00fablicos","author":"Nelson Feliz","date":"21 de septiembre de 2025","format":false,"excerpt":"El l\u00edder de la Fuerza del Pueblo afirm\u00f3 que el fracaso del Gobierno se debe a ineficiencia y asegur\u00f3 que su partido encabeza el camino hacia el 2028.\u201cLos hospitales est\u00e1n m\u00e1s enfermos que los pacientes\u201d Nueva York. \u2013 El expresidente de la Rep\u00fablica Dominicana y l\u00edder de la Fuerza del\u2026","rel":"","context":"En \u00abPOLITICA\u00bb","block_context":{"text":"POLITICA","link":"https:\/\/lasprimeras.com.do\/index.php\/category\/politica\/"},"img":{"alt_text":"","src":"https:\/\/i0.wp.com\/lasprimeras.com.do\/wp-content\/uploads\/2025\/09\/Leonel-Fernandez-1.jpg?resize=350%2C200&ssl=1","width":350,"height":200,"srcset":"https:\/\/i0.wp.com\/lasprimeras.com.do\/wp-content\/uploads\/2025\/09\/Leonel-Fernandez-1.jpg?resize=350%2C200&ssl=1 1x, https:\/\/i0.wp.com\/lasprimeras.com.do\/wp-content\/uploads\/2025\/09\/Leonel-Fernandez-1.jpg?resize=525%2C300&ssl=1 1.5x, https:\/\/i0.wp.com\/lasprimeras.com.do\/wp-content\/uploads\/2025\/09\/Leonel-Fernandez-1.jpg?resize=700%2C400&ssl=1 2x"},"classes":[]}],"jetpack_sharing_enabled":true,"_links":{"self":[{"href":"https:\/\/lasprimeras.com.do\/index.php\/wp-json\/wp\/v2\/posts\/61239","targetHints":{"allow":["GET"]}}],"collection":[{"href":"https:\/\/lasprimeras.com.do\/index.php\/wp-json\/wp\/v2\/posts"}],"about":[{"href":"https:\/\/lasprimeras.com.do\/index.php\/wp-json\/wp\/v2\/types\/post"}],"author":[{"embeddable":true,"href":"https:\/\/lasprimeras.com.do\/index.php\/wp-json\/wp\/v2\/users\/2"}],"replies":[{"embeddable":true,"href":"https:\/\/lasprimeras.com.do\/index.php\/wp-json\/wp\/v2\/comments?post=61239"}],"version-history":[{"count":1,"href":"https:\/\/lasprimeras.com.do\/index.php\/wp-json\/wp\/v2\/posts\/61239\/revisions"}],"predecessor-version":[{"id":61243,"href":"https:\/\/lasprimeras.com.do\/index.php\/wp-json\/wp\/v2\/posts\/61239\/revisions\/61243"}],"wp:featuredmedia":[{"embeddable":true,"href":"https:\/\/lasprimeras.com.do\/index.php\/wp-json\/wp\/v2\/media\/61240"}],"wp:attachment":[{"href":"https:\/\/lasprimeras.com.do\/index.php\/wp-json\/wp\/v2\/media?parent=61239"}],"wp:term":[{"taxonomy":"category","embeddable":true,"href":"https:\/\/lasprimeras.com.do\/index.php\/wp-json\/wp\/v2\/categories?post=61239"},{"taxonomy":"post_tag","embeddable":true,"href":"https:\/\/lasprimeras.com.do\/index.php\/wp-json\/wp\/v2\/tags?post=61239"}],"curies":[{"name":"wp","href":"https:\/\/api.w.org\/{rel}","templated":true}]}}