{"id":61500,"date":"2023-09-27T17:56:00","date_gmt":"2023-09-27T21:56:00","guid":{"rendered":"https:\/\/lasprimeras.com.do\/?p=61500"},"modified":"2023-09-27T23:00:46","modified_gmt":"2023-09-28T03:00:46","slug":"presidente-de-surinam-chandrikapersad-santokhi-llega-el-proximo-miercoles-al-pais","status":"publish","type":"post","link":"https:\/\/lasprimeras.com.do\/index.php\/2023\/09\/27\/presidente-de-surinam-chandrikapersad-santokhi-llega-el-proximo-miercoles-al-pais\/","title":{"rendered":"Presidente de Surinam, Chandrikapersad Santokhi, llega el pr\u00f3ximo mi\u00e9rcoles al pa\u00eds"},"content":{"rendered":"\n<p>El presidente Luis Abinader recibir\u00e1 el pr\u00f3ximo jueves 5 de octubre en visita oficial a su hom\u00f3logo de la Rep\u00fablica de Surinam, Chandrikapersad Santokhi, quien arriba al pa\u00eds el mi\u00e9rcoles 4.<\/p>\n\n\n\n<p>A su llegada a suelo dominicano, el presidente de Surinam y su comitiva oficial ser\u00e1n recibidos por el ministro de Relaciones Exteriores, Roberto \u00c1lvarez; el embajador extraordinario y plenipotenciario de la Rep\u00fablica Dominicana ante la Rep\u00fablica de Surinam, Wellington Bencosme y el director de Ceremonial de Estado y Protocolo, embajador Francisco Jos\u00e9 Cantizano Nadal.<\/p>\n\n\n\n<p>La ceremonia de recibimiento del presidente de Surinam se realizar\u00e1 en la explanada frontal del Palacio Nacional, el jueves 5 de octubre a las 10:00 de la ma\u00f1ana.<\/p>\n\n\n\n<p>A su llegada al Palacio Nacional, el jefe de Estado surinam\u00e9s recibir\u00e1 los honores correspondientes a su alta investidura y de inmediato los gobernantes proceder\u00e1n al pase de revista militar y a la presentaci\u00f3n de sus respectivas delegaciones.<\/p>\n\n\n\n<p>Posteriormente, los presidentes dominicano y surinam\u00e9s tendr\u00e1n una audiencia privada, en el Despacho Presidencial del Palacio Nacional.<\/p>\n\n\n\n<p>La agenda oficial del presidente de Surinam incluye una reuni\u00f3n ampliada de las delegaciones de ambos pa\u00edses, en el Sal\u00f3n Consejo de Gobierno del Palacio Nacional.<\/p>\n\n\n\n<p>Pasado el mediod\u00eda, los jefes de Estado sostendr\u00e1n una ceremonia de firma de instrumentos y se har\u00e1 una declaraci\u00f3n conjunta, en el Sal\u00f3n de Embajadores, as\u00ed como un almuerzo en el Sal\u00f3n de Banquetes.<\/p>\n\n\n\n<p>Al finalizar los eventos en el Palacio Nacional, a partir de las 3:00 de la tarde, el gobernante de la Rep\u00fablica de Surinam y su comitiva oficial, acompa\u00f1ados del ministro de Relaciones Exteriores, visitar\u00e1n el Altar de la Patria, donde depositar\u00e1n una ofrenda floral.<\/p>\n\n\n\n<p>Luego, se trasladar\u00e1n al Congreso Nacional, donde ser\u00e1n recibidos por los presidentes del Senado, Ricardo De Los Santos, y de la C\u00e1mara de Diputados, Alfredo Pacheco.<\/p>\n","protected":false},"excerpt":{"rendered":"<p>El presidente Luis Abinader recibir\u00e1 el pr\u00f3ximo jueves 5 de octubre en visita oficial a su hom\u00f3logo de la Rep\u00fablica de Surinam, Chandrikapersad Santokhi, quien arriba al pa\u00eds el mi\u00e9rcoles&hellip;<\/p>\n","protected":false},"author":2,"featured_media":61501,"comment_status":"open","ping_status":"open","sticky":false,"template":"","format":"standard","meta":{"content-type":"","jetpack_post_was_ever_published":false,"_jetpack_newsletter_access":"","_jetpack_dont_email_post_to_subs":false,"_jetpack_newsletter_tier_id":0,"_jetpack_memberships_contains_paywalled_content":false,"_jetpack_memberships_contains_paid_content":false,"footnotes":""},"categories":[25],"tags":[7936,935,7935],"class_list":["post-61500","post","type-post","status-publish","format-standard","has-post-thumbnail","hentry","category-portada","tag-chandrikapersad-santokhi","tag-presidente","tag-surinam"],"jetpack_featured_media_url":"https:\/\/lasprimeras.com.do\/wp-content\/uploads\/2023\/09\/Chandrikapersad-Santokhi.jpg","jetpack-related-posts":[{"id":62313,"url":"https:\/\/lasprimeras.com.do\/index.php\/2023\/10\/04\/abinader-recibira-en-el-palacio-nacional-a-su-homologo-de-surinam-chandrikapersad-santokhi\/","url_meta":{"origin":61500,"position":0},"title":"Abinader recibir\u00e1 en el Palacio Nacional a su hom\u00f3logo de Surinam, Chandrikapersad Santokhi","author":"Nelson Feliz","date":"4 de octubre de 2023","format":false,"excerpt":"El presidente Luis Abinader recibir\u00e1 este jueves en visita oficial a su hom\u00f3logo de la Rep\u00fablica de Surinam, Chandrikapersad Santokhi, quien llega al pa\u00eds hoy mi\u00e9rcoles. La ceremonia de recibimiento al presidente de Surinam se realizar\u00e1 en la explanada frontal del Palacio Nacional, a las 10:00 de la ma\u00f1ana del\u2026","rel":"","context":"En \u00abNACIONALES\u00bb","block_context":{"text":"NACIONALES","link":"https:\/\/lasprimeras.com.do\/index.php\/category\/nacionales\/"},"img":{"alt_text":"Chandrikapersad Santokhi","src":"https:\/\/i0.wp.com\/lasprimeras.com.do\/wp-content\/uploads\/2023\/10\/Chandrikapersad-Santokhi.jpg?resize=350%2C200&ssl=1","width":350,"height":200},"classes":[]},{"id":87586,"url":"https:\/\/lasprimeras.com.do\/index.php\/2024\/08\/14\/presidente-de-suriname-chandrikapersad-santokhi-asistira-juramentacion-de-segundo-mandato-de-abinader\/","url_meta":{"origin":61500,"position":1},"title":"Presidente de Suriname Chandrikapersad Santokhi asistir\u00e1 juramentaci\u00f3n de segundo mandato de Abinader\u00a0","author":"Nelson Feliz","date":"14 de agosto de 2024","format":false,"excerpt":"Santokhi es el primer mandatario en llegar al pa\u00eds. Entre este mi\u00e9rcoles y jueves continuar\u00e1n llegando los dem\u00e1s jefes de Estado confirmados. El presidente de Suriname Chandrikapersad Santokhi arrib\u00f3 esta noche al pa\u00eds para asistir a la juramentaci\u00f3n del segundo mandato del presidente Luis Abinader al frente de la Rep\u00fablica\u2026","rel":"","context":"En \u00abNACIONALES\u00bb","block_context":{"text":"NACIONALES","link":"https:\/\/lasprimeras.com.do\/index.php\/category\/nacionales\/"},"img":{"alt_text":"Suriname Chandrikapersad Santokhi","src":"https:\/\/i0.wp.com\/lasprimeras.com.do\/wp-content\/uploads\/2024\/08\/Suriname-Chandrikapersad-Santokhi-1.jpg?resize=350%2C200&ssl=1","width":350,"height":200,"srcset":"https:\/\/i0.wp.com\/lasprimeras.com.do\/wp-content\/uploads\/2024\/08\/Suriname-Chandrikapersad-Santokhi-1.jpg?resize=350%2C200&ssl=1 1x, https:\/\/i0.wp.com\/lasprimeras.com.do\/wp-content\/uploads\/2024\/08\/Suriname-Chandrikapersad-Santokhi-1.jpg?resize=525%2C300&ssl=1 1.5x, https:\/\/i0.wp.com\/lasprimeras.com.do\/wp-content\/uploads\/2024\/08\/Suriname-Chandrikapersad-Santokhi-1.jpg?resize=700%2C400&ssl=1 2x"},"classes":[]},{"id":62511,"url":"https:\/\/lasprimeras.com.do\/index.php\/2023\/10\/05\/abinader-recibe-su-homologo-de-surinam-chandrikapersad-santokhi-en-visita-oficial\/","url_meta":{"origin":61500,"position":2},"title":"Abinader recibe su hom\u00f3logo de Surinam, Chandrikapersad Santokhi en visita oficial","author":"Nelson Feliz","date":"5 de octubre de 2023","format":false,"excerpt":"El presidente Luis Abinader recibi\u00f3 este jueves en el Palacio Nacional a su hom\u00f3logo de la Rep\u00fablica de Surinam, Chandrikapersad Santokhi, quien realiza una visita oficial al pa\u00eds. La ceremonia de recibimiento al mandatario de la Rep\u00fablica de Surinam estuvo encabezada por el presidente Abinader y se realiz\u00f3 en la\u2026","rel":"","context":"En \u00abNACIONALES\u00bb","block_context":{"text":"NACIONALES","link":"https:\/\/lasprimeras.com.do\/index.php\/category\/nacionales\/"},"img":{"alt_text":"Luis Abinader vs Chandrikapersad Santokhi","src":"https:\/\/i0.wp.com\/lasprimeras.com.do\/wp-content\/uploads\/2023\/10\/Luis-Abinader-vs-Chandrikapersad-Santokhi.jpg?resize=350%2C200&ssl=1","width":350,"height":200,"srcset":"https:\/\/i0.wp.com\/lasprimeras.com.do\/wp-content\/uploads\/2023\/10\/Luis-Abinader-vs-Chandrikapersad-Santokhi.jpg?resize=350%2C200&ssl=1 1x, https:\/\/i0.wp.com\/lasprimeras.com.do\/wp-content\/uploads\/2023\/10\/Luis-Abinader-vs-Chandrikapersad-Santokhi.jpg?resize=525%2C300&ssl=1 1.5x, https:\/\/i0.wp.com\/lasprimeras.com.do\/wp-content\/uploads\/2023\/10\/Luis-Abinader-vs-Chandrikapersad-Santokhi.jpg?resize=700%2C400&ssl=1 2x"},"classes":[]},{"id":62589,"url":"https:\/\/lasprimeras.com.do\/index.php\/2023\/10\/05\/congreso-nacional-recibe-presidente-de-surinam-chandrikapersad-santokhi\/","url_meta":{"origin":61500,"position":3},"title":"Congreso Nacional recibe presidente de Surinam Chandrikapersad Santokhi","author":"Nelson Feliz","date":"5 de octubre de 2023","format":false,"excerpt":"Es la primera vez que un presidente de Surinam visita la Rep\u00fablica Dominicana El Congreso Nacional se constituy\u00f3 en Reuni\u00f3n Conjunta para recibir este jueves al presidente de la Rep\u00fablica de Surinam, Chandrikapersad Santokhi, en una ceremonia solemne que se realiz\u00f3 en el Sal\u00f3n de la Asamblea Nacional, como parte\u2026","rel":"","context":"En \u00abNACIONALES\u00bb","block_context":{"text":"NACIONALES","link":"https:\/\/lasprimeras.com.do\/index.php\/category\/nacionales\/"},"img":{"alt_text":"Congreso Nacional","src":"https:\/\/i0.wp.com\/lasprimeras.com.do\/wp-content\/uploads\/2023\/10\/Congreso-Nacional-1.jpg?resize=350%2C200&ssl=1","width":350,"height":200,"srcset":"https:\/\/i0.wp.com\/lasprimeras.com.do\/wp-content\/uploads\/2023\/10\/Congreso-Nacional-1.jpg?resize=350%2C200&ssl=1 1x, https:\/\/i0.wp.com\/lasprimeras.com.do\/wp-content\/uploads\/2023\/10\/Congreso-Nacional-1.jpg?resize=525%2C300&ssl=1 1.5x, https:\/\/i0.wp.com\/lasprimeras.com.do\/wp-content\/uploads\/2023\/10\/Congreso-Nacional-1.jpg?resize=700%2C400&ssl=1 2x"},"classes":[]},{"id":62223,"url":"https:\/\/lasprimeras.com.do\/index.php\/2023\/10\/03\/cn-prepara-escenario-para-recibir-al-presidente-chandrikapersad-santokhi\/","url_meta":{"origin":61500,"position":4},"title":"CN prepara escenario para recibir al presidente Chandrikapersad Santokhi","author":"Nelson Feliz","date":"3 de octubre de 2023","format":false,"excerpt":"La sede del Congreso Nacional se prepara para recibir la visita oficial este jueves 5 de octubre del presidente de la Rep\u00fablica de Surinam, Chandrikapersad Santokhi. El mandatario ser\u00e1 recibido en la explanada frontal del Congreso Nacional por los presidentes del Senado, Ricardo de los Santos; y de la C\u00e1mara\u2026","rel":"","context":"En \u00abNACIONALES\u00bb","block_context":{"text":"NACIONALES","link":"https:\/\/lasprimeras.com.do\/index.php\/category\/nacionales\/"},"img":{"alt_text":"Congreso Nacional","src":"https:\/\/i0.wp.com\/lasprimeras.com.do\/wp-content\/uploads\/2023\/10\/Congreso-Nacional.jpg?resize=350%2C200&ssl=1","width":350,"height":200,"srcset":"https:\/\/i0.wp.com\/lasprimeras.com.do\/wp-content\/uploads\/2023\/10\/Congreso-Nacional.jpg?resize=350%2C200&ssl=1 1x, https:\/\/i0.wp.com\/lasprimeras.com.do\/wp-content\/uploads\/2023\/10\/Congreso-Nacional.jpg?resize=525%2C300&ssl=1 1.5x, https:\/\/i0.wp.com\/lasprimeras.com.do\/wp-content\/uploads\/2023\/10\/Congreso-Nacional.jpg?resize=700%2C400&ssl=1 2x"},"classes":[]},{"id":62576,"url":"https:\/\/lasprimeras.com.do\/index.php\/2023\/10\/05\/gobierno-dominicano-firma-con-surinam-cuatro-convenios-para-el-fortalecimiento-economico-del-pais\/","url_meta":{"origin":61500,"position":5},"title":"Gobierno dominicano firma con Surinam cuatro convenios para el fortalecimiento econ\u00f3mico del pa\u00eds","author":"Nelson Feliz","date":"5 de octubre de 2023","format":false,"excerpt":"Los acuerdos procuran el fortalecimiento de ambas naciones en las \u00e1reas de energ\u00eda, agricultura, industria de los hidrocarburos y servicios a\u00e9reos. El presidente Luis Abinader y su hom\u00f3logo de la Rep\u00fablica de Surinam, Chandrikapersad Santokhi, encabezaron este jueves la firma de cuatro convenios hist\u00f3ricos para el fortalecimiento econ\u00f3mico del pa\u00eds,\u2026","rel":"","context":"En \u00abECONOM\u00cdA\u00bb","block_context":{"text":"ECONOM\u00cdA","link":"https:\/\/lasprimeras.com.do\/index.php\/category\/economia\/"},"img":{"alt_text":"Luis Abinader y Chandrikapersad Santokhi","src":"https:\/\/i0.wp.com\/lasprimeras.com.do\/wp-content\/uploads\/2023\/10\/Luis-Abinader-y-Chandrikapersad-Santokhi-1.jpg?resize=350%2C200&ssl=1","width":350,"height":200,"srcset":"https:\/\/i0.wp.com\/lasprimeras.com.do\/wp-content\/uploads\/2023\/10\/Luis-Abinader-y-Chandrikapersad-Santokhi-1.jpg?resize=350%2C200&ssl=1 1x, https:\/\/i0.wp.com\/lasprimeras.com.do\/wp-content\/uploads\/2023\/10\/Luis-Abinader-y-Chandrikapersad-Santokhi-1.jpg?resize=525%2C300&ssl=1 1.5x, https:\/\/i0.wp.com\/lasprimeras.com.do\/wp-content\/uploads\/2023\/10\/Luis-Abinader-y-Chandrikapersad-Santokhi-1.jpg?resize=700%2C400&ssl=1 2x"},"classes":[]}],"jetpack_sharing_enabled":true,"_links":{"self":[{"href":"https:\/\/lasprimeras.com.do\/index.php\/wp-json\/wp\/v2\/posts\/61500","targetHints":{"allow":["GET"]}}],"collection":[{"href":"https:\/\/lasprimeras.com.do\/index.php\/wp-json\/wp\/v2\/posts"}],"about":[{"href":"https:\/\/lasprimeras.com.do\/index.php\/wp-json\/wp\/v2\/types\/post"}],"author":[{"embeddable":true,"href":"https:\/\/lasprimeras.com.do\/index.php\/wp-json\/wp\/v2\/users\/2"}],"replies":[{"embeddable":true,"href":"https:\/\/lasprimeras.com.do\/index.php\/wp-json\/wp\/v2\/comments?post=61500"}],"version-history":[{"count":1,"href":"https:\/\/lasprimeras.com.do\/index.php\/wp-json\/wp\/v2\/posts\/61500\/revisions"}],"predecessor-version":[{"id":61502,"href":"https:\/\/lasprimeras.com.do\/index.php\/wp-json\/wp\/v2\/posts\/61500\/revisions\/61502"}],"wp:featuredmedia":[{"embeddable":true,"href":"https:\/\/lasprimeras.com.do\/index.php\/wp-json\/wp\/v2\/media\/61501"}],"wp:attachment":[{"href":"https:\/\/lasprimeras.com.do\/index.php\/wp-json\/wp\/v2\/media?parent=61500"}],"wp:term":[{"taxonomy":"category","embeddable":true,"href":"https:\/\/lasprimeras.com.do\/index.php\/wp-json\/wp\/v2\/categories?post=61500"},{"taxonomy":"post_tag","embeddable":true,"href":"https:\/\/lasprimeras.com.do\/index.php\/wp-json\/wp\/v2\/tags?post=61500"}],"curies":[{"name":"wp","href":"https:\/\/api.w.org\/{rel}","templated":true}]}}