{"id":61552,"date":"2023-09-26T19:45:00","date_gmt":"2023-09-26T23:45:00","guid":{"rendered":"https:\/\/lasprimeras.com.do\/?p=61552"},"modified":"2023-09-28T07:50:53","modified_gmt":"2023-09-28T11:50:53","slug":"ministra-de-la-mujer-afirma-haitiana-fue-violada-por-un-policia-en-el-aila","status":"publish","type":"post","link":"https:\/\/lasprimeras.com.do\/index.php\/2023\/09\/26\/ministra-de-la-mujer-afirma-haitiana-fue-violada-por-un-policia-en-el-aila\/","title":{"rendered":"Ministra de la Mujer afirma haitiana fue violada por un polic\u00eda en el AILA"},"content":{"rendered":"\n<p>La ministra de la Mujer, Mayra Jim\u00e9nez, afirm\u00f3 que el hombre acusado de violar a una mujer de nacionalidad haitiana en el Aeropuerto Internacional de las Am\u00e9ricas, doctor Jos\u00e9 Francisco Pe\u00f1a G\u00f3mez (AILA), es un miembro de la Polic\u00eda Nacional, seg\u00fan le inform\u00f3 a esa instituci\u00f3n la v\u00edctima.<\/p>\n\n\n\n<p>El agente fue detenido el pasado domingo y se le conocer\u00e1 medida de coerci\u00f3n este martes, en el juzgado de atenci\u00f3n permanente de Santo Domingo Este.<\/p>\n\n\n\n<p>La v\u00edctima, Stephy Graph, explic\u00f3 que el problema se produjo despu\u00e9s que la seguridad del aeropuerto le detuviese por el supuesto visado falso de su hijo de cuatro a\u00f1os, la cual seg\u00fan esta se dio por una confusi\u00f3n con el apellido del padre del menor.<\/p>\n\n\n\n<p>Jim\u00e9nez, dijo que la v\u00edctima durmi\u00f3 a su peque\u00f1o al momento del acto por orden de su abusador. Al salir del cuarto de donde supuestamente fue abusada, la mujer inform\u00f3 a sus familiares sobre el abuso y estos dieron voz de alerta a las autoridades.<\/p>\n\n\n\n<p>De su lado, la v\u00edctima y su v\u00e1stago ser\u00e1 asistida judicialmente y psicol\u00f3gicamente por el Ministerio de la Mujer.<\/p>\n\n\n\n<p>Madre e hijo se encuentran actualmente en una de las casas de acogida del Ministerio de la Mujer, explic\u00f3 la ministra, la misma pidi\u00f3 que cayera todo el peso de la ley sobre el agente policial.<\/p>\n\n\n\n<p>La v\u00edctima llevaba seis meses en el pa\u00eds y pretend\u00eda volar a Nicaragua cuando fue detenida por los agentes de Migraci\u00f3n.<\/p>\n","protected":false},"excerpt":{"rendered":"<p>La ministra de la Mujer, Mayra Jim\u00e9nez, afirm\u00f3 que el hombre acusado de violar a una mujer de nacionalidad haitiana en el Aeropuerto Internacional de las Am\u00e9ricas, doctor Jos\u00e9 Francisco&hellip;<\/p>\n","protected":false},"author":2,"featured_media":61553,"comment_status":"open","ping_status":"open","sticky":false,"template":"","format":"standard","meta":{"content-type":"","jetpack_post_was_ever_published":false,"_jetpack_newsletter_access":"","_jetpack_dont_email_post_to_subs":false,"_jetpack_newsletter_tier_id":0,"_jetpack_memberships_contains_paywalled_content":false,"_jetpack_memberships_contains_paid_content":false,"footnotes":""},"categories":[35],"tags":[226,3781,7956,48,6196],"class_list":["post-61552","post","type-post","status-publish","format-standard","has-post-thumbnail","hentry","category-nacionales","tag-aila","tag-haitiana","tag-ministra-de-la-mujer","tag-policia","tag-violada"],"jetpack_featured_media_url":"https:\/\/lasprimeras.com.do\/wp-content\/uploads\/2023\/09\/haitiana-violada.jpeg","jetpack-related-posts":[{"id":61558,"url":"https:\/\/lasprimeras.com.do\/index.php\/2023\/09\/26\/conoceran-medida-de-coercion-al-policia-acusado-de-violar-a-la-haitiana-stephy-graph-en-el-aila\/","url_meta":{"origin":61552,"position":0},"title":"Conocer\u00e1n medida de coerci\u00f3n al polic\u00eda acusado de violar a la haitiana Stephy Graph en el AILA","author":"Nelson Feliz","date":"26 de septiembre de 2023","format":false,"excerpt":"Stephy Graph dijo a las autoridades que fue violada en un cuarto en presencia de su hijo, y que el ni\u00f1o estaba durmiendo. La ministra de la Mujer, Mayra Jim\u00e9nez, dijo que es un polic\u00eda el acusado de violar a una mujer de nacionalidad haitiana en el Aeropuerto Internacional de\u2026","rel":"","context":"En \u00abNACIONALES\u00bb","block_context":{"text":"NACIONALES","link":"https:\/\/lasprimeras.com.do\/index.php\/category\/nacionales\/"},"img":{"alt_text":"Ministra de la Mujer, Mayra Jim\u00e9nez","src":"https:\/\/i0.wp.com\/lasprimeras.com.do\/wp-content\/uploads\/2023\/09\/Mayra-Jimenez.jpg?resize=350%2C200&ssl=1","width":350,"height":200,"srcset":"https:\/\/i0.wp.com\/lasprimeras.com.do\/wp-content\/uploads\/2023\/09\/Mayra-Jimenez.jpg?resize=350%2C200&ssl=1 1x, https:\/\/i0.wp.com\/lasprimeras.com.do\/wp-content\/uploads\/2023\/09\/Mayra-Jimenez.jpg?resize=525%2C300&ssl=1 1.5x, https:\/\/i0.wp.com\/lasprimeras.com.do\/wp-content\/uploads\/2023\/09\/Mayra-Jimenez.jpg?resize=700%2C400&ssl=1 2x"},"classes":[]},{"id":61555,"url":"https:\/\/lasprimeras.com.do\/index.php\/2023\/09\/24\/migracion-envio-a-mp-denuncia-de-mujer-haitiana-de-que-fue-violada-en-el-aila\/","url_meta":{"origin":61552,"position":1},"title":"Migraci\u00f3n envi\u00f3 a MP denuncia de mujer haitiana de que fue violada en el Aila","author":"Nelson Feliz","date":"24 de septiembre de 2023","format":false,"excerpt":"Migraci\u00f3n tambi\u00e9n dijo que la dama intent\u00f3 viajar, junto a un menor de edad, a Nicaragua con una visa falsa. La Direcci\u00f3n General de Migraci\u00f3n (DGM) inform\u00f3 este domingo que procedi\u00f3 a tramitar la denuncia al Ministerio P\u00fablico de una ciudadana haitiana que denunci\u00f3 que fue violada sexualmente en el\u2026","rel":"","context":"En \u00abNACIONALES\u00bb","block_context":{"text":"NACIONALES","link":"https:\/\/lasprimeras.com.do\/index.php\/category\/nacionales\/"},"img":{"alt_text":"","src":"https:\/\/i0.wp.com\/lasprimeras.com.do\/wp-content\/uploads\/2023\/09\/aila.jpg?resize=350%2C200&ssl=1","width":350,"height":200,"srcset":"https:\/\/i0.wp.com\/lasprimeras.com.do\/wp-content\/uploads\/2023\/09\/aila.jpg?resize=350%2C200&ssl=1 1x, https:\/\/i0.wp.com\/lasprimeras.com.do\/wp-content\/uploads\/2023\/09\/aila.jpg?resize=525%2C300&ssl=1 1.5x, https:\/\/i0.wp.com\/lasprimeras.com.do\/wp-content\/uploads\/2023\/09\/aila.jpg?resize=700%2C400&ssl=1 2x"},"classes":[]},{"id":61549,"url":"https:\/\/lasprimeras.com.do\/index.php\/2023\/09\/28\/haiti-condenan-violacion-de-una-compatriota-en-dominicana\/","url_meta":{"origin":61552,"position":2},"title":"HAITI: Condenan \u00abviolaci\u00f3n\u00bb de una compatriota en Dominicana","author":"Nelson Feliz","date":"28 de septiembre de 2023","format":false,"excerpt":"Puerto Pr\u00edncipe, (Prensa Latina) El Gobierno de Hait\u00ed conden\u00f3 hoy la violaci\u00f3n de una nacional en la vecina Rep\u00fablica Dominicana, y pidi\u00f3 a las autoridades vecinas adoptar las medidas correspondientes. El Ministerio de la Condici\u00f3n Femenina y los Derechos de la Mujer asegur\u00f3 que recibi\u00f3 con consternaci\u00f3n la noticia de\u2026","rel":"","context":"En \u00abSin categor\u00eda\u00bb","block_context":{"text":"Sin categor\u00eda","link":"https:\/\/lasprimeras.com.do\/index.php\/category\/sin-categoria\/"},"img":{"alt_text":"Miembros del Ministerio de la Condici\u00f3n Femenina y los Derechos de la Mujer, de Hait\u00ed.","src":"https:\/\/i0.wp.com\/lasprimeras.com.do\/wp-content\/uploads\/2023\/09\/haitianas.jpg?resize=350%2C200&ssl=1","width":350,"height":200,"srcset":"https:\/\/i0.wp.com\/lasprimeras.com.do\/wp-content\/uploads\/2023\/09\/haitianas.jpg?resize=350%2C200&ssl=1 1x, https:\/\/i0.wp.com\/lasprimeras.com.do\/wp-content\/uploads\/2023\/09\/haitianas.jpg?resize=525%2C300&ssl=1 1.5x, https:\/\/i0.wp.com\/lasprimeras.com.do\/wp-content\/uploads\/2023\/09\/haitianas.jpg?resize=700%2C400&ssl=1 2x, https:\/\/i0.wp.com\/lasprimeras.com.do\/wp-content\/uploads\/2023\/09\/haitianas.jpg?resize=1050%2C600&ssl=1 3x, https:\/\/i0.wp.com\/lasprimeras.com.do\/wp-content\/uploads\/2023\/09\/haitianas.jpg?resize=1400%2C800&ssl=1 4x"},"classes":[]},{"id":85777,"url":"https:\/\/lasprimeras.com.do\/index.php\/2024\/07\/08\/condenan-a-20-anos-de-prision-un-haitiano-que-violo-una-mujer\/","url_meta":{"origin":61552,"position":3},"title":"Condenan a 20 a\u00f1os de prisi\u00f3n un haitiano que viol\u00f3 una mujer","author":"Nelson Feliz","date":"8 de julio de 2024","format":false,"excerpt":"Por Martin Restituyo El Ministerio P\u00fablico de Santo Domingo Este y Norte obtuvo una condena de 20 a\u00f1os de prisi\u00f3n en contra de un nacional haitiano que penetr\u00f3 una vivienda y viol\u00f3 sexualmente a una mujer, en un hecho ocurrido en el a\u00f1o 2023, en Santo Domingo Norte. La condena\u2026","rel":"","context":"En \u00abJUSTICIA\u00bb","block_context":{"text":"JUSTICIA","link":"https:\/\/lasprimeras.com.do\/index.php\/category\/justicia\/"},"img":{"alt_text":"","src":"","width":0,"height":0},"classes":[]},{"id":109435,"url":"https:\/\/lasprimeras.com.do\/index.php\/2025\/09\/18\/otra-violacion-sexual-en-grupo-un-crimen-que-rebrota-en-la-sociedad\/","url_meta":{"origin":61552,"position":4},"title":"Otra violaci\u00f3n sexual en grupo, un crimen que rebrota en la sociedad","author":"Nelson Feliz","date":"18 de septiembre de 2025","format":false,"excerpt":"La mayor\u00eda de las v\u00edctimas son ni\u00f1as, adolescentes y j\u00f3venes residentes en sectores populares. Pedro Mart\u00edn S\u00e1nchez Cuando todav\u00eda la sociedad no olvidaba el escandaloso caso de la violaci\u00f3n de una joven a manos de seis hombres en Villa Gonz\u00e1lez, Santiago, otro incidente parecido acapara los titulares y hace renacer\u2026","rel":"","context":"En \u00abNACIONALES\u00bb","block_context":{"text":"NACIONALES","link":"https:\/\/lasprimeras.com.do\/index.php\/category\/nacionales\/"},"img":{"alt_text":"","src":"https:\/\/i0.wp.com\/lasprimeras.com.do\/wp-content\/uploads\/2025\/09\/violacion-sexual-en-grupo.jpg?resize=350%2C200&ssl=1","width":350,"height":200,"srcset":"https:\/\/i0.wp.com\/lasprimeras.com.do\/wp-content\/uploads\/2025\/09\/violacion-sexual-en-grupo.jpg?resize=350%2C200&ssl=1 1x, https:\/\/i0.wp.com\/lasprimeras.com.do\/wp-content\/uploads\/2025\/09\/violacion-sexual-en-grupo.jpg?resize=525%2C300&ssl=1 1.5x, https:\/\/i0.wp.com\/lasprimeras.com.do\/wp-content\/uploads\/2025\/09\/violacion-sexual-en-grupo.jpg?resize=700%2C400&ssl=1 2x"},"classes":[]},{"id":108208,"url":"https:\/\/lasprimeras.com.do\/index.php\/2025\/09\/03\/tres-policias-y-un-militar-en-prision-preventiva-por-presunta-agresion-sexual-en-sde\/","url_meta":{"origin":61552,"position":5},"title":"Tres polic\u00edas y un militar en prisi\u00f3n preventiva por presunta agresi\u00f3n sexual en SDE","author":"Nelson Feliz","date":"3 de septiembre de 2025","format":false,"excerpt":"La Oficina de Servicios de Atenci\u00f3n Permanente de Santo Domingo Este dict\u00f3 tres meses de prisi\u00f3n preventiva contra tres polic\u00edas y un militar imputados de agredir sexualmente a una mujer haitiana que viajaba en taxi por la avenida Espa\u00f1a, tras salir del Aeropuerto Internacional de las Am\u00e9ricas (AILA). La jueza\u2026","rel":"","context":"En \u00abMILITARES\u00bb","block_context":{"text":"MILITARES","link":"https:\/\/lasprimeras.com.do\/index.php\/category\/militares\/"},"img":{"alt_text":"","src":"https:\/\/i0.wp.com\/lasprimeras.com.do\/wp-content\/uploads\/2023\/08\/Esposas.jpg?resize=350%2C200&ssl=1","width":350,"height":200,"srcset":"https:\/\/i0.wp.com\/lasprimeras.com.do\/wp-content\/uploads\/2023\/08\/Esposas.jpg?resize=350%2C200&ssl=1 1x, https:\/\/i0.wp.com\/lasprimeras.com.do\/wp-content\/uploads\/2023\/08\/Esposas.jpg?resize=525%2C300&ssl=1 1.5x"},"classes":[]}],"jetpack_sharing_enabled":true,"_links":{"self":[{"href":"https:\/\/lasprimeras.com.do\/index.php\/wp-json\/wp\/v2\/posts\/61552","targetHints":{"allow":["GET"]}}],"collection":[{"href":"https:\/\/lasprimeras.com.do\/index.php\/wp-json\/wp\/v2\/posts"}],"about":[{"href":"https:\/\/lasprimeras.com.do\/index.php\/wp-json\/wp\/v2\/types\/post"}],"author":[{"embeddable":true,"href":"https:\/\/lasprimeras.com.do\/index.php\/wp-json\/wp\/v2\/users\/2"}],"replies":[{"embeddable":true,"href":"https:\/\/lasprimeras.com.do\/index.php\/wp-json\/wp\/v2\/comments?post=61552"}],"version-history":[{"count":1,"href":"https:\/\/lasprimeras.com.do\/index.php\/wp-json\/wp\/v2\/posts\/61552\/revisions"}],"predecessor-version":[{"id":61554,"href":"https:\/\/lasprimeras.com.do\/index.php\/wp-json\/wp\/v2\/posts\/61552\/revisions\/61554"}],"wp:featuredmedia":[{"embeddable":true,"href":"https:\/\/lasprimeras.com.do\/index.php\/wp-json\/wp\/v2\/media\/61553"}],"wp:attachment":[{"href":"https:\/\/lasprimeras.com.do\/index.php\/wp-json\/wp\/v2\/media?parent=61552"}],"wp:term":[{"taxonomy":"category","embeddable":true,"href":"https:\/\/lasprimeras.com.do\/index.php\/wp-json\/wp\/v2\/categories?post=61552"},{"taxonomy":"post_tag","embeddable":true,"href":"https:\/\/lasprimeras.com.do\/index.php\/wp-json\/wp\/v2\/tags?post=61552"}],"curies":[{"name":"wp","href":"https:\/\/api.w.org\/{rel}","templated":true}]}}