{"id":61777,"date":"2023-10-01T06:05:00","date_gmt":"2023-10-01T10:05:00","guid":{"rendered":"https:\/\/lasprimeras.com.do\/?p=61777"},"modified":"2023-10-01T06:05:01","modified_gmt":"2023-10-01T10:05:01","slug":"indice-de-precios-del-productor-de-las-industrias-manufactureras-fue-de-160-07-en-agosto","status":"publish","type":"post","link":"https:\/\/lasprimeras.com.do\/index.php\/2023\/10\/01\/indice-de-precios-del-productor-de-las-industrias-manufactureras-fue-de-160-07-en-agosto\/","title":{"rendered":"\u00cdndice de Precios del Productor de las Industrias Manufactureras fue de 160.07 en agosto"},"content":{"rendered":"\n<p>Santo Domingo.-La Oficina Nacional de Estad\u00edstica (ONE) inform\u00f3 que en agosto de 2023, el \u00cdndice de Precios del Productor (IPP) de las Industrias Manufactureras fue de 160.07, para una variaci\u00f3n mensual de 0.12 % y una acumulada de 2.04 %.<\/p>\n\n\n\n<p>A trav\u00e9s del &#8220;Bolet\u00edn mensual Agosto 2023&#8221; se explica que, de acuerdo con las divisiones de la Clasificaci\u00f3n Nacional de Actividades Econ\u00f3micas (CNAE), las actividades econ\u00f3micas que presentaron los principales incrementos durante agosto fueron:<\/p>\n\n\n\n<p>Fabricaci\u00f3n de productos de cuero y productos conexos, con un 4.23 %; reparaci\u00f3n e instalaci\u00f3n de maquinaria y equipo, con un 2.74 % y fabricaci\u00f3n de productos textiles, con un 1.80 %.<\/p>\n\n\n\n<p>El documento indica que esas actividades contribuyeron positivamente a la variaci\u00f3n mensual con un 0.13 puntos porcentuales.<\/p>\n\n\n\n<p>Mientras que las principales disminuciones se obtuvieron en fabricaci\u00f3n de equipo el\u00e9ctrico, con un -2.89 %; fabricaci\u00f3n de coque y productos de la refinaci\u00f3n del petr\u00f3leo, con un -1.59 % y, fabricaci\u00f3n de papel y productos de papel, con un -0.68 %, las cuales le restaron 0.25 puntos porcentuales a la variaci\u00f3n mensual.<\/p>\n","protected":false},"excerpt":{"rendered":"<p>Santo Domingo.-La Oficina Nacional de Estad\u00edstica (ONE) inform\u00f3 que en agosto de 2023, el \u00cdndice de Precios del Productor (IPP) de las Industrias Manufactureras fue de 160.07, para una variaci\u00f3n&hellip;<\/p>\n","protected":false},"author":3,"featured_media":61778,"comment_status":"open","ping_status":"open","sticky":false,"template":"","format":"standard","meta":{"content-type":"","jetpack_post_was_ever_published":false,"_jetpack_newsletter_access":"","_jetpack_dont_email_post_to_subs":false,"_jetpack_newsletter_tier_id":0,"_jetpack_memberships_contains_paywalled_content":false,"_jetpack_memberships_contains_paid_content":false,"footnotes":""},"categories":[35],"tags":[],"class_list":["post-61777","post","type-post","status-publish","format-standard","has-post-thumbnail","hentry","category-nacionales"],"jetpack_featured_media_url":"https:\/\/lasprimeras.com.do\/wp-content\/uploads\/2023\/10\/WhatsApp-Image-2023-09-25-at-1.05.22-PM.jpeg","jetpack-related-posts":[{"id":89889,"url":"https:\/\/lasprimeras.com.do\/index.php\/2024\/10\/06\/la-inflacion-interanual-bajo-a-3-29-en-septiembre-segun-el-banco-central\/","url_meta":{"origin":61777,"position":0},"title":"La inflaci\u00f3n interanual baj\u00f3 a 3.29 % en septiembre, seg\u00fan el Banco Central","author":"Nelson Feliz","date":"6 de octubre de 2024","format":false,"excerpt":"Se registr\u00f3 incremento en las tarifas de los colegios privados, platos del d\u00eda y cerveza envasada El \u00edndice de precios al consumidor (IPC) registr\u00f3 una variaci\u00f3n interanual de 3.29 % en septiembre de 2024, menor a las tasas de 3.54 % en julio y 3.42 % en agosto, inform\u00f3 hoy\u2026","rel":"","context":"En \u00abECONOM\u00cdA\u00bb","block_context":{"text":"ECONOM\u00cdA","link":"https:\/\/lasprimeras.com.do\/index.php\/category\/economia\/"},"img":{"alt_text":"Banco Central","src":"https:\/\/i0.wp.com\/lasprimeras.com.do\/wp-content\/uploads\/2023\/08\/Banco-Central.jpg?resize=350%2C200&ssl=1","width":350,"height":200,"srcset":"https:\/\/i0.wp.com\/lasprimeras.com.do\/wp-content\/uploads\/2023\/08\/Banco-Central.jpg?resize=350%2C200&ssl=1 1x, https:\/\/i0.wp.com\/lasprimeras.com.do\/wp-content\/uploads\/2023\/08\/Banco-Central.jpg?resize=525%2C300&ssl=1 1.5x"},"classes":[]},{"id":89495,"url":"https:\/\/lasprimeras.com.do\/index.php\/2024\/09\/26\/banco-central-informa-que-la-economia-dominicana-crecio-5-6-en-agosto-2024\/","url_meta":{"origin":61777,"position":1},"title":"Banco Central informa que la econom\u00eda dominicana creci\u00f3 5.6 % en agosto 2024","author":"Paola Castillo","date":"26 de septiembre de 2024","format":false,"excerpt":"El Banco Central de la Rep\u00fablica Dominicana (BCRD) inform\u00f3 hoy que la econom\u00eda dominicana contin\u00faa en el rango de tendencia proyectado, con una expansi\u00f3n de 5.6 % en agosto del 2024, acumul\u00e1ndose as\u00ed un crecimiento promedio interanual de 5.1 % en enero-agosto de 2024. \"Este comportamiento ha tenido lugar en\u2026","rel":"","context":"En \u00abNACIONALES\u00bb","block_context":{"text":"NACIONALES","link":"https:\/\/lasprimeras.com.do\/index.php\/category\/nacionales\/"},"img":{"alt_text":"","src":"https:\/\/i0.wp.com\/lasprimeras.com.do\/wp-content\/uploads\/2024\/09\/central.jpg?resize=350%2C200&ssl=1","width":350,"height":200,"srcset":"https:\/\/i0.wp.com\/lasprimeras.com.do\/wp-content\/uploads\/2024\/09\/central.jpg?resize=350%2C200&ssl=1 1x, https:\/\/i0.wp.com\/lasprimeras.com.do\/wp-content\/uploads\/2024\/09\/central.jpg?resize=525%2C300&ssl=1 1.5x, https:\/\/i0.wp.com\/lasprimeras.com.do\/wp-content\/uploads\/2024\/09\/central.jpg?resize=700%2C400&ssl=1 2x"},"classes":[]},{"id":87659,"url":"https:\/\/lasprimeras.com.do\/index.php\/2024\/08\/15\/la-produccion-industrial-de-estados-unidos-cae-un-06-primer-descenso-en-cuatro-meses\/","url_meta":{"origin":61777,"position":2},"title":"La producci\u00f3n industrial de Estados Unidos cae un 0,6 %, primer descenso en cuatro meses","author":"Nelson Feliz","date":"15 de agosto de 2024","format":false,"excerpt":"Washington, (EFE).- La producci\u00f3n industrial en Estados Unidos cay\u00f3 un 0,6 % en julio, lo que supone el primer descenso en cuatro meses, seg\u00fan inform\u00f3 este jueves la Reserva Federal (Fed). El descenso fue m\u00e1s pronunciado que la ca\u00edda del 0,1 % prevista por los economistas encuestados por The Wall\u2026","rel":"","context":"En \u00abECONOM\u00cdA\u00bb","block_context":{"text":"ECONOM\u00cdA","link":"https:\/\/lasprimeras.com.do\/index.php\/category\/economia\/"},"img":{"alt_text":"","src":"https:\/\/i0.wp.com\/lasprimeras.com.do\/wp-content\/uploads\/2024\/08\/PRODUCCION.jpg?resize=350%2C200&ssl=1","width":350,"height":200,"srcset":"https:\/\/i0.wp.com\/lasprimeras.com.do\/wp-content\/uploads\/2024\/08\/PRODUCCION.jpg?resize=350%2C200&ssl=1 1x, https:\/\/i0.wp.com\/lasprimeras.com.do\/wp-content\/uploads\/2024\/08\/PRODUCCION.jpg?resize=525%2C300&ssl=1 1.5x, https:\/\/i0.wp.com\/lasprimeras.com.do\/wp-content\/uploads\/2024\/08\/PRODUCCION.jpg?resize=700%2C400&ssl=1 2x"},"classes":[]},{"id":116878,"url":"https:\/\/lasprimeras.com.do\/index.php\/2025\/12\/05\/mineria-e-industria-electrica-entre-mejores-salarios-promedio-al-superar-los-rd70000-al-mes\/","url_meta":{"origin":61777,"position":3},"title":"Miner\u00eda e industria el\u00e9ctrica, entre mejores salarios promedio al superar los RD$70,000 al mes","author":"Nelson Feliz","date":"5 de diciembre de 2025","format":false,"excerpt":"La explotaci\u00f3n de minas y canteras y el suministro de electricidad figuran entre las principales actividades econ\u00f3micas formales que, a septiembre de 2025, pagan en promedio el mejor salario mensual a sus empleados, con remuneraciones de RD$77,925 y RD$66,424, respectivamente. Ambos sectores presentaron un aumento absoluto interanual de RD$3,666 y\u2026","rel":"","context":"En \u00abECONOM\u00cdA\u00bb","block_context":{"text":"ECONOM\u00cdA","link":"https:\/\/lasprimeras.com.do\/index.php\/category\/economia\/"},"img":{"alt_text":"","src":"https:\/\/i0.wp.com\/lasprimeras.com.do\/wp-content\/uploads\/2025\/12\/MINERIA-6-750x536-1.jpg?resize=350%2C200&ssl=1","width":350,"height":200,"srcset":"https:\/\/i0.wp.com\/lasprimeras.com.do\/wp-content\/uploads\/2025\/12\/MINERIA-6-750x536-1.jpg?resize=350%2C200&ssl=1 1x, https:\/\/i0.wp.com\/lasprimeras.com.do\/wp-content\/uploads\/2025\/12\/MINERIA-6-750x536-1.jpg?resize=525%2C300&ssl=1 1.5x, https:\/\/i0.wp.com\/lasprimeras.com.do\/wp-content\/uploads\/2025\/12\/MINERIA-6-750x536-1.jpg?resize=700%2C400&ssl=1 2x"},"classes":[]},{"id":80534,"url":"https:\/\/lasprimeras.com.do\/index.php\/2024\/04\/09\/abinader-asegura-gobierno-ha-generado-confianza-para-atraer-inversion-privada-al-pais\/","url_meta":{"origin":61777,"position":4},"title":"Abinader asegura gobierno ha generado confianza para atraer inversi\u00f3n privada al pa\u00eds","author":"BIMARY DE JES\u00daS Matos","date":"9 de abril de 2024","format":false,"excerpt":"Santo Domingo. - El presidente Luis Abinader asegur\u00f3 hoy que su gobierno ha generado un clima de confianza significativo permitiendo atraer inversi\u00f3n privada al pa\u00eds en proporciones hist\u00f3ricamente elevadas, porque los inversionistas conf\u00edan en la industria dominicana y tienen inter\u00e9s en seguir aportando a la econom\u00eda. El mandatario reafirm\u00f3 el\u2026","rel":"","context":"En \u00abNACIONALES\u00bb","block_context":{"text":"NACIONALES","link":"https:\/\/lasprimeras.com.do\/index.php\/category\/nacionales\/"},"img":{"alt_text":"","src":"https:\/\/i0.wp.com\/lasprimeras.com.do\/wp-content\/uploads\/2024\/04\/WhatsApp-Image-2024-04-09-at-3.56.43-PM.jpeg?resize=350%2C200&ssl=1","width":350,"height":200,"srcset":"https:\/\/i0.wp.com\/lasprimeras.com.do\/wp-content\/uploads\/2024\/04\/WhatsApp-Image-2024-04-09-at-3.56.43-PM.jpeg?resize=350%2C200&ssl=1 1x, https:\/\/i0.wp.com\/lasprimeras.com.do\/wp-content\/uploads\/2024\/04\/WhatsApp-Image-2024-04-09-at-3.56.43-PM.jpeg?resize=525%2C300&ssl=1 1.5x, https:\/\/i0.wp.com\/lasprimeras.com.do\/wp-content\/uploads\/2024\/04\/WhatsApp-Image-2024-04-09-at-3.56.43-PM.jpeg?resize=700%2C400&ssl=1 2x, https:\/\/i0.wp.com\/lasprimeras.com.do\/wp-content\/uploads\/2024\/04\/WhatsApp-Image-2024-04-09-at-3.56.43-PM.jpeg?resize=1050%2C600&ssl=1 3x, https:\/\/i0.wp.com\/lasprimeras.com.do\/wp-content\/uploads\/2024\/04\/WhatsApp-Image-2024-04-09-at-3.56.43-PM.jpeg?resize=1400%2C800&ssl=1 4x"},"classes":[]},{"id":55813,"url":"https:\/\/lasprimeras.com.do\/index.php\/2023\/07\/25\/la-actividad-economica-de-mexico-crece-un-43-interanual-en-mayo\/","url_meta":{"origin":61777,"position":5},"title":"La actividad econ\u00f3mica de M\u00e9xico crece un 4,3 % interanual en mayo","author":"Nelson Feliz","date":"25 de julio de 2023","format":false,"excerpt":"La actividad econ\u00f3mica mexicana avanz\u00f3 un 4,3 % interanual en mayo empujada en particular por los servicios, seg\u00fan inform\u00f3 este martes el Instituto Nacional de Estad\u00edstica y Geograf\u00eda (Inegi) con base en cifras originales. El Inegi indic\u00f3 en un comunicado que esta subida en el indicador global de la actividad\u2026","rel":"","context":"En \u00abECONOM\u00cdA\u00bb","block_context":{"text":"ECONOM\u00cdA","link":"https:\/\/lasprimeras.com.do\/index.php\/category\/economia\/"},"img":{"alt_text":"econ\u00f3mica mexicana","src":"https:\/\/i0.wp.com\/lasprimeras.com.do\/wp-content\/uploads\/2023\/07\/economica-mexicana.jpg?resize=350%2C200&ssl=1","width":350,"height":200,"srcset":"https:\/\/i0.wp.com\/lasprimeras.com.do\/wp-content\/uploads\/2023\/07\/economica-mexicana.jpg?resize=350%2C200&ssl=1 1x, https:\/\/i0.wp.com\/lasprimeras.com.do\/wp-content\/uploads\/2023\/07\/economica-mexicana.jpg?resize=525%2C300&ssl=1 1.5x, https:\/\/i0.wp.com\/lasprimeras.com.do\/wp-content\/uploads\/2023\/07\/economica-mexicana.jpg?resize=700%2C400&ssl=1 2x"},"classes":[]}],"jetpack_sharing_enabled":true,"_links":{"self":[{"href":"https:\/\/lasprimeras.com.do\/index.php\/wp-json\/wp\/v2\/posts\/61777","targetHints":{"allow":["GET"]}}],"collection":[{"href":"https:\/\/lasprimeras.com.do\/index.php\/wp-json\/wp\/v2\/posts"}],"about":[{"href":"https:\/\/lasprimeras.com.do\/index.php\/wp-json\/wp\/v2\/types\/post"}],"author":[{"embeddable":true,"href":"https:\/\/lasprimeras.com.do\/index.php\/wp-json\/wp\/v2\/users\/3"}],"replies":[{"embeddable":true,"href":"https:\/\/lasprimeras.com.do\/index.php\/wp-json\/wp\/v2\/comments?post=61777"}],"version-history":[{"count":1,"href":"https:\/\/lasprimeras.com.do\/index.php\/wp-json\/wp\/v2\/posts\/61777\/revisions"}],"predecessor-version":[{"id":61779,"href":"https:\/\/lasprimeras.com.do\/index.php\/wp-json\/wp\/v2\/posts\/61777\/revisions\/61779"}],"wp:featuredmedia":[{"embeddable":true,"href":"https:\/\/lasprimeras.com.do\/index.php\/wp-json\/wp\/v2\/media\/61778"}],"wp:attachment":[{"href":"https:\/\/lasprimeras.com.do\/index.php\/wp-json\/wp\/v2\/media?parent=61777"}],"wp:term":[{"taxonomy":"category","embeddable":true,"href":"https:\/\/lasprimeras.com.do\/index.php\/wp-json\/wp\/v2\/categories?post=61777"},{"taxonomy":"post_tag","embeddable":true,"href":"https:\/\/lasprimeras.com.do\/index.php\/wp-json\/wp\/v2\/tags?post=61777"}],"curies":[{"name":"wp","href":"https:\/\/api.w.org\/{rel}","templated":true}]}}