{"id":61780,"date":"2023-10-01T06:09:02","date_gmt":"2023-10-01T10:09:02","guid":{"rendered":"https:\/\/lasprimeras.com.do\/?p=61780"},"modified":"2023-10-01T06:09:03","modified_gmt":"2023-10-01T10:09:03","slug":"el-prm-realiza-hoy-sus-primarias-con-un-padron-cuestionado-de-tres-millones-de-votantes","status":"publish","type":"post","link":"https:\/\/lasprimeras.com.do\/index.php\/2023\/10\/01\/el-prm-realiza-hoy-sus-primarias-con-un-padron-cuestionado-de-tres-millones-de-votantes\/","title":{"rendered":"El PRM realiza hoy sus primarias con un padr\u00f3n cuestionado de tres millones de votantes"},"content":{"rendered":"\n<p>Santo Domingo.-El Partido Revolucionario Moderno (PRM) pasar\u00e1 hoy por la prueba de realizar las \u00fanicas primarias para elegir candidatos que realizar\u00e1n los partidos pol\u00edticos de cara a las elecciones en el 2024.<\/p>\n\n\n\n<p>En estas primarias s\u00f3lo se van a elegir el candidato presidencial y los que optar\u00e1n por las alcald\u00edas de Santo Domingo Oeste y Este. M\u00e1s abajo, tambi\u00e9n se votar\u00e1 por los regidores y vocales.<\/p>\n\n\n\n<p>El PRM ha llamado a votar desde las 8:00 de la ma\u00f1ana a su militancia que tendr\u00eda unos tres millones de personas. Esperan que voten al menos 300 mil, el 10 %.<\/p>\n\n\n\n<p>Este padr\u00f3n ha sido cuestionado por decenas de personas que se han encontrado en \u00e9l sin haberse inscrito nunca en el PRM. Tal es el caso de quien escribe esta historia. El propio Danilo Medina, presidente del Partido de la Liberaci\u00f3n Dominicana, estuvo incluido.<\/p>\n\n\n\n<p>La Secretar\u00eda General del opositor Partido de la Liberaci\u00f3n Dominicana (PLD) instruy\u00f3 a sus dirigentes a orientar a sus militantes que aparecen en el padr\u00f3n del PRM a &#8220;abstenerse de participar en las elecciones primarias de dicha agrupaci\u00f3n&#8221;.<\/p>\n\n\n\n<p>La circular firmada por Charles Mariotti, secretario general, el 28 de septiembre califica a ese padr\u00f3n como &#8220;abultado, cuestionado y falso&#8221;.<\/p>\n","protected":false},"excerpt":{"rendered":"<p>Santo Domingo.-El Partido Revolucionario Moderno (PRM) pasar\u00e1 hoy por la prueba de realizar las \u00fanicas primarias para elegir candidatos que realizar\u00e1n los partidos pol\u00edticos de cara a las elecciones en&hellip;<\/p>\n","protected":false},"author":3,"featured_media":61781,"comment_status":"open","ping_status":"open","sticky":false,"template":"","format":"standard","meta":{"content-type":"","jetpack_post_was_ever_published":false,"_jetpack_newsletter_access":"","_jetpack_dont_email_post_to_subs":false,"_jetpack_newsletter_tier_id":0,"_jetpack_memberships_contains_paywalled_content":false,"_jetpack_memberships_contains_paid_content":false,"footnotes":""},"categories":[25],"tags":[],"class_list":["post-61780","post","type-post","status-publish","format-standard","has-post-thumbnail","hentry","category-portada"],"jetpack_featured_media_url":"https:\/\/lasprimeras.com.do\/wp-content\/uploads\/2023\/10\/WhatsApp-Image-2023-09-25-at-1.05.22-PM-1.jpeg","jetpack-related-posts":[{"id":61898,"url":"https:\/\/lasprimeras.com.do\/index.php\/2023\/10\/01\/sufre-accidente-de-transito-equipo-de-prensa-del-canal-teleuniverso-de-santiago\/","url_meta":{"origin":61780,"position":0},"title":"Sufre accidente de tr\u00e1nsito equipo de prensa del canal Teleuniverso de Santiago","author":"Nelson Feliz","date":"1 de octubre de 2023","format":false,"excerpt":"El suceso ocurri\u00f3 en la autopista Duarte mientras se trasladaban a realizar la cobertura de las primarias del PRM. Un equipo de prensa del canal de televisi\u00f3n Teleuniverso, que se transmite por el canal 29, sufri\u00f3 un accidente de tr\u00e1nsito en la ma\u00f1ana de hoy en la autopista Duarte, en\u2026","rel":"","context":"En \u00abNACIONALES\u00bb","block_context":{"text":"NACIONALES","link":"https:\/\/lasprimeras.com.do\/index.php\/category\/nacionales\/"},"img":{"alt_text":"El periodista y el chofer de Teleuniverso resultaron ilesos tras accidente de tr\u00e1nsito en el Cibao.","src":"https:\/\/i0.wp.com\/lasprimeras.com.do\/wp-content\/uploads\/2023\/10\/Teleuniverso.jpg?resize=350%2C200&ssl=1","width":350,"height":200,"srcset":"https:\/\/i0.wp.com\/lasprimeras.com.do\/wp-content\/uploads\/2023\/10\/Teleuniverso.jpg?resize=350%2C200&ssl=1 1x, https:\/\/i0.wp.com\/lasprimeras.com.do\/wp-content\/uploads\/2023\/10\/Teleuniverso.jpg?resize=525%2C300&ssl=1 1.5x, https:\/\/i0.wp.com\/lasprimeras.com.do\/wp-content\/uploads\/2023\/10\/Teleuniverso.jpg?resize=700%2C400&ssl=1 2x"},"classes":[]},{"id":62043,"url":"https:\/\/lasprimeras.com.do\/index.php\/2023\/10\/02\/primarias-del-prm-movilizaron-mas-de-un-millon-de-votantes\/","url_meta":{"origin":61780,"position":1},"title":"Primarias del PRM movilizaron m\u00e1s de un mill\u00f3n de votantes","author":"BIMARY DE JES\u00daS Matos","date":"2 de octubre de 2023","format":false,"excerpt":"Santo Domingo.-Las primarias del Partido Revolucionario Moderno (PRM) movilizaron a las urnas a 1,026,047 militantes para votar en un 90.79 % por el presidente Luis Abinader, allanando as\u00ed el camino a su repostulaci\u00f3n. Del total de votos, 968,639 son v\u00e1lidos y 57,408 fueron declarados nulos; 41,961 por ser dejados en\u2026","rel":"","context":"En \u00abNACIONALES\u00bb","block_context":{"text":"NACIONALES","link":"https:\/\/lasprimeras.com.do\/index.php\/category\/nacionales\/"},"img":{"alt_text":"","src":"https:\/\/i0.wp.com\/lasprimeras.com.do\/wp-content\/uploads\/2023\/10\/WhatsApp-Image-2023-09-28-at-11.50.30-PM-1-1-3.jpeg?resize=350%2C200&ssl=1","width":350,"height":200,"srcset":"https:\/\/i0.wp.com\/lasprimeras.com.do\/wp-content\/uploads\/2023\/10\/WhatsApp-Image-2023-09-28-at-11.50.30-PM-1-1-3.jpeg?resize=350%2C200&ssl=1 1x, https:\/\/i0.wp.com\/lasprimeras.com.do\/wp-content\/uploads\/2023\/10\/WhatsApp-Image-2023-09-28-at-11.50.30-PM-1-1-3.jpeg?resize=525%2C300&ssl=1 1.5x, https:\/\/i0.wp.com\/lasprimeras.com.do\/wp-content\/uploads\/2023\/10\/WhatsApp-Image-2023-09-28-at-11.50.30-PM-1-1-3.jpeg?resize=700%2C400&ssl=1 2x"},"classes":[]},{"id":62147,"url":"https:\/\/lasprimeras.com.do\/index.php\/2023\/10\/03\/prm-se-consolida-tras-primarias-como-partido-de-masas\/","url_meta":{"origin":61780,"position":2},"title":"PRM se consolida, tras primarias, como partido de masas","author":"BIMARY DE JES\u00daS Matos","date":"3 de octubre de 2023","format":false,"excerpt":"SANTO DOMINGO.-Las primarias del Partido Revolucionario Moderno (PRM) evidenciaron que la organizaci\u00f3n cuenta con una base social estructurada capaz de incidir por s\u00ed solos en los resultados de un proceso electoral.De los 3,092,289 de ciudadanos inscritos en su padr\u00f3n, el PRM logr\u00f3 movilizar a 1026,047 personas. La cantidad triplica los\u2026","rel":"","context":"En \u00abSin categor\u00eda\u00bb","block_context":{"text":"Sin categor\u00eda","link":"https:\/\/lasprimeras.com.do\/index.php\/category\/sin-categoria\/"},"img":{"alt_text":"","src":"https:\/\/i0.wp.com\/lasprimeras.com.do\/wp-content\/uploads\/2023\/10\/WhatsApp-Image-2023-09-28-at-11.50.30-PM-1-1-2.webp?resize=350%2C200&ssl=1","width":350,"height":200,"srcset":"https:\/\/i0.wp.com\/lasprimeras.com.do\/wp-content\/uploads\/2023\/10\/WhatsApp-Image-2023-09-28-at-11.50.30-PM-1-1-2.webp?resize=350%2C200&ssl=1 1x, https:\/\/i0.wp.com\/lasprimeras.com.do\/wp-content\/uploads\/2023\/10\/WhatsApp-Image-2023-09-28-at-11.50.30-PM-1-1-2.webp?resize=525%2C300&ssl=1 1.5x, https:\/\/i0.wp.com\/lasprimeras.com.do\/wp-content\/uploads\/2023\/10\/WhatsApp-Image-2023-09-28-at-11.50.30-PM-1-1-2.webp?resize=700%2C400&ssl=1 2x, https:\/\/i0.wp.com\/lasprimeras.com.do\/wp-content\/uploads\/2023\/10\/WhatsApp-Image-2023-09-28-at-11.50.30-PM-1-1-2.webp?resize=1050%2C600&ssl=1 3x, https:\/\/i0.wp.com\/lasprimeras.com.do\/wp-content\/uploads\/2023\/10\/WhatsApp-Image-2023-09-28-at-11.50.30-PM-1-1-2.webp?resize=1400%2C800&ssl=1 4x"},"classes":[]},{"id":62203,"url":"https:\/\/lasprimeras.com.do\/index.php\/2023\/10\/03\/phr-felicita-al-presidente-abinader-por-su-triunfo-en-las-primarias\/","url_meta":{"origin":61780,"position":3},"title":"PHR felicita al presidente Abinader por su triunfo en las primarias","author":"Nelson Feliz","date":"3 de octubre de 2023","format":false,"excerpt":"El presidente del Partido Humanista Renovador \u2013PHR-, Antonio Mateo, envi\u00f3 un mensaje de felicitaci\u00f3n al presidente de la Rep\u00fablica, Luis Abinader, por su contundente triunfo en las elecciones primarias del Partido Revolucionario Moderno (PRM). \u201cFelicitamos al Presidente de la Rep\u00fablica y reelecto candidato del PRM, Luis Abinader, quien logr\u00f3 convertirse\u2026","rel":"","context":"En \u00abSin categor\u00eda\u00bb","block_context":{"text":"Sin categor\u00eda","link":"https:\/\/lasprimeras.com.do\/index.php\/category\/sin-categoria\/"},"img":{"alt_text":"Antonio Mateo","src":"https:\/\/i0.wp.com\/lasprimeras.com.do\/wp-content\/uploads\/2023\/10\/Antonio-Mateo.jpg?resize=350%2C200&ssl=1","width":350,"height":200,"srcset":"https:\/\/i0.wp.com\/lasprimeras.com.do\/wp-content\/uploads\/2023\/10\/Antonio-Mateo.jpg?resize=350%2C200&ssl=1 1x, https:\/\/i0.wp.com\/lasprimeras.com.do\/wp-content\/uploads\/2023\/10\/Antonio-Mateo.jpg?resize=525%2C300&ssl=1 1.5x, https:\/\/i0.wp.com\/lasprimeras.com.do\/wp-content\/uploads\/2023\/10\/Antonio-Mateo.jpg?resize=700%2C400&ssl=1 2x"},"classes":[]},{"id":59968,"url":"https:\/\/lasprimeras.com.do\/index.php\/2023\/09\/09\/jce-entrego-calendario-al-prm-para-celebracion-de-sus-primarias\/","url_meta":{"origin":61780,"position":4},"title":"JCE entreg\u00f3 calendario al PRM para celebraci\u00f3n de sus primarias","author":"Nelson Feliz","date":"9 de septiembre de 2023","format":false,"excerpt":"La Junta Central Electoral (JCE) entreg\u00f3 a la Comisi\u00f3n Electoral del Partido Revolucionario Moderno (PRM) y a los representantes de los candidatos y candidatas presidenciales de esta organizaci\u00f3n pol\u00edtica, el calendario de actividades administrativas para la celebraci\u00f3n de la primaria que llevar\u00e1n a cabo en octubre. El delegado de la\u2026","rel":"","context":"En \u00abPORTADA\u00bb","block_context":{"text":"PORTADA","link":"https:\/\/lasprimeras.com.do\/index.php\/category\/portada\/"},"img":{"alt_text":"JCE","src":"https:\/\/i0.wp.com\/lasprimeras.com.do\/wp-content\/uploads\/2023\/07\/JCE.jpg?resize=350%2C200&ssl=1","width":350,"height":200,"srcset":"https:\/\/i0.wp.com\/lasprimeras.com.do\/wp-content\/uploads\/2023\/07\/JCE.jpg?resize=350%2C200&ssl=1 1x, https:\/\/i0.wp.com\/lasprimeras.com.do\/wp-content\/uploads\/2023\/07\/JCE.jpg?resize=525%2C300&ssl=1 1.5x, https:\/\/i0.wp.com\/lasprimeras.com.do\/wp-content\/uploads\/2023\/07\/JCE.jpg?resize=700%2C400&ssl=1 2x"},"classes":[]},{"id":67642,"url":"https:\/\/lasprimeras.com.do\/index.php\/2023\/11\/17\/modifica-el-total-de-votos-de-regidores-sde-en-primaria-del-prm\/","url_meta":{"origin":61780,"position":5},"title":"Modifica el total de votos de regidores SDE en primaria del PRM","author":"BIMARY DE JES\u00daS Matos","date":"17 de noviembre de 2023","format":false,"excerpt":"Santo Domingo.-El Pleno de la Junta Central Electoral (JCE) modific\u00f3 parcialmente la resoluci\u00f3n 71-2023 del 11 de octubre pasado en lo que respecta al total de votos v\u00e1lidos para los cargos de regidores y suplentes en la circunscripci\u00f3n 2 del municipio Santo Domingo Este, en las primarias del Partido Revolucionario\u2026","rel":"","context":"En \u00abSin categor\u00eda\u00bb","block_context":{"text":"Sin categor\u00eda","link":"https:\/\/lasprimeras.com.do\/index.php\/category\/sin-categoria\/"},"img":{"alt_text":"","src":"https:\/\/i0.wp.com\/lasprimeras.com.do\/wp-content\/uploads\/2023\/11\/valentin-28.jpg?resize=350%2C200&ssl=1","width":350,"height":200,"srcset":"https:\/\/i0.wp.com\/lasprimeras.com.do\/wp-content\/uploads\/2023\/11\/valentin-28.jpg?resize=350%2C200&ssl=1 1x, https:\/\/i0.wp.com\/lasprimeras.com.do\/wp-content\/uploads\/2023\/11\/valentin-28.jpg?resize=525%2C300&ssl=1 1.5x"},"classes":[]}],"jetpack_sharing_enabled":true,"_links":{"self":[{"href":"https:\/\/lasprimeras.com.do\/index.php\/wp-json\/wp\/v2\/posts\/61780","targetHints":{"allow":["GET"]}}],"collection":[{"href":"https:\/\/lasprimeras.com.do\/index.php\/wp-json\/wp\/v2\/posts"}],"about":[{"href":"https:\/\/lasprimeras.com.do\/index.php\/wp-json\/wp\/v2\/types\/post"}],"author":[{"embeddable":true,"href":"https:\/\/lasprimeras.com.do\/index.php\/wp-json\/wp\/v2\/users\/3"}],"replies":[{"embeddable":true,"href":"https:\/\/lasprimeras.com.do\/index.php\/wp-json\/wp\/v2\/comments?post=61780"}],"version-history":[{"count":1,"href":"https:\/\/lasprimeras.com.do\/index.php\/wp-json\/wp\/v2\/posts\/61780\/revisions"}],"predecessor-version":[{"id":61782,"href":"https:\/\/lasprimeras.com.do\/index.php\/wp-json\/wp\/v2\/posts\/61780\/revisions\/61782"}],"wp:featuredmedia":[{"embeddable":true,"href":"https:\/\/lasprimeras.com.do\/index.php\/wp-json\/wp\/v2\/media\/61781"}],"wp:attachment":[{"href":"https:\/\/lasprimeras.com.do\/index.php\/wp-json\/wp\/v2\/media?parent=61780"}],"wp:term":[{"taxonomy":"category","embeddable":true,"href":"https:\/\/lasprimeras.com.do\/index.php\/wp-json\/wp\/v2\/categories?post=61780"},{"taxonomy":"post_tag","embeddable":true,"href":"https:\/\/lasprimeras.com.do\/index.php\/wp-json\/wp\/v2\/tags?post=61780"}],"curies":[{"name":"wp","href":"https:\/\/api.w.org\/{rel}","templated":true}]}}