{"id":61798,"date":"2023-10-01T06:40:44","date_gmt":"2023-10-01T10:40:44","guid":{"rendered":"https:\/\/lasprimeras.com.do\/?p=61798"},"modified":"2023-10-01T06:40:46","modified_gmt":"2023-10-01T10:40:46","slug":"tigres-del-licey-contratan-a-lanzadores-estadounidenses-feigl-y-lehman-para-proximo-torneo","status":"publish","type":"post","link":"https:\/\/lasprimeras.com.do\/index.php\/2023\/10\/01\/tigres-del-licey-contratan-a-lanzadores-estadounidenses-feigl-y-lehman-para-proximo-torneo\/","title":{"rendered":"Tigres del Licey contratan a lanzadores estadounidenses Feigl y Lehman para pr\u00f3ximo torneo"},"content":{"rendered":"\n<p>SANTO DOMINGO. \u2013 Los Tigres del Licey anunciaron este s\u00e1bado la contrataci\u00f3n de los zurdos estadounidenses Brady Feigl y Taylor Lehman, quienes est\u00e1n llamados a fortalecer el cuerpo de relevistas de los campeones defensores de la Liga de B\u00e9isbol Profesional de la Rep\u00fablica Dominicana (Lidom).<\/p>\n\n\n\n<p>Al realizar el anuncio, el gerente general de los Tigres, Audo Vicente, indic\u00f3 que, con la incorporaci\u00f3n de ambos lanzadores zurdos, el conjunto busca volver a confeccionar un cuerpo relevo s\u00f3lido, como lo hicieron la pasada temporada cuando terminaron conquistando el t\u00edtulo de campeones del b\u00e9isbol invernal dominicano.<\/p>\n\n\n\n<p>\u201cEl bullpen que fue una de nuestras fortalezas la temporada pasada\u201d, dijo Vicente, quien se refiri\u00f3 a la experiencia que posee Feigl, quien anteriormente lanz\u00f3 en Lidom, como un punto fuerte en su contrataci\u00f3n por parte del equipo.<\/p>\n\n\n\n<p>\u201cEs un lanzador con mucha experiencia en diferentes niveles y entendemos que su veteran\u00eda es vital para este nivel de competencia\u201d, dijo el ejecutivo de los Tigres.<\/p>\n\n\n\n<p>Feigl lanz\u00f3 en la contienda del 2019-20 del campeonato de b\u00e9isbol invernal dominicano con los Gigantes del Cibao, con quienes labor\u00f3 en 16 partidos como relevista, en los cuales lanz\u00f3 10 entradas, en las cuales registr\u00f3 seis ponches, con tres transferencias y le anotaron cinco carreras, finalizando con un porcentaje de carreras limpias permitidas de 4.50.<\/p>\n\n\n\n<p>En este a\u00f1o, Feigl accion\u00f3 con los Lexington Counter Clocks en la Atlantic League, donde tuvo logr\u00f3 una marca de 3-2 y 3.51 de efectividad en 50 juegos. En ese recorrido coleccion\u00f3 63 ponches en 48 entradas y dos tercios.<\/p>\n\n\n\n<p>Vicente tambi\u00e9n se refiri\u00f3 a Lehman, de quien dijo encaja perfectamente en el perfil de lanzadores que busca el conjunto para la confecci\u00f3n de su cuerpo de picheo para la venidera temporada del b\u00e9isbol dominicano.<\/p>\n","protected":false},"excerpt":{"rendered":"<p>SANTO DOMINGO. \u2013 Los Tigres del Licey anunciaron este s\u00e1bado la contrataci\u00f3n de los zurdos estadounidenses Brady Feigl y Taylor Lehman, quienes est\u00e1n llamados a fortalecer el cuerpo de relevistas&hellip;<\/p>\n","protected":false},"author":3,"featured_media":61799,"comment_status":"open","ping_status":"open","sticky":false,"template":"","format":"standard","meta":{"content-type":"","jetpack_post_was_ever_published":false,"_jetpack_newsletter_access":"","_jetpack_dont_email_post_to_subs":false,"_jetpack_newsletter_tier_id":0,"_jetpack_memberships_contains_paywalled_content":false,"_jetpack_memberships_contains_paid_content":false,"footnotes":""},"categories":[1],"tags":[],"class_list":["post-61798","post","type-post","status-publish","format-standard","has-post-thumbnail","hentry","category-sin-categoria"],"jetpack_featured_media_url":"https:\/\/lasprimeras.com.do\/wp-content\/uploads\/2023\/10\/WhatsApp-Image-2023-09-25-at-1.05.22-PM-7.jpeg","jetpack-related-posts":[{"id":112821,"url":"https:\/\/lasprimeras.com.do\/index.php\/2025\/10\/27\/lluvias-obligan-a-posponer-partido-entre-tigres-del-licey-y-toros-del-este\/","url_meta":{"origin":61798,"position":0},"title":"Lluvias obligan a posponer partido entre Tigres del Licey y Toros del Este","author":"Nelson Feliz","date":"27 de octubre de 2025","format":false,"excerpt":"El partido programado para la noche de este lunes entre los Toros del Este y los Tigres del Licey, que deb\u00eda celebrarse a las 7:00 en el Estadio Quisqueya Juan Marichal, fue pospuesto debido a las condiciones clim\u00e1ticas adversas provocadas por las intensas lluvias registradas en la capital. La Liga\u2026","rel":"","context":"En \u00abDEPORTES\u00bb","block_context":{"text":"DEPORTES","link":"https:\/\/lasprimeras.com.do\/index.php\/category\/deportes\/"},"img":{"alt_text":"","src":"https:\/\/i0.wp.com\/lasprimeras.com.do\/wp-content\/uploads\/2025\/10\/lidom-pospuesto.jpg?resize=350%2C200&ssl=1","width":350,"height":200,"srcset":"https:\/\/i0.wp.com\/lasprimeras.com.do\/wp-content\/uploads\/2025\/10\/lidom-pospuesto.jpg?resize=350%2C200&ssl=1 1x, https:\/\/i0.wp.com\/lasprimeras.com.do\/wp-content\/uploads\/2025\/10\/lidom-pospuesto.jpg?resize=525%2C300&ssl=1 1.5x, https:\/\/i0.wp.com\/lasprimeras.com.do\/wp-content\/uploads\/2025\/10\/lidom-pospuesto.jpg?resize=700%2C400&ssl=1 2x"},"classes":[]},{"id":114970,"url":"https:\/\/lasprimeras.com.do\/index.php\/2025\/11\/18\/senado-de-la-republica-y-la-lidom-suscriben-convenio-para-promover-el-deporte\/","url_meta":{"origin":61798,"position":1},"title":"Senado de la Rep\u00fablica y la LIDOM suscriben convenio para promover el deporte","author":"Nelson Feliz","date":"18 de noviembre de 2025","format":false,"excerpt":"Ricardo de los Santos tambi\u00e9n lanz\u00f3 la primera bola durante el partido entre Tigres del Licey y \u00c1guilas Cibae\u00f1as. El Senado de la Rep\u00fablica y la Liga Dominicana de B\u00e9isbol Profesional (LIDOM), suscribieron este lunes un acuerdo marco de colaboraci\u00f3n interinstitucional para fomentar el deporte, la educaci\u00f3n ciudadana, la identidad\u2026","rel":"","context":"En \u00abDEPORTES\u00bb","block_context":{"text":"DEPORTES","link":"https:\/\/lasprimeras.com.do\/index.php\/category\/deportes\/"},"img":{"alt_text":"","src":"https:\/\/i0.wp.com\/lasprimeras.com.do\/wp-content\/uploads\/2025\/11\/senado-a.jpg?resize=350%2C200&ssl=1","width":350,"height":200,"srcset":"https:\/\/i0.wp.com\/lasprimeras.com.do\/wp-content\/uploads\/2025\/11\/senado-a.jpg?resize=350%2C200&ssl=1 1x, https:\/\/i0.wp.com\/lasprimeras.com.do\/wp-content\/uploads\/2025\/11\/senado-a.jpg?resize=525%2C300&ssl=1 1.5x, https:\/\/i0.wp.com\/lasprimeras.com.do\/wp-content\/uploads\/2025\/11\/senado-a.jpg?resize=700%2C400&ssl=1 2x"},"classes":[]},{"id":60137,"url":"https:\/\/lasprimeras.com.do\/index.php\/2023\/09\/11\/tigres-del-licey-anuncian-inicio-de-sus-entrenamientos-en-boca-chica\/","url_meta":{"origin":61798,"position":2},"title":"Tigres del Licey anuncian inicio de sus entrenamientos en Boca Chica","author":"Nelson Feliz","date":"11 de septiembre de 2023","format":false,"excerpt":"Los Campeones Nacionales y del Caribe, Tigres del Licey, anunciaron el inicio de sus entrenamientos con miras a defender la corona en la pr\u00f3xima temporada de la Liga de B\u00e9isbol Profesional de la Rep\u00fablica Dominicana, que estar\u00e1 dedicada a la periodista retirada Onfalia Morillo. Los entrenamientos del glorioso equipo azul\u2026","rel":"","context":"En \u00abSin categor\u00eda\u00bb","block_context":{"text":"Sin categor\u00eda","link":"https:\/\/lasprimeras.com.do\/index.php\/category\/sin-categoria\/"},"img":{"alt_text":"ENTRENAMIENTOS","src":"https:\/\/i0.wp.com\/lasprimeras.com.do\/wp-content\/uploads\/2023\/09\/ENTRENAMIENTOS-LICEY-2.jpg?resize=350%2C200&ssl=1","width":350,"height":200},"classes":[]},{"id":117246,"url":"https:\/\/lasprimeras.com.do\/index.php\/2025\/12\/09\/juan-soto-entrena-en-el-estadio-quisqueya-en-medio-de-expectativas-de-jugar-con-el-licey\/","url_meta":{"origin":61798,"position":3},"title":"Juan Soto entrena en el Estadio Quisqueya en medio de expectativas de jugar con el Licey","author":"Nelson Feliz","date":"9 de diciembre de 2025","format":false,"excerpt":"El estelar jardinero de los New York Mets, Juan Soto, gener\u00f3 gran revuelo al ser visto practicando este martes en las instalaciones del Estadio Quisqueya Juan Marichal, de Santo Domingo, Republieca Dominicana. La presencia de Soto en el terreno, mientras se encuentra en el pa\u00eds luego de su productiva temporada\u2026","rel":"","context":"En \u00abDEPORTES\u00bb","block_context":{"text":"DEPORTES","link":"https:\/\/lasprimeras.com.do\/index.php\/category\/deportes\/"},"img":{"alt_text":"Juan Soto","src":"https:\/\/i0.wp.com\/lasprimeras.com.do\/wp-content\/uploads\/2025\/12\/Juan-Soto.jpg?resize=350%2C200&ssl=1","width":350,"height":200,"srcset":"https:\/\/i0.wp.com\/lasprimeras.com.do\/wp-content\/uploads\/2025\/12\/Juan-Soto.jpg?resize=350%2C200&ssl=1 1x, https:\/\/i0.wp.com\/lasprimeras.com.do\/wp-content\/uploads\/2025\/12\/Juan-Soto.jpg?resize=525%2C300&ssl=1 1.5x, https:\/\/i0.wp.com\/lasprimeras.com.do\/wp-content\/uploads\/2025\/12\/Juan-Soto.jpg?resize=700%2C400&ssl=1 2x"},"classes":[]},{"id":76769,"url":"https:\/\/lasprimeras.com.do\/index.php\/2024\/02\/14\/jose-offerman-dirigira-a-los-toros-del-este-en-la-proxima-temporada\/","url_meta":{"origin":61798,"position":4},"title":"Jos\u00e9 Offerman dirigir\u00e1 a los Toros del Este en la pr\u00f3xima temporada","author":"BIMARY DE JES\u00daS Matos","date":"14 de febrero de 2024","format":false,"excerpt":"LA ROMANA.- Los Toros del Este anunciaron la contrataci\u00f3n de Jos\u00e9 Offerman como su dirigente para la pr\u00f3xima temporada de la Liga de B\u00e9isbol Profesional de la Rep\u00fablica Dominicana (Lidom). El anuncio fue realizado por el gerente general de los Toros, Jes\u00fas Mej\u00eda, quien destac\u00f3 la trayectoria de \u00e9xito de\u2026","rel":"","context":"En \u00abSin categor\u00eda\u00bb","block_context":{"text":"Sin categor\u00eda","link":"https:\/\/lasprimeras.com.do\/index.php\/category\/sin-categoria\/"},"img":{"alt_text":"","src":"https:\/\/i0.wp.com\/lasprimeras.com.do\/wp-content\/uploads\/2024\/02\/OFFERMAN-DELFINES-NEW.jpg?resize=350%2C200&ssl=1","width":350,"height":200,"srcset":"https:\/\/i0.wp.com\/lasprimeras.com.do\/wp-content\/uploads\/2024\/02\/OFFERMAN-DELFINES-NEW.jpg?resize=350%2C200&ssl=1 1x, https:\/\/i0.wp.com\/lasprimeras.com.do\/wp-content\/uploads\/2024\/02\/OFFERMAN-DELFINES-NEW.jpg?resize=525%2C300&ssl=1 1.5x, https:\/\/i0.wp.com\/lasprimeras.com.do\/wp-content\/uploads\/2024\/02\/OFFERMAN-DELFINES-NEW.jpg?resize=700%2C400&ssl=1 2x"},"classes":[]},{"id":65142,"url":"https:\/\/lasprimeras.com.do\/index.php\/2023\/10\/26\/toros-apabullan-al-licey-aguilas-superan-a-estrellas-en-beisbol-rd\/","url_meta":{"origin":61798,"position":5},"title":"Toros apabullan al Licey; Aguilas superan a Estrellas en beisbol RD","author":"BIMARY DE JES\u00daS Matos","date":"26 de octubre de 2023","format":false,"excerpt":"SANTO DOMINGO.- La ofensiva de los Toros del Este tuvo un gran despertar al despachar 16 imparables, incluidos dos dobles para vencer 13-5 a los Tigres del Licey, en la continuaci\u00f3n del torneo de b\u00e9isbol invernal en el partido celebrado en el estadio Quisqueya Juan Marichal. El zurdo abridor Ra\u00fal\u2026","rel":"","context":"En \u00abSin categor\u00eda\u00bb","block_context":{"text":"Sin categor\u00eda","link":"https:\/\/lasprimeras.com.do\/index.php\/category\/sin-categoria\/"},"img":{"alt_text":"","src":"","width":0,"height":0},"classes":[]}],"jetpack_sharing_enabled":true,"_links":{"self":[{"href":"https:\/\/lasprimeras.com.do\/index.php\/wp-json\/wp\/v2\/posts\/61798","targetHints":{"allow":["GET"]}}],"collection":[{"href":"https:\/\/lasprimeras.com.do\/index.php\/wp-json\/wp\/v2\/posts"}],"about":[{"href":"https:\/\/lasprimeras.com.do\/index.php\/wp-json\/wp\/v2\/types\/post"}],"author":[{"embeddable":true,"href":"https:\/\/lasprimeras.com.do\/index.php\/wp-json\/wp\/v2\/users\/3"}],"replies":[{"embeddable":true,"href":"https:\/\/lasprimeras.com.do\/index.php\/wp-json\/wp\/v2\/comments?post=61798"}],"version-history":[{"count":1,"href":"https:\/\/lasprimeras.com.do\/index.php\/wp-json\/wp\/v2\/posts\/61798\/revisions"}],"predecessor-version":[{"id":61800,"href":"https:\/\/lasprimeras.com.do\/index.php\/wp-json\/wp\/v2\/posts\/61798\/revisions\/61800"}],"wp:featuredmedia":[{"embeddable":true,"href":"https:\/\/lasprimeras.com.do\/index.php\/wp-json\/wp\/v2\/media\/61799"}],"wp:attachment":[{"href":"https:\/\/lasprimeras.com.do\/index.php\/wp-json\/wp\/v2\/media?parent=61798"}],"wp:term":[{"taxonomy":"category","embeddable":true,"href":"https:\/\/lasprimeras.com.do\/index.php\/wp-json\/wp\/v2\/categories?post=61798"},{"taxonomy":"post_tag","embeddable":true,"href":"https:\/\/lasprimeras.com.do\/index.php\/wp-json\/wp\/v2\/tags?post=61798"}],"curies":[{"name":"wp","href":"https:\/\/api.w.org\/{rel}","templated":true}]}}