{"id":61804,"date":"2023-10-01T07:00:08","date_gmt":"2023-10-01T11:00:08","guid":{"rendered":"https:\/\/lasprimeras.com.do\/?p=61804"},"modified":"2023-10-01T07:00:10","modified_gmt":"2023-10-01T11:00:10","slug":"pacientes-con-cuadros-febriles-y-congestion-nasal-en-emergencias-del-hugo-mendoza-y-robert-reid","status":"publish","type":"post","link":"https:\/\/lasprimeras.com.do\/index.php\/2023\/10\/01\/pacientes-con-cuadros-febriles-y-congestion-nasal-en-emergencias-del-hugo-mendoza-y-robert-reid\/","title":{"rendered":"Pacientes con cuadros febriles y congesti\u00f3n nasal en emergencias del Hugo Mendoza y Robert Reid"},"content":{"rendered":"\n<p>Santo Domingo.-Una combinaci\u00f3n de pacientes con s\u00edntomas febriles y dolor en las articulaciones asociados al dengue, y pacientes con tos y congesti\u00f3n nasal era el c\u00f3ctel que se observaba este s\u00e1bado en las emergencias de los hospitales pedi\u00e1tricos Hugo Mendoza y Robert Reid Cabral.<\/p>\n\n\n\n<p>En ambos centros, las madres se quejaban de la lentitud en los servicios, reconociendo el evidente abarrotamiento y crecimiento en la demanda de atenciones.<\/p>\n\n\n\n<p>Leidy, residente en El Caf\u00e9 de Herrera, llev\u00f3 a su ni\u00f1a de tres a\u00f1os a la emergencia del Robert Reid por presentar fiebre y un sarpullido en la piel. Asegura que lleg\u00f3 a las 9:00 de la ma\u00f1ana y no fue hasta las 4:00 de la tarde cuando recibi\u00f3 la orden m\u00e9dica con la indicaci\u00f3n del acetaminof\u00e9n y repetici\u00f3n del hemograma que le realizaron a la menor.<\/p>\n\n\n\n<p>&#8220;Me dijeron que vaya el lunes por consulta&#8221;, dijo la madre, esperanzada de que la fiebre no vuelva a subirle en el transcurso.<\/p>\n\n\n\n<p>En el caso de Cristian, un joven venezolano que estaba con su ni\u00f1o de cinco a\u00f1os, estaba a la espera de los resultados de la anal\u00edtica tras tener cuatro horas de haber llegado al centro sanitario. Su hijo, quien lloraba incesantemente, presentaba fiebre y dolor abdominal.<\/p>\n\n\n\n<p>Mar\u00eda Luisa se traslad\u00f3 desde Azua con su hijo de un a\u00f1o de edad para poder nebulizarlo. Llegaron el viernes a las 8:00 de la noche y tuvieron que esperar hasta medianoche. Al final los dejaron ingresados.<\/p>\n\n\n\n<p>A su lado se encontraba Aracelis Torres, quien, con l\u00e1grimas en los ojos, narr\u00f3 que su beb\u00e9 prematura de tan solo un mes de nacida ten\u00eda una fiebre tan alta al punto de casi convulsionar. Desde que naci\u00f3, la beb\u00e9 estaba interna en la Maternidad de Los Mina pero fue dada de alta. A la madre le indicaron un panel respiratorio que cuesta 12,500 pesos. La joven dice no disponer de los recursos para costearlos.<\/p>\n\n\n\n<p>Micamel Ricard se quej\u00f3 de que su hija de un a\u00f1o presenta fiebre desde el mi\u00e9rcoles y tras tener una noche ingresada a\u00fan no saben el origen del cuadro febril.<\/p>\n\n\n\n<p>&#8220;Tiene las plaquetas en 140 mil, as\u00ed que dengue no es&#8221;, asegur\u00f3.<\/p>\n\n\n\n<p>Llegaron al antiguo Angelita a las 7:00 de la noche con una temperatura de 40.1 grados, a la medianoche las atendieron y a las 3:00 de la madrugada fue que canalizaron a la peque\u00f1a.<\/p>\n\n\n\n<p>Ricard cuenta que es tan grande la demanda que est\u00e1n compartiendo camas.<\/p>\n\n\n\n<p>&#8220;Hay hasta tres ni\u00f1os en una cama. Solo nos dejan entran agua, jugo y compota. No voy a dejar a mi ni\u00f1a sola para salir a comer&#8221;, agreg\u00f3.<\/p>\n","protected":false},"excerpt":{"rendered":"<p>Santo Domingo.-Una combinaci\u00f3n de pacientes con s\u00edntomas febriles y dolor en las articulaciones asociados al dengue, y pacientes con tos y congesti\u00f3n nasal era el c\u00f3ctel que se observaba este&hellip;<\/p>\n","protected":false},"author":3,"featured_media":61805,"comment_status":"open","ping_status":"open","sticky":false,"template":"","format":"standard","meta":{"content-type":"","jetpack_post_was_ever_published":false,"_jetpack_newsletter_access":"","_jetpack_dont_email_post_to_subs":false,"_jetpack_newsletter_tier_id":0,"_jetpack_memberships_contains_paywalled_content":false,"_jetpack_memberships_contains_paid_content":false,"footnotes":""},"categories":[25],"tags":[],"class_list":["post-61804","post","type-post","status-publish","format-standard","has-post-thumbnail","hentry","category-portada"],"jetpack_featured_media_url":"https:\/\/lasprimeras.com.do\/wp-content\/uploads\/2023\/10\/WhatsApp-Image-2023-09-25-at-1.05.22-PM-9.jpeg","jetpack-related-posts":[{"id":61692,"url":"https:\/\/lasprimeras.com.do\/index.php\/2023\/09\/29\/el-dengue-genera-alta-ocupacion-de-camas-en-hospitales\/","url_meta":{"origin":61804,"position":0},"title":"El dengue genera alta ocupaci\u00f3n de camas en hospitales","author":"Nelson Feliz","date":"29 de septiembre de 2023","format":false,"excerpt":"Ayer los pedi\u00e1tricos Hugo Mendoza y Robert Reid Cabral, ten\u00edan ingresados 94 y 86 pacientes, respectivamente. Una alta ocupaci\u00f3n de camas de pacientes con s\u00edntomas de dengue siguen manteniendo los principales hospitales de la capital y provincias del pa\u00eds. Ayer los pedi\u00e1tricos Hugo Mendoza y Robert Reid Cabral, ten\u00edan ingresados\u2026","rel":"","context":"En \u00abSin categor\u00eda\u00bb","block_context":{"text":"Sin categor\u00eda","link":"https:\/\/lasprimeras.com.do\/index.php\/category\/sin-categoria\/"},"img":{"alt_text":"Madres con sus hijos en brazos siguen copando las \u00e1reas de emergencias.JORGE MART\u00cdNEZ\/LD","src":"https:\/\/i0.wp.com\/lasprimeras.com.do\/wp-content\/uploads\/2023\/09\/Madres-con-sus-hijos-en-brazos-siguen-copando-las-areas-de-emergencias.jpeg?resize=350%2C200&ssl=1","width":350,"height":200,"srcset":"https:\/\/i0.wp.com\/lasprimeras.com.do\/wp-content\/uploads\/2023\/09\/Madres-con-sus-hijos-en-brazos-siguen-copando-las-areas-de-emergencias.jpeg?resize=350%2C200&ssl=1 1x, https:\/\/i0.wp.com\/lasprimeras.com.do\/wp-content\/uploads\/2023\/09\/Madres-con-sus-hijos-en-brazos-siguen-copando-las-areas-de-emergencias.jpeg?resize=525%2C300&ssl=1 1.5x, https:\/\/i0.wp.com\/lasprimeras.com.do\/wp-content\/uploads\/2023\/09\/Madres-con-sus-hijos-en-brazos-siguen-copando-las-areas-de-emergencias.jpeg?resize=700%2C400&ssl=1 2x"},"classes":[]},{"id":65433,"url":"https:\/\/lasprimeras.com.do\/index.php\/2023\/10\/28\/el-dengue-esta-acabando-no-esta-disminuyendo-nada-grita-abuela-en-el-hospital-hugo-mendoza\/","url_meta":{"origin":61804,"position":1},"title":"&#8220;El dengue est\u00e1 acabando, no est\u00e1 disminuyendo nada&#8221;, grita abuela en el hospital Hugo Mendoza","author":"BIMARY DE JES\u00daS Matos","date":"28 de octubre de 2023","format":false,"excerpt":"Santo Domingo.-La preocupaci\u00f3n y la desconfianza causadas por las cifras de pacientes por dengue, contin\u00faa vigente entre los padres que asisten a los hospitales de Santo Domingo, donde los ni\u00f1os con s\u00edntomas y sospechas de la enfermedad transmitida por el mosquito Aedes aegypti siguen llenando las salas de emergencias. Los\u2026","rel":"","context":"En \u00abNACIONALES\u00bb","block_context":{"text":"NACIONALES","link":"https:\/\/lasprimeras.com.do\/index.php\/category\/nacionales\/"},"img":{"alt_text":"","src":"https:\/\/i0.wp.com\/lasprimeras.com.do\/wp-content\/uploads\/2023\/10\/8_Nacionales_15_1p01-2.jpg?resize=350%2C200&ssl=1","width":350,"height":200,"srcset":"https:\/\/i0.wp.com\/lasprimeras.com.do\/wp-content\/uploads\/2023\/10\/8_Nacionales_15_1p01-2.jpg?resize=350%2C200&ssl=1 1x, https:\/\/i0.wp.com\/lasprimeras.com.do\/wp-content\/uploads\/2023\/10\/8_Nacionales_15_1p01-2.jpg?resize=525%2C300&ssl=1 1.5x, https:\/\/i0.wp.com\/lasprimeras.com.do\/wp-content\/uploads\/2023\/10\/8_Nacionales_15_1p01-2.jpg?resize=700%2C400&ssl=1 2x, https:\/\/i0.wp.com\/lasprimeras.com.do\/wp-content\/uploads\/2023\/10\/8_Nacionales_15_1p01-2.jpg?resize=1050%2C600&ssl=1 3x"},"classes":[]},{"id":62250,"url":"https:\/\/lasprimeras.com.do\/index.php\/2023\/10\/04\/entrada-y-salida-de-pacientes-con-dengue-es-persistente\/","url_meta":{"origin":61804,"position":2},"title":"Entrada y salida de pacientes con dengue es persistente","author":"BIMARY DE JES\u00daS Matos","date":"4 de octubre de 2023","format":false,"excerpt":"Santo Domingo .-Los pacientes afectados por el virus del dengue mantienen una constante en la entrada y salida de los centros hospitalarios, ya que a medida que se les da el alta m\u00e9dica a algunos, en igual o mayor proporci\u00f3n, son los que pasan a salas de internamientos. La situaci\u00f3n\u2026","rel":"","context":"En \u00abPORTADA\u00bb","block_context":{"text":"PORTADA","link":"https:\/\/lasprimeras.com.do\/index.php\/category\/portada\/"},"img":{"alt_text":"","src":"https:\/\/i0.wp.com\/lasprimeras.com.do\/wp-content\/uploads\/2023\/10\/WhatsApp-Image-2023-10-03-at-10.20.05-AM-2.webp?resize=350%2C200&ssl=1","width":350,"height":200,"srcset":"https:\/\/i0.wp.com\/lasprimeras.com.do\/wp-content\/uploads\/2023\/10\/WhatsApp-Image-2023-10-03-at-10.20.05-AM-2.webp?resize=350%2C200&ssl=1 1x, https:\/\/i0.wp.com\/lasprimeras.com.do\/wp-content\/uploads\/2023\/10\/WhatsApp-Image-2023-10-03-at-10.20.05-AM-2.webp?resize=525%2C300&ssl=1 1.5x, https:\/\/i0.wp.com\/lasprimeras.com.do\/wp-content\/uploads\/2023\/10\/WhatsApp-Image-2023-10-03-at-10.20.05-AM-2.webp?resize=700%2C400&ssl=1 2x"},"classes":[]},{"id":61929,"url":"https:\/\/lasprimeras.com.do\/index.php\/2023\/10\/02\/pacientes-febriles-continua-abarrotando-hospitales\/","url_meta":{"origin":61804,"position":3},"title":"Pacientes febriles contin\u00faa abarrotando hospitales","author":"BIMARY DE JES\u00daS Matos","date":"2 de octubre de 2023","format":false,"excerpt":"Santo Domingo.-En los \u00faltimos meses los hospitales y cl\u00ednicas del pa\u00eds se han visto abarrotados de pacientes en emergencias y ocupando las salas de internamiento, por presentar s\u00edntomas febriles probable dengue afectando, sobre todo, a la poblaci\u00f3n infantil. Ayer en toda la red hospitalaria que maneja el Servicio Nacional de\u2026","rel":"","context":"En \u00abPORTADA\u00bb","block_context":{"text":"PORTADA","link":"https:\/\/lasprimeras.com.do\/index.php\/category\/portada\/"},"img":{"alt_text":"","src":"https:\/\/i0.wp.com\/lasprimeras.com.do\/wp-content\/uploads\/2023\/10\/WhatsApp-Image-2023-09-28-at-11.50.30-PM-1-1.webp?resize=350%2C200&ssl=1","width":350,"height":200,"srcset":"https:\/\/i0.wp.com\/lasprimeras.com.do\/wp-content\/uploads\/2023\/10\/WhatsApp-Image-2023-09-28-at-11.50.30-PM-1-1.webp?resize=350%2C200&ssl=1 1x, https:\/\/i0.wp.com\/lasprimeras.com.do\/wp-content\/uploads\/2023\/10\/WhatsApp-Image-2023-09-28-at-11.50.30-PM-1-1.webp?resize=525%2C300&ssl=1 1.5x, https:\/\/i0.wp.com\/lasprimeras.com.do\/wp-content\/uploads\/2023\/10\/WhatsApp-Image-2023-09-28-at-11.50.30-PM-1-1.webp?resize=700%2C400&ssl=1 2x, https:\/\/i0.wp.com\/lasprimeras.com.do\/wp-content\/uploads\/2023\/10\/WhatsApp-Image-2023-09-28-at-11.50.30-PM-1-1.webp?resize=1050%2C600&ssl=1 3x"},"classes":[]},{"id":59456,"url":"https:\/\/lasprimeras.com.do\/index.php\/2023\/09\/04\/robert-reid-cabral-recibe-entre-60-y-70-pacientes-febriles-diarios\/","url_meta":{"origin":61804,"position":4},"title":"Robert Reid Cabral recibe entre 60 y 70 pacientes febriles diarios","author":"Nelson Feliz","date":"4 de septiembre de 2023","format":false,"excerpt":"El Hospital Pedi\u00e1trico Robert Reid Cabral recibe diariamente entre 60 y 70 pacientes con fiebre, un dato que resulta alarmante ante la consideraci\u00f3n del Ministerio de Salud P\u00fablica de determinar todo caso febril como una sospecha de dengue. De acuerdo con la directora del centro m\u00e9dico infantil, Mabel Jones, quien\u2026","rel":"","context":"En \u00abSin categor\u00eda\u00bb","block_context":{"text":"Sin categor\u00eda","link":"https:\/\/lasprimeras.com.do\/index.php\/category\/sin-categoria\/"},"img":{"alt_text":"Directora del centro m\u00e9dico infantil, Mabel JonesJORGE LU\u00cdS MARTINEZ","src":"https:\/\/i0.wp.com\/lasprimeras.com.do\/wp-content\/uploads\/2023\/09\/Mabel-Jones.jpeg?resize=350%2C200&ssl=1","width":350,"height":200,"srcset":"https:\/\/i0.wp.com\/lasprimeras.com.do\/wp-content\/uploads\/2023\/09\/Mabel-Jones.jpeg?resize=350%2C200&ssl=1 1x, https:\/\/i0.wp.com\/lasprimeras.com.do\/wp-content\/uploads\/2023\/09\/Mabel-Jones.jpeg?resize=525%2C300&ssl=1 1.5x, https:\/\/i0.wp.com\/lasprimeras.com.do\/wp-content\/uploads\/2023\/09\/Mabel-Jones.jpeg?resize=700%2C400&ssl=1 2x"},"classes":[]},{"id":65705,"url":"https:\/\/lasprimeras.com.do\/index.php\/2023\/10\/31\/pacientes-con-sospecha-de-dengue-siguen-saturando-centros-de-salud\/","url_meta":{"origin":61804,"position":5},"title":"Pacientes con sospecha de dengue siguen saturando centros de salud","author":"BIMARY DE JES\u00daS Matos","date":"31 de octubre de 2023","format":false,"excerpt":"Santo Domingo.-La capacidad de respuesta de los centros asistenciales y del personal de salud contin\u00fao ayer presionada por la alta demanda de atenci\u00f3n de pacientes febriles con sospecha de dengue que siguen llegando a sus \u00e1reas de emergencias en busca de atenci\u00f3n m\u00e9dica, muchos de los cuales requieren ser ingresados.\u2026","rel":"","context":"En \u00abPORTADA\u00bb","block_context":{"text":"PORTADA","link":"https:\/\/lasprimeras.com.do\/index.php\/category\/portada\/"},"img":{"alt_text":"","src":"https:\/\/i0.wp.com\/lasprimeras.com.do\/wp-content\/uploads\/2023\/10\/WhatsApp-Image-2023-10-30-at-2.14.30-PM-1.jpeg?resize=350%2C200&ssl=1","width":350,"height":200,"srcset":"https:\/\/i0.wp.com\/lasprimeras.com.do\/wp-content\/uploads\/2023\/10\/WhatsApp-Image-2023-10-30-at-2.14.30-PM-1.jpeg?resize=350%2C200&ssl=1 1x, https:\/\/i0.wp.com\/lasprimeras.com.do\/wp-content\/uploads\/2023\/10\/WhatsApp-Image-2023-10-30-at-2.14.30-PM-1.jpeg?resize=525%2C300&ssl=1 1.5x, https:\/\/i0.wp.com\/lasprimeras.com.do\/wp-content\/uploads\/2023\/10\/WhatsApp-Image-2023-10-30-at-2.14.30-PM-1.jpeg?resize=700%2C400&ssl=1 2x"},"classes":[]}],"jetpack_sharing_enabled":true,"_links":{"self":[{"href":"https:\/\/lasprimeras.com.do\/index.php\/wp-json\/wp\/v2\/posts\/61804","targetHints":{"allow":["GET"]}}],"collection":[{"href":"https:\/\/lasprimeras.com.do\/index.php\/wp-json\/wp\/v2\/posts"}],"about":[{"href":"https:\/\/lasprimeras.com.do\/index.php\/wp-json\/wp\/v2\/types\/post"}],"author":[{"embeddable":true,"href":"https:\/\/lasprimeras.com.do\/index.php\/wp-json\/wp\/v2\/users\/3"}],"replies":[{"embeddable":true,"href":"https:\/\/lasprimeras.com.do\/index.php\/wp-json\/wp\/v2\/comments?post=61804"}],"version-history":[{"count":1,"href":"https:\/\/lasprimeras.com.do\/index.php\/wp-json\/wp\/v2\/posts\/61804\/revisions"}],"predecessor-version":[{"id":61806,"href":"https:\/\/lasprimeras.com.do\/index.php\/wp-json\/wp\/v2\/posts\/61804\/revisions\/61806"}],"wp:featuredmedia":[{"embeddable":true,"href":"https:\/\/lasprimeras.com.do\/index.php\/wp-json\/wp\/v2\/media\/61805"}],"wp:attachment":[{"href":"https:\/\/lasprimeras.com.do\/index.php\/wp-json\/wp\/v2\/media?parent=61804"}],"wp:term":[{"taxonomy":"category","embeddable":true,"href":"https:\/\/lasprimeras.com.do\/index.php\/wp-json\/wp\/v2\/categories?post=61804"},{"taxonomy":"post_tag","embeddable":true,"href":"https:\/\/lasprimeras.com.do\/index.php\/wp-json\/wp\/v2\/tags?post=61804"}],"curies":[{"name":"wp","href":"https:\/\/api.w.org\/{rel}","templated":true}]}}