{"id":61810,"date":"2023-10-01T07:27:46","date_gmt":"2023-10-01T11:27:46","guid":{"rendered":"https:\/\/lasprimeras.com.do\/?p=61810"},"modified":"2023-10-01T07:27:47","modified_gmt":"2023-10-01T11:27:47","slug":"presidente-electo-de-guatemala-reitera-que-continua-el-golpe-de-estado-en-su-contra","status":"publish","type":"post","link":"https:\/\/lasprimeras.com.do\/index.php\/2023\/10\/01\/presidente-electo-de-guatemala-reitera-que-continua-el-golpe-de-estado-en-su-contra\/","title":{"rendered":"Presidente electo de Guatemala reitera que contin\u00faa el \u00abgolpe de Estado\u00bb en su contra"},"content":{"rendered":"\n<p>Ciudad de Guatemala.- El presidente electo de Guatemala, Bernardo Ar\u00e9valo de Le\u00f3n, reiter\u00f3 este s\u00e1bado que sigue en marcha un \u00abgolpe de Estado\u00bb en contra de su investidura, dirigido por la fiscal general y jefa del Ministerio P\u00fablico, Consuelo Porras, entre otros actores.<\/p>\n\n\n\n<p>Desde M\u00e9xico, donde se encuentra por un viaje de trabajo, el mandatario electo critic\u00f3 mediante sus canales oficiales al Ministerio P\u00fablico tras el decomiso este s\u00e1bado de las actas de votos, durante un allanamiento al Tribunal Supremo Electoral.<\/p>\n\n\n\n<p>\u00abNo hay duda de que el objetivo de estas acciones por parte del Ministerio P\u00fablico es la anulaci\u00f3n del resultado electoral y la destrucci\u00f3n del r\u00e9gimen democr\u00e1tico\u00bb, subray\u00f3 Ar\u00e9valo de Le\u00f3n, del partido socialdem\u00f3crata Movimiento Semilla.<\/p>\n\n\n\n<p>Ar\u00e9valo de Le\u00f3n tambi\u00e9n pidi\u00f3 al presidente actual, Alejandro Giammattei, que se exprese tras las acciones del Ministerio P\u00fablico.<\/p>\n\n\n\n<p>\u00abLe exijo que se pronuncie sobre el ultraje que se est\u00e1 cometiendo en contra de nuestras instituciones democr\u00e1ticas\u00bb, enfatiz\u00f3 el acad\u00e9mico de 64 a\u00f1os, elegido como presidente para el per\u00edodo 2024-2028 en los comicios de agosto pasado.<\/p>\n\n\n\n<p>Ar\u00e9valo de Le\u00f3n advirti\u00f3 por primera vez sobre el \u00abgolpe de Estado\u00bb en su contra el 1 de septiembre, en una conferencia de prensa donde se\u00f1al\u00f3 a Porras y \u00abotros actores corruptos\u00bb de tratar de impedir su investidura en enero.<\/p>\n\n\n\n<p>De igual forma, este s\u00e1bado por la tarde, miembros del Movimiento Semilla tambi\u00e9n se congregaron frente al Tribunal Supremo Electoral para rechazar en conjunto las acciones del Ministerio P\u00fablico, cuya c\u00fapula est\u00e1 sancionada desde 2021 por Estados Unidos.<\/p>\n\n\n\n<p>El caso por el cual se realiz\u00f3 el allanamiento del viernes en el Tribunal Supremo Electoral, y que se extendi\u00f3 hasta este s\u00e1bado, no ha sido detallado por las autoridades, ya que el Ministerio P\u00fablico ha indicado que se encuentra bajo \u00abreserva judicial\u00bb, medida que limita el acceso a la informaci\u00f3n sobre el proceso.<\/p>\n\n\n\n<p>El fiscal a cargo del caso, Rafael Curruchiche, asever\u00f3 el viernes en declaraciones a periodistas que el objetivo del proceso judicial es salvar \u00abla democracia\u00bb en Guatemala.<\/p>\n\n\n\n<p>Curruchiche y la c\u00fapula del Ministerio P\u00fablico han sido sancionados por Estados Unidos en los \u00faltimos dos a\u00f1os bajo acusaciones de \u00absocavar\u00bb la Justicia en Guatemala.<\/p>\n\n\n\n<p>EL fiscal acus\u00f3 durante sus declaraciones del viernes a la Organizaci\u00f3n de Estados Americanos (OEA) de \u00abmancillar\u00bb la democracia del pa\u00eds centroamericano.<\/p>\n\n\n\n<p>\u00abEste es un operativo que forma parte de una investigaci\u00f3n bajo reserva, que busca rescatar la democracia del pa\u00eds que ha sido golpeada por la OEA\u00bb, asegur\u00f3 Curruchiche a periodistas durante el operativo.<\/p>\n\n\n\n<p>Curruchiche fue parte de una reuni\u00f3n este mes entre la jefatura del Ministerio P\u00fablico y el secretario general de la OEA, Luis Almagro, quien visit\u00f3 Guatemala para supervisar el proceso de transici\u00f3n gubernamental.<\/p>\n\n\n\n<p>Con el allanamiento del viernes suman ya cuatro los cateos realizados por la Fiscal\u00eda a la sede del tribunal electoral durante los \u00faltimos dos meses, adem\u00e1s de otro al partido Movimiento Semilla, de Ar\u00e9valo de Le\u00f3n.<\/p>\n\n\n\n<p>Pese al cateo en su sede, el Tribunal Supremo Electoral garantiz\u00f3 los resultados de los comicios celebrados en junio y agosto pasado.<\/p>\n\n\n\n<p>La magistrada del tribunal, Blanca Alfaro, asegur\u00f3 hoy por la ma\u00f1ana a periodistas que \u00abtodos los resultados ya fueron debidamente oficializados\u00bb, incluido el triunfo de Ar\u00e9valo de Le\u00f3n, quien debe asumir el pr\u00f3ximo 14 de enero.<\/p>\n\n\n\n<p>Entre l\u00e1grimas, la magistrada del Tribunal Supremo Electoral lament\u00f3 el allanamiento del Ministerio P\u00fablico. \u00abNo s\u00e9 qu\u00e9 nos pasa como guatemaltecos\u00bb, dijo despu\u00e9s de que la Fiscal\u00eda se llevara a la fuerza las actas de votos, que seg\u00fan Alfaro y la ley, deben ser resguardados por el tribunal electoral. EFE<\/p>\n\n\n\n<p><\/p>\n","protected":false},"excerpt":{"rendered":"<p>Ciudad de Guatemala.- El presidente electo de Guatemala, Bernardo Ar\u00e9valo de Le\u00f3n, reiter\u00f3 este s\u00e1bado que sigue en marcha un \u00abgolpe de Estado\u00bb en contra de su investidura, dirigido por&hellip;<\/p>\n","protected":false},"author":3,"featured_media":61811,"comment_status":"open","ping_status":"open","sticky":false,"template":"","format":"standard","meta":{"content-type":"","jetpack_post_was_ever_published":false,"_jetpack_newsletter_access":"","_jetpack_dont_email_post_to_subs":false,"_jetpack_newsletter_tier_id":0,"_jetpack_memberships_contains_paywalled_content":false,"_jetpack_memberships_contains_paid_content":false,"footnotes":""},"categories":[1],"tags":[],"class_list":["post-61810","post","type-post","status-publish","format-standard","has-post-thumbnail","hentry","category-sin-categoria"],"jetpack_featured_media_url":"https:\/\/lasprimeras.com.do\/wp-content\/uploads\/2023\/10\/WhatsApp-Image-2023-09-25-at-1.05.22-PM-11.jpeg","jetpack-related-posts":[{"id":71128,"url":"https:\/\/lasprimeras.com.do\/index.php\/2023\/12\/17\/presidente-electo-de-guatemala-bernardo-arevalo-visitara-republica-dominicana-este-lunes-18\/","url_meta":{"origin":61810,"position":0},"title":"Presidente electo de Guatemala Bernardo Ar\u00e9valo visitar\u00e1 Rep\u00fablica Dominicana este lunes 18","author":"Nelson Feliz","date":"17 de diciembre de 2023","format":false,"excerpt":"El presidente elector de Guatemala, C\u00e9sar Bernardo Ar\u00e9valo de Le\u00f3n, realizar\u00e1 una visita a la Rep\u00fablica Dominicana este lunes 18 de diciembre, para sostener un encuentro con el mandatario dominicano, Luis Abinader. La llegada del presidente electo del pa\u00eds centroamericano y su delegaci\u00f3n est\u00e1 programada para la 1:00 de la\u2026","rel":"","context":"En \u00abNACIONALES\u00bb","block_context":{"text":"NACIONALES","link":"https:\/\/lasprimeras.com.do\/index.php\/category\/nacionales\/"},"img":{"alt_text":"Bernardo Ar\u00e9valo","src":"https:\/\/i0.wp.com\/lasprimeras.com.do\/wp-content\/uploads\/2023\/12\/Bernardo-Arevalo.jpg?resize=350%2C200&ssl=1","width":350,"height":200,"srcset":"https:\/\/i0.wp.com\/lasprimeras.com.do\/wp-content\/uploads\/2023\/12\/Bernardo-Arevalo.jpg?resize=350%2C200&ssl=1 1x, https:\/\/i0.wp.com\/lasprimeras.com.do\/wp-content\/uploads\/2023\/12\/Bernardo-Arevalo.jpg?resize=525%2C300&ssl=1 1.5x, https:\/\/i0.wp.com\/lasprimeras.com.do\/wp-content\/uploads\/2023\/12\/Bernardo-Arevalo.jpg?resize=700%2C400&ssl=1 2x"},"classes":[]},{"id":58847,"url":"https:\/\/lasprimeras.com.do\/index.php\/2023\/08\/28\/tribunal-electoral-de-guatemala-proclama-presidente-electo-a-bernardo-arevalo\/","url_meta":{"origin":61810,"position":1},"title":"Tribunal Electoral de Guatemala proclama presidente electo a Bernardo Ar\u00e9valo","author":"Nelson Feliz","date":"28 de agosto de 2023","format":false,"excerpt":"El Tribunal Electoral de Guatemala proclama presidente electo a Ar\u00e9valo, poco despu\u00e9s de que suspendieran a su partido, el Movimiento Semilla. Ar\u00e9valo gan\u00f3 las elecciones en segunda vuelta. Ar\u00e9valo se enfrent\u00f3 en el balotaje a la ex primera dama Sandra Torres. Seg\u00fan el conteo oficial el progresista obtuvo 58.01 %\u2026","rel":"","context":"En \u00abSin categor\u00eda\u00bb","block_context":{"text":"Sin categor\u00eda","link":"https:\/\/lasprimeras.com.do\/index.php\/category\/sin-categoria\/"},"img":{"alt_text":"Bernardo Ar\u00e9valo y Karin Herrera","src":"https:\/\/i0.wp.com\/lasprimeras.com.do\/wp-content\/uploads\/2023\/08\/Bernardo-Arevalo-y-Karin-Herrera.jpg?resize=350%2C200&ssl=1","width":350,"height":200,"srcset":"https:\/\/i0.wp.com\/lasprimeras.com.do\/wp-content\/uploads\/2023\/08\/Bernardo-Arevalo-y-Karin-Herrera.jpg?resize=350%2C200&ssl=1 1x, https:\/\/i0.wp.com\/lasprimeras.com.do\/wp-content\/uploads\/2023\/08\/Bernardo-Arevalo-y-Karin-Herrera.jpg?resize=525%2C300&ssl=1 1.5x, https:\/\/i0.wp.com\/lasprimeras.com.do\/wp-content\/uploads\/2023\/08\/Bernardo-Arevalo-y-Karin-Herrera.jpg?resize=700%2C400&ssl=1 2x"},"classes":[]},{"id":58175,"url":"https:\/\/lasprimeras.com.do\/index.php\/2023\/08\/21\/bernardo-arevalo-el-primer-politico-progresista-que-llega-a-la-presidencia-en-guatemala\/","url_meta":{"origin":61810,"position":2},"title":"Bernardo Ar\u00e9valo, el primer pol\u00edtico progresista que llega a la presidencia en Guatemala","author":"Nelson Feliz","date":"21 de agosto de 2023","format":false,"excerpt":"Sin tachas en su carrera pol\u00edtica y con un car\u00e1cter ampliamente conciliador, Ar\u00e9valo de Le\u00f3n llega a la Presidencia despu\u00e9s de una sorpresiva primera vuelta electoral el pasado 25 de junio. El acad\u00e9mico Bernardo Ar\u00e9valo de Le\u00f3n, elegido este domingo como el pr\u00f3ximo presidente de Guatemala, ser\u00e1 el primer mandatario\u2026","rel":"","context":"En \u00abSin categor\u00eda\u00bb","block_context":{"text":"Sin categor\u00eda","link":"https:\/\/lasprimeras.com.do\/index.php\/category\/sin-categoria\/"},"img":{"alt_text":"El candidato presidencial Bernardo Ar\u00e9valo saluda a sus simpatizantes desde un balc\u00f3n despu\u00e9s de que los resultados preliminares lo mostraran como el vencedor en la segunda vuelta de las elecciones presidenciales en la Ciudad de Guatemala, el domingo 20 de agosto de 2023MOISES CASTILLO","src":"https:\/\/i0.wp.com\/lasprimeras.com.do\/wp-content\/uploads\/2023\/08\/Bernardo-Arevalo-1.jpeg?resize=350%2C200&ssl=1","width":350,"height":200,"srcset":"https:\/\/i0.wp.com\/lasprimeras.com.do\/wp-content\/uploads\/2023\/08\/Bernardo-Arevalo-1.jpeg?resize=350%2C200&ssl=1 1x, https:\/\/i0.wp.com\/lasprimeras.com.do\/wp-content\/uploads\/2023\/08\/Bernardo-Arevalo-1.jpeg?resize=525%2C300&ssl=1 1.5x, https:\/\/i0.wp.com\/lasprimeras.com.do\/wp-content\/uploads\/2023\/08\/Bernardo-Arevalo-1.jpeg?resize=700%2C400&ssl=1 2x"},"classes":[]},{"id":58978,"url":"https:\/\/lasprimeras.com.do\/index.php\/2023\/08\/29\/el-presidente-electo-de-guatemala-enfrenta-desafios-legales-que-buscan-debilitarlo\/","url_meta":{"origin":61810,"position":3},"title":"El presidente electo de Guatemala enfrenta desaf\u00edos legales que buscan debilitarlo","author":"Nelson Feliz","date":"29 de agosto de 2023","format":false,"excerpt":"POR SONIA P\u00c9REZ D. CIUDAD DE GUATEMALA (AP) \u2014 Las elecciones presidenciales del 20 de agosto en Guatemala se han estancado en los tribunales y en impugnaciones legales a pesar de que los resultados fueron claros: el candidato progresista Bernardo Ar\u00e9valo gan\u00f3 alrededor del 61% de los votos frente al\u2026","rel":"","context":"En \u00abSin categor\u00eda\u00bb","block_context":{"text":"Sin categor\u00eda","link":"https:\/\/lasprimeras.com.do\/index.php\/category\/sin-categoria\/"},"img":{"alt_text":"Bernardo Ar\u00e9valo","src":"https:\/\/i0.wp.com\/lasprimeras.com.do\/wp-content\/uploads\/2023\/08\/Bernardo-Arevalo-1.jpg?resize=350%2C200&ssl=1","width":350,"height":200,"srcset":"https:\/\/i0.wp.com\/lasprimeras.com.do\/wp-content\/uploads\/2023\/08\/Bernardo-Arevalo-1.jpg?resize=350%2C200&ssl=1 1x, https:\/\/i0.wp.com\/lasprimeras.com.do\/wp-content\/uploads\/2023\/08\/Bernardo-Arevalo-1.jpg?resize=525%2C300&ssl=1 1.5x, https:\/\/i0.wp.com\/lasprimeras.com.do\/wp-content\/uploads\/2023\/08\/Bernardo-Arevalo-1.jpg?resize=700%2C400&ssl=1 2x"},"classes":[]},{"id":88315,"url":"https:\/\/lasprimeras.com.do\/index.php\/2024\/08\/26\/guatemala-y-belice-dialogan-sobre-seguridad-turismo-sostenible-y-desarrollo-economico\/","url_meta":{"origin":61810,"position":4},"title":"Guatemala y Belice dialogan sobre seguridad, turismo sostenible y desarrollo econ\u00f3mico","author":"Nelson Feliz","date":"26 de agosto de 2024","format":false,"excerpt":"Ciudad de Guatemala, (EFE).- El presidente de Guatemala, Bernardo Ar\u00e9valo de Le\u00f3n, y el primer ministro de Belice, John Brice\u00f1o, sostuvieron este lunes un encuentro para dialogar sobre migraci\u00f3n, comercio, turismo sostenible y tambi\u00e9n la interconexi\u00f3n el\u00e9ctrica entre los dos pa\u00edses vecinos. Ar\u00e9valo recibi\u00f3 al primer ministro belice\u00f1o en el\u2026","rel":"","context":"En \u00abSin categor\u00eda\u00bb","block_context":{"text":"Sin categor\u00eda","link":"https:\/\/lasprimeras.com.do\/index.php\/category\/sin-categoria\/"},"img":{"alt_text":"Guatemala y Belice","src":"https:\/\/i0.wp.com\/lasprimeras.com.do\/wp-content\/uploads\/2024\/08\/Guatemala-y-Belice.jpg?resize=350%2C200&ssl=1","width":350,"height":200,"srcset":"https:\/\/i0.wp.com\/lasprimeras.com.do\/wp-content\/uploads\/2024\/08\/Guatemala-y-Belice.jpg?resize=350%2C200&ssl=1 1x, https:\/\/i0.wp.com\/lasprimeras.com.do\/wp-content\/uploads\/2024\/08\/Guatemala-y-Belice.jpg?resize=525%2C300&ssl=1 1.5x"},"classes":[]},{"id":86812,"url":"https:\/\/lasprimeras.com.do\/index.php\/2024\/08\/01\/presidente-de-guatemala-pide-retirar-inmunidad-a-la-fiscal-general-por-abuso-de-autoridad\/","url_meta":{"origin":61810,"position":5},"title":"Presidente de Guatemala pide retirar inmunidad a la fiscal general por abuso de autoridad","author":"Nelson Feliz","date":"1 de agosto de 2024","format":false,"excerpt":"By SONIA P\u00c9REZ D. CIUDAD DE GUATEMALA (AP) \u2014 El presidente de Guatemala, Bernardo Ar\u00e9valo, solicit\u00f3 el jueves por segunda vez que se le retire la inmunidad a la fiscal general, Consuelo Porras, se\u00f1alada por Estados Unidos por socavar la democracia, para que sea investigada por abuso de poder y\u2026","rel":"","context":"En \u00abSin categor\u00eda\u00bb","block_context":{"text":"Sin categor\u00eda","link":"https:\/\/lasprimeras.com.do\/index.php\/category\/sin-categoria\/"},"img":{"alt_text":"Bernardo Ar\u00e9valo","src":"https:\/\/i0.wp.com\/lasprimeras.com.do\/wp-content\/uploads\/2024\/08\/Bernardo-Arevalo.png?resize=350%2C200&ssl=1","width":350,"height":200,"srcset":"https:\/\/i0.wp.com\/lasprimeras.com.do\/wp-content\/uploads\/2024\/08\/Bernardo-Arevalo.png?resize=350%2C200&ssl=1 1x, https:\/\/i0.wp.com\/lasprimeras.com.do\/wp-content\/uploads\/2024\/08\/Bernardo-Arevalo.png?resize=525%2C300&ssl=1 1.5x, https:\/\/i0.wp.com\/lasprimeras.com.do\/wp-content\/uploads\/2024\/08\/Bernardo-Arevalo.png?resize=700%2C400&ssl=1 2x"},"classes":[]}],"jetpack_sharing_enabled":true,"_links":{"self":[{"href":"https:\/\/lasprimeras.com.do\/index.php\/wp-json\/wp\/v2\/posts\/61810","targetHints":{"allow":["GET"]}}],"collection":[{"href":"https:\/\/lasprimeras.com.do\/index.php\/wp-json\/wp\/v2\/posts"}],"about":[{"href":"https:\/\/lasprimeras.com.do\/index.php\/wp-json\/wp\/v2\/types\/post"}],"author":[{"embeddable":true,"href":"https:\/\/lasprimeras.com.do\/index.php\/wp-json\/wp\/v2\/users\/3"}],"replies":[{"embeddable":true,"href":"https:\/\/lasprimeras.com.do\/index.php\/wp-json\/wp\/v2\/comments?post=61810"}],"version-history":[{"count":1,"href":"https:\/\/lasprimeras.com.do\/index.php\/wp-json\/wp\/v2\/posts\/61810\/revisions"}],"predecessor-version":[{"id":61812,"href":"https:\/\/lasprimeras.com.do\/index.php\/wp-json\/wp\/v2\/posts\/61810\/revisions\/61812"}],"wp:featuredmedia":[{"embeddable":true,"href":"https:\/\/lasprimeras.com.do\/index.php\/wp-json\/wp\/v2\/media\/61811"}],"wp:attachment":[{"href":"https:\/\/lasprimeras.com.do\/index.php\/wp-json\/wp\/v2\/media?parent=61810"}],"wp:term":[{"taxonomy":"category","embeddable":true,"href":"https:\/\/lasprimeras.com.do\/index.php\/wp-json\/wp\/v2\/categories?post=61810"},{"taxonomy":"post_tag","embeddable":true,"href":"https:\/\/lasprimeras.com.do\/index.php\/wp-json\/wp\/v2\/tags?post=61810"}],"curies":[{"name":"wp","href":"https:\/\/api.w.org\/{rel}","templated":true}]}}